{"id":104328,"date":"2017-04-11T13:06:35","date_gmt":"2017-04-11T12:06:35","guid":{"rendered":"http:\/\/www.visit-ulcinj.com\/blog\/?p=104328"},"modified":"2017-04-11T13:07:09","modified_gmt":"2017-04-11T12:07:09","slug":"novi-lider-ure-dritan-abazovic-foto","status":"publish","type":"post","link":"https:\/\/www.visit-ulcinj.com\/blog\/2017\/04\/11\/novi-lider-ure-dritan-abazovic-foto\/","title":{"rendered":"Novi lider URE Dritan Abazovic + Foto"},"content":{"rendered":"<p><strong><a href=\"http:\/\/www.visit-ulcinj.com\/blog\/wp-content\/uploads\/2017\/04\/Dritan-Abazoviq-lider-i-ri-i-URA-s\u00eb-n\u00eb-Mal-t\u00eb-Zi.jpg\"><img loading=\"lazy\" class=\"alignleft wp-image-104317\" src=\"http:\/\/www.visit-ulcinj.com\/blog\/wp-content\/uploads\/2017\/04\/Dritan-Abazoviq-lider-i-ri-i-URA-s\u00eb-n\u00eb-Mal-t\u00eb-Zi.jpg\" alt=\"Dritan Abazoviq lider i ri i URA-s\u00eb n\u00eb Mal t\u00eb Zi\" width=\"508\" height=\"317\" srcset=\"https:\/\/www.visit-ulcinj.com\/blog\/wp-content\/uploads\/2017\/04\/Dritan-Abazoviq-lider-i-ri-i-URA-s\u00eb-n\u00eb-Mal-t\u00eb-Zi.jpg 960w, https:\/\/www.visit-ulcinj.com\/blog\/wp-content\/uploads\/2017\/04\/Dritan-Abazoviq-lider-i-ri-i-URA-s\u00eb-n\u00eb-Mal-t\u00eb-Zi-300x187.jpg 300w, https:\/\/www.visit-ulcinj.com\/blog\/wp-content\/uploads\/2017\/04\/Dritan-Abazoviq-lider-i-ri-i-URA-s\u00eb-n\u00eb-Mal-t\u00eb-Zi-768x479.jpg 768w\" sizes=\"(max-width: 508px) 100vw, 508px\" \/><\/a>10.04.2017<\/strong><br \/>\n<strong> Dritan ABAZOVI\u0106<\/strong><br \/>\nJu\u010der je u prelijepom i sve\u010danom ambijentu u staroj zgradi Vlade, odr\u017eana druga redovna Konvencija Gra\u0111anskog pokreta URE. Na ovoj sve\u010danoj Konvenciji bila je i inauguralcija Dritana ABAZOVI\u0106A u prvog \u010dovjeka ovog pokreta. Njen doskora\u0161nji predsjednik gospodin Rak\u010devi\u0107, jedan od vode\u0107ih politi\u010dara iz na\u0161e novije istorije odlu\u010dio je da prepusti kormilo mla\u0111ima, na \u010delu sa Dritanom. Njegova re\u010denica \u201dDritane preuzmi \u0161tafetu, ja sam je dovoljno nosio dvije godine\u201d bila je si\u017ee ove Konvencije. Po prvi put se na \u010delu jedne gra\u0111anske partije danas nalazi jedan pripadnik manjine, ovoga puta na\u0161e albanske, i to mora biti korak bli\u017ee ka izgradnji jedne prave demokratije, Dr\u017eave gra\u0111ana Republike Crne Gore.<br \/>\nDritan je izrastao u vrsnog politi\u010dara, evropskog formata, i \u010dini mi se da se polako obistinjuje ona moja tvrdnja iz vremena \u201cnesuglasica\u201d sa biv\u0161im premijerom, kada sam ja napisao \u017eele\u0107i da smirim tenzije, da je mo\u017eda uvrijedio svog budu\u0107eg nasljednika. Dritan je na tom putu, u tome nema sumnje. Izvanredan politikolog i kosmopolita, na\u010ditan , vrstan orator i analiti\u010dar stanja u na\u0161oj politici, gra\u0111anski orijentisan, skroman i vaspitan momak, ljubimac i idol mladih, ne samo Ulcinja. A ima samo 31 godinu.<br \/>\nOvacije svih prisutnih delegata, gostiju, diplomatskog kora, medija, NVO sektora i svih prisutnih su bile inspirativne i za samog Dritana, koji je u svom govoru zaista briljirao i bio u svom elementu. Poziv na dijalog sa opozicijom bez obzira na programske razlike, i mnogo drugih poruka gra\u0111anima ne samo svoje partije, ve\u0107 i svima ostalima, i sve to za smjenu aktuelne vlasti.<br \/>\nBio sam pozvan kao gost i moram priznati da sam se lijepo osje\u0107ao , tim vise \u0161to je on ljubimac mladih ali i starijih gra\u0111ana Ulcinja. Njegov meteorski uspjeh je velika radost ali, i nada za sve dobronamjerne gra\u0111ane Ulcinja, posebno za njegovu porodicu koja je bila prisutna na inauguraciji, i sasvim sam siguran da je i plemeniti duh njegovog rahmetli oca, velikog turisti\u010dkog radnika i vizionara D\u017eoa ABAZOVI\u0106A ju\u010der bio prisutan u velikoj Sali stare Vlade.<br \/>\nNa samom kraju, imao sam jednu malu primjedbu koju sam i prenio organizatorima. Mislim da su ipak trebali dozvoliti da neki gosti pozdrave skup, posebno neko iz njegovog Ulcinja.<\/p>\n<p><strong><span class=\"fwn fcg\"><span class=\"fcg\"><span class=\"fwb\"><a id=\"js_ld\" class=\"profileLink\" href=\"https:\/\/www.facebook.com\/ismet.karamanaga\" data-ft=\"{&quot;tn&quot;:&quot;l&quot;}\" data-hovercard=\"\/ajax\/hovercard\/user.php?id=1359492972\" data-hovercard-prefer-more-content-show=\"1\">Ismet Karamanaga Facebook<\/a><\/span><\/span><\/span><\/strong><br \/>\n<iframe loading=\"lazy\" style=\"border: none; overflow: hidden;\" src=\"https:\/\/www.facebook.com\/plugins\/video.php?href=https%3A%2F%2Fwww.facebook.com%2Fabazovicdritan%2Fvideos%2F1946928745538023%2F&amp;show_text=0&amp;width=508\" width=\"508\" height=\"340\" frameborder=\"0\" scrolling=\"no\" allowfullscreen=\"allowfullscreen\"><\/iframe><\/p>\n\n\t\t<style type=\"text\/css\">\n\t\t\t#gallery-1 {\n\t\t\t\tmargin: auto;\n\t\t\t}\n\t\t\t#gallery-1 .gallery-item {\n\t\t\t\tfloat: left;\n\t\t\t\tmargin-top: 10px;\n\t\t\t\ttext-align: center;\n\t\t\t\twidth: 33%;\n\t\t\t}\n\t\t\t#gallery-1 img {\n\t\t\t\tborder: 2px solid #cfcfcf;\n\t\t\t}\n\t\t\t#gallery-1 .gallery-caption {\n\t\t\t\tmargin-left: 0;\n\t\t\t}\n\t\t\t\/* see gallery_shortcode() in wp-includes\/media.php *\/\n\t\t<\/style>\n\t\t<div id='gallery-1' class='gallery galleryid-104328 gallery-columns-3 gallery-size-thumbnail'><dl class='gallery-item'>\n\t\t\t<dt class='gallery-icon landscape'>\n\t\t\t\t<a href='https:\/\/www.visit-ulcinj.com\/blog\/2017\/04\/11\/dritan-abazoviq-lider-i-ri-i-ura-se-ne-mal-te-zi-foto\/dritan-abazoviq-lider-i-ri-i-ura-se-ne-mal-te-zi-1\/'><img width=\"150\" height=\"150\" src=\"https:\/\/www.visit-ulcinj.com\/blog\/wp-content\/uploads\/2017\/04\/Dritan-Abazoviq-lider-i-ri-i-URA-s\u00eb-n\u00eb-Mal-t\u00eb-Zi-1-150x150.jpg\" class=\"attachment-thumbnail size-thumbnail\" alt=\"\" loading=\"lazy\" \/><\/a>\n\t\t\t<\/dt><\/dl><dl class='gallery-item'>\n\t\t\t<dt class='gallery-icon landscape'>\n\t\t\t\t<a href='https:\/\/www.visit-ulcinj.com\/blog\/2017\/04\/11\/dritan-abazoviq-lider-i-ri-i-ura-se-ne-mal-te-zi-foto\/dritan-abazoviq-lider-i-ri-i-ura-se-ne-mal-te-zi-2\/'><img width=\"150\" height=\"150\" src=\"https:\/\/www.visit-ulcinj.com\/blog\/wp-content\/uploads\/2017\/04\/Dritan-Abazoviq-lider-i-ri-i-URA-s\u00eb-n\u00eb-Mal-t\u00eb-Zi-2-150x150.jpg\" class=\"attachment-thumbnail size-thumbnail\" alt=\"\" loading=\"lazy\" \/><\/a>\n\t\t\t<\/dt><\/dl><dl class='gallery-item'>\n\t\t\t<dt class='gallery-icon landscape'>\n\t\t\t\t<a href='https:\/\/www.visit-ulcinj.com\/blog\/2017\/04\/11\/dritan-abazoviq-lider-i-ri-i-ura-se-ne-mal-te-zi-foto\/dritan-abazoviq-lider-i-ri-i-ura-se-ne-mal-te-zi-3\/'><img width=\"150\" height=\"150\" src=\"https:\/\/www.visit-ulcinj.com\/blog\/wp-content\/uploads\/2017\/04\/Dritan-Abazoviq-lider-i-ri-i-URA-s\u00eb-n\u00eb-Mal-t\u00eb-Zi-3-150x150.jpg\" class=\"attachment-thumbnail size-thumbnail\" alt=\"\" loading=\"lazy\" \/><\/a>\n\t\t\t<\/dt><\/dl><br style=\"clear: both\" \/><dl class='gallery-item'>\n\t\t\t<dt class='gallery-icon landscape'>\n\t\t\t\t<a href='https:\/\/www.visit-ulcinj.com\/blog\/2017\/04\/11\/dritan-abazoviq-lider-i-ri-i-ura-se-ne-mal-te-zi-foto\/dritan-abazoviq-lider-i-ri-i-ura-se-ne-mal-te-zi-4\/'><img width=\"150\" height=\"150\" src=\"https:\/\/www.visit-ulcinj.com\/blog\/wp-content\/uploads\/2017\/04\/Dritan-Abazoviq-lider-i-ri-i-URA-s\u00eb-n\u00eb-Mal-t\u00eb-Zi-4-150x150.jpg\" class=\"attachment-thumbnail size-thumbnail\" alt=\"\" loading=\"lazy\" \/><\/a>\n\t\t\t<\/dt><\/dl><dl class='gallery-item'>\n\t\t\t<dt class='gallery-icon landscape'>\n\t\t\t\t<a href='https:\/\/www.visit-ulcinj.com\/blog\/2017\/04\/11\/dritan-abazoviq-lider-i-ri-i-ura-se-ne-mal-te-zi-foto\/dritan-abazoviq-lider-i-ri-i-ura-se-ne-mal-te-zi-5\/'><img width=\"150\" height=\"150\" src=\"https:\/\/www.visit-ulcinj.com\/blog\/wp-content\/uploads\/2017\/04\/Dritan-Abazoviq-lider-i-ri-i-URA-s\u00eb-n\u00eb-Mal-t\u00eb-Zi-5-150x150.jpg\" class=\"attachment-thumbnail size-thumbnail\" alt=\"\" loading=\"lazy\" \/><\/a>\n\t\t\t<\/dt><\/dl><dl class='gallery-item'>\n\t\t\t<dt class='gallery-icon landscape'>\n\t\t\t\t<a href='https:\/\/www.visit-ulcinj.com\/blog\/2017\/04\/11\/dritan-abazoviq-lider-i-ri-i-ura-se-ne-mal-te-zi-foto\/dritan-abazoviq-lider-i-ri-i-ura-se-ne-mal-te-zi-6\/'><img width=\"150\" height=\"150\" src=\"https:\/\/www.visit-ulcinj.com\/blog\/wp-content\/uploads\/2017\/04\/Dritan-Abazoviq-lider-i-ri-i-URA-s\u00eb-n\u00eb-Mal-t\u00eb-Zi-6-150x150.jpg\" class=\"attachment-thumbnail size-thumbnail\" alt=\"\" loading=\"lazy\" \/><\/a>\n\t\t\t<\/dt><\/dl><br style=\"clear: both\" \/><dl class='gallery-item'>\n\t\t\t<dt class='gallery-icon landscape'>\n\t\t\t\t<a href='https:\/\/www.visit-ulcinj.com\/blog\/2017\/04\/11\/dritan-abazoviq-lider-i-ri-i-ura-se-ne-mal-te-zi-foto\/dritan-abazoviq-lider-i-ri-i-ura-se-ne-mal-te-zi-7\/'><img width=\"150\" height=\"150\" src=\"https:\/\/www.visit-ulcinj.com\/blog\/wp-content\/uploads\/2017\/04\/Dritan-Abazoviq-lider-i-ri-i-URA-s\u00eb-n\u00eb-Mal-t\u00eb-Zi-7-150x150.jpg\" class=\"attachment-thumbnail size-thumbnail\" alt=\"\" loading=\"lazy\" \/><\/a>\n\t\t\t<\/dt><\/dl><dl class='gallery-item'>\n\t\t\t<dt class='gallery-icon landscape'>\n\t\t\t\t<a href='https:\/\/www.visit-ulcinj.com\/blog\/2017\/04\/11\/dritan-abazoviq-lider-i-ri-i-ura-se-ne-mal-te-zi-foto\/dritan-abazoviq-lider-i-ri-i-ura-se-ne-mal-te-zi-8\/'><img width=\"150\" height=\"150\" src=\"https:\/\/www.visit-ulcinj.com\/blog\/wp-content\/uploads\/2017\/04\/Dritan-Abazoviq-lider-i-ri-i-URA-s\u00eb-n\u00eb-Mal-t\u00eb-Zi-8-150x150.jpg\" class=\"attachment-thumbnail size-thumbnail\" alt=\"\" loading=\"lazy\" \/><\/a>\n\t\t\t<\/dt><\/dl><dl class='gallery-item'>\n\t\t\t<dt class='gallery-icon landscape'>\n\t\t\t\t<a href='https:\/\/www.visit-ulcinj.com\/blog\/2017\/04\/11\/dritan-abazoviq-lider-i-ri-i-ura-se-ne-mal-te-zi-foto\/dritan-abazoviq-lider-i-ri-i-ura-se-ne-mal-te-zi-9\/'><img width=\"150\" height=\"150\" src=\"https:\/\/www.visit-ulcinj.com\/blog\/wp-content\/uploads\/2017\/04\/Dritan-Abazoviq-lider-i-ri-i-URA-s\u00eb-n\u00eb-Mal-t\u00eb-Zi-9-150x150.jpg\" class=\"attachment-thumbnail size-thumbnail\" alt=\"\" loading=\"lazy\" \/><\/a>\n\t\t\t<\/dt><\/dl><br style=\"clear: both\" \/>\n\t\t<\/div>\n\n","protected":false},"excerpt":{"rendered":"<p>10.04.2017 Dritan ABAZOVI\u0106 Ju\u010der je u prelijepom i sve\u010danom ambijentu u staroj zgradi Vlade, odr\u017eana druga redovna Konvencija Gra\u0111anskog pokreta URE. Na ovoj sve\u010danoj Konvenciji bila je i inauguralcija Dritana ABAZOVI\u0106A u prvog \u010dovjeka ovog pokreta. Njen doskora\u0161nji predsjednik gospodin Rak\u010devi\u0107, jedan od vode\u0107ih politi\u010dara iz na\u0161e novije istorije odlu\u010dio je da prepusti kormilo mla\u0111ima, [&hellip;]<\/p>\n","protected":false},"author":1,"featured_media":0,"comment_status":"closed","ping_status":"closed","sticky":false,"template":"","format":"standard","meta":{"spay_email":"","jetpack_publicize_message":"","jetpack_is_tweetstorm":false,"jetpack_publicize_feature_enabled":true},"categories":[8337],"tags":[],"jetpack_publicize_connections":[],"yoast_head":"<!-- This site is optimized with the Yoast SEO plugin v19.1 - https:\/\/yoast.com\/wordpress\/plugins\/seo\/ -->\n<title>Novi lider URE Dritan Abazovic + Foto - Lajme nga Ulqini<\/title>\n<meta name=\"description\" content=\"10.04.2017 Dritan ABAZOVI\u0106 Ju\u010der je u prelijepom i sve\u010danom ambijentu u staroj zgradi Vlade, odr\u017eana druga redovna Konvencija Gra\u0111anskog pokreta URE. Na\" \/>\n<meta name=\"robots\" content=\"index, follow, max-snippet:-1, max-image-preview:large, max-video-preview:-1\" \/>\n<link rel=\"canonical\" href=\"https:\/\/www.visit-ulcinj.com\/blog\/2017\/04\/11\/novi-lider-ure-dritan-abazovic-foto\/\" \/>\n<meta property=\"og:locale\" content=\"en_US\" \/>\n<meta property=\"og:type\" content=\"article\" \/>\n<meta property=\"og:title\" content=\"Novi lider URE Dritan Abazovic + Foto - Lajme nga Ulqini\" \/>\n<meta property=\"og:description\" content=\"10.04.2017 Dritan ABAZOVI\u0106 Ju\u010der je u prelijepom i sve\u010danom ambijentu u staroj zgradi Vlade, odr\u017eana druga redovna Konvencija Gra\u0111anskog pokreta URE. Na\" \/>\n<meta property=\"og:url\" content=\"https:\/\/www.visit-ulcinj.com\/blog\/2017\/04\/11\/novi-lider-ure-dritan-abazovic-foto\/\" \/>\n<meta property=\"og:site_name\" content=\"Lajme nga Ulqini\" \/>\n<meta property=\"article:published_time\" content=\"2017-04-11T12:06:35+00:00\" \/>\n<meta property=\"article:modified_time\" content=\"2017-04-11T12:07:09+00:00\" \/>\n<meta property=\"og:image\" content=\"https:\/\/www.visit-ulcinj.com\/blog\/wp-content\/uploads\/2017\/04\/Dritan-Abazoviq-lider-i-ri-i-URA-s\u00eb-n\u00eb-Mal-t\u00eb-Zi-1-150x150.jpg\" \/>\n<meta name=\"twitter:label1\" content=\"Written by\" \/>\n\t<meta name=\"twitter:data1\" content=\"ulqini\" \/>\n\t<meta name=\"twitter:label2\" content=\"Est. reading time\" \/>\n\t<meta name=\"twitter:data2\" content=\"2 minutes\" \/>\n<script type=\"application\/ld+json\" class=\"yoast-schema-graph\">{\"@context\":\"https:\/\/schema.org\",\"@graph\":[{\"@type\":\"WebSite\",\"@id\":\"https:\/\/www.visit-ulcinj.com\/blog\/#website\",\"url\":\"https:\/\/www.visit-ulcinj.com\/blog\/\",\"name\":\"Lajme nga Ulqini\",\"description\":\"Lajme,Vijesti,Ulqini,Ulqin,Crna Gora,Mali i Zi\",\"potentialAction\":[{\"@type\":\"SearchAction\",\"target\":{\"@type\":\"EntryPoint\",\"urlTemplate\":\"https:\/\/www.visit-ulcinj.com\/blog\/?s={search_term_string}\"},\"query-input\":\"required name=search_term_string\"}],\"inLanguage\":\"en-US\"},{\"@type\":\"WebPage\",\"@id\":\"https:\/\/www.visit-ulcinj.com\/blog\/2017\/04\/11\/novi-lider-ure-dritan-abazovic-foto\/#webpage\",\"url\":\"https:\/\/www.visit-ulcinj.com\/blog\/2017\/04\/11\/novi-lider-ure-dritan-abazovic-foto\/\",\"name\":\"Novi lider URE Dritan Abazovic + Foto - Lajme nga Ulqini\",\"isPartOf\":{\"@id\":\"https:\/\/www.visit-ulcinj.com\/blog\/#website\"},\"datePublished\":\"2017-04-11T12:06:35+00:00\",\"dateModified\":\"2017-04-11T12:07:09+00:00\",\"author\":{\"@id\":\"https:\/\/www.visit-ulcinj.com\/blog\/#\/schema\/person\/dcab619c614d3038751c63bc2aadc06d\"},\"description\":\"10.04.2017 Dritan ABAZOVI\u0106 Ju\u010der je u prelijepom i sve\u010danom ambijentu u staroj zgradi Vlade, odr\u017eana druga redovna Konvencija Gra\u0111anskog pokreta URE. Na\",\"breadcrumb\":{\"@id\":\"https:\/\/www.visit-ulcinj.com\/blog\/2017\/04\/11\/novi-lider-ure-dritan-abazovic-foto\/#breadcrumb\"},\"inLanguage\":\"en-US\",\"potentialAction\":[{\"@type\":\"ReadAction\",\"target\":[\"https:\/\/www.visit-ulcinj.com\/blog\/2017\/04\/11\/novi-lider-ure-dritan-abazovic-foto\/\"]}]},{\"@type\":\"BreadcrumbList\",\"@id\":\"https:\/\/www.visit-ulcinj.com\/blog\/2017\/04\/11\/novi-lider-ure-dritan-abazovic-foto\/#breadcrumb\",\"itemListElement\":[{\"@type\":\"ListItem\",\"position\":1,\"name\":\"Novi lider URE Dritan Abazovic + Foto\"}]},{\"@type\":\"Person\",\"@id\":\"https:\/\/www.visit-ulcinj.com\/blog\/#\/schema\/person\/dcab619c614d3038751c63bc2aadc06d\",\"name\":\"ulqini\",\"sameAs\":[\"http:\/\/www.visit-ulcinj.com\"],\"url\":\"https:\/\/www.visit-ulcinj.com\/blog\/author\/admin\/\"}]}<\/script>\n<!-- \/ Yoast SEO plugin. -->","yoast_head_json":{"title":"Novi lider URE Dritan Abazovic + Foto - Lajme nga Ulqini","description":"10.04.2017 Dritan ABAZOVI\u0106 Ju\u010der je u prelijepom i sve\u010danom ambijentu u staroj zgradi Vlade, odr\u017eana druga redovna Konvencija Gra\u0111anskog pokreta URE. Na","robots":{"index":"index","follow":"follow","max-snippet":"max-snippet:-1","max-image-preview":"max-image-preview:large","max-video-preview":"max-video-preview:-1"},"canonical":"https:\/\/www.visit-ulcinj.com\/blog\/2017\/04\/11\/novi-lider-ure-dritan-abazovic-foto\/","og_locale":"en_US","og_type":"article","og_title":"Novi lider URE Dritan Abazovic + Foto - Lajme nga Ulqini","og_description":"10.04.2017 Dritan ABAZOVI\u0106 Ju\u010der je u prelijepom i sve\u010danom ambijentu u staroj zgradi Vlade, odr\u017eana druga redovna Konvencija Gra\u0111anskog pokreta URE. Na","og_url":"https:\/\/www.visit-ulcinj.com\/blog\/2017\/04\/11\/novi-lider-ure-dritan-abazovic-foto\/","og_site_name":"Lajme nga Ulqini","article_published_time":"2017-04-11T12:06:35+00:00","article_modified_time":"2017-04-11T12:07:09+00:00","og_image":[{"url":"https:\/\/www.visit-ulcinj.com\/blog\/wp-content\/uploads\/2017\/04\/Dritan-Abazoviq-lider-i-ri-i-URA-s\u00eb-n\u00eb-Mal-t\u00eb-Zi-1-150x150.jpg"}],"twitter_misc":{"Written by":"ulqini","Est. reading time":"2 minutes"},"schema":{"@context":"https:\/\/schema.org","@graph":[{"@type":"WebSite","@id":"https:\/\/www.visit-ulcinj.com\/blog\/#website","url":"https:\/\/www.visit-ulcinj.com\/blog\/","name":"Lajme nga Ulqini","description":"Lajme,Vijesti,Ulqini,Ulqin,Crna Gora,Mali i Zi","potentialAction":[{"@type":"SearchAction","target":{"@type":"EntryPoint","urlTemplate":"https:\/\/www.visit-ulcinj.com\/blog\/?s={search_term_string}"},"query-input":"required name=search_term_string"}],"inLanguage":"en-US"},{"@type":"WebPage","@id":"https:\/\/www.visit-ulcinj.com\/blog\/2017\/04\/11\/novi-lider-ure-dritan-abazovic-foto\/#webpage","url":"https:\/\/www.visit-ulcinj.com\/blog\/2017\/04\/11\/novi-lider-ure-dritan-abazovic-foto\/","name":"Novi lider URE Dritan Abazovic + Foto - Lajme nga Ulqini","isPartOf":{"@id":"https:\/\/www.visit-ulcinj.com\/blog\/#website"},"datePublished":"2017-04-11T12:06:35+00:00","dateModified":"2017-04-11T12:07:09+00:00","author":{"@id":"https:\/\/www.visit-ulcinj.com\/blog\/#\/schema\/person\/dcab619c614d3038751c63bc2aadc06d"},"description":"10.04.2017 Dritan ABAZOVI\u0106 Ju\u010der je u prelijepom i sve\u010danom ambijentu u staroj zgradi Vlade, odr\u017eana druga redovna Konvencija Gra\u0111anskog pokreta URE. Na","breadcrumb":{"@id":"https:\/\/www.visit-ulcinj.com\/blog\/2017\/04\/11\/novi-lider-ure-dritan-abazovic-foto\/#breadcrumb"},"inLanguage":"en-US","potentialAction":[{"@type":"ReadAction","target":["https:\/\/www.visit-ulcinj.com\/blog\/2017\/04\/11\/novi-lider-ure-dritan-abazovic-foto\/"]}]},{"@type":"BreadcrumbList","@id":"https:\/\/www.visit-ulcinj.com\/blog\/2017\/04\/11\/novi-lider-ure-dritan-abazovic-foto\/#breadcrumb","itemListElement":[{"@type":"ListItem","position":1,"name":"Novi lider URE Dritan Abazovic + Foto"}]},{"@type":"Person","@id":"https:\/\/www.visit-ulcinj.com\/blog\/#\/schema\/person\/dcab619c614d3038751c63bc2aadc06d","name":"ulqini","sameAs":["http:\/\/www.visit-ulcinj.com"],"url":"https:\/\/www.visit-ulcinj.com\/blog\/author\/admin\/"}]}},"jetpack_featured_media_url":"","jetpack_sharing_enabled":true,"jetpack_shortlink":"https:\/\/wp.me\/pe6lTn-r8I","_links":{"self":[{"href":"https:\/\/www.visit-ulcinj.com\/blog\/wp-json\/wp\/v2\/posts\/104328"}],"collection":[{"href":"https:\/\/www.visit-ulcinj.com\/blog\/wp-json\/wp\/v2\/posts"}],"about":[{"href":"https:\/\/www.visit-ulcinj.com\/blog\/wp-json\/wp\/v2\/types\/post"}],"author":[{"embeddable":true,"href":"https:\/\/www.visit-ulcinj.com\/blog\/wp-json\/wp\/v2\/users\/1"}],"replies":[{"embeddable":true,"href":"https:\/\/www.visit-ulcinj.com\/blog\/wp-json\/wp\/v2\/comments?post=104328"}],"version-history":[{"count":2,"href":"https:\/\/www.visit-ulcinj.com\/blog\/wp-json\/wp\/v2\/posts\/104328\/revisions"}],"predecessor-version":[{"id":104330,"href":"https:\/\/www.visit-ulcinj.com\/blog\/wp-json\/wp\/v2\/posts\/104328\/revisions\/104330"}],"wp:attachment":[{"href":"https:\/\/www.visit-ulcinj.com\/blog\/wp-json\/wp\/v2\/media?parent=104328"}],"wp:term":[{"taxonomy":"category","embeddable":true,"href":"https:\/\/www.visit-ulcinj.com\/blog\/wp-json\/wp\/v2\/categories?post=104328"},{"taxonomy":"post_tag","embeddable":true,"href":"https:\/\/www.visit-ulcinj.com\/blog\/wp-json\/wp\/v2\/tags?post=104328"}],"curies":[{"name":"wp","href":"https:\/\/api.w.org\/{rel}","templated":true}]}}