{"id":104344,"date":"2017-04-12T19:14:08","date_gmt":"2017-04-12T18:14:08","guid":{"rendered":"http:\/\/www.visit-ulcinj.com\/blog\/?p=104344"},"modified":"2017-04-13T13:51:18","modified_gmt":"2017-04-13T12:51:18","slug":"konferenca-e-trete-per-kriporen-e-ulqinit-perfundon-pa-rezultate","status":"publish","type":"post","link":"https:\/\/www.visit-ulcinj.com\/blog\/2017\/04\/12\/konferenca-e-trete-per-kriporen-e-ulqinit-perfundon-pa-rezultate\/","title":{"rendered":"Konferenca e tret\u00eb p\u00ebr Kriporen e Ulqinit, p\u00ebrfundon pa rezultate &#8211; Video"},"content":{"rendered":"<p><a href=\"http:\/\/www.visit-ulcinj.com\/blog\/wp-content\/uploads\/2017\/04\/Konferenca-e-tret\u00eb-p\u00ebr-Kriporen-e-Ulqinit-p\u00ebrfundon-pa-rezultate.jpg\"><img loading=\"lazy\" class=\"alignleft wp-image-104345\" src=\"http:\/\/www.visit-ulcinj.com\/blog\/wp-content\/uploads\/2017\/04\/Konferenca-e-tret\u00eb-p\u00ebr-Kriporen-e-Ulqinit-p\u00ebrfundon-pa-rezultate.jpg\" alt=\"Konferenca e tret\u00eb p\u00ebr Kriporen e Ulqinit, p\u00ebrfundon pa rezultate\" width=\"508\" height=\"381\" srcset=\"https:\/\/www.visit-ulcinj.com\/blog\/wp-content\/uploads\/2017\/04\/Konferenca-e-tret\u00eb-p\u00ebr-Kriporen-e-Ulqinit-p\u00ebrfundon-pa-rezultate.jpg 1200w, https:\/\/www.visit-ulcinj.com\/blog\/wp-content\/uploads\/2017\/04\/Konferenca-e-tret\u00eb-p\u00ebr-Kriporen-e-Ulqinit-p\u00ebrfundon-pa-rezultate-300x225.jpg 300w, https:\/\/www.visit-ulcinj.com\/blog\/wp-content\/uploads\/2017\/04\/Konferenca-e-tret\u00eb-p\u00ebr-Kriporen-e-Ulqinit-p\u00ebrfundon-pa-rezultate-768x576.jpg 768w, https:\/\/www.visit-ulcinj.com\/blog\/wp-content\/uploads\/2017\/04\/Konferenca-e-tret\u00eb-p\u00ebr-Kriporen-e-Ulqinit-p\u00ebrfundon-pa-rezultate-1024x768.jpg 1024w\" sizes=\"(max-width: 508px) 100vw, 508px\" \/><\/a>Kriporja po shkat\u00ebrrohet p\u00ebr \u00e7do dit\u00eb. As k\u00ebt\u00eb vit nuk do t\u00eb ket\u00eb prodhim t\u00eb krip\u00ebs. Bentet jan\u00eb problem, pompat jan\u00eb problem, shpend\u00eb ka gjithnj\u00eb e m\u00eb pak. Premtimet t\u00eb cil\u00ebt jan\u00eb dh\u00ebn\u00eb n\u00eb konferenc\u00ebn e par\u00eb nd\u00ebrkomb\u00ebtare Qeveria e Malit t\u00eb Zi nuk i ka plot\u00ebsuar, prandaj nuk ka nevoj\u00eb t\u00eb jepet t\u00eb rejat, u theksua n\u00eb Konferenc\u00ebn e tret\u00eb p\u00ebr Kripore e cila t\u00eb mart\u00ebn u mbajt n\u00eb Podgoric\u00eb, raporton portali Ul.info.<\/p>\n<p>Ish ambasadorja gjermane n\u00eb Podgoric\u00eb Gudrun Shtajnaker tha se p\u00ebr tre vite situata vet\u00ebm \u00ebsht\u00eb p\u00ebrkeq\u00ebsuar. \u201cDikush \u00ebsht\u00eb p\u00ebrgjegj\u00ebs p\u00ebr k\u00ebt\u00eb gj\u00eb. Kush pengon q\u00eb Kriporja t\u00eb jet\u00eb e mbrojtur?\u201d, pyeti ajo.<\/p>\n<p><a href=\"http:\/\/www.visit-ulcinj.com\/blog\/wp-content\/uploads\/2017\/04\/Konferenca-e-tret\u00eb-p\u00ebr-Kriporen-e-Ulqinit-p\u00ebrfundon-pa-rezultate-1.jpg\"><img loading=\"lazy\" class=\"alignleft wp-image-104348\" src=\"http:\/\/www.visit-ulcinj.com\/blog\/wp-content\/uploads\/2017\/04\/Konferenca-e-tret\u00eb-p\u00ebr-Kriporen-e-Ulqinit-p\u00ebrfundon-pa-rezultate-1.jpg\" alt=\"Konferenca e tret\u00eb p\u00ebr Kriporen e Ulqinit, p\u00ebrfundon pa rezultate-1\" width=\"508\" height=\"286\" srcset=\"https:\/\/www.visit-ulcinj.com\/blog\/wp-content\/uploads\/2017\/04\/Konferenca-e-tret\u00eb-p\u00ebr-Kriporen-e-Ulqinit-p\u00ebrfundon-pa-rezultate-1.jpg 960w, https:\/\/www.visit-ulcinj.com\/blog\/wp-content\/uploads\/2017\/04\/Konferenca-e-tret\u00eb-p\u00ebr-Kriporen-e-Ulqinit-p\u00ebrfundon-pa-rezultate-1-300x169.jpg 300w, https:\/\/www.visit-ulcinj.com\/blog\/wp-content\/uploads\/2017\/04\/Konferenca-e-tret\u00eb-p\u00ebr-Kriporen-e-Ulqinit-p\u00ebrfundon-pa-rezultate-1-768x432.jpg 768w\" sizes=\"(max-width: 508px) 100vw, 508px\" \/><\/a><\/p>\n<p>P\u00ebrfaq\u00ebsuesit e Qeveris\u00eb n\u00eb k\u00ebt\u00eb tubim kan\u00eb th\u00ebn\u00eb se deri n\u00eb shtator do t\u00eb miratohet Studimi i ri p\u00ebr Kriporen, nd\u00ebrsa mbas k\u00ebsaj do t\u00eb k\u00ebrkohet q\u00eb ajo t\u00eb vendoset n\u00eb List\u00ebn Ramsar.<\/p>\n<p>Sipas fjal\u00ebve t\u00eb ornitologut Borut Rubini\u00e7, mbrojtja e Kripores duhet t\u00eb jet\u00eb interesi m\u00eb i madh shtet\u00ebror. \u201cN\u00eb m\u00ebnyr\u00eb q\u00eb t\u00eb zgjidhet \u00e7\u00ebshtja e pron\u00ebsis\u00eb duhet t\u00eb miratohet lex specialis\u201d, tha ai.<\/p>\n<p>Kjo konferenc\u00eb u mbajt n\u00ebn organizimin e Qendr\u00ebs p\u00ebr mbrojtjen dhe hulumtimin e shpend\u00ebve, EuroNatur-it, BirdLife International dhe Shoqat\u00ebs \u201cDr. Martin Schneiider \u2013 Jakoby\u201d.<\/p>\n<p>N\u00eb te mor\u00ebn pjes\u00eb edhe funksionar\u00ebt e lart\u00eb t\u00eb BE-s\u00eb, ambasador\u00ebt, p\u00ebrfaq\u00ebsuesit m\u00eb t\u00eb lart\u00eb t\u00eb Komun\u00ebs s\u00eb Ulqinit, deputet\u00ebt n\u00eb Kuvendin e Malit t\u00eb Zi, p\u00ebrfaq\u00ebsuesit e Partive politike, sektorit civil dhe medieve.<\/p>\n<p>[flv]http:\/\/www.rtcg.me\/upload\/boxFileData\/2017\/04\/12\/224089\/geegge.mp4[\/flv]<\/p>\n<p>&nbsp;<\/p>\n","protected":false},"excerpt":{"rendered":"<p>Kriporja po shkat\u00ebrrohet p\u00ebr \u00e7do dit\u00eb. As k\u00ebt\u00eb vit nuk do t\u00eb ket\u00eb prodhim t\u00eb krip\u00ebs. Bentet jan\u00eb problem, pompat jan\u00eb problem, shpend\u00eb ka gjithnj\u00eb e m\u00eb pak. Premtimet t\u00eb cil\u00ebt jan\u00eb dh\u00ebn\u00eb n\u00eb konferenc\u00ebn e par\u00eb nd\u00ebrkomb\u00ebtare Qeveria e Malit t\u00eb Zi nuk i ka plot\u00ebsuar, prandaj nuk ka nevoj\u00eb t\u00eb jepet t\u00eb rejat, [&hellip;]<\/p>\n","protected":false},"author":1,"featured_media":0,"comment_status":"closed","ping_status":"closed","sticky":false,"template":"","format":"standard","meta":{"spay_email":"","jetpack_publicize_message":"","jetpack_is_tweetstorm":false,"jetpack_publicize_feature_enabled":true},"categories":[1,15],"tags":[],"jetpack_publicize_connections":[],"yoast_head":"<!-- This site is optimized with the Yoast SEO plugin v19.1 - https:\/\/yoast.com\/wordpress\/plugins\/seo\/ -->\n<title>Konferenca e tret\u00eb p\u00ebr Kriporen e Ulqinit, p\u00ebrfundon pa rezultate - Video - Lajme nga Ulqini<\/title>\n<meta name=\"description\" content=\"Kriporja po shkat\u00ebrrohet p\u00ebr \u00e7do dit\u00eb. As k\u00ebt\u00eb vit nuk do t\u00eb ket\u00eb prodhim t\u00eb krip\u00ebs. Bentet jan\u00eb problem, pompat jan\u00eb problem, shpend\u00eb ka gjithnj\u00eb e m\u00eb\" \/>\n<meta name=\"robots\" content=\"index, follow, max-snippet:-1, max-image-preview:large, max-video-preview:-1\" \/>\n<link rel=\"canonical\" href=\"https:\/\/www.visit-ulcinj.com\/blog\/2017\/04\/12\/konferenca-e-trete-per-kriporen-e-ulqinit-perfundon-pa-rezultate\/\" \/>\n<meta property=\"og:locale\" content=\"en_US\" \/>\n<meta property=\"og:type\" content=\"article\" \/>\n<meta property=\"og:title\" content=\"Konferenca e tret\u00eb p\u00ebr Kriporen e Ulqinit, p\u00ebrfundon pa rezultate - Video - Lajme nga Ulqini\" \/>\n<meta property=\"og:description\" content=\"Kriporja po shkat\u00ebrrohet p\u00ebr \u00e7do dit\u00eb. As k\u00ebt\u00eb vit nuk do t\u00eb ket\u00eb prodhim t\u00eb krip\u00ebs. Bentet jan\u00eb problem, pompat jan\u00eb problem, shpend\u00eb ka gjithnj\u00eb e m\u00eb\" \/>\n<meta property=\"og:url\" content=\"https:\/\/www.visit-ulcinj.com\/blog\/2017\/04\/12\/konferenca-e-trete-per-kriporen-e-ulqinit-perfundon-pa-rezultate\/\" \/>\n<meta property=\"og:site_name\" content=\"Lajme nga Ulqini\" \/>\n<meta property=\"article:published_time\" content=\"2017-04-12T18:14:08+00:00\" \/>\n<meta property=\"article:modified_time\" content=\"2017-04-13T12:51:18+00:00\" \/>\n<meta name=\"twitter:label1\" content=\"Written by\" \/>\n\t<meta name=\"twitter:data1\" content=\"ulqini\" \/>\n\t<meta name=\"twitter:label2\" content=\"Est. reading time\" \/>\n\t<meta name=\"twitter:data2\" content=\"1 minute\" \/>\n<script type=\"application\/ld+json\" class=\"yoast-schema-graph\">{\"@context\":\"https:\/\/schema.org\",\"@graph\":[{\"@type\":\"WebSite\",\"@id\":\"https:\/\/www.visit-ulcinj.com\/blog\/#website\",\"url\":\"https:\/\/www.visit-ulcinj.com\/blog\/\",\"name\":\"Lajme nga Ulqini\",\"description\":\"Lajme,Vijesti,Ulqini,Ulqin,Crna Gora,Mali i Zi\",\"potentialAction\":[{\"@type\":\"SearchAction\",\"target\":{\"@type\":\"EntryPoint\",\"urlTemplate\":\"https:\/\/www.visit-ulcinj.com\/blog\/?s={search_term_string}\"},\"query-input\":\"required name=search_term_string\"}],\"inLanguage\":\"en-US\"},{\"@type\":\"WebPage\",\"@id\":\"https:\/\/www.visit-ulcinj.com\/blog\/2017\/04\/12\/konferenca-e-trete-per-kriporen-e-ulqinit-perfundon-pa-rezultate\/#webpage\",\"url\":\"https:\/\/www.visit-ulcinj.com\/blog\/2017\/04\/12\/konferenca-e-trete-per-kriporen-e-ulqinit-perfundon-pa-rezultate\/\",\"name\":\"Konferenca e tret\u00eb p\u00ebr Kriporen e Ulqinit, p\u00ebrfundon pa rezultate - Video - Lajme nga Ulqini\",\"isPartOf\":{\"@id\":\"https:\/\/www.visit-ulcinj.com\/blog\/#website\"},\"datePublished\":\"2017-04-12T18:14:08+00:00\",\"dateModified\":\"2017-04-13T12:51:18+00:00\",\"author\":{\"@id\":\"https:\/\/www.visit-ulcinj.com\/blog\/#\/schema\/person\/dcab619c614d3038751c63bc2aadc06d\"},\"description\":\"Kriporja po shkat\u00ebrrohet p\u00ebr \u00e7do dit\u00eb. As k\u00ebt\u00eb vit nuk do t\u00eb ket\u00eb prodhim t\u00eb krip\u00ebs. Bentet jan\u00eb problem, pompat jan\u00eb problem, shpend\u00eb ka gjithnj\u00eb e m\u00eb\",\"breadcrumb\":{\"@id\":\"https:\/\/www.visit-ulcinj.com\/blog\/2017\/04\/12\/konferenca-e-trete-per-kriporen-e-ulqinit-perfundon-pa-rezultate\/#breadcrumb\"},\"inLanguage\":\"en-US\",\"potentialAction\":[{\"@type\":\"ReadAction\",\"target\":[\"https:\/\/www.visit-ulcinj.com\/blog\/2017\/04\/12\/konferenca-e-trete-per-kriporen-e-ulqinit-perfundon-pa-rezultate\/\"]}]},{\"@type\":\"BreadcrumbList\",\"@id\":\"https:\/\/www.visit-ulcinj.com\/blog\/2017\/04\/12\/konferenca-e-trete-per-kriporen-e-ulqinit-perfundon-pa-rezultate\/#breadcrumb\",\"itemListElement\":[{\"@type\":\"ListItem\",\"position\":1,\"name\":\"Konferenca e tret\u00eb p\u00ebr Kriporen e Ulqinit, p\u00ebrfundon pa rezultate &#8211; Video\"}]},{\"@type\":\"Person\",\"@id\":\"https:\/\/www.visit-ulcinj.com\/blog\/#\/schema\/person\/dcab619c614d3038751c63bc2aadc06d\",\"name\":\"ulqini\",\"sameAs\":[\"http:\/\/www.visit-ulcinj.com\"],\"url\":\"https:\/\/www.visit-ulcinj.com\/blog\/author\/admin\/\"}]}<\/script>\n<!-- \/ Yoast SEO plugin. -->","yoast_head_json":{"title":"Konferenca e tret\u00eb p\u00ebr Kriporen e Ulqinit, p\u00ebrfundon pa rezultate - Video - Lajme nga Ulqini","description":"Kriporja po shkat\u00ebrrohet p\u00ebr \u00e7do dit\u00eb. As k\u00ebt\u00eb vit nuk do t\u00eb ket\u00eb prodhim t\u00eb krip\u00ebs. Bentet jan\u00eb problem, pompat jan\u00eb problem, shpend\u00eb ka gjithnj\u00eb e m\u00eb","robots":{"index":"index","follow":"follow","max-snippet":"max-snippet:-1","max-image-preview":"max-image-preview:large","max-video-preview":"max-video-preview:-1"},"canonical":"https:\/\/www.visit-ulcinj.com\/blog\/2017\/04\/12\/konferenca-e-trete-per-kriporen-e-ulqinit-perfundon-pa-rezultate\/","og_locale":"en_US","og_type":"article","og_title":"Konferenca e tret\u00eb p\u00ebr Kriporen e Ulqinit, p\u00ebrfundon pa rezultate - Video - Lajme nga Ulqini","og_description":"Kriporja po shkat\u00ebrrohet p\u00ebr \u00e7do dit\u00eb. As k\u00ebt\u00eb vit nuk do t\u00eb ket\u00eb prodhim t\u00eb krip\u00ebs. Bentet jan\u00eb problem, pompat jan\u00eb problem, shpend\u00eb ka gjithnj\u00eb e m\u00eb","og_url":"https:\/\/www.visit-ulcinj.com\/blog\/2017\/04\/12\/konferenca-e-trete-per-kriporen-e-ulqinit-perfundon-pa-rezultate\/","og_site_name":"Lajme nga Ulqini","article_published_time":"2017-04-12T18:14:08+00:00","article_modified_time":"2017-04-13T12:51:18+00:00","twitter_misc":{"Written by":"ulqini","Est. reading time":"1 minute"},"schema":{"@context":"https:\/\/schema.org","@graph":[{"@type":"WebSite","@id":"https:\/\/www.visit-ulcinj.com\/blog\/#website","url":"https:\/\/www.visit-ulcinj.com\/blog\/","name":"Lajme nga Ulqini","description":"Lajme,Vijesti,Ulqini,Ulqin,Crna Gora,Mali i Zi","potentialAction":[{"@type":"SearchAction","target":{"@type":"EntryPoint","urlTemplate":"https:\/\/www.visit-ulcinj.com\/blog\/?s={search_term_string}"},"query-input":"required name=search_term_string"}],"inLanguage":"en-US"},{"@type":"WebPage","@id":"https:\/\/www.visit-ulcinj.com\/blog\/2017\/04\/12\/konferenca-e-trete-per-kriporen-e-ulqinit-perfundon-pa-rezultate\/#webpage","url":"https:\/\/www.visit-ulcinj.com\/blog\/2017\/04\/12\/konferenca-e-trete-per-kriporen-e-ulqinit-perfundon-pa-rezultate\/","name":"Konferenca e tret\u00eb p\u00ebr Kriporen e Ulqinit, p\u00ebrfundon pa rezultate - Video - Lajme nga Ulqini","isPartOf":{"@id":"https:\/\/www.visit-ulcinj.com\/blog\/#website"},"datePublished":"2017-04-12T18:14:08+00:00","dateModified":"2017-04-13T12:51:18+00:00","author":{"@id":"https:\/\/www.visit-ulcinj.com\/blog\/#\/schema\/person\/dcab619c614d3038751c63bc2aadc06d"},"description":"Kriporja po shkat\u00ebrrohet p\u00ebr \u00e7do dit\u00eb. As k\u00ebt\u00eb vit nuk do t\u00eb ket\u00eb prodhim t\u00eb krip\u00ebs. Bentet jan\u00eb problem, pompat jan\u00eb problem, shpend\u00eb ka gjithnj\u00eb e m\u00eb","breadcrumb":{"@id":"https:\/\/www.visit-ulcinj.com\/blog\/2017\/04\/12\/konferenca-e-trete-per-kriporen-e-ulqinit-perfundon-pa-rezultate\/#breadcrumb"},"inLanguage":"en-US","potentialAction":[{"@type":"ReadAction","target":["https:\/\/www.visit-ulcinj.com\/blog\/2017\/04\/12\/konferenca-e-trete-per-kriporen-e-ulqinit-perfundon-pa-rezultate\/"]}]},{"@type":"BreadcrumbList","@id":"https:\/\/www.visit-ulcinj.com\/blog\/2017\/04\/12\/konferenca-e-trete-per-kriporen-e-ulqinit-perfundon-pa-rezultate\/#breadcrumb","itemListElement":[{"@type":"ListItem","position":1,"name":"Konferenca e tret\u00eb p\u00ebr Kriporen e Ulqinit, p\u00ebrfundon pa rezultate &#8211; Video"}]},{"@type":"Person","@id":"https:\/\/www.visit-ulcinj.com\/blog\/#\/schema\/person\/dcab619c614d3038751c63bc2aadc06d","name":"ulqini","sameAs":["http:\/\/www.visit-ulcinj.com"],"url":"https:\/\/www.visit-ulcinj.com\/blog\/author\/admin\/"}]}},"jetpack_featured_media_url":"","jetpack_sharing_enabled":true,"jetpack_shortlink":"https:\/\/wp.me\/pe6lTn-r8Y","_links":{"self":[{"href":"https:\/\/www.visit-ulcinj.com\/blog\/wp-json\/wp\/v2\/posts\/104344"}],"collection":[{"href":"https:\/\/www.visit-ulcinj.com\/blog\/wp-json\/wp\/v2\/posts"}],"about":[{"href":"https:\/\/www.visit-ulcinj.com\/blog\/wp-json\/wp\/v2\/types\/post"}],"author":[{"embeddable":true,"href":"https:\/\/www.visit-ulcinj.com\/blog\/wp-json\/wp\/v2\/users\/1"}],"replies":[{"embeddable":true,"href":"https:\/\/www.visit-ulcinj.com\/blog\/wp-json\/wp\/v2\/comments?post=104344"}],"version-history":[{"count":3,"href":"https:\/\/www.visit-ulcinj.com\/blog\/wp-json\/wp\/v2\/posts\/104344\/revisions"}],"predecessor-version":[{"id":104352,"href":"https:\/\/www.visit-ulcinj.com\/blog\/wp-json\/wp\/v2\/posts\/104344\/revisions\/104352"}],"wp:attachment":[{"href":"https:\/\/www.visit-ulcinj.com\/blog\/wp-json\/wp\/v2\/media?parent=104344"}],"wp:term":[{"taxonomy":"category","embeddable":true,"href":"https:\/\/www.visit-ulcinj.com\/blog\/wp-json\/wp\/v2\/categories?post=104344"},{"taxonomy":"post_tag","embeddable":true,"href":"https:\/\/www.visit-ulcinj.com\/blog\/wp-json\/wp\/v2\/tags?post=104344"}],"curies":[{"name":"wp","href":"https:\/\/api.w.org\/{rel}","templated":true}]}}