{"id":104350,"date":"2017-04-12T19:26:49","date_gmt":"2017-04-12T18:26:49","guid":{"rendered":"http:\/\/www.visit-ulcinj.com\/blog\/?p=104350"},"modified":"2017-04-12T19:28:48","modified_gmt":"2017-04-12T18:28:48","slug":"pejovic-solana-ne-utice-na-otvaranje-poglavlja-27-video","status":"publish","type":"post","link":"https:\/\/www.visit-ulcinj.com\/blog\/2017\/04\/12\/pejovic-solana-ne-utice-na-otvaranje-poglavlja-27-video\/","title":{"rendered":"Pejovic: Solana ne uti\u010de na otvaranje Poglavlja 27 &#8211; Video"},"content":{"rendered":"<p class=\"lead\"><a href=\"http:\/\/www.visit-ulcinj.com\/blog\/wp-content\/uploads\/2014\/06\/ulcinjska-solana-raj-za-ptice-3.jpg\"><img loading=\"lazy\" class=\"alignleft wp-image-83004\" src=\"http:\/\/www.visit-ulcinj.com\/blog\/wp-content\/uploads\/2014\/06\/ulcinjska-solana-raj-za-ptice-3.jpg\" alt=\"ulcinjska-solana-raj-za-ptice-3\" width=\"508\" height=\"381\" srcset=\"https:\/\/www.visit-ulcinj.com\/blog\/wp-content\/uploads\/2014\/06\/ulcinjska-solana-raj-za-ptice-3.jpg 960w, https:\/\/www.visit-ulcinj.com\/blog\/wp-content\/uploads\/2014\/06\/ulcinjska-solana-raj-za-ptice-3-300x225.jpg 300w\" sizes=\"(max-width: 508px) 100vw, 508px\" \/><\/a>U njema\u010dkoj organizaciji za za\u0161titu prirode, Euronatur, koji ve\u0107 du\u017ei period insistiraju na za\u0161titi Solane, tvrde da bez rje\u0161avanja tog pitanja Poglavlje 27 ne mo\u017ee biti otvoreno. S druge strane, ministar evropskih poslova Aleksandar Andrija Pejovi\u0107 ka\u017ee da ni jedno pojedina\u010dno pitanje ne mo\u017ee uticati na otvaranje tog zna\u010dajnog poglavlja.<\/p>\n<p>Poglavlje 27 &#8211; o za\u0161titi \u017eivotne sredine i klimatskih promjena jedno je od najzahtjevnijih i najskupljih u pregovorima sa EU. Pred Crnom Gorom su veliki izazovi nakon \u0161to se u pregovorima otvori to poglavlje.<\/p>\n<p><a href=\"http:\/\/www.visit-ulcinj.com\/blog\/wp-content\/uploads\/2017\/04\/Konferenca-e-tret\u00eb-p\u00ebr-Kriporen-e-Ulqinit-p\u00ebrfundon-pa-rezultate-1.jpg\"><img loading=\"lazy\" class=\"alignleft wp-image-104348\" src=\"http:\/\/www.visit-ulcinj.com\/blog\/wp-content\/uploads\/2017\/04\/Konferenca-e-tret\u00eb-p\u00ebr-Kriporen-e-Ulqinit-p\u00ebrfundon-pa-rezultate-1.jpg\" alt=\"Konferenca e tret\u00eb p\u00ebr Kriporen e Ulqinit, p\u00ebrfundon pa rezultate-1\" width=\"508\" height=\"286\" srcset=\"https:\/\/www.visit-ulcinj.com\/blog\/wp-content\/uploads\/2017\/04\/Konferenca-e-tret\u00eb-p\u00ebr-Kriporen-e-Ulqinit-p\u00ebrfundon-pa-rezultate-1.jpg 960w, https:\/\/www.visit-ulcinj.com\/blog\/wp-content\/uploads\/2017\/04\/Konferenca-e-tret\u00eb-p\u00ebr-Kriporen-e-Ulqinit-p\u00ebrfundon-pa-rezultate-1-300x169.jpg 300w, https:\/\/www.visit-ulcinj.com\/blog\/wp-content\/uploads\/2017\/04\/Konferenca-e-tret\u00eb-p\u00ebr-Kriporen-e-Ulqinit-p\u00ebrfundon-pa-rezultate-1-768x432.jpg 768w\" sizes=\"(max-width: 508px) 100vw, 508px\" \/><\/a><\/p>\n<p>No, da li je to jedini uslov? U njema\u010dkoj organizaciji za za\u0161titu prirode Euronatur tvrde da bez rje\u0161avanja pitanja Solane Poglavlje 27 ne mo\u017ee biti otvoreno.<\/p>\n<p>Glavni pregovara\u010d i ministar evropskih poslova ka\u017ee da ni jedno pojedina\u010dno pitanje ne mo\u017ee uticati na otvaranje tog zna\u010dajnog poglavlja.<\/p>\n<p>Na\u0161i sagovornici saglasni su da je Poglavlje 27 od su\u0161tinske va\u017enosti za odr\u017eivi dru\u0161tveno-ekonomski razvoj Crne Gore<\/p>\n<p>Izvor: TVCG<\/p>\n<p>[flv]http:\/\/www.rtcg.me\/upload\/boxFileData\/2017\/04\/12\/224089\/geegge.mp4[\/flv]<\/p>\n<p>&nbsp;<\/p>\n","protected":false},"excerpt":{"rendered":"<p>U njema\u010dkoj organizaciji za za\u0161titu prirode, Euronatur, koji ve\u0107 du\u017ei period insistiraju na za\u0161titi Solane, tvrde da bez rje\u0161avanja tog pitanja Poglavlje 27 ne mo\u017ee biti otvoreno. S druge strane, ministar evropskih poslova Aleksandar Andrija Pejovi\u0107 ka\u017ee da ni jedno pojedina\u010dno pitanje ne mo\u017ee uticati na otvaranje tog zna\u010dajnog poglavlja. Poglavlje 27 &#8211; o za\u0161titi [&hellip;]<\/p>\n","protected":false},"author":1,"featured_media":0,"comment_status":"closed","ping_status":"closed","sticky":false,"template":"","format":"standard","meta":{"spay_email":"","jetpack_publicize_message":"","jetpack_is_tweetstorm":false,"jetpack_publicize_feature_enabled":true},"categories":[6950],"tags":[],"jetpack_publicize_connections":[],"yoast_head":"<!-- This site is optimized with the Yoast SEO plugin v19.1 - https:\/\/yoast.com\/wordpress\/plugins\/seo\/ -->\n<title>Pejovic: Solana ne uti\u010de na otvaranje Poglavlja 27 - Video - Lajme nga Ulqini<\/title>\n<meta name=\"description\" content=\"U njema\u010dkoj organizaciji za za\u0161titu prirode, Euronatur, koji ve\u0107 du\u017ei period insistiraju na za\u0161titi Solane, tvrde da bez rje\u0161avanja tog pitanja Poglavlje\" \/>\n<meta name=\"robots\" content=\"index, follow, max-snippet:-1, max-image-preview:large, max-video-preview:-1\" \/>\n<link rel=\"canonical\" href=\"https:\/\/www.visit-ulcinj.com\/blog\/2017\/04\/12\/pejovic-solana-ne-utice-na-otvaranje-poglavlja-27-video\/\" \/>\n<meta property=\"og:locale\" content=\"en_US\" \/>\n<meta property=\"og:type\" content=\"article\" \/>\n<meta property=\"og:title\" content=\"Pejovic: Solana ne uti\u010de na otvaranje Poglavlja 27 - Video - Lajme nga Ulqini\" \/>\n<meta property=\"og:description\" content=\"U njema\u010dkoj organizaciji za za\u0161titu prirode, Euronatur, koji ve\u0107 du\u017ei period insistiraju na za\u0161titi Solane, tvrde da bez rje\u0161avanja tog pitanja Poglavlje\" \/>\n<meta property=\"og:url\" content=\"https:\/\/www.visit-ulcinj.com\/blog\/2017\/04\/12\/pejovic-solana-ne-utice-na-otvaranje-poglavlja-27-video\/\" \/>\n<meta property=\"og:site_name\" content=\"Lajme nga Ulqini\" \/>\n<meta property=\"article:published_time\" content=\"2017-04-12T18:26:49+00:00\" \/>\n<meta property=\"article:modified_time\" content=\"2017-04-12T18:28:48+00:00\" \/>\n<meta property=\"og:image\" content=\"http:\/\/www.visit-ulcinj.com\/blog\/wp-content\/uploads\/2014\/06\/ulcinjska-solana-raj-za-ptice-3.jpg\" \/>\n<meta name=\"twitter:label1\" content=\"Written by\" \/>\n\t<meta name=\"twitter:data1\" content=\"ulqini\" \/>\n\t<meta name=\"twitter:label2\" content=\"Est. reading time\" \/>\n\t<meta name=\"twitter:data2\" content=\"1 minute\" \/>\n<script type=\"application\/ld+json\" class=\"yoast-schema-graph\">{\"@context\":\"https:\/\/schema.org\",\"@graph\":[{\"@type\":\"WebSite\",\"@id\":\"https:\/\/www.visit-ulcinj.com\/blog\/#website\",\"url\":\"https:\/\/www.visit-ulcinj.com\/blog\/\",\"name\":\"Lajme nga Ulqini\",\"description\":\"Lajme,Vijesti,Ulqini,Ulqin,Crna Gora,Mali i Zi\",\"potentialAction\":[{\"@type\":\"SearchAction\",\"target\":{\"@type\":\"EntryPoint\",\"urlTemplate\":\"https:\/\/www.visit-ulcinj.com\/blog\/?s={search_term_string}\"},\"query-input\":\"required name=search_term_string\"}],\"inLanguage\":\"en-US\"},{\"@type\":\"ImageObject\",\"inLanguage\":\"en-US\",\"@id\":\"https:\/\/www.visit-ulcinj.com\/blog\/2017\/04\/12\/pejovic-solana-ne-utice-na-otvaranje-poglavlja-27-video\/#primaryimage\",\"url\":\"https:\/\/www.visit-ulcinj.com\/blog\/wp-content\/uploads\/2014\/06\/ulcinjska-solana-raj-za-ptice-3.jpg\",\"contentUrl\":\"https:\/\/www.visit-ulcinj.com\/blog\/wp-content\/uploads\/2014\/06\/ulcinjska-solana-raj-za-ptice-3.jpg\",\"width\":960,\"height\":720},{\"@type\":\"WebPage\",\"@id\":\"https:\/\/www.visit-ulcinj.com\/blog\/2017\/04\/12\/pejovic-solana-ne-utice-na-otvaranje-poglavlja-27-video\/#webpage\",\"url\":\"https:\/\/www.visit-ulcinj.com\/blog\/2017\/04\/12\/pejovic-solana-ne-utice-na-otvaranje-poglavlja-27-video\/\",\"name\":\"Pejovic: Solana ne uti\u010de na otvaranje Poglavlja 27 - Video - Lajme nga Ulqini\",\"isPartOf\":{\"@id\":\"https:\/\/www.visit-ulcinj.com\/blog\/#website\"},\"primaryImageOfPage\":{\"@id\":\"https:\/\/www.visit-ulcinj.com\/blog\/2017\/04\/12\/pejovic-solana-ne-utice-na-otvaranje-poglavlja-27-video\/#primaryimage\"},\"datePublished\":\"2017-04-12T18:26:49+00:00\",\"dateModified\":\"2017-04-12T18:28:48+00:00\",\"author\":{\"@id\":\"https:\/\/www.visit-ulcinj.com\/blog\/#\/schema\/person\/dcab619c614d3038751c63bc2aadc06d\"},\"description\":\"U njema\u010dkoj organizaciji za za\u0161titu prirode, Euronatur, koji ve\u0107 du\u017ei period insistiraju na za\u0161titi Solane, tvrde da bez rje\u0161avanja tog pitanja Poglavlje\",\"breadcrumb\":{\"@id\":\"https:\/\/www.visit-ulcinj.com\/blog\/2017\/04\/12\/pejovic-solana-ne-utice-na-otvaranje-poglavlja-27-video\/#breadcrumb\"},\"inLanguage\":\"en-US\",\"potentialAction\":[{\"@type\":\"ReadAction\",\"target\":[\"https:\/\/www.visit-ulcinj.com\/blog\/2017\/04\/12\/pejovic-solana-ne-utice-na-otvaranje-poglavlja-27-video\/\"]}]},{\"@type\":\"BreadcrumbList\",\"@id\":\"https:\/\/www.visit-ulcinj.com\/blog\/2017\/04\/12\/pejovic-solana-ne-utice-na-otvaranje-poglavlja-27-video\/#breadcrumb\",\"itemListElement\":[{\"@type\":\"ListItem\",\"position\":1,\"name\":\"Pejovic: Solana ne uti\u010de na otvaranje Poglavlja 27 &#8211; Video\"}]},{\"@type\":\"Person\",\"@id\":\"https:\/\/www.visit-ulcinj.com\/blog\/#\/schema\/person\/dcab619c614d3038751c63bc2aadc06d\",\"name\":\"ulqini\",\"sameAs\":[\"http:\/\/www.visit-ulcinj.com\"],\"url\":\"https:\/\/www.visit-ulcinj.com\/blog\/author\/admin\/\"}]}<\/script>\n<!-- \/ Yoast SEO plugin. -->","yoast_head_json":{"title":"Pejovic: Solana ne uti\u010de na otvaranje Poglavlja 27 - Video - Lajme nga Ulqini","description":"U njema\u010dkoj organizaciji za za\u0161titu prirode, Euronatur, koji ve\u0107 du\u017ei period insistiraju na za\u0161titi Solane, tvrde da bez rje\u0161avanja tog pitanja Poglavlje","robots":{"index":"index","follow":"follow","max-snippet":"max-snippet:-1","max-image-preview":"max-image-preview:large","max-video-preview":"max-video-preview:-1"},"canonical":"https:\/\/www.visit-ulcinj.com\/blog\/2017\/04\/12\/pejovic-solana-ne-utice-na-otvaranje-poglavlja-27-video\/","og_locale":"en_US","og_type":"article","og_title":"Pejovic: Solana ne uti\u010de na otvaranje Poglavlja 27 - Video - Lajme nga Ulqini","og_description":"U njema\u010dkoj organizaciji za za\u0161titu prirode, Euronatur, koji ve\u0107 du\u017ei period insistiraju na za\u0161titi Solane, tvrde da bez rje\u0161avanja tog pitanja Poglavlje","og_url":"https:\/\/www.visit-ulcinj.com\/blog\/2017\/04\/12\/pejovic-solana-ne-utice-na-otvaranje-poglavlja-27-video\/","og_site_name":"Lajme nga Ulqini","article_published_time":"2017-04-12T18:26:49+00:00","article_modified_time":"2017-04-12T18:28:48+00:00","og_image":[{"url":"http:\/\/www.visit-ulcinj.com\/blog\/wp-content\/uploads\/2014\/06\/ulcinjska-solana-raj-za-ptice-3.jpg"}],"twitter_misc":{"Written by":"ulqini","Est. reading time":"1 minute"},"schema":{"@context":"https:\/\/schema.org","@graph":[{"@type":"WebSite","@id":"https:\/\/www.visit-ulcinj.com\/blog\/#website","url":"https:\/\/www.visit-ulcinj.com\/blog\/","name":"Lajme nga Ulqini","description":"Lajme,Vijesti,Ulqini,Ulqin,Crna Gora,Mali i Zi","potentialAction":[{"@type":"SearchAction","target":{"@type":"EntryPoint","urlTemplate":"https:\/\/www.visit-ulcinj.com\/blog\/?s={search_term_string}"},"query-input":"required name=search_term_string"}],"inLanguage":"en-US"},{"@type":"ImageObject","inLanguage":"en-US","@id":"https:\/\/www.visit-ulcinj.com\/blog\/2017\/04\/12\/pejovic-solana-ne-utice-na-otvaranje-poglavlja-27-video\/#primaryimage","url":"https:\/\/www.visit-ulcinj.com\/blog\/wp-content\/uploads\/2014\/06\/ulcinjska-solana-raj-za-ptice-3.jpg","contentUrl":"https:\/\/www.visit-ulcinj.com\/blog\/wp-content\/uploads\/2014\/06\/ulcinjska-solana-raj-za-ptice-3.jpg","width":960,"height":720},{"@type":"WebPage","@id":"https:\/\/www.visit-ulcinj.com\/blog\/2017\/04\/12\/pejovic-solana-ne-utice-na-otvaranje-poglavlja-27-video\/#webpage","url":"https:\/\/www.visit-ulcinj.com\/blog\/2017\/04\/12\/pejovic-solana-ne-utice-na-otvaranje-poglavlja-27-video\/","name":"Pejovic: Solana ne uti\u010de na otvaranje Poglavlja 27 - Video - Lajme nga Ulqini","isPartOf":{"@id":"https:\/\/www.visit-ulcinj.com\/blog\/#website"},"primaryImageOfPage":{"@id":"https:\/\/www.visit-ulcinj.com\/blog\/2017\/04\/12\/pejovic-solana-ne-utice-na-otvaranje-poglavlja-27-video\/#primaryimage"},"datePublished":"2017-04-12T18:26:49+00:00","dateModified":"2017-04-12T18:28:48+00:00","author":{"@id":"https:\/\/www.visit-ulcinj.com\/blog\/#\/schema\/person\/dcab619c614d3038751c63bc2aadc06d"},"description":"U njema\u010dkoj organizaciji za za\u0161titu prirode, Euronatur, koji ve\u0107 du\u017ei period insistiraju na za\u0161titi Solane, tvrde da bez rje\u0161avanja tog pitanja Poglavlje","breadcrumb":{"@id":"https:\/\/www.visit-ulcinj.com\/blog\/2017\/04\/12\/pejovic-solana-ne-utice-na-otvaranje-poglavlja-27-video\/#breadcrumb"},"inLanguage":"en-US","potentialAction":[{"@type":"ReadAction","target":["https:\/\/www.visit-ulcinj.com\/blog\/2017\/04\/12\/pejovic-solana-ne-utice-na-otvaranje-poglavlja-27-video\/"]}]},{"@type":"BreadcrumbList","@id":"https:\/\/www.visit-ulcinj.com\/blog\/2017\/04\/12\/pejovic-solana-ne-utice-na-otvaranje-poglavlja-27-video\/#breadcrumb","itemListElement":[{"@type":"ListItem","position":1,"name":"Pejovic: Solana ne uti\u010de na otvaranje Poglavlja 27 &#8211; Video"}]},{"@type":"Person","@id":"https:\/\/www.visit-ulcinj.com\/blog\/#\/schema\/person\/dcab619c614d3038751c63bc2aadc06d","name":"ulqini","sameAs":["http:\/\/www.visit-ulcinj.com"],"url":"https:\/\/www.visit-ulcinj.com\/blog\/author\/admin\/"}]}},"jetpack_featured_media_url":"","jetpack_sharing_enabled":true,"jetpack_shortlink":"https:\/\/wp.me\/pe6lTn-r94","_links":{"self":[{"href":"https:\/\/www.visit-ulcinj.com\/blog\/wp-json\/wp\/v2\/posts\/104350"}],"collection":[{"href":"https:\/\/www.visit-ulcinj.com\/blog\/wp-json\/wp\/v2\/posts"}],"about":[{"href":"https:\/\/www.visit-ulcinj.com\/blog\/wp-json\/wp\/v2\/types\/post"}],"author":[{"embeddable":true,"href":"https:\/\/www.visit-ulcinj.com\/blog\/wp-json\/wp\/v2\/users\/1"}],"replies":[{"embeddable":true,"href":"https:\/\/www.visit-ulcinj.com\/blog\/wp-json\/wp\/v2\/comments?post=104350"}],"version-history":[{"count":2,"href":"https:\/\/www.visit-ulcinj.com\/blog\/wp-json\/wp\/v2\/posts\/104350\/revisions"}],"predecessor-version":[{"id":104353,"href":"https:\/\/www.visit-ulcinj.com\/blog\/wp-json\/wp\/v2\/posts\/104350\/revisions\/104353"}],"wp:attachment":[{"href":"https:\/\/www.visit-ulcinj.com\/blog\/wp-json\/wp\/v2\/media?parent=104350"}],"wp:term":[{"taxonomy":"category","embeddable":true,"href":"https:\/\/www.visit-ulcinj.com\/blog\/wp-json\/wp\/v2\/categories?post=104350"},{"taxonomy":"post_tag","embeddable":true,"href":"https:\/\/www.visit-ulcinj.com\/blog\/wp-json\/wp\/v2\/tags?post=104350"}],"curies":[{"name":"wp","href":"https:\/\/api.w.org\/{rel}","templated":true}]}}