{"id":104361,"date":"2017-04-13T13:56:07","date_gmt":"2017-04-13T12:56:07","guid":{"rendered":"http:\/\/www.visit-ulcinj.com\/blog\/?p=104361"},"modified":"2017-04-13T13:56:07","modified_gmt":"2017-04-13T12:56:07","slug":"ploca-uskoro-dobija-novi-izgled","status":"publish","type":"post","link":"https:\/\/www.visit-ulcinj.com\/blog\/2017\/04\/13\/ploca-uskoro-dobija-novi-izgled\/","title":{"rendered":"Plo\u010da uskoro dobija novi izgled"},"content":{"rendered":"<p><a href=\"http:\/\/www.visit-ulcinj.com\/blog\/wp-content\/uploads\/2017\/04\/Ploca-uskoro-dobija-novi-izgled-Ulcinj.jpg\"><img loading=\"lazy\" class=\"alignleft wp-image-104362\" src=\"http:\/\/www.visit-ulcinj.com\/blog\/wp-content\/uploads\/2017\/04\/Ploca-uskoro-dobija-novi-izgled-Ulcinj.jpg\" alt=\"Ploca uskoro dobija novi izgled -Ulcinj\" width=\"508\" height=\"280\" srcset=\"https:\/\/www.visit-ulcinj.com\/blog\/wp-content\/uploads\/2017\/04\/Ploca-uskoro-dobija-novi-izgled-Ulcinj.jpg 999w, https:\/\/www.visit-ulcinj.com\/blog\/wp-content\/uploads\/2017\/04\/Ploca-uskoro-dobija-novi-izgled-Ulcinj-300x165.jpg 300w, https:\/\/www.visit-ulcinj.com\/blog\/wp-content\/uploads\/2017\/04\/Ploca-uskoro-dobija-novi-izgled-Ulcinj-768x423.jpg 768w\" sizes=\"(max-width: 508px) 100vw, 508px\" \/><\/a>U saradnji sa Agencijom za izgradnju i razvoj Ulcinja raspisan je tender za ure\u0111enje Plo\u010de, kojim je predvi\u0111eno da ova zona dobije potpuno novi izgled.<\/p>\n<p>Tenderom je planirano oblaganje trotoara \u0161tampanim betonom, postavljanje LED rasvjete, ozelenjavanje povr\u0161ina, postavlajnje klupa, kanti za otpatke i saniranje o\u0161te\u0107enih djelova.<\/p>\n<p><a href=\"http:\/\/www.visit-ulcinj.com\/blog\/wp-content\/uploads\/2017\/04\/S\u00eb-shpejti-me-nj\u00eb-pamje-t\u00eb-re-ne-Ulqin-Rana-1.jpg\"><img loading=\"lazy\" class=\"alignleft wp-image-104359\" src=\"http:\/\/www.visit-ulcinj.com\/blog\/wp-content\/uploads\/2017\/04\/S\u00eb-shpejti-me-nj\u00eb-pamje-t\u00eb-re-ne-Ulqin-Rana-1.jpg\" alt=\"S\u00eb shpejti me nj\u00eb pamje t\u00eb re ne Ulqin-Rana-1\" width=\"508\" height=\"286\" srcset=\"https:\/\/www.visit-ulcinj.com\/blog\/wp-content\/uploads\/2017\/04\/S\u00eb-shpejti-me-nj\u00eb-pamje-t\u00eb-re-ne-Ulqin-Rana-1.jpg 999w, https:\/\/www.visit-ulcinj.com\/blog\/wp-content\/uploads\/2017\/04\/S\u00eb-shpejti-me-nj\u00eb-pamje-t\u00eb-re-ne-Ulqin-Rana-1-300x169.jpg 300w, https:\/\/www.visit-ulcinj.com\/blog\/wp-content\/uploads\/2017\/04\/S\u00eb-shpejti-me-nj\u00eb-pamje-t\u00eb-re-ne-Ulqin-Rana-1-768x432.jpg 768w\" sizes=\"(max-width: 508px) 100vw, 508px\" \/><\/a><\/p>\n<p><a href=\"http:\/\/www.visit-ulcinj.com\/blog\/wp-content\/uploads\/2017\/04\/S\u00eb-shpejti-me-nj\u00eb-pamje-t\u00eb-re-ne-Ulqin-Rana.jpg\"><img loading=\"lazy\" class=\"alignleft wp-image-104358\" src=\"http:\/\/www.visit-ulcinj.com\/blog\/wp-content\/uploads\/2017\/04\/S\u00eb-shpejti-me-nj\u00eb-pamje-t\u00eb-re-ne-Ulqin-Rana.jpg\" alt=\"S\u00eb shpejti me nj\u00eb pamje t\u00eb re ne Ulqin-Rana\" width=\"508\" height=\"317\" srcset=\"https:\/\/www.visit-ulcinj.com\/blog\/wp-content\/uploads\/2017\/04\/S\u00eb-shpejti-me-nj\u00eb-pamje-t\u00eb-re-ne-Ulqin-Rana.jpg 999w, https:\/\/www.visit-ulcinj.com\/blog\/wp-content\/uploads\/2017\/04\/S\u00eb-shpejti-me-nj\u00eb-pamje-t\u00eb-re-ne-Ulqin-Rana-300x187.jpg 300w, https:\/\/www.visit-ulcinj.com\/blog\/wp-content\/uploads\/2017\/04\/S\u00eb-shpejti-me-nj\u00eb-pamje-t\u00eb-re-ne-Ulqin-Rana-768x479.jpg 768w\" sizes=\"(max-width: 508px) 100vw, 508px\" \/><\/a><\/p>\n","protected":false},"excerpt":{"rendered":"<p>U saradnji sa Agencijom za izgradnju i razvoj Ulcinja raspisan je tender za ure\u0111enje Plo\u010de, kojim je predvi\u0111eno da ova zona dobije potpuno novi izgled. Tenderom je planirano oblaganje trotoara \u0161tampanim betonom, postavljanje LED rasvjete, ozelenjavanje povr\u0161ina, postavlajnje klupa, kanti za otpatke i saniranje o\u0161te\u0107enih djelova.<\/p>\n","protected":false},"author":1,"featured_media":0,"comment_status":"closed","ping_status":"closed","sticky":false,"template":"","format":"standard","meta":{"spay_email":"","jetpack_publicize_message":"","jetpack_is_tweetstorm":false,"jetpack_publicize_feature_enabled":true},"categories":[8337],"tags":[],"jetpack_publicize_connections":[],"yoast_head":"<!-- This site is optimized with the Yoast SEO plugin v19.1 - https:\/\/yoast.com\/wordpress\/plugins\/seo\/ -->\n<title>Plo\u010da uskoro dobija novi izgled - Lajme nga Ulqini<\/title>\n<meta name=\"description\" content=\"U saradnji sa Agencijom za izgradnju i razvoj Ulcinja raspisan je tender za ure\u0111enje Plo\u010de, kojim je predvi\u0111eno da ova zona dobije potpuno novi izgled.\" \/>\n<meta name=\"robots\" content=\"index, follow, max-snippet:-1, max-image-preview:large, max-video-preview:-1\" \/>\n<link rel=\"canonical\" href=\"https:\/\/www.visit-ulcinj.com\/blog\/2017\/04\/13\/ploca-uskoro-dobija-novi-izgled\/\" \/>\n<meta property=\"og:locale\" content=\"en_US\" \/>\n<meta property=\"og:type\" content=\"article\" \/>\n<meta property=\"og:title\" content=\"Plo\u010da uskoro dobija novi izgled - Lajme nga Ulqini\" \/>\n<meta property=\"og:description\" content=\"U saradnji sa Agencijom za izgradnju i razvoj Ulcinja raspisan je tender za ure\u0111enje Plo\u010de, kojim je predvi\u0111eno da ova zona dobije potpuno novi izgled.\" \/>\n<meta property=\"og:url\" content=\"https:\/\/www.visit-ulcinj.com\/blog\/2017\/04\/13\/ploca-uskoro-dobija-novi-izgled\/\" \/>\n<meta property=\"og:site_name\" content=\"Lajme nga Ulqini\" \/>\n<meta property=\"article:published_time\" content=\"2017-04-13T12:56:07+00:00\" \/>\n<meta property=\"og:image\" content=\"http:\/\/www.visit-ulcinj.com\/blog\/wp-content\/uploads\/2017\/04\/Ploca-uskoro-dobija-novi-izgled-Ulcinj.jpg\" \/>\n<meta name=\"twitter:label1\" content=\"Written by\" \/>\n\t<meta name=\"twitter:data1\" content=\"ulqini\" \/>\n<script type=\"application\/ld+json\" class=\"yoast-schema-graph\">{\"@context\":\"https:\/\/schema.org\",\"@graph\":[{\"@type\":\"WebSite\",\"@id\":\"https:\/\/www.visit-ulcinj.com\/blog\/#website\",\"url\":\"https:\/\/www.visit-ulcinj.com\/blog\/\",\"name\":\"Lajme nga Ulqini\",\"description\":\"Lajme,Vijesti,Ulqini,Ulqin,Crna Gora,Mali i Zi\",\"potentialAction\":[{\"@type\":\"SearchAction\",\"target\":{\"@type\":\"EntryPoint\",\"urlTemplate\":\"https:\/\/www.visit-ulcinj.com\/blog\/?s={search_term_string}\"},\"query-input\":\"required name=search_term_string\"}],\"inLanguage\":\"en-US\"},{\"@type\":\"ImageObject\",\"inLanguage\":\"en-US\",\"@id\":\"https:\/\/www.visit-ulcinj.com\/blog\/2017\/04\/13\/ploca-uskoro-dobija-novi-izgled\/#primaryimage\",\"url\":\"https:\/\/www.visit-ulcinj.com\/blog\/wp-content\/uploads\/2017\/04\/Ploca-uskoro-dobija-novi-izgled-Ulcinj.jpg\",\"contentUrl\":\"https:\/\/www.visit-ulcinj.com\/blog\/wp-content\/uploads\/2017\/04\/Ploca-uskoro-dobija-novi-izgled-Ulcinj.jpg\",\"width\":999,\"height\":550},{\"@type\":\"WebPage\",\"@id\":\"https:\/\/www.visit-ulcinj.com\/blog\/2017\/04\/13\/ploca-uskoro-dobija-novi-izgled\/#webpage\",\"url\":\"https:\/\/www.visit-ulcinj.com\/blog\/2017\/04\/13\/ploca-uskoro-dobija-novi-izgled\/\",\"name\":\"Plo\u010da uskoro dobija novi izgled - Lajme nga Ulqini\",\"isPartOf\":{\"@id\":\"https:\/\/www.visit-ulcinj.com\/blog\/#website\"},\"primaryImageOfPage\":{\"@id\":\"https:\/\/www.visit-ulcinj.com\/blog\/2017\/04\/13\/ploca-uskoro-dobija-novi-izgled\/#primaryimage\"},\"datePublished\":\"2017-04-13T12:56:07+00:00\",\"dateModified\":\"2017-04-13T12:56:07+00:00\",\"author\":{\"@id\":\"https:\/\/www.visit-ulcinj.com\/blog\/#\/schema\/person\/dcab619c614d3038751c63bc2aadc06d\"},\"description\":\"U saradnji sa Agencijom za izgradnju i razvoj Ulcinja raspisan je tender za ure\u0111enje Plo\u010de, kojim je predvi\u0111eno da ova zona dobije potpuno novi izgled.\",\"breadcrumb\":{\"@id\":\"https:\/\/www.visit-ulcinj.com\/blog\/2017\/04\/13\/ploca-uskoro-dobija-novi-izgled\/#breadcrumb\"},\"inLanguage\":\"en-US\",\"potentialAction\":[{\"@type\":\"ReadAction\",\"target\":[\"https:\/\/www.visit-ulcinj.com\/blog\/2017\/04\/13\/ploca-uskoro-dobija-novi-izgled\/\"]}]},{\"@type\":\"BreadcrumbList\",\"@id\":\"https:\/\/www.visit-ulcinj.com\/blog\/2017\/04\/13\/ploca-uskoro-dobija-novi-izgled\/#breadcrumb\",\"itemListElement\":[{\"@type\":\"ListItem\",\"position\":1,\"name\":\"Plo\u010da uskoro dobija novi izgled\"}]},{\"@type\":\"Person\",\"@id\":\"https:\/\/www.visit-ulcinj.com\/blog\/#\/schema\/person\/dcab619c614d3038751c63bc2aadc06d\",\"name\":\"ulqini\",\"sameAs\":[\"http:\/\/www.visit-ulcinj.com\"],\"url\":\"https:\/\/www.visit-ulcinj.com\/blog\/author\/admin\/\"}]}<\/script>\n<!-- \/ Yoast SEO plugin. -->","yoast_head_json":{"title":"Plo\u010da uskoro dobija novi izgled - Lajme nga Ulqini","description":"U saradnji sa Agencijom za izgradnju i razvoj Ulcinja raspisan je tender za ure\u0111enje Plo\u010de, kojim je predvi\u0111eno da ova zona dobije potpuno novi izgled.","robots":{"index":"index","follow":"follow","max-snippet":"max-snippet:-1","max-image-preview":"max-image-preview:large","max-video-preview":"max-video-preview:-1"},"canonical":"https:\/\/www.visit-ulcinj.com\/blog\/2017\/04\/13\/ploca-uskoro-dobija-novi-izgled\/","og_locale":"en_US","og_type":"article","og_title":"Plo\u010da uskoro dobija novi izgled - Lajme nga Ulqini","og_description":"U saradnji sa Agencijom za izgradnju i razvoj Ulcinja raspisan je tender za ure\u0111enje Plo\u010de, kojim je predvi\u0111eno da ova zona dobije potpuno novi izgled.","og_url":"https:\/\/www.visit-ulcinj.com\/blog\/2017\/04\/13\/ploca-uskoro-dobija-novi-izgled\/","og_site_name":"Lajme nga Ulqini","article_published_time":"2017-04-13T12:56:07+00:00","og_image":[{"url":"http:\/\/www.visit-ulcinj.com\/blog\/wp-content\/uploads\/2017\/04\/Ploca-uskoro-dobija-novi-izgled-Ulcinj.jpg"}],"twitter_misc":{"Written by":"ulqini"},"schema":{"@context":"https:\/\/schema.org","@graph":[{"@type":"WebSite","@id":"https:\/\/www.visit-ulcinj.com\/blog\/#website","url":"https:\/\/www.visit-ulcinj.com\/blog\/","name":"Lajme nga Ulqini","description":"Lajme,Vijesti,Ulqini,Ulqin,Crna Gora,Mali i Zi","potentialAction":[{"@type":"SearchAction","target":{"@type":"EntryPoint","urlTemplate":"https:\/\/www.visit-ulcinj.com\/blog\/?s={search_term_string}"},"query-input":"required name=search_term_string"}],"inLanguage":"en-US"},{"@type":"ImageObject","inLanguage":"en-US","@id":"https:\/\/www.visit-ulcinj.com\/blog\/2017\/04\/13\/ploca-uskoro-dobija-novi-izgled\/#primaryimage","url":"https:\/\/www.visit-ulcinj.com\/blog\/wp-content\/uploads\/2017\/04\/Ploca-uskoro-dobija-novi-izgled-Ulcinj.jpg","contentUrl":"https:\/\/www.visit-ulcinj.com\/blog\/wp-content\/uploads\/2017\/04\/Ploca-uskoro-dobija-novi-izgled-Ulcinj.jpg","width":999,"height":550},{"@type":"WebPage","@id":"https:\/\/www.visit-ulcinj.com\/blog\/2017\/04\/13\/ploca-uskoro-dobija-novi-izgled\/#webpage","url":"https:\/\/www.visit-ulcinj.com\/blog\/2017\/04\/13\/ploca-uskoro-dobija-novi-izgled\/","name":"Plo\u010da uskoro dobija novi izgled - Lajme nga Ulqini","isPartOf":{"@id":"https:\/\/www.visit-ulcinj.com\/blog\/#website"},"primaryImageOfPage":{"@id":"https:\/\/www.visit-ulcinj.com\/blog\/2017\/04\/13\/ploca-uskoro-dobija-novi-izgled\/#primaryimage"},"datePublished":"2017-04-13T12:56:07+00:00","dateModified":"2017-04-13T12:56:07+00:00","author":{"@id":"https:\/\/www.visit-ulcinj.com\/blog\/#\/schema\/person\/dcab619c614d3038751c63bc2aadc06d"},"description":"U saradnji sa Agencijom za izgradnju i razvoj Ulcinja raspisan je tender za ure\u0111enje Plo\u010de, kojim je predvi\u0111eno da ova zona dobije potpuno novi izgled.","breadcrumb":{"@id":"https:\/\/www.visit-ulcinj.com\/blog\/2017\/04\/13\/ploca-uskoro-dobija-novi-izgled\/#breadcrumb"},"inLanguage":"en-US","potentialAction":[{"@type":"ReadAction","target":["https:\/\/www.visit-ulcinj.com\/blog\/2017\/04\/13\/ploca-uskoro-dobija-novi-izgled\/"]}]},{"@type":"BreadcrumbList","@id":"https:\/\/www.visit-ulcinj.com\/blog\/2017\/04\/13\/ploca-uskoro-dobija-novi-izgled\/#breadcrumb","itemListElement":[{"@type":"ListItem","position":1,"name":"Plo\u010da uskoro dobija novi izgled"}]},{"@type":"Person","@id":"https:\/\/www.visit-ulcinj.com\/blog\/#\/schema\/person\/dcab619c614d3038751c63bc2aadc06d","name":"ulqini","sameAs":["http:\/\/www.visit-ulcinj.com"],"url":"https:\/\/www.visit-ulcinj.com\/blog\/author\/admin\/"}]}},"jetpack_featured_media_url":"","jetpack_sharing_enabled":true,"jetpack_shortlink":"https:\/\/wp.me\/pe6lTn-r9f","_links":{"self":[{"href":"https:\/\/www.visit-ulcinj.com\/blog\/wp-json\/wp\/v2\/posts\/104361"}],"collection":[{"href":"https:\/\/www.visit-ulcinj.com\/blog\/wp-json\/wp\/v2\/posts"}],"about":[{"href":"https:\/\/www.visit-ulcinj.com\/blog\/wp-json\/wp\/v2\/types\/post"}],"author":[{"embeddable":true,"href":"https:\/\/www.visit-ulcinj.com\/blog\/wp-json\/wp\/v2\/users\/1"}],"replies":[{"embeddable":true,"href":"https:\/\/www.visit-ulcinj.com\/blog\/wp-json\/wp\/v2\/comments?post=104361"}],"version-history":[{"count":1,"href":"https:\/\/www.visit-ulcinj.com\/blog\/wp-json\/wp\/v2\/posts\/104361\/revisions"}],"predecessor-version":[{"id":104363,"href":"https:\/\/www.visit-ulcinj.com\/blog\/wp-json\/wp\/v2\/posts\/104361\/revisions\/104363"}],"wp:attachment":[{"href":"https:\/\/www.visit-ulcinj.com\/blog\/wp-json\/wp\/v2\/media?parent=104361"}],"wp:term":[{"taxonomy":"category","embeddable":true,"href":"https:\/\/www.visit-ulcinj.com\/blog\/wp-json\/wp\/v2\/categories?post=104361"},{"taxonomy":"post_tag","embeddable":true,"href":"https:\/\/www.visit-ulcinj.com\/blog\/wp-json\/wp\/v2\/tags?post=104361"}],"curies":[{"name":"wp","href":"https:\/\/api.w.org\/{rel}","templated":true}]}}