{"id":104365,"date":"2017-04-13T14:07:47","date_gmt":"2017-04-13T13:07:47","guid":{"rendered":"http:\/\/www.visit-ulcinj.com\/blog\/?p=104365"},"modified":"2017-04-13T14:07:47","modified_gmt":"2017-04-13T13:07:47","slug":"internationale-unterstutzung-fur-naturparadies-montenegro","status":"publish","type":"post","link":"https:\/\/www.visit-ulcinj.com\/blog\/2017\/04\/13\/internationale-unterstutzung-fur-naturparadies-montenegro\/","title":{"rendered":"Internationale Unterst\u00fctzung f\u00fcr Naturparadies in Montenegro"},"content":{"rendered":"<div class=\"meta\"><span class=\"date\"> <time datetime=\"2017-04-12\"> <a href=\"http:\/\/www.visit-ulcinj.com\/blog\/wp-content\/uploads\/2017\/04\/Konferenca-e-tret\u00eb-p\u00ebr-Kriporen-e-Ulqinit-p\u00ebrfundon-pa-rezultate-1.jpg\"><img loading=\"lazy\" class=\"alignleft wp-image-104348\" src=\"http:\/\/www.visit-ulcinj.com\/blog\/wp-content\/uploads\/2017\/04\/Konferenca-e-tret\u00eb-p\u00ebr-Kriporen-e-Ulqinit-p\u00ebrfundon-pa-rezultate-1.jpg\" alt=\"Konferenca e tret\u00eb p\u00ebr Kriporen e Ulqinit, p\u00ebrfundon pa rezultate-1\" width=\"508\" height=\"286\" srcset=\"https:\/\/www.visit-ulcinj.com\/blog\/wp-content\/uploads\/2017\/04\/Konferenca-e-tret\u00eb-p\u00ebr-Kriporen-e-Ulqinit-p\u00ebrfundon-pa-rezultate-1.jpg 960w, https:\/\/www.visit-ulcinj.com\/blog\/wp-content\/uploads\/2017\/04\/Konferenca-e-tret\u00eb-p\u00ebr-Kriporen-e-Ulqinit-p\u00ebrfundon-pa-rezultate-1-300x169.jpg 300w, https:\/\/www.visit-ulcinj.com\/blog\/wp-content\/uploads\/2017\/04\/Konferenca-e-tret\u00eb-p\u00ebr-Kriporen-e-Ulqinit-p\u00ebrfundon-pa-rezultate-1-768x432.jpg 768w\" sizes=\"(max-width: 508px) 100vw, 508px\" \/><\/a>12.04.2017 <\/time> <\/span><\/div>\n<div class=\"intro\">\n<p><strong>Europ\u00e4ischer Naturschatz in Montenegro immer noch bedroht \u2013 liegt der Schutz der Saline Ulcinj in der Macht der Regierung Montenegros? +++ Naturschutzstiftung EuroNatur fordert Montenegros Premierminister Du\u0161ko Markovi\u0107 auf, den Schutz der Saline Ulcinj zur Chefsache zu machen<\/strong><\/p>\n<p><b>Radolfzell\/ Podgorica.<\/b> EuroNatur, BirdLife und die montenegrinische NGO <a class=\"external-link-new-window\" title=\"Opens internal link in current window\" href=\"http:\/\/www.birdwatchingmn.org\/\" target=\"_blank\">CZIP<\/a> haben gestern zur 3. Internationalen Konferenz zum Schutz der <a class=\"external-link-new-window\" title=\"Opens internal link in current window\" href=\"https:\/\/www.euronatur.org\/unsere-themen\/projektgebiete\/projektgebiete-a-z\/bojana-buna-delta-und-skutari-see\/projekte\/saline-ulcinj\/\" target=\"_blank\">Saline Ulcinj<\/a> in die montenegrinische Hauptstadt Podgorica eingeladen. Die Saline Ulcinj ist eines der wichtigsten Rast-, Brut- und \u00dcberwinterungsgebiete f\u00fcr Zugv\u00f6gel an der \u00f6stlichen Adriak\u00fcste. Unter den rund 80 Teilnehmerinnen und Teilnehmern waren die Botschafter Deutschlands, Griechenlands und Polens in Montenegro, der Botschafter der EU in Montenegro, der B\u00fcrgermeister von Ulcinj, Vertreterinnen des zust\u00e4ndigen Ministeriums f\u00fcr Nachhaltige Entwicklung und Tourismus sowie zahlreiche internationale und nationale Experten. Bereits bei der 1. Internationalen Konferenz zum Schutz der Saline Ulcinj im April 2015 haben die Verantwortlichen in Montenegro die baldige Ausweisung der Saline als Naturschutzgebiet zugesagt. Seither hat es keinerlei Fortschritte gegeben, der Zustand der Saline Ulcinj hat sich in den letzten zwei Jahr sogar dramatisch verschlechtert.<\/p>\n<p>Obwohl die EU-Kommission und das EU-Parlament seit Jahren deutlich machen, dass sie von der Regierung Montenegros energische Schritte zur Unterschutzstellung der Saline Ulcinj erwarten, gibt es nach Einsch\u00e4tzung der internationalen Naturschutzstiftung EuroNatur keine Fortschritte. \u201eDer Prozess zur Unterschutzstellung der Saline Ulcinj ist eine unendliche Geschichte von Ank\u00fcndigungen und nicht eingehaltenen Zusagen. Die Regierung macht bisher reine Symbol- und Ank\u00fcndigungspolitik\u201c, kritisiert EuroNatur-Gesch\u00e4ftsf\u00fchrer <a class=\"external-link-new-window\" title=\"Opens internal link in current window\" href=\"https:\/\/www.euronatur.org\/ueber-euronatur\/ueber-uns\/wer-wir-sind\/gabriel-schwaderer-geschaeftsfuehrung-euronatur\/\" target=\"_blank\">Gabriel Schwaderer<\/a> anl\u00e4sslich der 3. Internationalen Konferenz zum Schutz der Saline Ulcinj. \u201eDie Ausf\u00fchrungen der Vertreterinnen des zust\u00e4ndigen Ministeriums f\u00fcr Nachhaltige Entwicklung und Tourismus waren sehr entt\u00e4uschend. Sie haben deutlich gemacht, dass eine internationale Unterschutzstellung auf Grundlage der Ramsar-Konvention derzeit keine Option ist. Zugleich haben sie keinerlei verbindliche Aussagen dazu gemacht, wann mit einer Schutzgebietsausweisung auf der Grundlage des nationalen Rechts zu rechnen ist.\u201c<\/p>\n<p>Nach Einsch\u00e4tzung von EuroNatur deutet alles darauf hin, dass das zust\u00e4ndige Ministerium weiter auf Zeit spielt. Im Rahmen der Konferenz wurde deutlich, dass mit einer Unterschutzstellung im Herbst 2017 nicht zu rechnen ist. Dann wird zwar die Ver\u00f6ffentlichung einer von der EU finanzierten Studie zum Schutz der Saline Ulcinj erwartet, aber das Ministerium machte am Dienstag deutlich, dass dann weitere Studien insbesondere bez\u00fcglich des Wassermanagements zu vergeben und zu bearbeiten seien. Aussagen zu einem Zeitplan wurden auch auf konkrete Nachfrage verweigert. Am gleichen Tag hat der zust\u00e4ndige Minister Pavle Radulovi\u0107 bei offiziellen Terminen mit EU-Kommissar Vella und dem f\u00fcr Montenegro zust\u00e4ndigen Ausschuss des EU-Parlaments in Br\u00fcssel erneut die baldige Unterschutzstellung der Saline Ulcinj angek\u00fcndigt.<\/p>\n<p>EuroNatur-Gesch\u00e4ftsf\u00fchrer Gabriel Schwaderer warf in seinem Gru\u00dfwort bei der Konferenz in Pogorica die Frage auf, ob es der Montenegrinischen Regierung an politischem Willen fehlt oder ob sie \u00fcberhaupt die Macht hat, die Saline Ulcinj unter Schutz zu stellen. Die EuroNatur Stiftung fordert nun Montenegros Premierminister Du\u0161ko Markovi\u0107 auf, die Unterschutzstellung der Saline Ulcinj zur Chefsache zu machen.<\/p>\n<p><strong><a href=\"https:\/\/www.euronatur.org\/\">www.euronatur.org<\/a><\/strong><\/p>\n<\/div>\n","protected":false},"excerpt":{"rendered":"<p>12.04.2017 Europ\u00e4ischer Naturschatz in Montenegro immer noch bedroht \u2013 liegt der Schutz der Saline Ulcinj in der Macht der Regierung Montenegros? +++ Naturschutzstiftung EuroNatur fordert Montenegros Premierminister Du\u0161ko Markovi\u0107 auf, den Schutz der Saline Ulcinj zur Chefsache zu machen Radolfzell\/ Podgorica. EuroNatur, BirdLife und die montenegrinische NGO CZIP haben gestern zur 3. Internationalen Konferenz zum [&hellip;]<\/p>\n","protected":false},"author":1,"featured_media":0,"comment_status":"closed","ping_status":"closed","sticky":false,"template":"","format":"standard","meta":{"spay_email":"","jetpack_publicize_message":"","jetpack_is_tweetstorm":false,"jetpack_publicize_feature_enabled":true},"categories":[6950],"tags":[],"jetpack_publicize_connections":[],"yoast_head":"<!-- This site is optimized with the Yoast SEO plugin v19.1 - https:\/\/yoast.com\/wordpress\/plugins\/seo\/ -->\n<title>Internationale Unterst\u00fctzung f\u00fcr Naturparadies in Montenegro - Lajme nga Ulqini<\/title>\n<meta name=\"description\" content=\"12.04.2017 Europ\u00e4ischer Naturschatz in Montenegro immer noch bedroht \u2013 liegt der Schutz der Saline Ulcinj in der Macht der Regierung Montenegros? +++\" \/>\n<meta name=\"robots\" content=\"index, follow, max-snippet:-1, max-image-preview:large, max-video-preview:-1\" \/>\n<link rel=\"canonical\" href=\"https:\/\/www.visit-ulcinj.com\/blog\/2017\/04\/13\/internationale-unterstutzung-fur-naturparadies-montenegro\/\" \/>\n<meta property=\"og:locale\" content=\"en_US\" \/>\n<meta property=\"og:type\" content=\"article\" \/>\n<meta property=\"og:title\" content=\"Internationale Unterst\u00fctzung f\u00fcr Naturparadies in Montenegro - Lajme nga Ulqini\" \/>\n<meta property=\"og:description\" content=\"12.04.2017 Europ\u00e4ischer Naturschatz in Montenegro immer noch bedroht \u2013 liegt der Schutz der Saline Ulcinj in der Macht der Regierung Montenegros? +++\" \/>\n<meta property=\"og:url\" content=\"https:\/\/www.visit-ulcinj.com\/blog\/2017\/04\/13\/internationale-unterstutzung-fur-naturparadies-montenegro\/\" \/>\n<meta property=\"og:site_name\" content=\"Lajme nga Ulqini\" \/>\n<meta property=\"article:published_time\" content=\"2017-04-13T13:07:47+00:00\" \/>\n<meta name=\"twitter:label1\" content=\"Written by\" \/>\n\t<meta name=\"twitter:data1\" content=\"ulqini\" \/>\n\t<meta name=\"twitter:label2\" content=\"Est. reading time\" \/>\n\t<meta name=\"twitter:data2\" content=\"2 minutes\" \/>\n<script type=\"application\/ld+json\" class=\"yoast-schema-graph\">{\"@context\":\"https:\/\/schema.org\",\"@graph\":[{\"@type\":\"WebSite\",\"@id\":\"https:\/\/www.visit-ulcinj.com\/blog\/#website\",\"url\":\"https:\/\/www.visit-ulcinj.com\/blog\/\",\"name\":\"Lajme nga Ulqini\",\"description\":\"Lajme,Vijesti,Ulqini,Ulqin,Crna Gora,Mali i Zi\",\"potentialAction\":[{\"@type\":\"SearchAction\",\"target\":{\"@type\":\"EntryPoint\",\"urlTemplate\":\"https:\/\/www.visit-ulcinj.com\/blog\/?s={search_term_string}\"},\"query-input\":\"required name=search_term_string\"}],\"inLanguage\":\"en-US\"},{\"@type\":\"WebPage\",\"@id\":\"https:\/\/www.visit-ulcinj.com\/blog\/2017\/04\/13\/internationale-unterstutzung-fur-naturparadies-montenegro\/#webpage\",\"url\":\"https:\/\/www.visit-ulcinj.com\/blog\/2017\/04\/13\/internationale-unterstutzung-fur-naturparadies-montenegro\/\",\"name\":\"Internationale Unterst\u00fctzung f\u00fcr Naturparadies in Montenegro - Lajme nga Ulqini\",\"isPartOf\":{\"@id\":\"https:\/\/www.visit-ulcinj.com\/blog\/#website\"},\"datePublished\":\"2017-04-13T13:07:47+00:00\",\"dateModified\":\"2017-04-13T13:07:47+00:00\",\"author\":{\"@id\":\"https:\/\/www.visit-ulcinj.com\/blog\/#\/schema\/person\/dcab619c614d3038751c63bc2aadc06d\"},\"description\":\"12.04.2017 Europ\u00e4ischer Naturschatz in Montenegro immer noch bedroht \u2013 liegt der Schutz der Saline Ulcinj in der Macht der Regierung Montenegros? +++\",\"breadcrumb\":{\"@id\":\"https:\/\/www.visit-ulcinj.com\/blog\/2017\/04\/13\/internationale-unterstutzung-fur-naturparadies-montenegro\/#breadcrumb\"},\"inLanguage\":\"en-US\",\"potentialAction\":[{\"@type\":\"ReadAction\",\"target\":[\"https:\/\/www.visit-ulcinj.com\/blog\/2017\/04\/13\/internationale-unterstutzung-fur-naturparadies-montenegro\/\"]}]},{\"@type\":\"BreadcrumbList\",\"@id\":\"https:\/\/www.visit-ulcinj.com\/blog\/2017\/04\/13\/internationale-unterstutzung-fur-naturparadies-montenegro\/#breadcrumb\",\"itemListElement\":[{\"@type\":\"ListItem\",\"position\":1,\"name\":\"Internationale Unterst\u00fctzung f\u00fcr Naturparadies in Montenegro\"}]},{\"@type\":\"Person\",\"@id\":\"https:\/\/www.visit-ulcinj.com\/blog\/#\/schema\/person\/dcab619c614d3038751c63bc2aadc06d\",\"name\":\"ulqini\",\"sameAs\":[\"http:\/\/www.visit-ulcinj.com\"],\"url\":\"https:\/\/www.visit-ulcinj.com\/blog\/author\/admin\/\"}]}<\/script>\n<!-- \/ Yoast SEO plugin. -->","yoast_head_json":{"title":"Internationale Unterst\u00fctzung f\u00fcr Naturparadies in Montenegro - Lajme nga Ulqini","description":"12.04.2017 Europ\u00e4ischer Naturschatz in Montenegro immer noch bedroht \u2013 liegt der Schutz der Saline Ulcinj in der Macht der Regierung Montenegros? +++","robots":{"index":"index","follow":"follow","max-snippet":"max-snippet:-1","max-image-preview":"max-image-preview:large","max-video-preview":"max-video-preview:-1"},"canonical":"https:\/\/www.visit-ulcinj.com\/blog\/2017\/04\/13\/internationale-unterstutzung-fur-naturparadies-montenegro\/","og_locale":"en_US","og_type":"article","og_title":"Internationale Unterst\u00fctzung f\u00fcr Naturparadies in Montenegro - Lajme nga Ulqini","og_description":"12.04.2017 Europ\u00e4ischer Naturschatz in Montenegro immer noch bedroht \u2013 liegt der Schutz der Saline Ulcinj in der Macht der Regierung Montenegros? +++","og_url":"https:\/\/www.visit-ulcinj.com\/blog\/2017\/04\/13\/internationale-unterstutzung-fur-naturparadies-montenegro\/","og_site_name":"Lajme nga Ulqini","article_published_time":"2017-04-13T13:07:47+00:00","twitter_misc":{"Written by":"ulqini","Est. reading time":"2 minutes"},"schema":{"@context":"https:\/\/schema.org","@graph":[{"@type":"WebSite","@id":"https:\/\/www.visit-ulcinj.com\/blog\/#website","url":"https:\/\/www.visit-ulcinj.com\/blog\/","name":"Lajme nga Ulqini","description":"Lajme,Vijesti,Ulqini,Ulqin,Crna Gora,Mali i Zi","potentialAction":[{"@type":"SearchAction","target":{"@type":"EntryPoint","urlTemplate":"https:\/\/www.visit-ulcinj.com\/blog\/?s={search_term_string}"},"query-input":"required name=search_term_string"}],"inLanguage":"en-US"},{"@type":"WebPage","@id":"https:\/\/www.visit-ulcinj.com\/blog\/2017\/04\/13\/internationale-unterstutzung-fur-naturparadies-montenegro\/#webpage","url":"https:\/\/www.visit-ulcinj.com\/blog\/2017\/04\/13\/internationale-unterstutzung-fur-naturparadies-montenegro\/","name":"Internationale Unterst\u00fctzung f\u00fcr Naturparadies in Montenegro - Lajme nga Ulqini","isPartOf":{"@id":"https:\/\/www.visit-ulcinj.com\/blog\/#website"},"datePublished":"2017-04-13T13:07:47+00:00","dateModified":"2017-04-13T13:07:47+00:00","author":{"@id":"https:\/\/www.visit-ulcinj.com\/blog\/#\/schema\/person\/dcab619c614d3038751c63bc2aadc06d"},"description":"12.04.2017 Europ\u00e4ischer Naturschatz in Montenegro immer noch bedroht \u2013 liegt der Schutz der Saline Ulcinj in der Macht der Regierung Montenegros? +++","breadcrumb":{"@id":"https:\/\/www.visit-ulcinj.com\/blog\/2017\/04\/13\/internationale-unterstutzung-fur-naturparadies-montenegro\/#breadcrumb"},"inLanguage":"en-US","potentialAction":[{"@type":"ReadAction","target":["https:\/\/www.visit-ulcinj.com\/blog\/2017\/04\/13\/internationale-unterstutzung-fur-naturparadies-montenegro\/"]}]},{"@type":"BreadcrumbList","@id":"https:\/\/www.visit-ulcinj.com\/blog\/2017\/04\/13\/internationale-unterstutzung-fur-naturparadies-montenegro\/#breadcrumb","itemListElement":[{"@type":"ListItem","position":1,"name":"Internationale Unterst\u00fctzung f\u00fcr Naturparadies in Montenegro"}]},{"@type":"Person","@id":"https:\/\/www.visit-ulcinj.com\/blog\/#\/schema\/person\/dcab619c614d3038751c63bc2aadc06d","name":"ulqini","sameAs":["http:\/\/www.visit-ulcinj.com"],"url":"https:\/\/www.visit-ulcinj.com\/blog\/author\/admin\/"}]}},"jetpack_featured_media_url":"","jetpack_sharing_enabled":true,"jetpack_shortlink":"https:\/\/wp.me\/pe6lTn-r9j","_links":{"self":[{"href":"https:\/\/www.visit-ulcinj.com\/blog\/wp-json\/wp\/v2\/posts\/104365"}],"collection":[{"href":"https:\/\/www.visit-ulcinj.com\/blog\/wp-json\/wp\/v2\/posts"}],"about":[{"href":"https:\/\/www.visit-ulcinj.com\/blog\/wp-json\/wp\/v2\/types\/post"}],"author":[{"embeddable":true,"href":"https:\/\/www.visit-ulcinj.com\/blog\/wp-json\/wp\/v2\/users\/1"}],"replies":[{"embeddable":true,"href":"https:\/\/www.visit-ulcinj.com\/blog\/wp-json\/wp\/v2\/comments?post=104365"}],"version-history":[{"count":1,"href":"https:\/\/www.visit-ulcinj.com\/blog\/wp-json\/wp\/v2\/posts\/104365\/revisions"}],"predecessor-version":[{"id":104366,"href":"https:\/\/www.visit-ulcinj.com\/blog\/wp-json\/wp\/v2\/posts\/104365\/revisions\/104366"}],"wp:attachment":[{"href":"https:\/\/www.visit-ulcinj.com\/blog\/wp-json\/wp\/v2\/media?parent=104365"}],"wp:term":[{"taxonomy":"category","embeddable":true,"href":"https:\/\/www.visit-ulcinj.com\/blog\/wp-json\/wp\/v2\/categories?post=104365"},{"taxonomy":"post_tag","embeddable":true,"href":"https:\/\/www.visit-ulcinj.com\/blog\/wp-json\/wp\/v2\/tags?post=104365"}],"curies":[{"name":"wp","href":"https:\/\/api.w.org\/{rel}","templated":true}]}}