{"id":104375,"date":"2017-04-15T07:38:21","date_gmt":"2017-04-15T06:38:21","guid":{"rendered":"http:\/\/www.visit-ulcinj.com\/blog\/?p=104375"},"modified":"2017-04-15T07:38:21","modified_gmt":"2017-04-15T06:38:21","slug":"kryetari-cungu-u-uron-pashket-besimtareve-te-krishtere","status":"publish","type":"post","link":"https:\/\/www.visit-ulcinj.com\/blog\/2017\/04\/15\/kryetari-cungu-u-uron-pashket-besimtareve-te-krishtere\/","title":{"rendered":"Kryetari Cungu u uron Pashk\u00ebt besimtar\u00ebve t\u00eb krishter\u00eb"},"content":{"rendered":"<p><strong><a href=\"http:\/\/www.visit-ulcinj.com\/blog\/wp-content\/uploads\/2017\/04\/G\u00ebzuar-Pashket-Cungu.jpg\"><img loading=\"lazy\" class=\"alignleft wp-image-104376\" src=\"http:\/\/www.visit-ulcinj.com\/blog\/wp-content\/uploads\/2017\/04\/G\u00ebzuar-Pashket-Cungu.jpg\" alt=\"G\u00ebzuar Pashket-Cungu\" width=\"508\" height=\"286\" srcset=\"https:\/\/www.visit-ulcinj.com\/blog\/wp-content\/uploads\/2017\/04\/G\u00ebzuar-Pashket-Cungu.jpg 960w, https:\/\/www.visit-ulcinj.com\/blog\/wp-content\/uploads\/2017\/04\/G\u00ebzuar-Pashket-Cungu-300x169.jpg 300w, https:\/\/www.visit-ulcinj.com\/blog\/wp-content\/uploads\/2017\/04\/G\u00ebzuar-Pashket-Cungu-768x432.jpg 768w\" sizes=\"(max-width: 508px) 100vw, 508px\" \/><\/a>Kryetari i Ulqinit Nazif Cungu u ka uruar Pashk\u00ebt t\u00eb gjith\u00eb besimtar\u00ebve t\u00eb krishter\u00eb.<\/strong><\/p>\n<p>Gjeni t\u00eb plot\u00eb urimin e kryetarit Cungu:<\/p>\n<p>Kryetari i Ulqinit Nazif Cungu ka uruar besimtar\u00ebt\u00a0 katolik me rastin e fest\u00ebs s\u00eb Pashk\u00ebve, duke\u00a0 shprehur p\u00ebrg\u00ebzimet m\u00eb t\u00eb sinqerta p\u00ebr k\u00ebt\u00eb fest\u00eb.<\/p>\n<p><span id=\"fbPhotoSnowliftCaption\" class=\"fbPhotosPhotoCaption\" tabindex=\"0\" data-ft=\"{&quot;tn&quot;:&quot;K&quot;}\"><span class=\"hasCaption\">Sot d\u00ebshiroj t\u00eb uroj p\u00ebrzem\u00ebrsisht t\u00eb gjith\u00eb besimtar\u00ebt katolik me rastin e fest\u00ebs s\u00eb Pashk\u00ebve. Shpresoj q\u00eb ta kaloni k\u00ebt\u00eb dit\u00eb t\u00eb sh\u00ebnuar n\u00eb ngroht\u00ebsin\u00eb e familjeve tuaja nd\u00ebrkoh\u00eb q\u00eb ju p\u00ebrcjell urimet e mia p\u00ebr paqe, mir\u00ebqenie, g\u00ebzim e harmoni. G\u00ebzuar Pashk\u00ebt!<\/span><\/span><\/p>\n<p>&nbsp;<\/p>\n","protected":false},"excerpt":{"rendered":"<p>Kryetari i Ulqinit Nazif Cungu u ka uruar Pashk\u00ebt t\u00eb gjith\u00eb besimtar\u00ebve t\u00eb krishter\u00eb. Gjeni t\u00eb plot\u00eb urimin e kryetarit Cungu: Kryetari i Ulqinit Nazif Cungu ka uruar besimtar\u00ebt\u00a0 katolik me rastin e fest\u00ebs s\u00eb Pashk\u00ebve, duke\u00a0 shprehur p\u00ebrg\u00ebzimet m\u00eb t\u00eb sinqerta p\u00ebr k\u00ebt\u00eb fest\u00eb. Sot d\u00ebshiroj t\u00eb uroj p\u00ebrzem\u00ebrsisht t\u00eb gjith\u00eb besimtar\u00ebt katolik me [&hellip;]<\/p>\n","protected":false},"author":1,"featured_media":0,"comment_status":"closed","ping_status":"closed","sticky":false,"template":"","format":"standard","meta":{"spay_email":"","jetpack_publicize_message":"","jetpack_is_tweetstorm":false,"jetpack_publicize_feature_enabled":true},"categories":[6950],"tags":[],"jetpack_publicize_connections":[],"yoast_head":"<!-- This site is optimized with the Yoast SEO plugin v19.1 - https:\/\/yoast.com\/wordpress\/plugins\/seo\/ -->\n<title>Kryetari Cungu u uron Pashk\u00ebt besimtar\u00ebve t\u00eb krishter\u00eb - Lajme nga Ulqini<\/title>\n<meta name=\"description\" content=\"Kryetari i Ulqinit Nazif Cungu u ka uruar Pashk\u00ebt t\u00eb gjith\u00eb besimtar\u00ebve t\u00eb krishter\u00eb. Gjeni t\u00eb plot\u00eb urimin e kryetarit Cungu: Kryetari i Ulqinit Nazif\" \/>\n<meta name=\"robots\" content=\"index, follow, max-snippet:-1, max-image-preview:large, max-video-preview:-1\" \/>\n<link rel=\"canonical\" href=\"https:\/\/www.visit-ulcinj.com\/blog\/2017\/04\/15\/kryetari-cungu-u-uron-pashket-besimtareve-te-krishtere\/\" \/>\n<meta property=\"og:locale\" content=\"en_US\" \/>\n<meta property=\"og:type\" content=\"article\" \/>\n<meta property=\"og:title\" content=\"Kryetari Cungu u uron Pashk\u00ebt besimtar\u00ebve t\u00eb krishter\u00eb - Lajme nga Ulqini\" \/>\n<meta property=\"og:description\" content=\"Kryetari i Ulqinit Nazif Cungu u ka uruar Pashk\u00ebt t\u00eb gjith\u00eb besimtar\u00ebve t\u00eb krishter\u00eb. Gjeni t\u00eb plot\u00eb urimin e kryetarit Cungu: Kryetari i Ulqinit Nazif\" \/>\n<meta property=\"og:url\" content=\"https:\/\/www.visit-ulcinj.com\/blog\/2017\/04\/15\/kryetari-cungu-u-uron-pashket-besimtareve-te-krishtere\/\" \/>\n<meta property=\"og:site_name\" content=\"Lajme nga Ulqini\" \/>\n<meta property=\"article:published_time\" content=\"2017-04-15T06:38:21+00:00\" \/>\n<meta name=\"twitter:label1\" content=\"Written by\" \/>\n\t<meta name=\"twitter:data1\" content=\"ulqini\" \/>\n\t<meta name=\"twitter:label2\" content=\"Est. reading time\" \/>\n\t<meta name=\"twitter:data2\" content=\"1 minute\" \/>\n<script type=\"application\/ld+json\" class=\"yoast-schema-graph\">{\"@context\":\"https:\/\/schema.org\",\"@graph\":[{\"@type\":\"WebSite\",\"@id\":\"https:\/\/www.visit-ulcinj.com\/blog\/#website\",\"url\":\"https:\/\/www.visit-ulcinj.com\/blog\/\",\"name\":\"Lajme nga Ulqini\",\"description\":\"Lajme,Vijesti,Ulqini,Ulqin,Crna Gora,Mali i Zi\",\"potentialAction\":[{\"@type\":\"SearchAction\",\"target\":{\"@type\":\"EntryPoint\",\"urlTemplate\":\"https:\/\/www.visit-ulcinj.com\/blog\/?s={search_term_string}\"},\"query-input\":\"required name=search_term_string\"}],\"inLanguage\":\"en-US\"},{\"@type\":\"WebPage\",\"@id\":\"https:\/\/www.visit-ulcinj.com\/blog\/2017\/04\/15\/kryetari-cungu-u-uron-pashket-besimtareve-te-krishtere\/#webpage\",\"url\":\"https:\/\/www.visit-ulcinj.com\/blog\/2017\/04\/15\/kryetari-cungu-u-uron-pashket-besimtareve-te-krishtere\/\",\"name\":\"Kryetari Cungu u uron Pashk\u00ebt besimtar\u00ebve t\u00eb krishter\u00eb - Lajme nga Ulqini\",\"isPartOf\":{\"@id\":\"https:\/\/www.visit-ulcinj.com\/blog\/#website\"},\"datePublished\":\"2017-04-15T06:38:21+00:00\",\"dateModified\":\"2017-04-15T06:38:21+00:00\",\"author\":{\"@id\":\"https:\/\/www.visit-ulcinj.com\/blog\/#\/schema\/person\/dcab619c614d3038751c63bc2aadc06d\"},\"description\":\"Kryetari i Ulqinit Nazif Cungu u ka uruar Pashk\u00ebt t\u00eb gjith\u00eb besimtar\u00ebve t\u00eb krishter\u00eb. Gjeni t\u00eb plot\u00eb urimin e kryetarit Cungu: Kryetari i Ulqinit Nazif\",\"breadcrumb\":{\"@id\":\"https:\/\/www.visit-ulcinj.com\/blog\/2017\/04\/15\/kryetari-cungu-u-uron-pashket-besimtareve-te-krishtere\/#breadcrumb\"},\"inLanguage\":\"en-US\",\"potentialAction\":[{\"@type\":\"ReadAction\",\"target\":[\"https:\/\/www.visit-ulcinj.com\/blog\/2017\/04\/15\/kryetari-cungu-u-uron-pashket-besimtareve-te-krishtere\/\"]}]},{\"@type\":\"BreadcrumbList\",\"@id\":\"https:\/\/www.visit-ulcinj.com\/blog\/2017\/04\/15\/kryetari-cungu-u-uron-pashket-besimtareve-te-krishtere\/#breadcrumb\",\"itemListElement\":[{\"@type\":\"ListItem\",\"position\":1,\"name\":\"Kryetari Cungu u uron Pashk\u00ebt besimtar\u00ebve t\u00eb krishter\u00eb\"}]},{\"@type\":\"Person\",\"@id\":\"https:\/\/www.visit-ulcinj.com\/blog\/#\/schema\/person\/dcab619c614d3038751c63bc2aadc06d\",\"name\":\"ulqini\",\"sameAs\":[\"http:\/\/www.visit-ulcinj.com\"],\"url\":\"https:\/\/www.visit-ulcinj.com\/blog\/author\/admin\/\"}]}<\/script>\n<!-- \/ Yoast SEO plugin. -->","yoast_head_json":{"title":"Kryetari Cungu u uron Pashk\u00ebt besimtar\u00ebve t\u00eb krishter\u00eb - Lajme nga Ulqini","description":"Kryetari i Ulqinit Nazif Cungu u ka uruar Pashk\u00ebt t\u00eb gjith\u00eb besimtar\u00ebve t\u00eb krishter\u00eb. Gjeni t\u00eb plot\u00eb urimin e kryetarit Cungu: Kryetari i Ulqinit Nazif","robots":{"index":"index","follow":"follow","max-snippet":"max-snippet:-1","max-image-preview":"max-image-preview:large","max-video-preview":"max-video-preview:-1"},"canonical":"https:\/\/www.visit-ulcinj.com\/blog\/2017\/04\/15\/kryetari-cungu-u-uron-pashket-besimtareve-te-krishtere\/","og_locale":"en_US","og_type":"article","og_title":"Kryetari Cungu u uron Pashk\u00ebt besimtar\u00ebve t\u00eb krishter\u00eb - Lajme nga Ulqini","og_description":"Kryetari i Ulqinit Nazif Cungu u ka uruar Pashk\u00ebt t\u00eb gjith\u00eb besimtar\u00ebve t\u00eb krishter\u00eb. Gjeni t\u00eb plot\u00eb urimin e kryetarit Cungu: Kryetari i Ulqinit Nazif","og_url":"https:\/\/www.visit-ulcinj.com\/blog\/2017\/04\/15\/kryetari-cungu-u-uron-pashket-besimtareve-te-krishtere\/","og_site_name":"Lajme nga Ulqini","article_published_time":"2017-04-15T06:38:21+00:00","twitter_misc":{"Written by":"ulqini","Est. reading time":"1 minute"},"schema":{"@context":"https:\/\/schema.org","@graph":[{"@type":"WebSite","@id":"https:\/\/www.visit-ulcinj.com\/blog\/#website","url":"https:\/\/www.visit-ulcinj.com\/blog\/","name":"Lajme nga Ulqini","description":"Lajme,Vijesti,Ulqini,Ulqin,Crna Gora,Mali i Zi","potentialAction":[{"@type":"SearchAction","target":{"@type":"EntryPoint","urlTemplate":"https:\/\/www.visit-ulcinj.com\/blog\/?s={search_term_string}"},"query-input":"required name=search_term_string"}],"inLanguage":"en-US"},{"@type":"WebPage","@id":"https:\/\/www.visit-ulcinj.com\/blog\/2017\/04\/15\/kryetari-cungu-u-uron-pashket-besimtareve-te-krishtere\/#webpage","url":"https:\/\/www.visit-ulcinj.com\/blog\/2017\/04\/15\/kryetari-cungu-u-uron-pashket-besimtareve-te-krishtere\/","name":"Kryetari Cungu u uron Pashk\u00ebt besimtar\u00ebve t\u00eb krishter\u00eb - Lajme nga Ulqini","isPartOf":{"@id":"https:\/\/www.visit-ulcinj.com\/blog\/#website"},"datePublished":"2017-04-15T06:38:21+00:00","dateModified":"2017-04-15T06:38:21+00:00","author":{"@id":"https:\/\/www.visit-ulcinj.com\/blog\/#\/schema\/person\/dcab619c614d3038751c63bc2aadc06d"},"description":"Kryetari i Ulqinit Nazif Cungu u ka uruar Pashk\u00ebt t\u00eb gjith\u00eb besimtar\u00ebve t\u00eb krishter\u00eb. Gjeni t\u00eb plot\u00eb urimin e kryetarit Cungu: Kryetari i Ulqinit Nazif","breadcrumb":{"@id":"https:\/\/www.visit-ulcinj.com\/blog\/2017\/04\/15\/kryetari-cungu-u-uron-pashket-besimtareve-te-krishtere\/#breadcrumb"},"inLanguage":"en-US","potentialAction":[{"@type":"ReadAction","target":["https:\/\/www.visit-ulcinj.com\/blog\/2017\/04\/15\/kryetari-cungu-u-uron-pashket-besimtareve-te-krishtere\/"]}]},{"@type":"BreadcrumbList","@id":"https:\/\/www.visit-ulcinj.com\/blog\/2017\/04\/15\/kryetari-cungu-u-uron-pashket-besimtareve-te-krishtere\/#breadcrumb","itemListElement":[{"@type":"ListItem","position":1,"name":"Kryetari Cungu u uron Pashk\u00ebt besimtar\u00ebve t\u00eb krishter\u00eb"}]},{"@type":"Person","@id":"https:\/\/www.visit-ulcinj.com\/blog\/#\/schema\/person\/dcab619c614d3038751c63bc2aadc06d","name":"ulqini","sameAs":["http:\/\/www.visit-ulcinj.com"],"url":"https:\/\/www.visit-ulcinj.com\/blog\/author\/admin\/"}]}},"jetpack_featured_media_url":"","jetpack_sharing_enabled":true,"jetpack_shortlink":"https:\/\/wp.me\/pe6lTn-r9t","_links":{"self":[{"href":"https:\/\/www.visit-ulcinj.com\/blog\/wp-json\/wp\/v2\/posts\/104375"}],"collection":[{"href":"https:\/\/www.visit-ulcinj.com\/blog\/wp-json\/wp\/v2\/posts"}],"about":[{"href":"https:\/\/www.visit-ulcinj.com\/blog\/wp-json\/wp\/v2\/types\/post"}],"author":[{"embeddable":true,"href":"https:\/\/www.visit-ulcinj.com\/blog\/wp-json\/wp\/v2\/users\/1"}],"replies":[{"embeddable":true,"href":"https:\/\/www.visit-ulcinj.com\/blog\/wp-json\/wp\/v2\/comments?post=104375"}],"version-history":[{"count":1,"href":"https:\/\/www.visit-ulcinj.com\/blog\/wp-json\/wp\/v2\/posts\/104375\/revisions"}],"predecessor-version":[{"id":104377,"href":"https:\/\/www.visit-ulcinj.com\/blog\/wp-json\/wp\/v2\/posts\/104375\/revisions\/104377"}],"wp:attachment":[{"href":"https:\/\/www.visit-ulcinj.com\/blog\/wp-json\/wp\/v2\/media?parent=104375"}],"wp:term":[{"taxonomy":"category","embeddable":true,"href":"https:\/\/www.visit-ulcinj.com\/blog\/wp-json\/wp\/v2\/categories?post=104375"},{"taxonomy":"post_tag","embeddable":true,"href":"https:\/\/www.visit-ulcinj.com\/blog\/wp-json\/wp\/v2\/tags?post=104375"}],"curies":[{"name":"wp","href":"https:\/\/api.w.org\/{rel}","templated":true}]}}