{"id":104393,"date":"2017-04-16T14:52:40","date_gmt":"2017-04-16T13:52:40","guid":{"rendered":"http:\/\/www.visit-ulcinj.com\/blog\/?p=104393"},"modified":"2017-04-16T14:52:55","modified_gmt":"2017-04-16T13:52:55","slug":"cungu-ndertojme-te-tjera-banesa-sociale-duhet-ruajtur-solidariteti-ne-ulqin","status":"publish","type":"post","link":"https:\/\/www.visit-ulcinj.com\/blog\/2017\/04\/16\/cungu-ndertojme-te-tjera-banesa-sociale-duhet-ruajtur-solidariteti-ne-ulqin\/","title":{"rendered":"Cungu: Nd\u00ebrtojm\u00eb t\u00eb tjera banesa Sociale, duhet ruajtur solidariteti n\u00eb Ulqin"},"content":{"rendered":"<div class=\"featured\"><strong>\u00a0<a href=\"http:\/\/www.visit-ulcinj.com\/blog\/wp-content\/uploads\/2017\/04\/Shefki-Keko-Lamovic.jpg\"><img loading=\"lazy\" class=\"alignleft wp-image-104394\" src=\"http:\/\/www.visit-ulcinj.com\/blog\/wp-content\/uploads\/2017\/04\/Shefki-Keko-Lamovic.jpg\" alt=\"Shefki Keko Lamovic\" width=\"508\" height=\"243\" srcset=\"https:\/\/www.visit-ulcinj.com\/blog\/wp-content\/uploads\/2017\/04\/Shefki-Keko-Lamovic.jpg 702w, https:\/\/www.visit-ulcinj.com\/blog\/wp-content\/uploads\/2017\/04\/Shefki-Keko-Lamovic-300x144.jpg 300w\" sizes=\"(max-width: 508px) 100vw, 508px\" \/><\/a>Jepet p\u00eblqimi p\u00ebr lokacion, s\u00eb shpejti 150 banesa solidare<\/strong><\/div>\n<div class=\"featured\">\n<p>Kryetari i Sindikat\u00ebs s\u00eb Komun\u00ebs s\u00eb Ulqinit\u00a0 Shefki Keko Lamoviq ,deklaroi se m\u00eb n\u00eb fund \u00ebsht\u00eb sjell\u00eb vendimi nga kryetari i Komun\u00ebs Nazif Cungu p\u00ebr dh\u00ebnien e lokacionit ku do t\u00eb nd\u00ebrtohen 150 banesa Solidare, raporton portali TV Teuta.<\/p>\n<p>\u201cKjo procedure ka filluar nga prilli I vitit 2003 dhe \u00ebsht\u00eb zvarritur deri tani,si munges\u00eb e aprovimit t\u00eb planit hapsinor p\u00ebr zon\u00ebn e Fush\u00ebs s\u00eb Ulqinit.Ne jemi e vetmja komun\u00eb n\u00eb Mal t\u00eb Zi q\u00eb nuk e kemi p\u00ebrfunduar k\u00ebt\u00eb projekt me shum\u00eb r\u00ebnd\u00ebsi p\u00ebr pun\u00ebtor\u00ebt tan\u00eb,nd\u00ebrkaq 20 komunat tjera k\u00ebt\u00eb projekt e kan\u00eb p\u00ebrfunduar moti\u201dshprehet kryetari i\u00a0Sindikat\u00ebs s\u00eb Ulqinit-Shefki Keko Lamoviq.<\/p>\n<p>Sipas fjal\u00ebve t\u00eb Lamoviqit pritet q\u00eb n\u00eb Seanc\u00ebn e par\u00eb t\u00eb Kuvendit Komunal t\u00eb aprovohet vendimi p\u00ebr ndarjen e lokacionit,dhe menj\u00ebher\u00eb\u00a0 t\u00eb fillohet me nd\u00ebrtimin e banesave,meqen\u00ebse jan\u00eb p\u00ebrfunduar t\u00eb gjitha procedurat tjera p\u00ebr nd\u00ebrtimin e tyre.<\/p>\n<\/div>\n","protected":false},"excerpt":{"rendered":"<p>\u00a0Jepet p\u00eblqimi p\u00ebr lokacion, s\u00eb shpejti 150 banesa solidare Kryetari i Sindikat\u00ebs s\u00eb Komun\u00ebs s\u00eb Ulqinit\u00a0 Shefki Keko Lamoviq ,deklaroi se m\u00eb n\u00eb fund \u00ebsht\u00eb sjell\u00eb vendimi nga kryetari i Komun\u00ebs Nazif Cungu p\u00ebr dh\u00ebnien e lokacionit ku do t\u00eb nd\u00ebrtohen 150 banesa Solidare, raporton portali TV Teuta. \u201cKjo procedure ka filluar nga prilli I [&hellip;]<\/p>\n","protected":false},"author":1,"featured_media":0,"comment_status":"closed","ping_status":"closed","sticky":false,"template":"","format":"standard","meta":{"spay_email":"","jetpack_publicize_message":"","jetpack_is_tweetstorm":false,"jetpack_publicize_feature_enabled":true},"categories":[2451],"tags":[],"jetpack_publicize_connections":[],"yoast_head":"<!-- This site is optimized with the Yoast SEO plugin v19.1 - https:\/\/yoast.com\/wordpress\/plugins\/seo\/ -->\n<title>Cungu: Nd\u00ebrtojm\u00eb t\u00eb tjera banesa Sociale, duhet ruajtur solidariteti n\u00eb Ulqin - Lajme nga Ulqini<\/title>\n<meta name=\"description\" content=\"\u00a0Jepet p\u00eblqimi p\u00ebr lokacion, s\u00eb shpejti 150 banesa solidare Kryetari i Sindikat\u00ebs s\u00eb Komun\u00ebs s\u00eb Ulqinit\u00a0 Shefki Keko Lamoviq ,deklaroi se m\u00eb n\u00eb fund \u00ebsht\u00eb\" \/>\n<meta name=\"robots\" content=\"index, follow, max-snippet:-1, max-image-preview:large, max-video-preview:-1\" \/>\n<link rel=\"canonical\" href=\"https:\/\/www.visit-ulcinj.com\/blog\/2017\/04\/16\/cungu-ndertojme-te-tjera-banesa-sociale-duhet-ruajtur-solidariteti-ne-ulqin\/\" \/>\n<meta property=\"og:locale\" content=\"en_US\" \/>\n<meta property=\"og:type\" content=\"article\" \/>\n<meta property=\"og:title\" content=\"Cungu: Nd\u00ebrtojm\u00eb t\u00eb tjera banesa Sociale, duhet ruajtur solidariteti n\u00eb Ulqin - Lajme nga Ulqini\" \/>\n<meta property=\"og:description\" content=\"\u00a0Jepet p\u00eblqimi p\u00ebr lokacion, s\u00eb shpejti 150 banesa solidare Kryetari i Sindikat\u00ebs s\u00eb Komun\u00ebs s\u00eb Ulqinit\u00a0 Shefki Keko Lamoviq ,deklaroi se m\u00eb n\u00eb fund \u00ebsht\u00eb\" \/>\n<meta property=\"og:url\" content=\"https:\/\/www.visit-ulcinj.com\/blog\/2017\/04\/16\/cungu-ndertojme-te-tjera-banesa-sociale-duhet-ruajtur-solidariteti-ne-ulqin\/\" \/>\n<meta property=\"og:site_name\" content=\"Lajme nga Ulqini\" \/>\n<meta property=\"article:published_time\" content=\"2017-04-16T13:52:40+00:00\" \/>\n<meta property=\"article:modified_time\" content=\"2017-04-16T13:52:55+00:00\" \/>\n<meta property=\"og:image\" content=\"http:\/\/www.visit-ulcinj.com\/blog\/wp-content\/uploads\/2017\/04\/Shefki-Keko-Lamovic.jpg\" \/>\n<meta name=\"twitter:label1\" content=\"Written by\" \/>\n\t<meta name=\"twitter:data1\" content=\"ulqini\" \/>\n\t<meta name=\"twitter:label2\" content=\"Est. reading time\" \/>\n\t<meta name=\"twitter:data2\" content=\"1 minute\" \/>\n<script type=\"application\/ld+json\" class=\"yoast-schema-graph\">{\"@context\":\"https:\/\/schema.org\",\"@graph\":[{\"@type\":\"WebSite\",\"@id\":\"https:\/\/www.visit-ulcinj.com\/blog\/#website\",\"url\":\"https:\/\/www.visit-ulcinj.com\/blog\/\",\"name\":\"Lajme nga Ulqini\",\"description\":\"Lajme,Vijesti,Ulqini,Ulqin,Crna Gora,Mali i Zi\",\"potentialAction\":[{\"@type\":\"SearchAction\",\"target\":{\"@type\":\"EntryPoint\",\"urlTemplate\":\"https:\/\/www.visit-ulcinj.com\/blog\/?s={search_term_string}\"},\"query-input\":\"required name=search_term_string\"}],\"inLanguage\":\"en-US\"},{\"@type\":\"ImageObject\",\"inLanguage\":\"en-US\",\"@id\":\"https:\/\/www.visit-ulcinj.com\/blog\/2017\/04\/16\/cungu-ndertojme-te-tjera-banesa-sociale-duhet-ruajtur-solidariteti-ne-ulqin\/#primaryimage\",\"url\":\"https:\/\/www.visit-ulcinj.com\/blog\/wp-content\/uploads\/2017\/04\/Shefki-Keko-Lamovic.jpg\",\"contentUrl\":\"https:\/\/www.visit-ulcinj.com\/blog\/wp-content\/uploads\/2017\/04\/Shefki-Keko-Lamovic.jpg\",\"width\":702,\"height\":336},{\"@type\":\"WebPage\",\"@id\":\"https:\/\/www.visit-ulcinj.com\/blog\/2017\/04\/16\/cungu-ndertojme-te-tjera-banesa-sociale-duhet-ruajtur-solidariteti-ne-ulqin\/#webpage\",\"url\":\"https:\/\/www.visit-ulcinj.com\/blog\/2017\/04\/16\/cungu-ndertojme-te-tjera-banesa-sociale-duhet-ruajtur-solidariteti-ne-ulqin\/\",\"name\":\"Cungu: Nd\u00ebrtojm\u00eb t\u00eb tjera banesa Sociale, duhet ruajtur solidariteti n\u00eb Ulqin - Lajme nga Ulqini\",\"isPartOf\":{\"@id\":\"https:\/\/www.visit-ulcinj.com\/blog\/#website\"},\"primaryImageOfPage\":{\"@id\":\"https:\/\/www.visit-ulcinj.com\/blog\/2017\/04\/16\/cungu-ndertojme-te-tjera-banesa-sociale-duhet-ruajtur-solidariteti-ne-ulqin\/#primaryimage\"},\"datePublished\":\"2017-04-16T13:52:40+00:00\",\"dateModified\":\"2017-04-16T13:52:55+00:00\",\"author\":{\"@id\":\"https:\/\/www.visit-ulcinj.com\/blog\/#\/schema\/person\/dcab619c614d3038751c63bc2aadc06d\"},\"description\":\"\u00a0Jepet p\u00eblqimi p\u00ebr lokacion, s\u00eb shpejti 150 banesa solidare Kryetari i Sindikat\u00ebs s\u00eb Komun\u00ebs s\u00eb Ulqinit\u00a0 Shefki Keko Lamoviq ,deklaroi se m\u00eb n\u00eb fund \u00ebsht\u00eb\",\"breadcrumb\":{\"@id\":\"https:\/\/www.visit-ulcinj.com\/blog\/2017\/04\/16\/cungu-ndertojme-te-tjera-banesa-sociale-duhet-ruajtur-solidariteti-ne-ulqin\/#breadcrumb\"},\"inLanguage\":\"en-US\",\"potentialAction\":[{\"@type\":\"ReadAction\",\"target\":[\"https:\/\/www.visit-ulcinj.com\/blog\/2017\/04\/16\/cungu-ndertojme-te-tjera-banesa-sociale-duhet-ruajtur-solidariteti-ne-ulqin\/\"]}]},{\"@type\":\"BreadcrumbList\",\"@id\":\"https:\/\/www.visit-ulcinj.com\/blog\/2017\/04\/16\/cungu-ndertojme-te-tjera-banesa-sociale-duhet-ruajtur-solidariteti-ne-ulqin\/#breadcrumb\",\"itemListElement\":[{\"@type\":\"ListItem\",\"position\":1,\"name\":\"Cungu: Nd\u00ebrtojm\u00eb t\u00eb tjera banesa Sociale, duhet ruajtur solidariteti n\u00eb Ulqin\"}]},{\"@type\":\"Person\",\"@id\":\"https:\/\/www.visit-ulcinj.com\/blog\/#\/schema\/person\/dcab619c614d3038751c63bc2aadc06d\",\"name\":\"ulqini\",\"sameAs\":[\"http:\/\/www.visit-ulcinj.com\"],\"url\":\"https:\/\/www.visit-ulcinj.com\/blog\/author\/admin\/\"}]}<\/script>\n<!-- \/ Yoast SEO plugin. -->","yoast_head_json":{"title":"Cungu: Nd\u00ebrtojm\u00eb t\u00eb tjera banesa Sociale, duhet ruajtur solidariteti n\u00eb Ulqin - Lajme nga Ulqini","description":"\u00a0Jepet p\u00eblqimi p\u00ebr lokacion, s\u00eb shpejti 150 banesa solidare Kryetari i Sindikat\u00ebs s\u00eb Komun\u00ebs s\u00eb Ulqinit\u00a0 Shefki Keko Lamoviq ,deklaroi se m\u00eb n\u00eb fund \u00ebsht\u00eb","robots":{"index":"index","follow":"follow","max-snippet":"max-snippet:-1","max-image-preview":"max-image-preview:large","max-video-preview":"max-video-preview:-1"},"canonical":"https:\/\/www.visit-ulcinj.com\/blog\/2017\/04\/16\/cungu-ndertojme-te-tjera-banesa-sociale-duhet-ruajtur-solidariteti-ne-ulqin\/","og_locale":"en_US","og_type":"article","og_title":"Cungu: Nd\u00ebrtojm\u00eb t\u00eb tjera banesa Sociale, duhet ruajtur solidariteti n\u00eb Ulqin - Lajme nga Ulqini","og_description":"\u00a0Jepet p\u00eblqimi p\u00ebr lokacion, s\u00eb shpejti 150 banesa solidare Kryetari i Sindikat\u00ebs s\u00eb Komun\u00ebs s\u00eb Ulqinit\u00a0 Shefki Keko Lamoviq ,deklaroi se m\u00eb n\u00eb fund \u00ebsht\u00eb","og_url":"https:\/\/www.visit-ulcinj.com\/blog\/2017\/04\/16\/cungu-ndertojme-te-tjera-banesa-sociale-duhet-ruajtur-solidariteti-ne-ulqin\/","og_site_name":"Lajme nga Ulqini","article_published_time":"2017-04-16T13:52:40+00:00","article_modified_time":"2017-04-16T13:52:55+00:00","og_image":[{"url":"http:\/\/www.visit-ulcinj.com\/blog\/wp-content\/uploads\/2017\/04\/Shefki-Keko-Lamovic.jpg"}],"twitter_misc":{"Written by":"ulqini","Est. reading time":"1 minute"},"schema":{"@context":"https:\/\/schema.org","@graph":[{"@type":"WebSite","@id":"https:\/\/www.visit-ulcinj.com\/blog\/#website","url":"https:\/\/www.visit-ulcinj.com\/blog\/","name":"Lajme nga Ulqini","description":"Lajme,Vijesti,Ulqini,Ulqin,Crna Gora,Mali i Zi","potentialAction":[{"@type":"SearchAction","target":{"@type":"EntryPoint","urlTemplate":"https:\/\/www.visit-ulcinj.com\/blog\/?s={search_term_string}"},"query-input":"required name=search_term_string"}],"inLanguage":"en-US"},{"@type":"ImageObject","inLanguage":"en-US","@id":"https:\/\/www.visit-ulcinj.com\/blog\/2017\/04\/16\/cungu-ndertojme-te-tjera-banesa-sociale-duhet-ruajtur-solidariteti-ne-ulqin\/#primaryimage","url":"https:\/\/www.visit-ulcinj.com\/blog\/wp-content\/uploads\/2017\/04\/Shefki-Keko-Lamovic.jpg","contentUrl":"https:\/\/www.visit-ulcinj.com\/blog\/wp-content\/uploads\/2017\/04\/Shefki-Keko-Lamovic.jpg","width":702,"height":336},{"@type":"WebPage","@id":"https:\/\/www.visit-ulcinj.com\/blog\/2017\/04\/16\/cungu-ndertojme-te-tjera-banesa-sociale-duhet-ruajtur-solidariteti-ne-ulqin\/#webpage","url":"https:\/\/www.visit-ulcinj.com\/blog\/2017\/04\/16\/cungu-ndertojme-te-tjera-banesa-sociale-duhet-ruajtur-solidariteti-ne-ulqin\/","name":"Cungu: Nd\u00ebrtojm\u00eb t\u00eb tjera banesa Sociale, duhet ruajtur solidariteti n\u00eb Ulqin - Lajme nga Ulqini","isPartOf":{"@id":"https:\/\/www.visit-ulcinj.com\/blog\/#website"},"primaryImageOfPage":{"@id":"https:\/\/www.visit-ulcinj.com\/blog\/2017\/04\/16\/cungu-ndertojme-te-tjera-banesa-sociale-duhet-ruajtur-solidariteti-ne-ulqin\/#primaryimage"},"datePublished":"2017-04-16T13:52:40+00:00","dateModified":"2017-04-16T13:52:55+00:00","author":{"@id":"https:\/\/www.visit-ulcinj.com\/blog\/#\/schema\/person\/dcab619c614d3038751c63bc2aadc06d"},"description":"\u00a0Jepet p\u00eblqimi p\u00ebr lokacion, s\u00eb shpejti 150 banesa solidare Kryetari i Sindikat\u00ebs s\u00eb Komun\u00ebs s\u00eb Ulqinit\u00a0 Shefki Keko Lamoviq ,deklaroi se m\u00eb n\u00eb fund \u00ebsht\u00eb","breadcrumb":{"@id":"https:\/\/www.visit-ulcinj.com\/blog\/2017\/04\/16\/cungu-ndertojme-te-tjera-banesa-sociale-duhet-ruajtur-solidariteti-ne-ulqin\/#breadcrumb"},"inLanguage":"en-US","potentialAction":[{"@type":"ReadAction","target":["https:\/\/www.visit-ulcinj.com\/blog\/2017\/04\/16\/cungu-ndertojme-te-tjera-banesa-sociale-duhet-ruajtur-solidariteti-ne-ulqin\/"]}]},{"@type":"BreadcrumbList","@id":"https:\/\/www.visit-ulcinj.com\/blog\/2017\/04\/16\/cungu-ndertojme-te-tjera-banesa-sociale-duhet-ruajtur-solidariteti-ne-ulqin\/#breadcrumb","itemListElement":[{"@type":"ListItem","position":1,"name":"Cungu: Nd\u00ebrtojm\u00eb t\u00eb tjera banesa Sociale, duhet ruajtur solidariteti n\u00eb Ulqin"}]},{"@type":"Person","@id":"https:\/\/www.visit-ulcinj.com\/blog\/#\/schema\/person\/dcab619c614d3038751c63bc2aadc06d","name":"ulqini","sameAs":["http:\/\/www.visit-ulcinj.com"],"url":"https:\/\/www.visit-ulcinj.com\/blog\/author\/admin\/"}]}},"jetpack_featured_media_url":"","jetpack_sharing_enabled":true,"jetpack_shortlink":"https:\/\/wp.me\/pe6lTn-r9L","_links":{"self":[{"href":"https:\/\/www.visit-ulcinj.com\/blog\/wp-json\/wp\/v2\/posts\/104393"}],"collection":[{"href":"https:\/\/www.visit-ulcinj.com\/blog\/wp-json\/wp\/v2\/posts"}],"about":[{"href":"https:\/\/www.visit-ulcinj.com\/blog\/wp-json\/wp\/v2\/types\/post"}],"author":[{"embeddable":true,"href":"https:\/\/www.visit-ulcinj.com\/blog\/wp-json\/wp\/v2\/users\/1"}],"replies":[{"embeddable":true,"href":"https:\/\/www.visit-ulcinj.com\/blog\/wp-json\/wp\/v2\/comments?post=104393"}],"version-history":[{"count":1,"href":"https:\/\/www.visit-ulcinj.com\/blog\/wp-json\/wp\/v2\/posts\/104393\/revisions"}],"predecessor-version":[{"id":104395,"href":"https:\/\/www.visit-ulcinj.com\/blog\/wp-json\/wp\/v2\/posts\/104393\/revisions\/104395"}],"wp:attachment":[{"href":"https:\/\/www.visit-ulcinj.com\/blog\/wp-json\/wp\/v2\/media?parent=104393"}],"wp:term":[{"taxonomy":"category","embeddable":true,"href":"https:\/\/www.visit-ulcinj.com\/blog\/wp-json\/wp\/v2\/categories?post=104393"},{"taxonomy":"post_tag","embeddable":true,"href":"https:\/\/www.visit-ulcinj.com\/blog\/wp-json\/wp\/v2\/tags?post=104393"}],"curies":[{"name":"wp","href":"https:\/\/api.w.org\/{rel}","templated":true}]}}