{"id":104396,"date":"2017-04-16T15:00:38","date_gmt":"2017-04-16T14:00:38","guid":{"rendered":"http:\/\/www.visit-ulcinj.com\/blog\/?p=104396"},"modified":"2017-04-16T15:00:38","modified_gmt":"2017-04-16T14:00:38","slug":"ura-pse-hesht-komuna-e-ulqinit-per-rastin-e-planifikimit-hapesinor","status":"publish","type":"post","link":"https:\/\/www.visit-ulcinj.com\/blog\/2017\/04\/16\/ura-pse-hesht-komuna-e-ulqinit-per-rastin-e-planifikimit-hapesinor\/","title":{"rendered":"URA: Pse hesht Komuna e Ulqinit, p\u00ebr rastin e planifikimit hap\u00ebsinor"},"content":{"rendered":"<p><strong><a href=\"http:\/\/www.visit-ulcinj.com\/blog\/wp-content\/uploads\/2015\/09\/URA.jpg\"><img loading=\"lazy\" class=\"alignleft wp-image-92382\" src=\"http:\/\/www.visit-ulcinj.com\/blog\/wp-content\/uploads\/2015\/09\/URA.jpg\" alt=\"URA\" width=\"508\" height=\"243\" srcset=\"https:\/\/www.visit-ulcinj.com\/blog\/wp-content\/uploads\/2015\/09\/URA.jpg 960w, https:\/\/www.visit-ulcinj.com\/blog\/wp-content\/uploads\/2015\/09\/URA-300x144.jpg 300w\" sizes=\"(max-width: 508px) 100vw, 508px\" \/><\/a>URA: Qeveria rregullon \u00e7do gj\u00eb n\u00eb ulqin, pushteti i instaluar hesht<\/strong><\/p>\n<p>L\u00ebvizja qytetare URA paralajm\u00ebron opinionin\u00a0Ulqinak se draft Ligji i propozuar p\u00ebr planifikim dhe nd\u00ebrtim \u00ebsht\u00eb katastrofik dhe ftojm\u00eb t\u00eb gjith\u00eb subjektet shoq\u00ebrore dhe politike q\u00eb ashp\u00ebrsisht ta kund\u00ebrshtojn\u00eb. K\u00ebshtu ligji i propozuar nuk \u00ebsht\u00eb vet\u00ebm antikushtetues, i paligjsh\u00ebm dhe n\u00eb kund\u00ebrshtim me Kart\u00ebn Evropiane t\u00eb Vet\u00ebqeverisjes Lokale, por \u00ebsht\u00eb pla\u00e7kitje!<br \/>\nNd\u00ebrkoh\u00eb, lul\u00ebzojn\u00eb ve\u00e7se nd\u00ebrtimet e paligjshme e q\u00eb sh\u00ebnoj rritje m\u00eb shum\u00eb se kurr\u00eb n\u00eb historin\u00eb e lavdishme t\u00eb Ulqinit. K\u00ebto dit\u00eb, vendimi i s\u00eb nj\u00ebjt\u00ebs qeveri, i nj\u00ebjti PHU praktikisht b\u00ebhet i pavlefsh\u00ebm p\u00ebr shkak se \u00ebsht\u00eb propozuar Ligji i ri p\u00ebr planifikim dhe nd\u00ebrtim qe n\u00eb fush\u00ebn hap\u00ebsinore i centralizon te gjitha duke pezulluar planet e deritanishme<br \/>\nTani, pra, i gjith\u00eb Ulqin, jo vet\u00ebm 33 milion\u00eb metra katror\u00eb pran\u00eb detit, do t\u00eb jet\u00eb n\u00ebn kthetrat e Kabinetit t\u00eb Dushko Markoviq dhe Ministrit t\u00eb Zhvillimit t\u00eb Q\u00ebndruesh\u00ebm dhe Turizmit Pavle Raduloviq, t\u00eb cilin ne diten e Komunes publikisht e lavd\u00ebroi kryetari aktual.<br \/>\nMe sa duket, e tejmase na ka ndihmuar, ftesa e investitoreve, mbrojtja e Kripores dhe Valdanosit, njeriu vdiq p\u00ebr Ulqin. Ai e kishte te rezervuar dhe vendin pran\u00eb kryetarit t\u00eb komun\u00ebs, por, p\u00ebr fat t\u00eb keq, ministri nuk u shfaq p\u00ebr t\u00eb na madheruar fest\u00eb e 1 prillit.<br \/>\nNdoshta eshte mbase e kuptueshme se me rastin e k\u00ebtij ligji askush nuk ka guxim t\u00eb d\u00ebgjohet nga komuna e Ulqinit, e cila \u00ebsht\u00eb me te verrtet nencmuese dhe skandaloze. Tpakten dikush te thot\u00eb, prit nj\u00eb minut\u00eb, sikur edhe ne jemi ne kualicion. Kemi nj\u00eb marr\u00ebveshje t\u00eb n\u00ebnshkruar. Mos na poshtroni aq shume.<br \/>\n\u00c7far do administrojme ne nese na merrni dhe vendosjen per hapsire. Nuk do mundemi me as kioska te japim me qera, por per te njejtat do shkojm te pyesim ne Podgorice. Asgje. Heshtje. Dhe mos harroni \u00e7far\u00eb ju b\u00ebn\u00eb t\u00eb gjith\u00eb n\u00eb opozit\u00eb, kur duhej t\u00eb eksproprijohej ullishta, duke u paraqitur si mbrojt\u00ebs t\u00eb qytetit! Tani heshtin si peshqit, nderkohe qe i gjith Ulqini do te ekspropijohet, me nje Ligj n\u00eb qoft\u00eb se miratohet! Dhe rrine n\u00eb qeveri, n\u00eb Parlament dhe n\u00eb fotelat komunale. Vet\u00ebm rrine, sepse askush nuk i pyet asgje.<br \/>\nPrandaj, ne i ftojm\u00eb q\u00eb t\u00eb ngren\u00eb z\u00ebrin e tyre kund\u00ebr nj\u00eb vendimi te till\u00eb, qe n\u00eb qoft\u00eb se ju kalon mund t\u00eb ket\u00eb pasoja t\u00eb medha per Ulqin dhe per t\u00eb gjitha komunat e tjera!<\/p>\n<p><strong>Ul.info<\/strong><\/p>\n","protected":false},"excerpt":{"rendered":"<p>URA: Qeveria rregullon \u00e7do gj\u00eb n\u00eb ulqin, pushteti i instaluar hesht L\u00ebvizja qytetare URA paralajm\u00ebron opinionin\u00a0Ulqinak se draft Ligji i propozuar p\u00ebr planifikim dhe nd\u00ebrtim \u00ebsht\u00eb katastrofik dhe ftojm\u00eb t\u00eb gjith\u00eb subjektet shoq\u00ebrore dhe politike q\u00eb ashp\u00ebrsisht ta kund\u00ebrshtojn\u00eb. K\u00ebshtu ligji i propozuar nuk \u00ebsht\u00eb vet\u00ebm antikushtetues, i paligjsh\u00ebm dhe n\u00eb kund\u00ebrshtim me Kart\u00ebn Evropiane [&hellip;]<\/p>\n","protected":false},"author":1,"featured_media":0,"comment_status":"closed","ping_status":"closed","sticky":false,"template":"","format":"standard","meta":{"spay_email":"","jetpack_publicize_message":"","jetpack_is_tweetstorm":false,"jetpack_publicize_feature_enabled":true},"categories":[6],"tags":[],"jetpack_publicize_connections":[],"yoast_head":"<!-- This site is optimized with the Yoast SEO plugin v19.1 - https:\/\/yoast.com\/wordpress\/plugins\/seo\/ -->\n<title>URA: Pse hesht Komuna e Ulqinit, p\u00ebr rastin e planifikimit hap\u00ebsinor - Lajme nga Ulqini<\/title>\n<meta name=\"description\" content=\"URA: Qeveria rregullon \u00e7do gj\u00eb n\u00eb ulqin, pushteti i instaluar hesht L\u00ebvizja qytetare URA paralajm\u00ebron opinionin\u00a0Ulqinak se draft Ligji i propozuar p\u00ebr\" \/>\n<meta name=\"robots\" content=\"index, follow, max-snippet:-1, max-image-preview:large, max-video-preview:-1\" \/>\n<link rel=\"canonical\" href=\"https:\/\/www.visit-ulcinj.com\/blog\/2017\/04\/16\/ura-pse-hesht-komuna-e-ulqinit-per-rastin-e-planifikimit-hapesinor\/\" \/>\n<meta property=\"og:locale\" content=\"en_US\" \/>\n<meta property=\"og:type\" content=\"article\" \/>\n<meta property=\"og:title\" content=\"URA: Pse hesht Komuna e Ulqinit, p\u00ebr rastin e planifikimit hap\u00ebsinor - Lajme nga Ulqini\" \/>\n<meta property=\"og:description\" content=\"URA: Qeveria rregullon \u00e7do gj\u00eb n\u00eb ulqin, pushteti i instaluar hesht L\u00ebvizja qytetare URA paralajm\u00ebron opinionin\u00a0Ulqinak se draft Ligji i propozuar p\u00ebr\" \/>\n<meta property=\"og:url\" content=\"https:\/\/www.visit-ulcinj.com\/blog\/2017\/04\/16\/ura-pse-hesht-komuna-e-ulqinit-per-rastin-e-planifikimit-hapesinor\/\" \/>\n<meta property=\"og:site_name\" content=\"Lajme nga Ulqini\" \/>\n<meta property=\"article:published_time\" content=\"2017-04-16T14:00:38+00:00\" \/>\n<meta property=\"og:image\" content=\"http:\/\/www.visit-ulcinj.com\/blog\/wp-content\/uploads\/2015\/09\/URA.jpg\" \/>\n<meta name=\"twitter:label1\" content=\"Written by\" \/>\n\t<meta name=\"twitter:data1\" content=\"ulqini\" \/>\n\t<meta name=\"twitter:label2\" content=\"Est. reading time\" \/>\n\t<meta name=\"twitter:data2\" content=\"2 minutes\" \/>\n<script type=\"application\/ld+json\" class=\"yoast-schema-graph\">{\"@context\":\"https:\/\/schema.org\",\"@graph\":[{\"@type\":\"WebSite\",\"@id\":\"https:\/\/www.visit-ulcinj.com\/blog\/#website\",\"url\":\"https:\/\/www.visit-ulcinj.com\/blog\/\",\"name\":\"Lajme nga Ulqini\",\"description\":\"Lajme,Vijesti,Ulqini,Ulqin,Crna Gora,Mali i Zi\",\"potentialAction\":[{\"@type\":\"SearchAction\",\"target\":{\"@type\":\"EntryPoint\",\"urlTemplate\":\"https:\/\/www.visit-ulcinj.com\/blog\/?s={search_term_string}\"},\"query-input\":\"required name=search_term_string\"}],\"inLanguage\":\"en-US\"},{\"@type\":\"ImageObject\",\"inLanguage\":\"en-US\",\"@id\":\"https:\/\/www.visit-ulcinj.com\/blog\/2017\/04\/16\/ura-pse-hesht-komuna-e-ulqinit-per-rastin-e-planifikimit-hapesinor\/#primaryimage\",\"url\":\"https:\/\/www.visit-ulcinj.com\/blog\/wp-content\/uploads\/2015\/09\/URA.jpg\",\"contentUrl\":\"https:\/\/www.visit-ulcinj.com\/blog\/wp-content\/uploads\/2015\/09\/URA.jpg\",\"width\":960,\"height\":460},{\"@type\":\"WebPage\",\"@id\":\"https:\/\/www.visit-ulcinj.com\/blog\/2017\/04\/16\/ura-pse-hesht-komuna-e-ulqinit-per-rastin-e-planifikimit-hapesinor\/#webpage\",\"url\":\"https:\/\/www.visit-ulcinj.com\/blog\/2017\/04\/16\/ura-pse-hesht-komuna-e-ulqinit-per-rastin-e-planifikimit-hapesinor\/\",\"name\":\"URA: Pse hesht Komuna e Ulqinit, p\u00ebr rastin e planifikimit hap\u00ebsinor - Lajme nga Ulqini\",\"isPartOf\":{\"@id\":\"https:\/\/www.visit-ulcinj.com\/blog\/#website\"},\"primaryImageOfPage\":{\"@id\":\"https:\/\/www.visit-ulcinj.com\/blog\/2017\/04\/16\/ura-pse-hesht-komuna-e-ulqinit-per-rastin-e-planifikimit-hapesinor\/#primaryimage\"},\"datePublished\":\"2017-04-16T14:00:38+00:00\",\"dateModified\":\"2017-04-16T14:00:38+00:00\",\"author\":{\"@id\":\"https:\/\/www.visit-ulcinj.com\/blog\/#\/schema\/person\/dcab619c614d3038751c63bc2aadc06d\"},\"description\":\"URA: Qeveria rregullon \u00e7do gj\u00eb n\u00eb ulqin, pushteti i instaluar hesht L\u00ebvizja qytetare URA paralajm\u00ebron opinionin\u00a0Ulqinak se draft Ligji i propozuar p\u00ebr\",\"breadcrumb\":{\"@id\":\"https:\/\/www.visit-ulcinj.com\/blog\/2017\/04\/16\/ura-pse-hesht-komuna-e-ulqinit-per-rastin-e-planifikimit-hapesinor\/#breadcrumb\"},\"inLanguage\":\"en-US\",\"potentialAction\":[{\"@type\":\"ReadAction\",\"target\":[\"https:\/\/www.visit-ulcinj.com\/blog\/2017\/04\/16\/ura-pse-hesht-komuna-e-ulqinit-per-rastin-e-planifikimit-hapesinor\/\"]}]},{\"@type\":\"BreadcrumbList\",\"@id\":\"https:\/\/www.visit-ulcinj.com\/blog\/2017\/04\/16\/ura-pse-hesht-komuna-e-ulqinit-per-rastin-e-planifikimit-hapesinor\/#breadcrumb\",\"itemListElement\":[{\"@type\":\"ListItem\",\"position\":1,\"name\":\"URA: Pse hesht Komuna e Ulqinit, p\u00ebr rastin e planifikimit hap\u00ebsinor\"}]},{\"@type\":\"Person\",\"@id\":\"https:\/\/www.visit-ulcinj.com\/blog\/#\/schema\/person\/dcab619c614d3038751c63bc2aadc06d\",\"name\":\"ulqini\",\"sameAs\":[\"http:\/\/www.visit-ulcinj.com\"],\"url\":\"https:\/\/www.visit-ulcinj.com\/blog\/author\/admin\/\"}]}<\/script>\n<!-- \/ Yoast SEO plugin. -->","yoast_head_json":{"title":"URA: Pse hesht Komuna e Ulqinit, p\u00ebr rastin e planifikimit hap\u00ebsinor - Lajme nga Ulqini","description":"URA: Qeveria rregullon \u00e7do gj\u00eb n\u00eb ulqin, pushteti i instaluar hesht L\u00ebvizja qytetare URA paralajm\u00ebron opinionin\u00a0Ulqinak se draft Ligji i propozuar p\u00ebr","robots":{"index":"index","follow":"follow","max-snippet":"max-snippet:-1","max-image-preview":"max-image-preview:large","max-video-preview":"max-video-preview:-1"},"canonical":"https:\/\/www.visit-ulcinj.com\/blog\/2017\/04\/16\/ura-pse-hesht-komuna-e-ulqinit-per-rastin-e-planifikimit-hapesinor\/","og_locale":"en_US","og_type":"article","og_title":"URA: Pse hesht Komuna e Ulqinit, p\u00ebr rastin e planifikimit hap\u00ebsinor - Lajme nga Ulqini","og_description":"URA: Qeveria rregullon \u00e7do gj\u00eb n\u00eb ulqin, pushteti i instaluar hesht L\u00ebvizja qytetare URA paralajm\u00ebron opinionin\u00a0Ulqinak se draft Ligji i propozuar p\u00ebr","og_url":"https:\/\/www.visit-ulcinj.com\/blog\/2017\/04\/16\/ura-pse-hesht-komuna-e-ulqinit-per-rastin-e-planifikimit-hapesinor\/","og_site_name":"Lajme nga Ulqini","article_published_time":"2017-04-16T14:00:38+00:00","og_image":[{"url":"http:\/\/www.visit-ulcinj.com\/blog\/wp-content\/uploads\/2015\/09\/URA.jpg"}],"twitter_misc":{"Written by":"ulqini","Est. reading time":"2 minutes"},"schema":{"@context":"https:\/\/schema.org","@graph":[{"@type":"WebSite","@id":"https:\/\/www.visit-ulcinj.com\/blog\/#website","url":"https:\/\/www.visit-ulcinj.com\/blog\/","name":"Lajme nga Ulqini","description":"Lajme,Vijesti,Ulqini,Ulqin,Crna Gora,Mali i Zi","potentialAction":[{"@type":"SearchAction","target":{"@type":"EntryPoint","urlTemplate":"https:\/\/www.visit-ulcinj.com\/blog\/?s={search_term_string}"},"query-input":"required name=search_term_string"}],"inLanguage":"en-US"},{"@type":"ImageObject","inLanguage":"en-US","@id":"https:\/\/www.visit-ulcinj.com\/blog\/2017\/04\/16\/ura-pse-hesht-komuna-e-ulqinit-per-rastin-e-planifikimit-hapesinor\/#primaryimage","url":"https:\/\/www.visit-ulcinj.com\/blog\/wp-content\/uploads\/2015\/09\/URA.jpg","contentUrl":"https:\/\/www.visit-ulcinj.com\/blog\/wp-content\/uploads\/2015\/09\/URA.jpg","width":960,"height":460},{"@type":"WebPage","@id":"https:\/\/www.visit-ulcinj.com\/blog\/2017\/04\/16\/ura-pse-hesht-komuna-e-ulqinit-per-rastin-e-planifikimit-hapesinor\/#webpage","url":"https:\/\/www.visit-ulcinj.com\/blog\/2017\/04\/16\/ura-pse-hesht-komuna-e-ulqinit-per-rastin-e-planifikimit-hapesinor\/","name":"URA: Pse hesht Komuna e Ulqinit, p\u00ebr rastin e planifikimit hap\u00ebsinor - Lajme nga Ulqini","isPartOf":{"@id":"https:\/\/www.visit-ulcinj.com\/blog\/#website"},"primaryImageOfPage":{"@id":"https:\/\/www.visit-ulcinj.com\/blog\/2017\/04\/16\/ura-pse-hesht-komuna-e-ulqinit-per-rastin-e-planifikimit-hapesinor\/#primaryimage"},"datePublished":"2017-04-16T14:00:38+00:00","dateModified":"2017-04-16T14:00:38+00:00","author":{"@id":"https:\/\/www.visit-ulcinj.com\/blog\/#\/schema\/person\/dcab619c614d3038751c63bc2aadc06d"},"description":"URA: Qeveria rregullon \u00e7do gj\u00eb n\u00eb ulqin, pushteti i instaluar hesht L\u00ebvizja qytetare URA paralajm\u00ebron opinionin\u00a0Ulqinak se draft Ligji i propozuar p\u00ebr","breadcrumb":{"@id":"https:\/\/www.visit-ulcinj.com\/blog\/2017\/04\/16\/ura-pse-hesht-komuna-e-ulqinit-per-rastin-e-planifikimit-hapesinor\/#breadcrumb"},"inLanguage":"en-US","potentialAction":[{"@type":"ReadAction","target":["https:\/\/www.visit-ulcinj.com\/blog\/2017\/04\/16\/ura-pse-hesht-komuna-e-ulqinit-per-rastin-e-planifikimit-hapesinor\/"]}]},{"@type":"BreadcrumbList","@id":"https:\/\/www.visit-ulcinj.com\/blog\/2017\/04\/16\/ura-pse-hesht-komuna-e-ulqinit-per-rastin-e-planifikimit-hapesinor\/#breadcrumb","itemListElement":[{"@type":"ListItem","position":1,"name":"URA: Pse hesht Komuna e Ulqinit, p\u00ebr rastin e planifikimit hap\u00ebsinor"}]},{"@type":"Person","@id":"https:\/\/www.visit-ulcinj.com\/blog\/#\/schema\/person\/dcab619c614d3038751c63bc2aadc06d","name":"ulqini","sameAs":["http:\/\/www.visit-ulcinj.com"],"url":"https:\/\/www.visit-ulcinj.com\/blog\/author\/admin\/"}]}},"jetpack_featured_media_url":"","jetpack_sharing_enabled":true,"jetpack_shortlink":"https:\/\/wp.me\/pe6lTn-r9O","_links":{"self":[{"href":"https:\/\/www.visit-ulcinj.com\/blog\/wp-json\/wp\/v2\/posts\/104396"}],"collection":[{"href":"https:\/\/www.visit-ulcinj.com\/blog\/wp-json\/wp\/v2\/posts"}],"about":[{"href":"https:\/\/www.visit-ulcinj.com\/blog\/wp-json\/wp\/v2\/types\/post"}],"author":[{"embeddable":true,"href":"https:\/\/www.visit-ulcinj.com\/blog\/wp-json\/wp\/v2\/users\/1"}],"replies":[{"embeddable":true,"href":"https:\/\/www.visit-ulcinj.com\/blog\/wp-json\/wp\/v2\/comments?post=104396"}],"version-history":[{"count":1,"href":"https:\/\/www.visit-ulcinj.com\/blog\/wp-json\/wp\/v2\/posts\/104396\/revisions"}],"predecessor-version":[{"id":104397,"href":"https:\/\/www.visit-ulcinj.com\/blog\/wp-json\/wp\/v2\/posts\/104396\/revisions\/104397"}],"wp:attachment":[{"href":"https:\/\/www.visit-ulcinj.com\/blog\/wp-json\/wp\/v2\/media?parent=104396"}],"wp:term":[{"taxonomy":"category","embeddable":true,"href":"https:\/\/www.visit-ulcinj.com\/blog\/wp-json\/wp\/v2\/categories?post=104396"},{"taxonomy":"post_tag","embeddable":true,"href":"https:\/\/www.visit-ulcinj.com\/blog\/wp-json\/wp\/v2\/tags?post=104396"}],"curies":[{"name":"wp","href":"https:\/\/api.w.org\/{rel}","templated":true}]}}