{"id":104403,"date":"2017-04-17T14:03:05","date_gmt":"2017-04-17T13:03:05","guid":{"rendered":"http:\/\/www.visit-ulcinj.com\/blog\/?p=104403"},"modified":"2017-04-17T18:20:36","modified_gmt":"2017-04-17T17:20:36","slug":"nika-pushteti-aktual-shqiptareve-eshte-pa-pjekur-per-planifikim-hapsinore","status":"publish","type":"post","link":"https:\/\/www.visit-ulcinj.com\/blog\/2017\/04\/17\/nika-pushteti-aktual-shqiptareve-eshte-pa-pjekur-per-planifikim-hapsinore\/","title":{"rendered":"Nika: Pushteti aktual i shqiptar\u00ebve \u00ebsht\u00eb i pa pjekur p\u00ebr planifikim hapsinor\u00eb ?!"},"content":{"rendered":"<p><strong><em><a href=\"http:\/\/www.visit-ulcinj.com\/blog\/wp-content\/uploads\/2017\/04\/PLANI-HAPSINOR-ULQIN.jpg\"><img loading=\"lazy\" class=\"alignleft wp-image-104405\" src=\"http:\/\/www.visit-ulcinj.com\/blog\/wp-content\/uploads\/2017\/04\/PLANI-HAPSINOR-ULQIN.jpg\" alt=\"\" width=\"508\" height=\"596\" srcset=\"https:\/\/www.visit-ulcinj.com\/blog\/wp-content\/uploads\/2017\/04\/PLANI-HAPSINOR-ULQIN.jpg 450w, https:\/\/www.visit-ulcinj.com\/blog\/wp-content\/uploads\/2017\/04\/PLANI-HAPSINOR-ULQIN-256x300.jpg 256w\" sizes=\"(max-width: 508px) 100vw, 508px\" \/><\/a>Shkruan Muhamet Nika<\/em><\/strong><\/p>\n<p>Si\u00e7\u00a0 merret\u00a0\u00a0 vesh n\u00eb media \u00a0ligji i ri p\u00ebr planifikim hap\u00ebsinor\u00a0\u00a0 n\u00eb \u00a0republik\u00eb\u00a0 \u00ebsht\u00eb \u00a0kah\u00a0 na e merr\u00a0 \u00a0edhe vet\u00eb t\u00eb drejt\u00ebn e \u00a0planifikimit n\u00eb Ulqin . Por \u00a0sipas neve \u00a0n\u00eb k\u00ebt\u00eb pun\u00eb ashtu si edhe n\u00eb \u00e7do pun\u00eb tjet\u00ebr\u00a0 vlen parimi\u00a0 i cili thot\u00eb q\u00eb \u00a0, n\u00ebse k\u00ebrkon\u00a0 t\u00eb\u00a0 respektohesh,\u00a0\u00a0 \u00a0fillimisht\u00a0 duhet t\u00eb \u00a0m\u00ebsosh \u00a0t\u00eb \u00a0respektosh( b\u00ebsh \u00a0mall ) vet\u00ebn t\u00ebnde !<\/p>\n<p>M\u00eb duket se \u00a0\u00a0p\u00ebr momentin nuk jemi\u00a0 kah e b\u00ebjm\u00eb nj\u00eb gj\u00eb t\u00eb till\u00eb . Ose nuk dijm\u00eb ta b\u00ebjm\u00eb \u00a0\u00a0brenda institucionit q\u00eb zgjedhim p\u00ebrve\u00e7 se\u00a0 jasht\u00eb\u00a0 tij dhe\u00a0 kuptohet\u00a0 me \u201c miq\u00ebsi \u201cn\u00eb Podgoric\u00eb- pra edhe n\u00eb planifikim . Dhe qe pse:<\/p>\n<ul>\n<li>Kujto k\u00ebtu pun\u00ebn p\u00ebr \u00a0ligjin hap\u00ebsinor \u00a0t\u00eb republik\u00ebs \u00a0p\u00ebr 20 vjet\u00eb e ardhshme \u00a0i miratuar\u00a0 n\u00eb Mal t\u00eb Zi. Ai n\u00eb faz\u00ebn\u00a0 e p\u00ebrpunimit\u00a0 as q\u00eb\u00a0 u qit fare\u00a0 n\u00eb Kuvendin Komunal t\u00eb Ulqinit- si\u00e7 do duhej dhe jep mund\u00ebsi ligji, por nga grupet e interesit\u00a0 , si t\u00eb pozit\u00ebs si t\u00eb opozit\u00ebs\u00a0 &#8211; viti 2007, u nxorr mbi baz\u00ebn e do \u00a0miq\u00ebsive \u00a0q\u00eb kishin grupet me ata \u00a0lart\u00eb \u2013 pra\u00a0 edhe nga ata q\u00eb sot ankohen&#8230;?!!!<\/li>\n<li>Komuna e\u00a0 Ulqinit i ra \u00a0k\u00ebshtu \u00a0t\u00eb ishte e vetmja\u00a0 Komun\u00eb\u00a0 n\u00eb Mal t\u00eb Zi , e cila nuk kish dh\u00ebn\u00eb v\u00ebrejtje\u00a0 n\u00eb ligj nga kuvendi\u00a0 i saj si\u00e7 e parasheh drejt\u00ebsia &#8211; p\u00ebrve\u00e7 se u mblodh\u00ebn n\u00ebnshkrimet\u00a0 n\u00eb rrug\u00eb\u00a0 madje edhe nga gjyshet\u00a0 q\u00eb \u00a0k\u00ebtu\u00a0 tek ne \u201c na u marrkan\u00a0 vesht \u00a0edhe n\u00eb planifikim..\u201d?!!<\/li>\n<li>Bile jasht\u00eb kuvendit , n\u00eb at\u00eb koh\u00eb- pa dijen e kuvendit \u201c \u00a0\u00a0na bind\u00ebn..\u201d se \u00a0realizuan \u2013 demek \u00a0\u201cfal\u00eb tyre..\u201d, edhe at\u00eb\u00a0 q\u00eb Ulqini n\u00eb shkall\u00eb republike\u00a0 t\u00eb\u00a0\u00a0 shpallej \u00a0\u00a0\u00a0<strong>\u201c Qend\u00ebr\u00a0\u00a0 Regjionale\u201d<\/strong>( n\u00eb t\u00eb cil\u00ebn n\u00ebnkuptohet se \u00a0gravitojn\u00eb\u00a0 edhe nja dy apo 3 komuna tjera&#8230;.)?!!! Hajde \u00a0marri e kllapi\u00a0 bashk\u00eb\u00a0 hajde- mbase \u00a0komuna t\u00eb tilla ishin Shtoji , Ana Malit\u00a0 apo Kraja&#8230;?!!!<\/li>\n<li>Tjet\u00ebr , deputet\u00ebt tan\u00eb n\u00eb parlament\u00a0 t\u00eb mandatit q\u00eb shkoi\u00a0 kishin\u00a0 pranuar edhe\u00a0 vet\u00a0 ligjin\u00a0 e eksproprijimit\u00a0 q\u00eb\u00a0 toka- Plazha e Madhe \u2013 Valdanosi etj. t\u00eb kalonte n\u00eb kadast\u00ebr t\u00eb shtetit\u00a0\u00a0 p\u00ebr\u00a0 arsye t\u00eb ndryshme edhe pa\u00a0 iu b\u00ebr\u00eb \u00a0fare \u00a0pagesa qytetar\u00ebve\u00a0 duke sh\u00ebnuar \u00a0k\u00ebshtu kapitullim \u00a0total tonin\u00a0 me hap\u00ebsir\u00eb, por q\u00eb \u00a0ligji i till\u00eb \u00a0nuk kaloi\u00a0 fal\u00eb SDP-s\u00eb s\u00eb Krivokapiqit dhe opozit\u00ebs&#8230;?!<\/li>\n<\/ul>\n<p><a href=\"http:\/\/www.visit-ulcinj.com\/blog\/wp-content\/uploads\/2017\/04\/Ormani-misterioz-i-inspektor\u00ebve-Ulqin.jpg\"><img loading=\"lazy\" class=\"alignleft wp-image-104404\" src=\"http:\/\/www.visit-ulcinj.com\/blog\/wp-content\/uploads\/2017\/04\/Ormani-misterioz-i-inspektor\u00ebve-Ulqin.jpg\" alt=\"\" width=\"508\" height=\"545\" srcset=\"https:\/\/www.visit-ulcinj.com\/blog\/wp-content\/uploads\/2017\/04\/Ormani-misterioz-i-inspektor\u00ebve-Ulqin.jpg 445w, https:\/\/www.visit-ulcinj.com\/blog\/wp-content\/uploads\/2017\/04\/Ormani-misterioz-i-inspektor\u00ebve-Ulqin-280x300.jpg 280w\" sizes=\"(max-width: 508px) 100vw, 508px\" \/><\/a><\/p>\n<p><strong>Ormani misterioz i inspektor\u00ebve komunal\u00eb t\u00eb nd\u00ebrtimtaris\u00eb e t\u00eb arrestuar &#8211; vitit 2007 \u2013 2008 . K\u00ebtij pam\u00eb \u201d ti dalin k\u00ebmb\u00ebt ..\u201d dhe u qit n\u00eb korridor pasi ish mbyll\u201d me dyll t\u00eb kuq\u201d nga policia republikane&#8230;?!!<\/strong><br \/>\nHeqja e DYLLIT nga dera , n\u00eb k\u00ebt\u00eb m\u00ebnyr\u00eb , nga k\u00ebta posht\u00eb, n\u00ebnkupton 6 muaj burg ?!! P\u00ebr t\u2019i v\u00ebn\u00eb m\u00eb pas, po k\u00ebtij, nj\u00eb dyell t\u00eb bardh\u00eb dhe n\u00eb fund nj\u00eb brav\u00eb , por q\u00eb nuk dihet se kush e ka \u00e7el\u00ebsin- hahahaha&#8230;?!<br \/>\nInshalla , nuk na d\u00ebgjojn\u00eb k\u00ebto t\u00eb hetuesis\u00eb dhe nuk i shkon kujt nd\u00ebr mend ta marr\u00eb ormanin e shes p\u00ebr hekur&#8230;?!<\/p>\n<p><strong><a href=\"http:\/\/www.mrt.gov.me\/ResourceManager\/FileDownload.aspx?rId=173930&amp;rType=2\">http:\/\/www.mrt.gov.me\/ResourceManager\/FileDownload.aspx?rId=173930&amp;rType=2<\/a><\/strong><\/p>\n","protected":false},"excerpt":{"rendered":"<p>Shkruan Muhamet Nika Si\u00e7\u00a0 merret\u00a0\u00a0 vesh n\u00eb media \u00a0ligji i ri p\u00ebr planifikim hap\u00ebsinor\u00a0\u00a0 n\u00eb \u00a0republik\u00eb\u00a0 \u00ebsht\u00eb \u00a0kah\u00a0 na e merr\u00a0 \u00a0edhe vet\u00eb t\u00eb drejt\u00ebn e \u00a0planifikimit n\u00eb Ulqin . Por \u00a0sipas neve \u00a0n\u00eb k\u00ebt\u00eb pun\u00eb ashtu si edhe n\u00eb \u00e7do pun\u00eb tjet\u00ebr\u00a0 vlen parimi\u00a0 i cili thot\u00eb q\u00eb \u00a0, n\u00ebse k\u00ebrkon\u00a0 t\u00eb\u00a0 respektohesh,\u00a0\u00a0 \u00a0fillimisht\u00a0 [&hellip;]<\/p>\n","protected":false},"author":1,"featured_media":0,"comment_status":"closed","ping_status":"closed","sticky":false,"template":"","format":"standard","meta":{"spay_email":"","jetpack_publicize_message":"","jetpack_is_tweetstorm":false,"jetpack_publicize_feature_enabled":true},"categories":[1,14249],"tags":[],"jetpack_publicize_connections":[],"yoast_head":"<!-- This site is optimized with the Yoast SEO plugin v19.1 - https:\/\/yoast.com\/wordpress\/plugins\/seo\/ -->\n<title>Nika: Pushteti aktual i shqiptar\u00ebve \u00ebsht\u00eb i pa pjekur p\u00ebr planifikim hapsinor\u00eb ?! - Lajme nga Ulqini<\/title>\n<meta name=\"description\" content=\"Shkruan Muhamet Nika Si\u00e7\u00a0 merret\u00a0\u00a0 vesh n\u00eb media \u00a0ligji i ri p\u00ebr planifikim hap\u00ebsinor\u00a0\u00a0 n\u00eb \u00a0republik\u00eb\u00a0 \u00ebsht\u00eb \u00a0kah\u00a0 na e merr\u00a0 \u00a0edhe vet\u00eb t\u00eb drejt\u00ebn e\" \/>\n<meta name=\"robots\" content=\"index, follow, max-snippet:-1, max-image-preview:large, max-video-preview:-1\" \/>\n<link rel=\"canonical\" href=\"https:\/\/www.visit-ulcinj.com\/blog\/2017\/04\/17\/nika-pushteti-aktual-shqiptareve-eshte-pa-pjekur-per-planifikim-hapsinore\/\" \/>\n<meta property=\"og:locale\" content=\"en_US\" \/>\n<meta property=\"og:type\" content=\"article\" \/>\n<meta property=\"og:title\" content=\"Nika: Pushteti aktual i shqiptar\u00ebve \u00ebsht\u00eb i pa pjekur p\u00ebr planifikim hapsinor\u00eb ?! - Lajme nga Ulqini\" \/>\n<meta property=\"og:description\" content=\"Shkruan Muhamet Nika Si\u00e7\u00a0 merret\u00a0\u00a0 vesh n\u00eb media \u00a0ligji i ri p\u00ebr planifikim hap\u00ebsinor\u00a0\u00a0 n\u00eb \u00a0republik\u00eb\u00a0 \u00ebsht\u00eb \u00a0kah\u00a0 na e merr\u00a0 \u00a0edhe vet\u00eb t\u00eb drejt\u00ebn e\" \/>\n<meta property=\"og:url\" content=\"https:\/\/www.visit-ulcinj.com\/blog\/2017\/04\/17\/nika-pushteti-aktual-shqiptareve-eshte-pa-pjekur-per-planifikim-hapsinore\/\" \/>\n<meta property=\"og:site_name\" content=\"Lajme nga Ulqini\" \/>\n<meta property=\"article:published_time\" content=\"2017-04-17T13:03:05+00:00\" \/>\n<meta property=\"article:modified_time\" content=\"2017-04-17T17:20:36+00:00\" \/>\n<meta property=\"og:image\" content=\"http:\/\/www.visit-ulcinj.com\/blog\/wp-content\/uploads\/2017\/04\/PLANI-HAPSINOR-ULQIN.jpg\" \/>\n<meta name=\"twitter:label1\" content=\"Written by\" \/>\n\t<meta name=\"twitter:data1\" content=\"ulqini\" \/>\n\t<meta name=\"twitter:label2\" content=\"Est. reading time\" \/>\n\t<meta name=\"twitter:data2\" content=\"3 minutes\" \/>\n<script type=\"application\/ld+json\" class=\"yoast-schema-graph\">{\"@context\":\"https:\/\/schema.org\",\"@graph\":[{\"@type\":\"WebSite\",\"@id\":\"https:\/\/www.visit-ulcinj.com\/blog\/#website\",\"url\":\"https:\/\/www.visit-ulcinj.com\/blog\/\",\"name\":\"Lajme nga Ulqini\",\"description\":\"Lajme,Vijesti,Ulqini,Ulqin,Crna Gora,Mali i Zi\",\"potentialAction\":[{\"@type\":\"SearchAction\",\"target\":{\"@type\":\"EntryPoint\",\"urlTemplate\":\"https:\/\/www.visit-ulcinj.com\/blog\/?s={search_term_string}\"},\"query-input\":\"required name=search_term_string\"}],\"inLanguage\":\"en-US\"},{\"@type\":\"ImageObject\",\"inLanguage\":\"en-US\",\"@id\":\"https:\/\/www.visit-ulcinj.com\/blog\/2017\/04\/17\/nika-pushteti-aktual-shqiptareve-eshte-pa-pjekur-per-planifikim-hapsinore\/#primaryimage\",\"url\":\"https:\/\/www.visit-ulcinj.com\/blog\/wp-content\/uploads\/2017\/04\/PLANI-HAPSINOR-ULQIN.jpg\",\"contentUrl\":\"https:\/\/www.visit-ulcinj.com\/blog\/wp-content\/uploads\/2017\/04\/PLANI-HAPSINOR-ULQIN.jpg\",\"width\":450,\"height\":528},{\"@type\":\"WebPage\",\"@id\":\"https:\/\/www.visit-ulcinj.com\/blog\/2017\/04\/17\/nika-pushteti-aktual-shqiptareve-eshte-pa-pjekur-per-planifikim-hapsinore\/#webpage\",\"url\":\"https:\/\/www.visit-ulcinj.com\/blog\/2017\/04\/17\/nika-pushteti-aktual-shqiptareve-eshte-pa-pjekur-per-planifikim-hapsinore\/\",\"name\":\"Nika: Pushteti aktual i shqiptar\u00ebve \u00ebsht\u00eb i pa pjekur p\u00ebr planifikim hapsinor\u00eb ?! - Lajme nga Ulqini\",\"isPartOf\":{\"@id\":\"https:\/\/www.visit-ulcinj.com\/blog\/#website\"},\"primaryImageOfPage\":{\"@id\":\"https:\/\/www.visit-ulcinj.com\/blog\/2017\/04\/17\/nika-pushteti-aktual-shqiptareve-eshte-pa-pjekur-per-planifikim-hapsinore\/#primaryimage\"},\"datePublished\":\"2017-04-17T13:03:05+00:00\",\"dateModified\":\"2017-04-17T17:20:36+00:00\",\"author\":{\"@id\":\"https:\/\/www.visit-ulcinj.com\/blog\/#\/schema\/person\/dcab619c614d3038751c63bc2aadc06d\"},\"description\":\"Shkruan Muhamet Nika Si\u00e7\u00a0 merret\u00a0\u00a0 vesh n\u00eb media \u00a0ligji i ri p\u00ebr planifikim hap\u00ebsinor\u00a0\u00a0 n\u00eb \u00a0republik\u00eb\u00a0 \u00ebsht\u00eb \u00a0kah\u00a0 na e merr\u00a0 \u00a0edhe vet\u00eb t\u00eb drejt\u00ebn e\",\"breadcrumb\":{\"@id\":\"https:\/\/www.visit-ulcinj.com\/blog\/2017\/04\/17\/nika-pushteti-aktual-shqiptareve-eshte-pa-pjekur-per-planifikim-hapsinore\/#breadcrumb\"},\"inLanguage\":\"en-US\",\"potentialAction\":[{\"@type\":\"ReadAction\",\"target\":[\"https:\/\/www.visit-ulcinj.com\/blog\/2017\/04\/17\/nika-pushteti-aktual-shqiptareve-eshte-pa-pjekur-per-planifikim-hapsinore\/\"]}]},{\"@type\":\"BreadcrumbList\",\"@id\":\"https:\/\/www.visit-ulcinj.com\/blog\/2017\/04\/17\/nika-pushteti-aktual-shqiptareve-eshte-pa-pjekur-per-planifikim-hapsinore\/#breadcrumb\",\"itemListElement\":[{\"@type\":\"ListItem\",\"position\":1,\"name\":\"Nika: Pushteti aktual i shqiptar\u00ebve \u00ebsht\u00eb i pa pjekur p\u00ebr planifikim hapsinor\u00eb ?!\"}]},{\"@type\":\"Person\",\"@id\":\"https:\/\/www.visit-ulcinj.com\/blog\/#\/schema\/person\/dcab619c614d3038751c63bc2aadc06d\",\"name\":\"ulqini\",\"sameAs\":[\"http:\/\/www.visit-ulcinj.com\"],\"url\":\"https:\/\/www.visit-ulcinj.com\/blog\/author\/admin\/\"}]}<\/script>\n<!-- \/ Yoast SEO plugin. -->","yoast_head_json":{"title":"Nika: Pushteti aktual i shqiptar\u00ebve \u00ebsht\u00eb i pa pjekur p\u00ebr planifikim hapsinor\u00eb ?! - Lajme nga Ulqini","description":"Shkruan Muhamet Nika Si\u00e7\u00a0 merret\u00a0\u00a0 vesh n\u00eb media \u00a0ligji i ri p\u00ebr planifikim hap\u00ebsinor\u00a0\u00a0 n\u00eb \u00a0republik\u00eb\u00a0 \u00ebsht\u00eb \u00a0kah\u00a0 na e merr\u00a0 \u00a0edhe vet\u00eb t\u00eb drejt\u00ebn e","robots":{"index":"index","follow":"follow","max-snippet":"max-snippet:-1","max-image-preview":"max-image-preview:large","max-video-preview":"max-video-preview:-1"},"canonical":"https:\/\/www.visit-ulcinj.com\/blog\/2017\/04\/17\/nika-pushteti-aktual-shqiptareve-eshte-pa-pjekur-per-planifikim-hapsinore\/","og_locale":"en_US","og_type":"article","og_title":"Nika: Pushteti aktual i shqiptar\u00ebve \u00ebsht\u00eb i pa pjekur p\u00ebr planifikim hapsinor\u00eb ?! - Lajme nga Ulqini","og_description":"Shkruan Muhamet Nika Si\u00e7\u00a0 merret\u00a0\u00a0 vesh n\u00eb media \u00a0ligji i ri p\u00ebr planifikim hap\u00ebsinor\u00a0\u00a0 n\u00eb \u00a0republik\u00eb\u00a0 \u00ebsht\u00eb \u00a0kah\u00a0 na e merr\u00a0 \u00a0edhe vet\u00eb t\u00eb drejt\u00ebn e","og_url":"https:\/\/www.visit-ulcinj.com\/blog\/2017\/04\/17\/nika-pushteti-aktual-shqiptareve-eshte-pa-pjekur-per-planifikim-hapsinore\/","og_site_name":"Lajme nga Ulqini","article_published_time":"2017-04-17T13:03:05+00:00","article_modified_time":"2017-04-17T17:20:36+00:00","og_image":[{"url":"http:\/\/www.visit-ulcinj.com\/blog\/wp-content\/uploads\/2017\/04\/PLANI-HAPSINOR-ULQIN.jpg"}],"twitter_misc":{"Written by":"ulqini","Est. reading time":"3 minutes"},"schema":{"@context":"https:\/\/schema.org","@graph":[{"@type":"WebSite","@id":"https:\/\/www.visit-ulcinj.com\/blog\/#website","url":"https:\/\/www.visit-ulcinj.com\/blog\/","name":"Lajme nga Ulqini","description":"Lajme,Vijesti,Ulqini,Ulqin,Crna Gora,Mali i Zi","potentialAction":[{"@type":"SearchAction","target":{"@type":"EntryPoint","urlTemplate":"https:\/\/www.visit-ulcinj.com\/blog\/?s={search_term_string}"},"query-input":"required name=search_term_string"}],"inLanguage":"en-US"},{"@type":"ImageObject","inLanguage":"en-US","@id":"https:\/\/www.visit-ulcinj.com\/blog\/2017\/04\/17\/nika-pushteti-aktual-shqiptareve-eshte-pa-pjekur-per-planifikim-hapsinore\/#primaryimage","url":"https:\/\/www.visit-ulcinj.com\/blog\/wp-content\/uploads\/2017\/04\/PLANI-HAPSINOR-ULQIN.jpg","contentUrl":"https:\/\/www.visit-ulcinj.com\/blog\/wp-content\/uploads\/2017\/04\/PLANI-HAPSINOR-ULQIN.jpg","width":450,"height":528},{"@type":"WebPage","@id":"https:\/\/www.visit-ulcinj.com\/blog\/2017\/04\/17\/nika-pushteti-aktual-shqiptareve-eshte-pa-pjekur-per-planifikim-hapsinore\/#webpage","url":"https:\/\/www.visit-ulcinj.com\/blog\/2017\/04\/17\/nika-pushteti-aktual-shqiptareve-eshte-pa-pjekur-per-planifikim-hapsinore\/","name":"Nika: Pushteti aktual i shqiptar\u00ebve \u00ebsht\u00eb i pa pjekur p\u00ebr planifikim hapsinor\u00eb ?! - Lajme nga Ulqini","isPartOf":{"@id":"https:\/\/www.visit-ulcinj.com\/blog\/#website"},"primaryImageOfPage":{"@id":"https:\/\/www.visit-ulcinj.com\/blog\/2017\/04\/17\/nika-pushteti-aktual-shqiptareve-eshte-pa-pjekur-per-planifikim-hapsinore\/#primaryimage"},"datePublished":"2017-04-17T13:03:05+00:00","dateModified":"2017-04-17T17:20:36+00:00","author":{"@id":"https:\/\/www.visit-ulcinj.com\/blog\/#\/schema\/person\/dcab619c614d3038751c63bc2aadc06d"},"description":"Shkruan Muhamet Nika Si\u00e7\u00a0 merret\u00a0\u00a0 vesh n\u00eb media \u00a0ligji i ri p\u00ebr planifikim hap\u00ebsinor\u00a0\u00a0 n\u00eb \u00a0republik\u00eb\u00a0 \u00ebsht\u00eb \u00a0kah\u00a0 na e merr\u00a0 \u00a0edhe vet\u00eb t\u00eb drejt\u00ebn e","breadcrumb":{"@id":"https:\/\/www.visit-ulcinj.com\/blog\/2017\/04\/17\/nika-pushteti-aktual-shqiptareve-eshte-pa-pjekur-per-planifikim-hapsinore\/#breadcrumb"},"inLanguage":"en-US","potentialAction":[{"@type":"ReadAction","target":["https:\/\/www.visit-ulcinj.com\/blog\/2017\/04\/17\/nika-pushteti-aktual-shqiptareve-eshte-pa-pjekur-per-planifikim-hapsinore\/"]}]},{"@type":"BreadcrumbList","@id":"https:\/\/www.visit-ulcinj.com\/blog\/2017\/04\/17\/nika-pushteti-aktual-shqiptareve-eshte-pa-pjekur-per-planifikim-hapsinore\/#breadcrumb","itemListElement":[{"@type":"ListItem","position":1,"name":"Nika: Pushteti aktual i shqiptar\u00ebve \u00ebsht\u00eb i pa pjekur p\u00ebr planifikim hapsinor\u00eb ?!"}]},{"@type":"Person","@id":"https:\/\/www.visit-ulcinj.com\/blog\/#\/schema\/person\/dcab619c614d3038751c63bc2aadc06d","name":"ulqini","sameAs":["http:\/\/www.visit-ulcinj.com"],"url":"https:\/\/www.visit-ulcinj.com\/blog\/author\/admin\/"}]}},"jetpack_featured_media_url":"","jetpack_sharing_enabled":true,"jetpack_shortlink":"https:\/\/wp.me\/pe6lTn-r9V","_links":{"self":[{"href":"https:\/\/www.visit-ulcinj.com\/blog\/wp-json\/wp\/v2\/posts\/104403"}],"collection":[{"href":"https:\/\/www.visit-ulcinj.com\/blog\/wp-json\/wp\/v2\/posts"}],"about":[{"href":"https:\/\/www.visit-ulcinj.com\/blog\/wp-json\/wp\/v2\/types\/post"}],"author":[{"embeddable":true,"href":"https:\/\/www.visit-ulcinj.com\/blog\/wp-json\/wp\/v2\/users\/1"}],"replies":[{"embeddable":true,"href":"https:\/\/www.visit-ulcinj.com\/blog\/wp-json\/wp\/v2\/comments?post=104403"}],"version-history":[{"count":1,"href":"https:\/\/www.visit-ulcinj.com\/blog\/wp-json\/wp\/v2\/posts\/104403\/revisions"}],"predecessor-version":[{"id":104406,"href":"https:\/\/www.visit-ulcinj.com\/blog\/wp-json\/wp\/v2\/posts\/104403\/revisions\/104406"}],"wp:attachment":[{"href":"https:\/\/www.visit-ulcinj.com\/blog\/wp-json\/wp\/v2\/media?parent=104403"}],"wp:term":[{"taxonomy":"category","embeddable":true,"href":"https:\/\/www.visit-ulcinj.com\/blog\/wp-json\/wp\/v2\/categories?post=104403"},{"taxonomy":"post_tag","embeddable":true,"href":"https:\/\/www.visit-ulcinj.com\/blog\/wp-json\/wp\/v2\/tags?post=104403"}],"curies":[{"name":"wp","href":"https:\/\/api.w.org\/{rel}","templated":true}]}}