{"id":104415,"date":"2017-04-17T18:04:47","date_gmt":"2017-04-17T17:04:47","guid":{"rendered":"http:\/\/www.visit-ulcinj.com\/blog\/?p=104415"},"modified":"2017-04-19T10:49:50","modified_gmt":"2017-04-19T09:49:50","slug":"pse-po-ikin-shqiptaret-nga-ulqini","status":"publish","type":"post","link":"https:\/\/www.visit-ulcinj.com\/blog\/2017\/04\/17\/pse-po-ikin-shqiptaret-nga-ulqini\/","title":{"rendered":"Pse po ikin shqiptar\u00ebt nga Ulqini?"},"content":{"rendered":"<div class=\"featured\"><strong><a href=\"http:\/\/www.visit-ulcinj.com\/blog\/wp-content\/uploads\/2017\/04\/Pse-po-ikin-shqiptar\u00ebt-nga-Ulqini.jpg\"><img loading=\"lazy\" class=\"alignleft wp-image-104416\" src=\"http:\/\/www.visit-ulcinj.com\/blog\/wp-content\/uploads\/2017\/04\/Pse-po-ikin-shqiptar\u00ebt-nga-Ulqini.jpg\" alt=\"\" width=\"508\" height=\"265\" srcset=\"https:\/\/www.visit-ulcinj.com\/blog\/wp-content\/uploads\/2017\/04\/Pse-po-ikin-shqiptar\u00ebt-nga-Ulqini.jpg 702w, https:\/\/www.visit-ulcinj.com\/blog\/wp-content\/uploads\/2017\/04\/Pse-po-ikin-shqiptar\u00ebt-nga-Ulqini-300x156.jpg 300w\" sizes=\"(max-width: 508px) 100vw, 508px\" \/><\/a><\/strong>Ulqini ve\u00e7an\u00ebrisht zonat rurale t\u00eb saj sikurse Ana Malit, \u00ebsht\u00eb e prekur nga nj\u00eb kriz\u00eb e thell\u00eb socio-ekonomike, ku qytetar\u00ebt e t\u00eb gjitha moshave dhe kategorive braktisin vendit pa e ditur n\u00eb t\u00eb v\u00ebrtet\u00eb se ku do t\u00eb shkojn\u00eb dhe \u00e7far\u00eb do t\u00eb b\u00ebjn\u00eb.<\/div>\n<div class=\"featured\">Viteve te fundit jemi p\u00ebrballur me shifra t\u00eb frikshme t\u00eb emigrant\u00ebve q\u00eb kan\u00eb mb\u00ebrritur n\u00eb dyert e shteteve t\u00eb ndryshme te Europ\u00ebs, ku pjesa m\u00eb e madhe e tyre jan\u00eb nga Siria, Libani, Iraku Jordania etj. T\u00eb gjitha k\u00ebto shtete kan\u00eb nj\u00eb em\u00ebrues t\u00eb p\u00ebrbashk\u00ebt, luft\u00ebn qe po zhvillohet n\u00eb vendet e tyre ku paralelisht nj\u00eb eksod t\u00eb till\u00eb po kalon edhe Mali i Zi, Kosova, Shqip\u00ebria, Serbia, Bosna dhe Hercegovina, Maqedonia etj.<\/div>\n<div class=\"featured\"><\/div>\n<div class=\"featured\"><strong>Duke u bazuar n\u00eb titullin e artikullit t\u00eb fundit nga portali TV Teuta, &#8220;Gjendje e r\u00ebnd\u00eb ekonomike n\u00eb Komun\u00ebn e Ulqinit&#8221; deshta t\u00eb reagoj\u00eb, por s\u00eb pari duhet lexuar artikullin.<\/strong><\/div>\n<div class=\"featured\"><a href=\"http:\/\/www.visit-ulcinj.com\/blog\/wp-content\/uploads\/2017\/04\/Shefki-Keko-Lamovic.jpg\"><img loading=\"lazy\" class=\"alignleft wp-image-104394\" src=\"http:\/\/www.visit-ulcinj.com\/blog\/wp-content\/uploads\/2017\/04\/Shefki-Keko-Lamovic.jpg\" alt=\"\" width=\"508\" height=\"243\" srcset=\"https:\/\/www.visit-ulcinj.com\/blog\/wp-content\/uploads\/2017\/04\/Shefki-Keko-Lamovic.jpg 702w, https:\/\/www.visit-ulcinj.com\/blog\/wp-content\/uploads\/2017\/04\/Shefki-Keko-Lamovic-300x144.jpg 300w\" sizes=\"(max-width: 508px) 100vw, 508px\" \/><\/a><\/div>\n<div class=\"featured\"><\/div>\n<div class=\"featured\">Gjendja ekonomike n\u00eb komun\u00ebn e Ulqinit \u00ebsht\u00eb shum\u00eb e v\u00ebshtir\u00eb, pagat mujore nuk i mund\u00ebsojn\u00eb\u00a0 qytetar\u00ebve t\u00eb sigurojn\u00eb as kushtet minimale p\u00ebr jet\u00eb, m\u00ebrgimi i t\u00eb rinj\u00ebve \u00ebsht\u00eb n\u00eb kulm n\u00eb k\u00ebrkes\u00eb t\u00eb nj\u00eb jete m\u00eb t\u00eb mir\u00eb. Kryetari i Sindikat\u00ebs komunale Shefki Keko Lamoviq p\u00ebr k\u00ebt\u00eb situat t\u00eb r\u00ebnd\u00eb ekonomike faj\u00ebson privatizimet e d\u00ebshtuara,dhe stagnimin e investimeve kapitale n\u00eb Komun\u00ebn e Ulqinit.<\/div>\n<div class=\"featured\">\n<p>\u201cN\u00eb vitin 1991 n\u00eb komun\u00ebn e Ulqinit kishte 5.837\u00a0 mij\u00eb veta t\u00eb pun\u00ebsuar ,nd\u00ebrsa\u00a0 n\u00eb dit\u00ebn e sotme 2.423\u00a0 pun\u00ebtor\u00eb, ku gjysma nga to nuk i marrin pagat mujore me nga disa muaj,nd\u00ebrsa nj\u00eb numri t\u00eb konsideruesh\u00ebm nuk i paguhen kontributet dhe sigurimi sh\u00ebndet\u00ebsor,q\u00eb \u00ebsht\u00eb b\u00ebr\u00eb penges\u00eb p\u00ebr pun\u00ebtor\u00ebt q\u00eb kan\u00eb plot\u00ebsuar kushtet p\u00ebr dalje n\u00eb pension,shprehet Lamoviq.<\/p>\n<p>Sa i P\u00ebrket Nd\u00ebrmarrjeve Publike Lamoviq thot\u00eb se \u00ebsht\u00eb nj\u00eb situat\u00eb p\u00ebr tu ardhur keq. Nd\u00ebrmarrja p\u00ebr ruajtjen dhe kultivimin e eg\u00ebrsirave u ka borxh pun\u00ebtor\u00ebve 16 paga mujore, Radio Televizioni Ulqini 13, Qendra p\u00ebr Kultur\u00eb 7, Agjencioni p\u00ebr Nd\u00ebrtim dhe zhvillim 5, Qendra Ditore Sirena , 2 Nd\u00ebrmarrja komunale p\u00ebr pastrim 3, nd\u00ebrsa Uj\u00ebsjell\u00ebsi 1 pag\u00eb mujore. Komuna e Ulqinit ndaj pun\u00ebtor\u00ebve t\u00eb vet ka borxh 4 paga mujore.<\/p>\n<p><strong> Sipas t\u00eb dh\u00ebnave t\u00eb &#8220;MONSTATI&#8221; dhe intervist\u00ebs s\u00eb fundit t\u00eb liderit t\u00eb levizjes &#8220;URA&#8221; Dritan Abazoviqit tha p\u00ebr televizionin publik TVCG se m\u00eb se 300 persona fizik ikin nga Ulqini, ku ai\u00a0 tha se ikjet\u00a0 kan\u00eb qen\u00eb si pasoj\u00eb e qeverisjeve shqiptare dhe asaj malazeze n\u00eb\u00a0 pushtet.<\/strong><\/p>\n<p><a href=\"http:\/\/www.visit-ulcinj.com\/blog\/wp-content\/uploads\/2017\/04\/shtepia-ne-BOBOSHTE-OSTROS.jpg\"><img loading=\"lazy\" class=\"alignleft wp-image-104417\" src=\"http:\/\/www.visit-ulcinj.com\/blog\/wp-content\/uploads\/2017\/04\/shtepia-ne-BOBOSHTE-OSTROS.jpg\" alt=\"\" width=\"508\" height=\"363\" srcset=\"https:\/\/www.visit-ulcinj.com\/blog\/wp-content\/uploads\/2017\/04\/shtepia-ne-BOBOSHTE-OSTROS.jpg 1000w, https:\/\/www.visit-ulcinj.com\/blog\/wp-content\/uploads\/2017\/04\/shtepia-ne-BOBOSHTE-OSTROS-300x214.jpg 300w, https:\/\/www.visit-ulcinj.com\/blog\/wp-content\/uploads\/2017\/04\/shtepia-ne-BOBOSHTE-OSTROS-768x548.jpg 768w\" sizes=\"(max-width: 508px) 100vw, 508px\" \/><\/a><\/p>\n<p>Ulqinak\u00ebt, Ana Malsit, Kranjan\u00ebt po shesin \u00e7far\u00eb kan\u00eb, l\u00ebne pas \u00e7do gj\u00eb dhe ikin &#8220;nat\u00ebn p\u00ebr h\u00ebn\u00eb'&#8221; n\u00eb vende t\u00eb ndryshme Amerik\u00eb, Kanad\u00eb, vende t\u00eb Europ\u00ebs dhe m\u00eb larg madje edhe n\u00eb Australi.<\/p>\n<p>Ulqinak\u00ebt ikin sepse u zhg\u00ebnjyen nga premtimet elektorale t\u00eb qeveris\u00eb n\u00eb pushtet.<\/p>\n<p>Pakkush ose askush n\u00eb Ulqin nuk i hyn politik\u00ebs p\u00ebr t\u00eb p\u00ebrmir\u00ebsuar jet\u00ebn e t\u00eb tjer\u00ebve. Ofertat e politikan\u00ebve p\u00ebr pun\u00ebsim n\u00eb Ulqin kur nuk ishin t\u00eb m\u00ebdha. Sot nd\u00ebrkoh\u00eb m\u00eb shum\u00eb jan\u00eb larguar nga puna, edhe ato pak q\u00eb kan mbetur\u00a0 shpallin falimentin. N\u00eb k\u00ebt\u00eb m\u00ebnyr\u00eb ulqinak\u00ebt humb\u00ebn besimin tek politika at\u00ebher\u00eb kur besonin me shum\u00eb.<\/p>\n<p>Ulqini dhe ve\u00e7an\u00ebrisht zonat rurale sikurse Ana Malit dhe Kraja, \u00ebsht\u00eb e prekur nga nj\u00eb kriz\u00eb e thell\u00eb socio-ekonomike, ku qytetar\u00ebt e t\u00eb gjitha moshave dhe kategorive braktisin vendit pa e ditur n\u00eb t\u00eb v\u00ebrtet\u00eb se ku do t\u00eb shkojn\u00eb dhe \u00e7far\u00eb do t\u00eb b\u00ebjn\u00eb. P\u00ebrgjegj\u00ebsit kryesor\u00eb jan\u00eb politikan\u00ebt, t\u00eb cil\u00ebt p\u00ebrpiqen ta \u00e7\u2019dramatizojn\u00eb situat\u00ebn n\u00eb syt\u00eb e bot\u00ebs, me nj\u00eb leht\u00ebsi shqet\u00ebsuese. Politikan\u00eb pa p\u00ebrvoj\u00eb, q\u00eb z\u00ebn\u00eb postet ky\u00e7e, abuzojn\u00eb me detyr\u00ebn, vjedhin fondet publike, me t\u00eb shkuar t\u00eb lidhur me krimin, duke mos qen\u00eb t\u00eb aft\u00eb t\u00eb ringjallin ekonomin\u00eb e Ulqinit, q\u00eb tallen me qytetar\u00ebt gjat\u00eb fushatave elektorale, po e \u00e7ojn\u00eb Ulqinin drejt falimentimit\u201d.<\/p>\n<p><a href=\"http:\/\/www.visit-ulcinj.com\/blog\/wp-content\/uploads\/2017\/04\/per-ulqin.jpg\"><img loading=\"lazy\" class=\"alignleft wp-image-104424\" src=\"http:\/\/www.visit-ulcinj.com\/blog\/wp-content\/uploads\/2017\/04\/per-ulqin.jpg\" alt=\"\" width=\"508\" height=\"381\" srcset=\"https:\/\/www.visit-ulcinj.com\/blog\/wp-content\/uploads\/2017\/04\/per-ulqin.jpg 640w, https:\/\/www.visit-ulcinj.com\/blog\/wp-content\/uploads\/2017\/04\/per-ulqin-300x225.jpg 300w\" sizes=\"(max-width: 508px) 100vw, 508px\" \/><\/a><\/p>\n<p>Ulqini \u00ebsht\u00eb shnd\u00ebrruar me shpejt\u00ebsi n\u00eb nj\u00eb vend t\u00eb pashpres\u00eb, ku gjithkush shikon t\u00eb largohet e t\u00eb k\u00ebrkoj\u00eb jet\u00eb ma t\u00eb mir\u00eb.<br \/>\nM\u00eb vjen keq por fatkeq\u00ebsisht ky \u00ebsht\u00eb realiteti i Ulqinit n\u00eb dit\u00ebt e sotme. Un\u00eb qesh i ri, kurse sot i vjet\u00ebr dhe bot\u00ebkuptimi im nuk e pranon nj\u00eb realitet t\u00eb till\u00eb dhe prandaj u largova dhe emigrova.<\/p>\n<p>&nbsp;<\/p>\n<!--YouTube Error: bad URL entered-->\n<\/div>\n","protected":false},"excerpt":{"rendered":"<p>Ulqini ve\u00e7an\u00ebrisht zonat rurale t\u00eb saj sikurse Ana Malit, \u00ebsht\u00eb e prekur nga nj\u00eb kriz\u00eb e thell\u00eb socio-ekonomike, ku qytetar\u00ebt e t\u00eb gjitha moshave dhe kategorive braktisin vendit pa e ditur n\u00eb t\u00eb v\u00ebrtet\u00eb se ku do t\u00eb shkojn\u00eb dhe \u00e7far\u00eb do t\u00eb b\u00ebjn\u00eb. Viteve te fundit jemi p\u00ebrballur me shifra t\u00eb frikshme t\u00eb emigrant\u00ebve [&hellip;]<\/p>\n","protected":false},"author":1,"featured_media":0,"comment_status":"closed","ping_status":"closed","sticky":false,"template":"","format":"standard","meta":{"spay_email":"","jetpack_publicize_message":"","jetpack_is_tweetstorm":false,"jetpack_publicize_feature_enabled":true},"categories":[7,1],"tags":[],"jetpack_publicize_connections":[],"yoast_head":"<!-- This site is optimized with the Yoast SEO plugin v19.1 - https:\/\/yoast.com\/wordpress\/plugins\/seo\/ -->\n<title>Pse po ikin shqiptar\u00ebt nga Ulqini? - Lajme nga Ulqini<\/title>\n<meta name=\"description\" content=\"Ulqini ve\u00e7an\u00ebrisht zonat rurale t\u00eb saj sikurse Ana Malit, \u00ebsht\u00eb e prekur nga nj\u00eb kriz\u00eb e thell\u00eb socio-ekonomike, ku qytetar\u00ebt e t\u00eb gjitha moshave dhe\" \/>\n<meta name=\"robots\" content=\"index, follow, max-snippet:-1, max-image-preview:large, max-video-preview:-1\" \/>\n<link rel=\"canonical\" href=\"https:\/\/www.visit-ulcinj.com\/blog\/2017\/04\/17\/pse-po-ikin-shqiptaret-nga-ulqini\/\" \/>\n<meta property=\"og:locale\" content=\"en_US\" \/>\n<meta property=\"og:type\" content=\"article\" \/>\n<meta property=\"og:title\" content=\"Pse po ikin shqiptar\u00ebt nga Ulqini? - Lajme nga Ulqini\" \/>\n<meta property=\"og:description\" content=\"Ulqini ve\u00e7an\u00ebrisht zonat rurale t\u00eb saj sikurse Ana Malit, \u00ebsht\u00eb e prekur nga nj\u00eb kriz\u00eb e thell\u00eb socio-ekonomike, ku qytetar\u00ebt e t\u00eb gjitha moshave dhe\" \/>\n<meta property=\"og:url\" content=\"https:\/\/www.visit-ulcinj.com\/blog\/2017\/04\/17\/pse-po-ikin-shqiptaret-nga-ulqini\/\" \/>\n<meta property=\"og:site_name\" content=\"Lajme nga Ulqini\" \/>\n<meta property=\"article:published_time\" content=\"2017-04-17T17:04:47+00:00\" \/>\n<meta property=\"article:modified_time\" content=\"2017-04-19T09:49:50+00:00\" \/>\n<meta property=\"og:image\" content=\"http:\/\/www.visit-ulcinj.com\/blog\/wp-content\/uploads\/2017\/04\/Shefki-Keko-Lamovic.jpg\" \/>\n<meta name=\"twitter:label1\" content=\"Written by\" \/>\n\t<meta name=\"twitter:data1\" content=\"ulqini\" \/>\n\t<meta name=\"twitter:label2\" content=\"Est. reading time\" \/>\n\t<meta name=\"twitter:data2\" content=\"4 minutes\" \/>\n<script type=\"application\/ld+json\" class=\"yoast-schema-graph\">{\"@context\":\"https:\/\/schema.org\",\"@graph\":[{\"@type\":\"WebSite\",\"@id\":\"https:\/\/www.visit-ulcinj.com\/blog\/#website\",\"url\":\"https:\/\/www.visit-ulcinj.com\/blog\/\",\"name\":\"Lajme nga Ulqini\",\"description\":\"Lajme,Vijesti,Ulqini,Ulqin,Crna Gora,Mali i Zi\",\"potentialAction\":[{\"@type\":\"SearchAction\",\"target\":{\"@type\":\"EntryPoint\",\"urlTemplate\":\"https:\/\/www.visit-ulcinj.com\/blog\/?s={search_term_string}\"},\"query-input\":\"required name=search_term_string\"}],\"inLanguage\":\"en-US\"},{\"@type\":\"ImageObject\",\"inLanguage\":\"en-US\",\"@id\":\"https:\/\/www.visit-ulcinj.com\/blog\/2017\/04\/17\/pse-po-ikin-shqiptaret-nga-ulqini\/#primaryimage\",\"url\":\"https:\/\/www.visit-ulcinj.com\/blog\/wp-content\/uploads\/2017\/04\/Shefki-Keko-Lamovic.jpg\",\"contentUrl\":\"https:\/\/www.visit-ulcinj.com\/blog\/wp-content\/uploads\/2017\/04\/Shefki-Keko-Lamovic.jpg\",\"width\":702,\"height\":336},{\"@type\":\"WebPage\",\"@id\":\"https:\/\/www.visit-ulcinj.com\/blog\/2017\/04\/17\/pse-po-ikin-shqiptaret-nga-ulqini\/#webpage\",\"url\":\"https:\/\/www.visit-ulcinj.com\/blog\/2017\/04\/17\/pse-po-ikin-shqiptaret-nga-ulqini\/\",\"name\":\"Pse po ikin shqiptar\u00ebt nga Ulqini? - Lajme nga Ulqini\",\"isPartOf\":{\"@id\":\"https:\/\/www.visit-ulcinj.com\/blog\/#website\"},\"primaryImageOfPage\":{\"@id\":\"https:\/\/www.visit-ulcinj.com\/blog\/2017\/04\/17\/pse-po-ikin-shqiptaret-nga-ulqini\/#primaryimage\"},\"datePublished\":\"2017-04-17T17:04:47+00:00\",\"dateModified\":\"2017-04-19T09:49:50+00:00\",\"author\":{\"@id\":\"https:\/\/www.visit-ulcinj.com\/blog\/#\/schema\/person\/dcab619c614d3038751c63bc2aadc06d\"},\"description\":\"Ulqini ve\u00e7an\u00ebrisht zonat rurale t\u00eb saj sikurse Ana Malit, \u00ebsht\u00eb e prekur nga nj\u00eb kriz\u00eb e thell\u00eb socio-ekonomike, ku qytetar\u00ebt e t\u00eb gjitha moshave dhe\",\"breadcrumb\":{\"@id\":\"https:\/\/www.visit-ulcinj.com\/blog\/2017\/04\/17\/pse-po-ikin-shqiptaret-nga-ulqini\/#breadcrumb\"},\"inLanguage\":\"en-US\",\"potentialAction\":[{\"@type\":\"ReadAction\",\"target\":[\"https:\/\/www.visit-ulcinj.com\/blog\/2017\/04\/17\/pse-po-ikin-shqiptaret-nga-ulqini\/\"]}]},{\"@type\":\"BreadcrumbList\",\"@id\":\"https:\/\/www.visit-ulcinj.com\/blog\/2017\/04\/17\/pse-po-ikin-shqiptaret-nga-ulqini\/#breadcrumb\",\"itemListElement\":[{\"@type\":\"ListItem\",\"position\":1,\"name\":\"Pse po ikin shqiptar\u00ebt nga Ulqini?\"}]},{\"@type\":\"Person\",\"@id\":\"https:\/\/www.visit-ulcinj.com\/blog\/#\/schema\/person\/dcab619c614d3038751c63bc2aadc06d\",\"name\":\"ulqini\",\"sameAs\":[\"http:\/\/www.visit-ulcinj.com\"],\"url\":\"https:\/\/www.visit-ulcinj.com\/blog\/author\/admin\/\"}]}<\/script>\n<!-- \/ Yoast SEO plugin. -->","yoast_head_json":{"title":"Pse po ikin shqiptar\u00ebt nga Ulqini? - Lajme nga Ulqini","description":"Ulqini ve\u00e7an\u00ebrisht zonat rurale t\u00eb saj sikurse Ana Malit, \u00ebsht\u00eb e prekur nga nj\u00eb kriz\u00eb e thell\u00eb socio-ekonomike, ku qytetar\u00ebt e t\u00eb gjitha moshave dhe","robots":{"index":"index","follow":"follow","max-snippet":"max-snippet:-1","max-image-preview":"max-image-preview:large","max-video-preview":"max-video-preview:-1"},"canonical":"https:\/\/www.visit-ulcinj.com\/blog\/2017\/04\/17\/pse-po-ikin-shqiptaret-nga-ulqini\/","og_locale":"en_US","og_type":"article","og_title":"Pse po ikin shqiptar\u00ebt nga Ulqini? - Lajme nga Ulqini","og_description":"Ulqini ve\u00e7an\u00ebrisht zonat rurale t\u00eb saj sikurse Ana Malit, \u00ebsht\u00eb e prekur nga nj\u00eb kriz\u00eb e thell\u00eb socio-ekonomike, ku qytetar\u00ebt e t\u00eb gjitha moshave dhe","og_url":"https:\/\/www.visit-ulcinj.com\/blog\/2017\/04\/17\/pse-po-ikin-shqiptaret-nga-ulqini\/","og_site_name":"Lajme nga Ulqini","article_published_time":"2017-04-17T17:04:47+00:00","article_modified_time":"2017-04-19T09:49:50+00:00","og_image":[{"url":"http:\/\/www.visit-ulcinj.com\/blog\/wp-content\/uploads\/2017\/04\/Shefki-Keko-Lamovic.jpg"}],"twitter_misc":{"Written by":"ulqini","Est. reading time":"4 minutes"},"schema":{"@context":"https:\/\/schema.org","@graph":[{"@type":"WebSite","@id":"https:\/\/www.visit-ulcinj.com\/blog\/#website","url":"https:\/\/www.visit-ulcinj.com\/blog\/","name":"Lajme nga Ulqini","description":"Lajme,Vijesti,Ulqini,Ulqin,Crna Gora,Mali i Zi","potentialAction":[{"@type":"SearchAction","target":{"@type":"EntryPoint","urlTemplate":"https:\/\/www.visit-ulcinj.com\/blog\/?s={search_term_string}"},"query-input":"required name=search_term_string"}],"inLanguage":"en-US"},{"@type":"ImageObject","inLanguage":"en-US","@id":"https:\/\/www.visit-ulcinj.com\/blog\/2017\/04\/17\/pse-po-ikin-shqiptaret-nga-ulqini\/#primaryimage","url":"https:\/\/www.visit-ulcinj.com\/blog\/wp-content\/uploads\/2017\/04\/Shefki-Keko-Lamovic.jpg","contentUrl":"https:\/\/www.visit-ulcinj.com\/blog\/wp-content\/uploads\/2017\/04\/Shefki-Keko-Lamovic.jpg","width":702,"height":336},{"@type":"WebPage","@id":"https:\/\/www.visit-ulcinj.com\/blog\/2017\/04\/17\/pse-po-ikin-shqiptaret-nga-ulqini\/#webpage","url":"https:\/\/www.visit-ulcinj.com\/blog\/2017\/04\/17\/pse-po-ikin-shqiptaret-nga-ulqini\/","name":"Pse po ikin shqiptar\u00ebt nga Ulqini? - Lajme nga Ulqini","isPartOf":{"@id":"https:\/\/www.visit-ulcinj.com\/blog\/#website"},"primaryImageOfPage":{"@id":"https:\/\/www.visit-ulcinj.com\/blog\/2017\/04\/17\/pse-po-ikin-shqiptaret-nga-ulqini\/#primaryimage"},"datePublished":"2017-04-17T17:04:47+00:00","dateModified":"2017-04-19T09:49:50+00:00","author":{"@id":"https:\/\/www.visit-ulcinj.com\/blog\/#\/schema\/person\/dcab619c614d3038751c63bc2aadc06d"},"description":"Ulqini ve\u00e7an\u00ebrisht zonat rurale t\u00eb saj sikurse Ana Malit, \u00ebsht\u00eb e prekur nga nj\u00eb kriz\u00eb e thell\u00eb socio-ekonomike, ku qytetar\u00ebt e t\u00eb gjitha moshave dhe","breadcrumb":{"@id":"https:\/\/www.visit-ulcinj.com\/blog\/2017\/04\/17\/pse-po-ikin-shqiptaret-nga-ulqini\/#breadcrumb"},"inLanguage":"en-US","potentialAction":[{"@type":"ReadAction","target":["https:\/\/www.visit-ulcinj.com\/blog\/2017\/04\/17\/pse-po-ikin-shqiptaret-nga-ulqini\/"]}]},{"@type":"BreadcrumbList","@id":"https:\/\/www.visit-ulcinj.com\/blog\/2017\/04\/17\/pse-po-ikin-shqiptaret-nga-ulqini\/#breadcrumb","itemListElement":[{"@type":"ListItem","position":1,"name":"Pse po ikin shqiptar\u00ebt nga Ulqini?"}]},{"@type":"Person","@id":"https:\/\/www.visit-ulcinj.com\/blog\/#\/schema\/person\/dcab619c614d3038751c63bc2aadc06d","name":"ulqini","sameAs":["http:\/\/www.visit-ulcinj.com"],"url":"https:\/\/www.visit-ulcinj.com\/blog\/author\/admin\/"}]}},"jetpack_featured_media_url":"","jetpack_sharing_enabled":true,"jetpack_shortlink":"https:\/\/wp.me\/pe6lTn-ra7","_links":{"self":[{"href":"https:\/\/www.visit-ulcinj.com\/blog\/wp-json\/wp\/v2\/posts\/104415"}],"collection":[{"href":"https:\/\/www.visit-ulcinj.com\/blog\/wp-json\/wp\/v2\/posts"}],"about":[{"href":"https:\/\/www.visit-ulcinj.com\/blog\/wp-json\/wp\/v2\/types\/post"}],"author":[{"embeddable":true,"href":"https:\/\/www.visit-ulcinj.com\/blog\/wp-json\/wp\/v2\/users\/1"}],"replies":[{"embeddable":true,"href":"https:\/\/www.visit-ulcinj.com\/blog\/wp-json\/wp\/v2\/comments?post=104415"}],"version-history":[{"count":8,"href":"https:\/\/www.visit-ulcinj.com\/blog\/wp-json\/wp\/v2\/posts\/104415\/revisions"}],"predecessor-version":[{"id":104428,"href":"https:\/\/www.visit-ulcinj.com\/blog\/wp-json\/wp\/v2\/posts\/104415\/revisions\/104428"}],"wp:attachment":[{"href":"https:\/\/www.visit-ulcinj.com\/blog\/wp-json\/wp\/v2\/media?parent=104415"}],"wp:term":[{"taxonomy":"category","embeddable":true,"href":"https:\/\/www.visit-ulcinj.com\/blog\/wp-json\/wp\/v2\/categories?post=104415"},{"taxonomy":"post_tag","embeddable":true,"href":"https:\/\/www.visit-ulcinj.com\/blog\/wp-json\/wp\/v2\/tags?post=104415"}],"curies":[{"name":"wp","href":"https:\/\/api.w.org\/{rel}","templated":true}]}}