{"id":104438,"date":"2017-04-17T21:29:44","date_gmt":"2017-04-17T20:29:44","guid":{"rendered":"http:\/\/www.visit-ulcinj.com\/blog\/?p=104438"},"modified":"2017-04-17T21:30:16","modified_gmt":"2017-04-17T20:30:16","slug":"interviste-me-kryetaren-e-fondacionit-femijet-shqiptar-liri-berisha-ne-emisionin-portreti","status":"publish","type":"post","link":"https:\/\/www.visit-ulcinj.com\/blog\/2017\/04\/17\/interviste-me-kryetaren-e-fondacionit-femijet-shqiptar-liri-berisha-ne-emisionin-portreti\/","title":{"rendered":"Interviste me kryetaren e fondacionit \u201cF\u00ebmij\u00ebt shqiptar\u201d Liri Berisha ne emisionin Portreti"},"content":{"rendered":"<p><strong><a href=\"http:\/\/www.visit-ulcinj.com\/blog\/wp-content\/uploads\/2017\/04\/Liri-Berisha-Hatixhe-Nelaj.jpg\"><img loading=\"lazy\" class=\"alignleft wp-image-104439\" src=\"http:\/\/www.visit-ulcinj.com\/blog\/wp-content\/uploads\/2017\/04\/Liri-Berisha-Hatixhe-Nelaj.jpg\" alt=\"\" width=\"508\" height=\"243\" srcset=\"https:\/\/www.visit-ulcinj.com\/blog\/wp-content\/uploads\/2017\/04\/Liri-Berisha-Hatixhe-Nelaj.jpg 702w, https:\/\/www.visit-ulcinj.com\/blog\/wp-content\/uploads\/2017\/04\/Liri-Berisha-Hatixhe-Nelaj-300x144.jpg 300w\" sizes=\"(max-width: 508px) 100vw, 508px\" \/><\/a>Mund t\u00eb ndiqni emisionin \u201cPortreti\u201d me Hatixhe Nelaj.<\/strong><\/p>\n<p><strong>Protagoniste e emisionit \u00ebsht\u00eb kryetarja e fondacionit \u201cF\u00ebmij\u00ebt shqiptar\u201d, Liri Berisha, mjeke dhe bashk\u00ebshorte e ish kryeministrit t\u00eb Shqip\u00ebris\u00eb Sali Berisha.<\/strong><\/p>\n<!--YouTube Error: bad URL entered-->\n<p>Zonja Liri Berisha bashkeshortja e ish-kryeministrit Sali Berisha e ftuar ne emisionin &#8220;Portreti&#8221; te gazetares Hatixhe Nelaj ne intervistes ka folur per autizmin te femijet dhe per fondacionin qe ajo drejton Femijet shqiptare. Zonja Berisha ka shpjeguar se autizmi eshte nje crregullim i zhvillimit te femijes i cili e shoqeron ate gjithe jeten qe ka nevoje per nje mbeshtetje te vazhdueshme mjekesore edukative sociale. Ajo prej shum\u00eb vitesh kryeson fondacionin Femijet shqiptare. Sipas zonjes Berisha ky fondacion ka per qellim tu vije ne ndihme femijeve shqiptare ne nevoje vecanerisht femijeve shqiptare me nevoja te vecanta. Ajo thote se ne kete grup problematik te femijeve me nevoja te vecanta hyn nje grup i caktuar sic jane talasemiket shume te veshtire hyjne dhe femijet me autizem. Zonja Berisha thekson se femijet me autizem jane problematike edhe per shoqerine shqiptare. Keta femije problematike jane nje problem i madh per shoqerite e pasura dhe te zhvilluara kudo ne bote pasi keta femije kerkojne nje asistence te vazhdueshme asistence profesionale te perbashket te koordinuar dhe ndoshta gjithe jeten.<\/p>\n<p class=\"entry-title\"><strong>Fshati nga ka origjinen Zonja Liri Berisha<\/strong><\/p>\n<p>Nga fshati etno-historik-turistik shqiptar, MARTINAJ, n\u00eb mes dy qyteteve Plav\u00eb dhe Guci, e ka origjin\u00ebn e saj LIRI BERISHA (LIRI REXHEP RAMA BALIDEMAJ) \u2013 ish ZONJA e PARE e SHQIPERISE.<\/p>\n<p>Ky fshat flet shqip, ka luftue shqiptarisht, jeton shqiptarisht\u2026<\/p>\n<p>N\u00eb lart\u00ebsit\u00eb alpine t\u00eb \u201cBjeshk\u00ebve t\u00eb Bekuara\u201d ka tre fshatra t\u00eb m\u00ebdhenj me popullsi shqiptare:Vuthajt n\u00eb Guci me 648 banor\u00eb nga t\u00eb cil\u00ebt 644 shqiptar\u00eb; Martinajt me 172 sht\u00ebpi dhe 532 banor\u00eb nga t\u00eb cil\u00ebt 501<\/p>\n<p>shqiptar\u00eb dhe 13 <span class=\"text_exposed_show\">\u201cmusliman\u00eb\u201d (ish shqiptar\u00eb) e 7 \u201cboshnjak\u00eb\u201d (ish shqiptar\u00eb), etj.; Dacajt n\u00eb komun\u00ebn Rrozhaj\u00eb me 364 banor\u00eb, nga t\u00eb cil\u00ebt 362 shqiptar\u00eb (sipas rregjistrimit zyrtar te Malit te Zi te vitit 2011)..<\/span><\/p>\n<div class=\"text_exposed_show\">\n<p>N\u00eb Martinaj, n\u00eb k\u00ebt\u00eb truall epik e lirik, me legjenda e realitete, edhe \u00e7ikat kan\u00eb luftue p\u00ebr komb t\u00eb vet, si Jerina 22 vje\u00e7are, \u201cshum\u00eb e bukur, e re, e gjat\u00eb, e guximshme\u201d (\u201cNju Jork Times\u201d, 21 maj 1911), \u00e7ika e bajraktarit t\u00eb Martinajt q\u00eb i prini trim\u00ebrisht bajrakut n\u00eb luft\u00ebra kund\u00ebr otoman\u00ebve e sllav\u00ebve derisa iu rrit\u00ebn vllaznit e vet, biles gazeta franceze \u201cLe Petit Journal\u201d e 28 majit 1911 e ka quajt ate \u201cZhan D\u2019Arka shqiptare\u201d (e krahason me kete heroin\u00eb komb\u00ebtare t\u00eb Franc\u00ebs, luft\u00ebtare e shek. XV, Shenjtore e Krisht\u00ebrimit)\u2026<\/p>\n<\/div>\n","protected":false},"excerpt":{"rendered":"<p>Mund t\u00eb ndiqni emisionin \u201cPortreti\u201d me Hatixhe Nelaj. Protagoniste e emisionit \u00ebsht\u00eb kryetarja e fondacionit \u201cF\u00ebmij\u00ebt shqiptar\u201d, Liri Berisha, mjeke dhe bashk\u00ebshorte e ish kryeministrit t\u00eb Shqip\u00ebris\u00eb Sali Berisha. Zonja Liri Berisha bashkeshortja e ish-kryeministrit Sali Berisha e ftuar ne emisionin &#8220;Portreti&#8221; te gazetares Hatixhe Nelaj ne intervistes ka folur per autizmin te femijet dhe [&hellip;]<\/p>\n","protected":false},"author":1,"featured_media":0,"comment_status":"closed","ping_status":"closed","sticky":false,"template":"","format":"standard","meta":{"spay_email":"","jetpack_publicize_message":"","jetpack_is_tweetstorm":false,"jetpack_publicize_feature_enabled":true},"categories":[5],"tags":[],"jetpack_publicize_connections":[],"yoast_head":"<!-- This site is optimized with the Yoast SEO plugin v19.1 - https:\/\/yoast.com\/wordpress\/plugins\/seo\/ -->\n<title>Interviste me kryetaren e fondacionit \u201cF\u00ebmij\u00ebt shqiptar\u201d Liri Berisha ne emisionin Portreti - Lajme nga Ulqini<\/title>\n<meta name=\"description\" content=\"Mund t\u00eb ndiqni emisionin \u201cPortreti\u201d me Hatixhe Nelaj. Protagoniste e emisionit \u00ebsht\u00eb kryetarja e fondacionit \u201cF\u00ebmij\u00ebt shqiptar\u201d, Liri Berisha, mjeke dhe\" \/>\n<meta name=\"robots\" content=\"index, follow, max-snippet:-1, max-image-preview:large, max-video-preview:-1\" \/>\n<link rel=\"canonical\" href=\"https:\/\/www.visit-ulcinj.com\/blog\/2017\/04\/17\/interviste-me-kryetaren-e-fondacionit-femijet-shqiptar-liri-berisha-ne-emisionin-portreti\/\" \/>\n<meta property=\"og:locale\" content=\"en_US\" \/>\n<meta property=\"og:type\" content=\"article\" \/>\n<meta property=\"og:title\" content=\"Interviste me kryetaren e fondacionit \u201cF\u00ebmij\u00ebt shqiptar\u201d Liri Berisha ne emisionin Portreti - Lajme nga Ulqini\" \/>\n<meta property=\"og:description\" content=\"Mund t\u00eb ndiqni emisionin \u201cPortreti\u201d me Hatixhe Nelaj. Protagoniste e emisionit \u00ebsht\u00eb kryetarja e fondacionit \u201cF\u00ebmij\u00ebt shqiptar\u201d, Liri Berisha, mjeke dhe\" \/>\n<meta property=\"og:url\" content=\"https:\/\/www.visit-ulcinj.com\/blog\/2017\/04\/17\/interviste-me-kryetaren-e-fondacionit-femijet-shqiptar-liri-berisha-ne-emisionin-portreti\/\" \/>\n<meta property=\"og:site_name\" content=\"Lajme nga Ulqini\" \/>\n<meta property=\"article:published_time\" content=\"2017-04-17T20:29:44+00:00\" \/>\n<meta property=\"article:modified_time\" content=\"2017-04-17T20:30:16+00:00\" \/>\n<meta property=\"og:image\" content=\"http:\/\/www.visit-ulcinj.com\/blog\/wp-content\/uploads\/2017\/04\/Liri-Berisha-Hatixhe-Nelaj.jpg\" \/>\n<meta name=\"twitter:label1\" content=\"Written by\" \/>\n\t<meta name=\"twitter:data1\" content=\"ulqini\" \/>\n\t<meta name=\"twitter:label2\" content=\"Est. reading time\" \/>\n\t<meta name=\"twitter:data2\" content=\"2 minutes\" \/>\n<script type=\"application\/ld+json\" class=\"yoast-schema-graph\">{\"@context\":\"https:\/\/schema.org\",\"@graph\":[{\"@type\":\"WebSite\",\"@id\":\"https:\/\/www.visit-ulcinj.com\/blog\/#website\",\"url\":\"https:\/\/www.visit-ulcinj.com\/blog\/\",\"name\":\"Lajme nga Ulqini\",\"description\":\"Lajme,Vijesti,Ulqini,Ulqin,Crna Gora,Mali i Zi\",\"potentialAction\":[{\"@type\":\"SearchAction\",\"target\":{\"@type\":\"EntryPoint\",\"urlTemplate\":\"https:\/\/www.visit-ulcinj.com\/blog\/?s={search_term_string}\"},\"query-input\":\"required name=search_term_string\"}],\"inLanguage\":\"en-US\"},{\"@type\":\"ImageObject\",\"inLanguage\":\"en-US\",\"@id\":\"https:\/\/www.visit-ulcinj.com\/blog\/2017\/04\/17\/interviste-me-kryetaren-e-fondacionit-femijet-shqiptar-liri-berisha-ne-emisionin-portreti\/#primaryimage\",\"url\":\"https:\/\/www.visit-ulcinj.com\/blog\/wp-content\/uploads\/2017\/04\/Liri-Berisha-Hatixhe-Nelaj.jpg\",\"contentUrl\":\"https:\/\/www.visit-ulcinj.com\/blog\/wp-content\/uploads\/2017\/04\/Liri-Berisha-Hatixhe-Nelaj.jpg\",\"width\":702,\"height\":336},{\"@type\":\"WebPage\",\"@id\":\"https:\/\/www.visit-ulcinj.com\/blog\/2017\/04\/17\/interviste-me-kryetaren-e-fondacionit-femijet-shqiptar-liri-berisha-ne-emisionin-portreti\/#webpage\",\"url\":\"https:\/\/www.visit-ulcinj.com\/blog\/2017\/04\/17\/interviste-me-kryetaren-e-fondacionit-femijet-shqiptar-liri-berisha-ne-emisionin-portreti\/\",\"name\":\"Interviste me kryetaren e fondacionit \u201cF\u00ebmij\u00ebt shqiptar\u201d Liri Berisha ne emisionin Portreti - Lajme nga Ulqini\",\"isPartOf\":{\"@id\":\"https:\/\/www.visit-ulcinj.com\/blog\/#website\"},\"primaryImageOfPage\":{\"@id\":\"https:\/\/www.visit-ulcinj.com\/blog\/2017\/04\/17\/interviste-me-kryetaren-e-fondacionit-femijet-shqiptar-liri-berisha-ne-emisionin-portreti\/#primaryimage\"},\"datePublished\":\"2017-04-17T20:29:44+00:00\",\"dateModified\":\"2017-04-17T20:30:16+00:00\",\"author\":{\"@id\":\"https:\/\/www.visit-ulcinj.com\/blog\/#\/schema\/person\/dcab619c614d3038751c63bc2aadc06d\"},\"description\":\"Mund t\u00eb ndiqni emisionin \u201cPortreti\u201d me Hatixhe Nelaj. Protagoniste e emisionit \u00ebsht\u00eb kryetarja e fondacionit \u201cF\u00ebmij\u00ebt shqiptar\u201d, Liri Berisha, mjeke dhe\",\"breadcrumb\":{\"@id\":\"https:\/\/www.visit-ulcinj.com\/blog\/2017\/04\/17\/interviste-me-kryetaren-e-fondacionit-femijet-shqiptar-liri-berisha-ne-emisionin-portreti\/#breadcrumb\"},\"inLanguage\":\"en-US\",\"potentialAction\":[{\"@type\":\"ReadAction\",\"target\":[\"https:\/\/www.visit-ulcinj.com\/blog\/2017\/04\/17\/interviste-me-kryetaren-e-fondacionit-femijet-shqiptar-liri-berisha-ne-emisionin-portreti\/\"]}]},{\"@type\":\"BreadcrumbList\",\"@id\":\"https:\/\/www.visit-ulcinj.com\/blog\/2017\/04\/17\/interviste-me-kryetaren-e-fondacionit-femijet-shqiptar-liri-berisha-ne-emisionin-portreti\/#breadcrumb\",\"itemListElement\":[{\"@type\":\"ListItem\",\"position\":1,\"name\":\"Interviste me kryetaren e fondacionit \u201cF\u00ebmij\u00ebt shqiptar\u201d Liri Berisha ne emisionin Portreti\"}]},{\"@type\":\"Person\",\"@id\":\"https:\/\/www.visit-ulcinj.com\/blog\/#\/schema\/person\/dcab619c614d3038751c63bc2aadc06d\",\"name\":\"ulqini\",\"sameAs\":[\"http:\/\/www.visit-ulcinj.com\"],\"url\":\"https:\/\/www.visit-ulcinj.com\/blog\/author\/admin\/\"}]}<\/script>\n<!-- \/ Yoast SEO plugin. -->","yoast_head_json":{"title":"Interviste me kryetaren e fondacionit \u201cF\u00ebmij\u00ebt shqiptar\u201d Liri Berisha ne emisionin Portreti - Lajme nga Ulqini","description":"Mund t\u00eb ndiqni emisionin \u201cPortreti\u201d me Hatixhe Nelaj. Protagoniste e emisionit \u00ebsht\u00eb kryetarja e fondacionit \u201cF\u00ebmij\u00ebt shqiptar\u201d, Liri Berisha, mjeke dhe","robots":{"index":"index","follow":"follow","max-snippet":"max-snippet:-1","max-image-preview":"max-image-preview:large","max-video-preview":"max-video-preview:-1"},"canonical":"https:\/\/www.visit-ulcinj.com\/blog\/2017\/04\/17\/interviste-me-kryetaren-e-fondacionit-femijet-shqiptar-liri-berisha-ne-emisionin-portreti\/","og_locale":"en_US","og_type":"article","og_title":"Interviste me kryetaren e fondacionit \u201cF\u00ebmij\u00ebt shqiptar\u201d Liri Berisha ne emisionin Portreti - Lajme nga Ulqini","og_description":"Mund t\u00eb ndiqni emisionin \u201cPortreti\u201d me Hatixhe Nelaj. Protagoniste e emisionit \u00ebsht\u00eb kryetarja e fondacionit \u201cF\u00ebmij\u00ebt shqiptar\u201d, Liri Berisha, mjeke dhe","og_url":"https:\/\/www.visit-ulcinj.com\/blog\/2017\/04\/17\/interviste-me-kryetaren-e-fondacionit-femijet-shqiptar-liri-berisha-ne-emisionin-portreti\/","og_site_name":"Lajme nga Ulqini","article_published_time":"2017-04-17T20:29:44+00:00","article_modified_time":"2017-04-17T20:30:16+00:00","og_image":[{"url":"http:\/\/www.visit-ulcinj.com\/blog\/wp-content\/uploads\/2017\/04\/Liri-Berisha-Hatixhe-Nelaj.jpg"}],"twitter_misc":{"Written by":"ulqini","Est. reading time":"2 minutes"},"schema":{"@context":"https:\/\/schema.org","@graph":[{"@type":"WebSite","@id":"https:\/\/www.visit-ulcinj.com\/blog\/#website","url":"https:\/\/www.visit-ulcinj.com\/blog\/","name":"Lajme nga Ulqini","description":"Lajme,Vijesti,Ulqini,Ulqin,Crna Gora,Mali i Zi","potentialAction":[{"@type":"SearchAction","target":{"@type":"EntryPoint","urlTemplate":"https:\/\/www.visit-ulcinj.com\/blog\/?s={search_term_string}"},"query-input":"required name=search_term_string"}],"inLanguage":"en-US"},{"@type":"ImageObject","inLanguage":"en-US","@id":"https:\/\/www.visit-ulcinj.com\/blog\/2017\/04\/17\/interviste-me-kryetaren-e-fondacionit-femijet-shqiptar-liri-berisha-ne-emisionin-portreti\/#primaryimage","url":"https:\/\/www.visit-ulcinj.com\/blog\/wp-content\/uploads\/2017\/04\/Liri-Berisha-Hatixhe-Nelaj.jpg","contentUrl":"https:\/\/www.visit-ulcinj.com\/blog\/wp-content\/uploads\/2017\/04\/Liri-Berisha-Hatixhe-Nelaj.jpg","width":702,"height":336},{"@type":"WebPage","@id":"https:\/\/www.visit-ulcinj.com\/blog\/2017\/04\/17\/interviste-me-kryetaren-e-fondacionit-femijet-shqiptar-liri-berisha-ne-emisionin-portreti\/#webpage","url":"https:\/\/www.visit-ulcinj.com\/blog\/2017\/04\/17\/interviste-me-kryetaren-e-fondacionit-femijet-shqiptar-liri-berisha-ne-emisionin-portreti\/","name":"Interviste me kryetaren e fondacionit \u201cF\u00ebmij\u00ebt shqiptar\u201d Liri Berisha ne emisionin Portreti - Lajme nga Ulqini","isPartOf":{"@id":"https:\/\/www.visit-ulcinj.com\/blog\/#website"},"primaryImageOfPage":{"@id":"https:\/\/www.visit-ulcinj.com\/blog\/2017\/04\/17\/interviste-me-kryetaren-e-fondacionit-femijet-shqiptar-liri-berisha-ne-emisionin-portreti\/#primaryimage"},"datePublished":"2017-04-17T20:29:44+00:00","dateModified":"2017-04-17T20:30:16+00:00","author":{"@id":"https:\/\/www.visit-ulcinj.com\/blog\/#\/schema\/person\/dcab619c614d3038751c63bc2aadc06d"},"description":"Mund t\u00eb ndiqni emisionin \u201cPortreti\u201d me Hatixhe Nelaj. Protagoniste e emisionit \u00ebsht\u00eb kryetarja e fondacionit \u201cF\u00ebmij\u00ebt shqiptar\u201d, Liri Berisha, mjeke dhe","breadcrumb":{"@id":"https:\/\/www.visit-ulcinj.com\/blog\/2017\/04\/17\/interviste-me-kryetaren-e-fondacionit-femijet-shqiptar-liri-berisha-ne-emisionin-portreti\/#breadcrumb"},"inLanguage":"en-US","potentialAction":[{"@type":"ReadAction","target":["https:\/\/www.visit-ulcinj.com\/blog\/2017\/04\/17\/interviste-me-kryetaren-e-fondacionit-femijet-shqiptar-liri-berisha-ne-emisionin-portreti\/"]}]},{"@type":"BreadcrumbList","@id":"https:\/\/www.visit-ulcinj.com\/blog\/2017\/04\/17\/interviste-me-kryetaren-e-fondacionit-femijet-shqiptar-liri-berisha-ne-emisionin-portreti\/#breadcrumb","itemListElement":[{"@type":"ListItem","position":1,"name":"Interviste me kryetaren e fondacionit \u201cF\u00ebmij\u00ebt shqiptar\u201d Liri Berisha ne emisionin Portreti"}]},{"@type":"Person","@id":"https:\/\/www.visit-ulcinj.com\/blog\/#\/schema\/person\/dcab619c614d3038751c63bc2aadc06d","name":"ulqini","sameAs":["http:\/\/www.visit-ulcinj.com"],"url":"https:\/\/www.visit-ulcinj.com\/blog\/author\/admin\/"}]}},"jetpack_featured_media_url":"","jetpack_sharing_enabled":true,"jetpack_shortlink":"https:\/\/wp.me\/pe6lTn-rau","_links":{"self":[{"href":"https:\/\/www.visit-ulcinj.com\/blog\/wp-json\/wp\/v2\/posts\/104438"}],"collection":[{"href":"https:\/\/www.visit-ulcinj.com\/blog\/wp-json\/wp\/v2\/posts"}],"about":[{"href":"https:\/\/www.visit-ulcinj.com\/blog\/wp-json\/wp\/v2\/types\/post"}],"author":[{"embeddable":true,"href":"https:\/\/www.visit-ulcinj.com\/blog\/wp-json\/wp\/v2\/users\/1"}],"replies":[{"embeddable":true,"href":"https:\/\/www.visit-ulcinj.com\/blog\/wp-json\/wp\/v2\/comments?post=104438"}],"version-history":[{"count":2,"href":"https:\/\/www.visit-ulcinj.com\/blog\/wp-json\/wp\/v2\/posts\/104438\/revisions"}],"predecessor-version":[{"id":104441,"href":"https:\/\/www.visit-ulcinj.com\/blog\/wp-json\/wp\/v2\/posts\/104438\/revisions\/104441"}],"wp:attachment":[{"href":"https:\/\/www.visit-ulcinj.com\/blog\/wp-json\/wp\/v2\/media?parent=104438"}],"wp:term":[{"taxonomy":"category","embeddable":true,"href":"https:\/\/www.visit-ulcinj.com\/blog\/wp-json\/wp\/v2\/categories?post=104438"},{"taxonomy":"post_tag","embeddable":true,"href":"https:\/\/www.visit-ulcinj.com\/blog\/wp-json\/wp\/v2\/tags?post=104438"}],"curies":[{"name":"wp","href":"https:\/\/api.w.org\/{rel}","templated":true}]}}