{"id":104444,"date":"2017-04-19T10:19:05","date_gmt":"2017-04-19T09:19:05","guid":{"rendered":"http:\/\/www.visit-ulcinj.com\/blog\/?p=104444"},"modified":"2017-04-19T10:19:25","modified_gmt":"2017-04-19T09:19:25","slug":"nika-sherimi-pallmave-ne-ulqin-po-behet-metoden-e-doktorr-adhamudhit","status":"publish","type":"post","link":"https:\/\/www.visit-ulcinj.com\/blog\/2017\/04\/19\/nika-sherimi-pallmave-ne-ulqin-po-behet-metoden-e-doktorr-adhamudhit\/","title":{"rendered":"Nika: Sh\u00ebrimi i pallmave n\u00eb Ulqin po b\u00ebhet me metod\u00ebn e doktorr Adhamudhit&#8230;?!!"},"content":{"rendered":"<p><strong><a href=\"http:\/\/www.visit-ulcinj.com\/blog\/wp-content\/uploads\/2014\/04\/Sterpikja-palmave-Ulqin.jpg\"><img loading=\"lazy\" class=\"alignleft wp-image-81325\" src=\"http:\/\/www.visit-ulcinj.com\/blog\/wp-content\/uploads\/2014\/04\/Sterpikja-palmave-Ulqin.jpg\" alt=\"\" width=\"508\" height=\"254\" srcset=\"https:\/\/www.visit-ulcinj.com\/blog\/wp-content\/uploads\/2014\/04\/Sterpikja-palmave-Ulqin.jpg 923w, https:\/\/www.visit-ulcinj.com\/blog\/wp-content\/uploads\/2014\/04\/Sterpikja-palmave-Ulqin-300x149.jpg 300w\" sizes=\"(max-width: 508px) 100vw, 508px\" \/><\/a>Shkruan\u00a0 Muhamet\u00a0 Nika<\/strong><\/p>\n<p>Sot\u00a0 duke pir\u00eb kafen\u00eb\u00a0 e m\u00ebngjesit\u00a0 dhe pash\u00eb\u00a0 pallmat e thara\u00a0 n\u00eb \u00a0zem\u00ebr t\u00eb qytet m\u00eb dh\u00ebmbi zemra\u00a0 dhe thash\u00a0 \u00e7far\u00eb informacioni\u00a0 m\u00eb siguron makina kontrolluese \u00a0\u00a0gog\u00ebl p\u00ebr k\u00ebt\u00eb gjendje alarmante. ..?! Shpejt\u00a0 e shpejt sh\u00ebnova n\u00eb te\u00a0 \u00a0adres\u00ebn , Ulqini- komuna\u00a0 &#8211; palma, \u00a0dhe\u00a0 mu afruan\u00a0 disa gjetje e t\u00eb cilat zbulojn\u00eb \u00a0doemos edhe p\u00ebrgjegj\u00ebsit\u00eb\u00a0 p\u00ebr zhdukjen e tyre \u00a0t\u00eb nga dalt\u00eb por t\u00eb sigurt, nga ku ve\u00e7uam\u00a0 si m\u00eb posht\u00eb:<\/p>\n<ul>\n<li><em>Situata me pallmat , m\u00eb 19.01.2015 <\/em><\/li>\n<\/ul>\n<p>Nga pushteti lokal u tha se , \u201c d\u00ebmtuesi i quajtur \u201cBuburreci i kuq \u201cq\u00eb ka sulmuar para dy viteve palmat n\u00eb komun\u00ebn e Ulqinit e ka zvog\u00ebluar numrin k\u00ebsaj bime tropikale p\u00ebr 28 rr\u00ebnj\u00eb. N\u00eb komun\u00ebn e Ulqinit num\u00ebrohen rreth 300 palma. \u00cbsht\u00eb b\u00ebr\u00eb prerja e palmave t\u00eb d\u00ebmtuara , m\u00eb pas ndezja\u00a0 e tyre\u00a0 dhe st\u00ebrpikja e trungut me l\u00ebng\u00eb t\u00eb posa\u00e7\u00ebm kund\u00ebr k\u00ebtij buburreci me q\u00ebllim\u00a0 q\u00eb krimbi d\u00ebmtues t\u00eb mos kish mund\u00ebsi t\u00eb p\u00ebrhapej\u00a0 n\u00eb palma tjera.<\/p>\n<p>Tamara Popoviq nga Ministria e bujq\u00ebsis\u00eb deklaroi se\u2026\u201dDy vitet e fundit shpenzimet e st\u00ebrpikjes i ka mbuluar Ministria e Bujq\u00ebsis\u00eb,k\u00ebt\u00eb vit shpenzimet do ti b\u00ebj\u00eb vet\u00eb komuna e Ulqinit shprehet Z .Popoviq.<a href=\"https:\/\/www.youtube.com\/watch?v=YMoYBa-CU9g\">https:\/\/www.youtube.com\/watch?v=YMoYBa-CU9g<\/a><\/p>\n<p>Nd\u00ebrkaq,Milazim Mustafa ,sekretar p\u00ebr ekonomi ,deklaroi se shpenzimet p\u00ebr st\u00ebrpikje jan\u00eb goxha t\u00eb m\u00ebdha ,sillen rreth 30 mij\u00eb euro,por q\u00eb t\u00eb shp\u00ebtojm\u00eb palmat procesi duhet t\u00eb kryhet\u2026.\u201d<\/p>\n<ul>\n<li><strong><em>Situata me pallmat pas dy viteve , m\u00eb \u00a002.2017<\/em><\/strong><\/li>\n<\/ul>\n<p>P\u00ebrs\u00ebri \u00a0n\u00eb takim u tha \u201d\u00a0 <strong>Situata alarmante me bubrrecin e kuq t\u00eb palmave n\u00eb Ulqin\u201d?!<\/strong><\/p>\n<p>\u201cQyqa \u00a0un\u00eb mos pri\u00e7a p\u00ebrzeta\u00a0 dhe qyqa moj hanko&#8230;\u201d- \u00a0merret vesh\u00a0 se gjat\u00eb k\u00ebsaj kohe \u00a0pati edhe nisma serioze p\u00ebr t\u00eb siguruar mjete\u00a0 \u201c nga t\u00eb huajt\u201d p\u00ebrmes \u00a0projekteve t\u00eb zyr\u00ebs IPA, por aksioni d\u00ebshtoi dhe \u00a0nuk u p\u00ebrkrah nga pushtetar\u00ebt \u2013 kasap\u00eb&#8230;?!<\/p>\n<p>Ndoshta \u201c prituan\u201d \u00a0t\u00eb marrin pjes\u00eb n\u00eb takime rajonale me t\u00eb huajt- pa m\u00ebditje t\u00eb majme, bile \u00a0nuk \u00a0mor\u00ebn mundimin t\u00eb shkojn\u00eb as deri n\u00eb Shkod\u00ebr\u00a0 \u00a0n\u00eb nj\u00eb \u00a0takim pune p\u00ebr \u00e7\u00ebshtjen&#8230; ,sepse si\u00e7\u00a0 u tha at\u00eb dit\u00eb nuk pat\u00ebn\u201d tramapil ..\u201d t\u00eb mir\u00eb n\u00eb dispozicion?!! Dhe se u kishin dal\u00eb do rrug\u00eb me do pun\u00eb\u00a0 m\u00eb t\u00eb\u00a0 larg\u00ebta n\u00eb Evrop\u00eb?!!<\/p>\n<p>Andaj sot p\u00ebr k\u00ebt\u00eb \u00a0mund t\u00eb thuhet se \u00a0k\u00ebta \u00a0si duket\u00a0 \u00a0edhe \u00a0\u00e7\u00ebshtjen e\u00a0 mjekimit t\u00eb palmave \u00a0\u00a0e \u00a0kan\u00eb \u00a0\u00a0kuptuar\u00a0 si puna e \u00a0\u00a0atij doktor ADHAMUDHIT( kupto- mutit..) t\u00eb \u00c7ajupit q\u00eb thoshte \u00a0n\u00eb vepr\u00ebn e tij q\u00eb : \u201cN\u00eb se t\u00eb dh\u00ebmb , nj\u00ebra dor\u00eb preje , q\u00eb t\u00eb shp\u00ebtosh tjetr\u00ebn..\u201d?!!! Sepse \u00a0ai me k\u00ebt\u00eb metod\u00eb \u00a0q\u00eb e kish zbuluar vet\u00ebm Adhamudhi , sipas komedis\u00eb , kish sh\u00ebruar\u00a0 edhe t\u00eb shoqen \u00a0duke i nxjerr\u00eb nj\u00ebrin sy .., p\u00ebr t\u2019i shp\u00ebtuar me sukses\u00a0 tjetrin&#8230;?!<\/p>\n<p>Ju lut\u00ebm\u00a0 mos klikoni n\u00eb linkun\u00a0 e dh\u00ebn\u00eb m\u00eb lart\u00eb sepse\u00a0 do t\u00eb\u00a0 tmerroheni nga serioziteti i\u00a0 \u00e7\u00ebshtjes p\u00ebr pallmat nga pushtetar\u00ebt e q\u00eb shihet nga fytyrat e shqet\u00ebsuara t\u00eb\u00a0 pjes\u00ebmarr\u00ebsve n\u00eb takimin e filmuar nga TV Teuta&#8230;?!!<\/p>\n<!--YouTube Error: bad URL entered-->\n\n\t\t<style type=\"text\/css\">\n\t\t\t#gallery-1 {\n\t\t\t\tmargin: auto;\n\t\t\t}\n\t\t\t#gallery-1 .gallery-item {\n\t\t\t\tfloat: left;\n\t\t\t\tmargin-top: 10px;\n\t\t\t\ttext-align: center;\n\t\t\t\twidth: 33%;\n\t\t\t}\n\t\t\t#gallery-1 img {\n\t\t\t\tborder: 2px solid #cfcfcf;\n\t\t\t}\n\t\t\t#gallery-1 .gallery-caption {\n\t\t\t\tmargin-left: 0;\n\t\t\t}\n\t\t\t\/* see gallery_shortcode() in wp-includes\/media.php *\/\n\t\t<\/style>\n\t\t<div id='gallery-1' class='gallery galleryid-104444 gallery-columns-3 gallery-size-thumbnail'><dl class='gallery-item'>\n\t\t\t<dt class='gallery-icon landscape'>\n\t\t\t\t<a href='https:\/\/www.visit-ulcinj.com\/blog\/2016\/11\/25\/palmat-e-ulqinit-drejt-zhdukjes-shkak-buburreci-kuq\/palmat-e-ulqinit-drejt-zhdukjes-8\/'><img width=\"150\" height=\"150\" src=\"https:\/\/www.visit-ulcinj.com\/blog\/wp-content\/uploads\/2016\/11\/Palmat-e-Ulqinit-drejt-zhdukjes-8-150x150.jpg\" class=\"attachment-thumbnail size-thumbnail\" alt=\"\" loading=\"lazy\" \/><\/a>\n\t\t\t<\/dt><\/dl><dl class='gallery-item'>\n\t\t\t<dt class='gallery-icon landscape'>\n\t\t\t\t<a href='https:\/\/www.visit-ulcinj.com\/blog\/2016\/11\/25\/palmat-e-ulqinit-drejt-zhdukjes-shkak-buburreci-kuq\/palmat-e-ulqinit-drejt-zhdukjes-4\/'><img width=\"150\" height=\"150\" src=\"https:\/\/www.visit-ulcinj.com\/blog\/wp-content\/uploads\/2016\/11\/Palmat-e-Ulqinit-drejt-zhdukjes-4-150x150.jpg\" class=\"attachment-thumbnail size-thumbnail\" alt=\"\" loading=\"lazy\" \/><\/a>\n\t\t\t<\/dt><\/dl><dl class='gallery-item'>\n\t\t\t<dt class='gallery-icon portrait'>\n\t\t\t\t<a href='https:\/\/www.visit-ulcinj.com\/blog\/2016\/11\/25\/palmat-e-ulqinit-drejt-zhdukjes-shkak-buburreci-kuq\/palmat-e-ulqinit-drejt-zhdukjes-3-2\/'><img width=\"150\" height=\"150\" src=\"https:\/\/www.visit-ulcinj.com\/blog\/wp-content\/uploads\/2016\/11\/Palmat-e-Ulqinit-drejt-zhdukjes-3-1-150x150.jpg\" class=\"attachment-thumbnail size-thumbnail\" alt=\"\" loading=\"lazy\" \/><\/a>\n\t\t\t<\/dt><\/dl><br style=\"clear: both\" \/><dl class='gallery-item'>\n\t\t\t<dt class='gallery-icon portrait'>\n\t\t\t\t<a href='https:\/\/www.visit-ulcinj.com\/blog\/2016\/11\/25\/palmat-e-ulqinit-drejt-zhdukjes-shkak-buburreci-kuq\/palmat-e-ulqinit-drejt-zhdukjes-2\/'><img width=\"150\" height=\"150\" src=\"https:\/\/www.visit-ulcinj.com\/blog\/wp-content\/uploads\/2016\/11\/Palmat-e-Ulqinit-drejt-zhdukjes-2-150x150.jpg\" class=\"attachment-thumbnail size-thumbnail\" alt=\"\" loading=\"lazy\" \/><\/a>\n\t\t\t<\/dt><\/dl><dl class='gallery-item'>\n\t\t\t<dt class='gallery-icon portrait'>\n\t\t\t\t<a href='https:\/\/www.visit-ulcinj.com\/blog\/2016\/11\/25\/palmat-e-ulqinit-drejt-zhdukjes-shkak-buburreci-kuq\/palmat-e-ulqinit-drejt-zhdukjes-1\/'><img width=\"150\" height=\"150\" src=\"https:\/\/www.visit-ulcinj.com\/blog\/wp-content\/uploads\/2016\/11\/Palmat-e-Ulqinit-drejt-zhdukjes-1-150x150.jpg\" class=\"attachment-thumbnail size-thumbnail\" alt=\"\" loading=\"lazy\" \/><\/a>\n\t\t\t<\/dt><\/dl><dl class='gallery-item'>\n\t\t\t<dt class='gallery-icon portrait'>\n\t\t\t\t<a href='https:\/\/www.visit-ulcinj.com\/blog\/2016\/11\/25\/palmat-e-ulqinit-drejt-zhdukjes-shkak-buburreci-kuq\/palmat-e-ulqinit-drejt-zhdukjes\/'><img width=\"150\" height=\"150\" src=\"https:\/\/www.visit-ulcinj.com\/blog\/wp-content\/uploads\/2016\/11\/Palmat-e-Ulqinit-drejt-zhdukjes--150x150.jpg\" class=\"attachment-thumbnail size-thumbnail\" alt=\"\" loading=\"lazy\" \/><\/a>\n\t\t\t<\/dt><\/dl><br style=\"clear: both\" \/><dl class='gallery-item'>\n\t\t\t<dt class='gallery-icon landscape'>\n\t\t\t\t<a href='https:\/\/www.visit-ulcinj.com\/blog\/2016\/03\/17\/po-thahen-dhe-po-zhduken-palmat-e-bregdetit-te-ulqinit\/doseza-e-kuqe-ne-palmat-e-ulqinit\/'><img width=\"150\" height=\"150\" src=\"https:\/\/www.visit-ulcinj.com\/blog\/wp-content\/uploads\/2016\/03\/Dos\u00ebza-e-kuqe-ne-Palmat-e-Ulqinit-150x150.jpg\" class=\"attachment-thumbnail size-thumbnail\" alt=\"\" loading=\"lazy\" \/><\/a>\n\t\t\t<\/dt><\/dl><dl class='gallery-item'>\n\t\t\t<dt class='gallery-icon landscape'>\n\t\t\t\t<a href='https:\/\/www.visit-ulcinj.com\/blog\/2016\/03\/17\/po-thahen-dhe-po-zhduken-palmat-e-bregdetit-te-ulqinit\/doseza-e-kuqe-ne-palmat-e-ulqinit-1\/'><img width=\"150\" height=\"150\" src=\"https:\/\/www.visit-ulcinj.com\/blog\/wp-content\/uploads\/2016\/03\/Dos\u00ebza-e-kuqe-ne-Palmat-e-Ulqinit-1-150x150.jpg\" class=\"attachment-thumbnail size-thumbnail\" alt=\"\" loading=\"lazy\" \/><\/a>\n\t\t\t<\/dt><\/dl>\n\t\t\t<br style='clear: both' \/>\n\t\t<\/div>\n\n<p>&nbsp;<\/p>\n","protected":false},"excerpt":{"rendered":"<p>Shkruan\u00a0 Muhamet\u00a0 Nika Sot\u00a0 duke pir\u00eb kafen\u00eb\u00a0 e m\u00ebngjesit\u00a0 dhe pash\u00eb\u00a0 pallmat e thara\u00a0 n\u00eb \u00a0zem\u00ebr t\u00eb qytet m\u00eb dh\u00ebmbi zemra\u00a0 dhe thash\u00a0 \u00e7far\u00eb informacioni\u00a0 m\u00eb siguron makina kontrolluese \u00a0\u00a0gog\u00ebl p\u00ebr k\u00ebt\u00eb gjendje alarmante. ..?! Shpejt\u00a0 e shpejt sh\u00ebnova n\u00eb te\u00a0 \u00a0adres\u00ebn , Ulqini- komuna\u00a0 &#8211; palma, \u00a0dhe\u00a0 mu afruan\u00a0 disa gjetje e t\u00eb cilat [&hellip;]<\/p>\n","protected":false},"author":1,"featured_media":0,"comment_status":"closed","ping_status":"closed","sticky":false,"template":"","format":"standard","meta":{"spay_email":"","jetpack_publicize_message":"","jetpack_is_tweetstorm":false,"jetpack_publicize_feature_enabled":true},"categories":[14249],"tags":[],"jetpack_publicize_connections":[],"yoast_head":"<!-- This site is optimized with the Yoast SEO plugin v19.1 - https:\/\/yoast.com\/wordpress\/plugins\/seo\/ -->\n<title>Nika: Sh\u00ebrimi i pallmave n\u00eb Ulqin po b\u00ebhet me metod\u00ebn e doktorr Adhamudhit...?!! - Lajme nga Ulqini<\/title>\n<meta name=\"description\" content=\"Shkruan\u00a0 Muhamet\u00a0 Nika Sot\u00a0 duke pir\u00eb kafen\u00eb\u00a0 e m\u00ebngjesit\u00a0 dhe pash\u00eb\u00a0 pallmat e thara\u00a0 n\u00eb \u00a0zem\u00ebr t\u00eb qytet m\u00eb dh\u00ebmbi zemra\u00a0 dhe thash\u00a0 \u00e7far\u00eb informacioni\u00a0\" \/>\n<meta name=\"robots\" content=\"index, follow, max-snippet:-1, max-image-preview:large, max-video-preview:-1\" \/>\n<link rel=\"canonical\" href=\"https:\/\/www.visit-ulcinj.com\/blog\/2017\/04\/19\/nika-sherimi-pallmave-ne-ulqin-po-behet-metoden-e-doktorr-adhamudhit\/\" \/>\n<meta property=\"og:locale\" content=\"en_US\" \/>\n<meta property=\"og:type\" content=\"article\" \/>\n<meta property=\"og:title\" content=\"Nika: Sh\u00ebrimi i pallmave n\u00eb Ulqin po b\u00ebhet me metod\u00ebn e doktorr Adhamudhit...?!! - Lajme nga Ulqini\" \/>\n<meta property=\"og:description\" content=\"Shkruan\u00a0 Muhamet\u00a0 Nika Sot\u00a0 duke pir\u00eb kafen\u00eb\u00a0 e m\u00ebngjesit\u00a0 dhe pash\u00eb\u00a0 pallmat e thara\u00a0 n\u00eb \u00a0zem\u00ebr t\u00eb qytet m\u00eb dh\u00ebmbi zemra\u00a0 dhe thash\u00a0 \u00e7far\u00eb informacioni\u00a0\" \/>\n<meta property=\"og:url\" content=\"https:\/\/www.visit-ulcinj.com\/blog\/2017\/04\/19\/nika-sherimi-pallmave-ne-ulqin-po-behet-metoden-e-doktorr-adhamudhit\/\" \/>\n<meta property=\"og:site_name\" content=\"Lajme nga Ulqini\" \/>\n<meta property=\"article:published_time\" content=\"2017-04-19T09:19:05+00:00\" \/>\n<meta property=\"article:modified_time\" content=\"2017-04-19T09:19:25+00:00\" \/>\n<meta property=\"og:image\" content=\"https:\/\/www.visit-ulcinj.com\/blog\/wp-content\/uploads\/2016\/11\/Palmat-e-Ulqinit-drejt-zhdukjes-8-150x150.jpg\" \/>\n<meta name=\"twitter:label1\" content=\"Written by\" \/>\n\t<meta name=\"twitter:data1\" content=\"ulqini\" \/>\n\t<meta name=\"twitter:label2\" content=\"Est. reading time\" \/>\n\t<meta name=\"twitter:data2\" content=\"3 minutes\" \/>\n<script type=\"application\/ld+json\" class=\"yoast-schema-graph\">{\"@context\":\"https:\/\/schema.org\",\"@graph\":[{\"@type\":\"WebSite\",\"@id\":\"https:\/\/www.visit-ulcinj.com\/blog\/#website\",\"url\":\"https:\/\/www.visit-ulcinj.com\/blog\/\",\"name\":\"Lajme nga Ulqini\",\"description\":\"Lajme,Vijesti,Ulqini,Ulqin,Crna Gora,Mali i Zi\",\"potentialAction\":[{\"@type\":\"SearchAction\",\"target\":{\"@type\":\"EntryPoint\",\"urlTemplate\":\"https:\/\/www.visit-ulcinj.com\/blog\/?s={search_term_string}\"},\"query-input\":\"required name=search_term_string\"}],\"inLanguage\":\"en-US\"},{\"@type\":\"ImageObject\",\"inLanguage\":\"en-US\",\"@id\":\"https:\/\/www.visit-ulcinj.com\/blog\/2017\/04\/19\/nika-sherimi-pallmave-ne-ulqin-po-behet-metoden-e-doktorr-adhamudhit\/#primaryimage\",\"url\":\"https:\/\/www.visit-ulcinj.com\/blog\/wp-content\/uploads\/2014\/04\/Sterpikja-palmave-Ulqin.jpg\",\"contentUrl\":\"https:\/\/www.visit-ulcinj.com\/blog\/wp-content\/uploads\/2014\/04\/Sterpikja-palmave-Ulqin.jpg\",\"width\":923,\"height\":461},{\"@type\":\"WebPage\",\"@id\":\"https:\/\/www.visit-ulcinj.com\/blog\/2017\/04\/19\/nika-sherimi-pallmave-ne-ulqin-po-behet-metoden-e-doktorr-adhamudhit\/#webpage\",\"url\":\"https:\/\/www.visit-ulcinj.com\/blog\/2017\/04\/19\/nika-sherimi-pallmave-ne-ulqin-po-behet-metoden-e-doktorr-adhamudhit\/\",\"name\":\"Nika: Sh\u00ebrimi i pallmave n\u00eb Ulqin po b\u00ebhet me metod\u00ebn e doktorr Adhamudhit...?!! - Lajme nga Ulqini\",\"isPartOf\":{\"@id\":\"https:\/\/www.visit-ulcinj.com\/blog\/#website\"},\"primaryImageOfPage\":{\"@id\":\"https:\/\/www.visit-ulcinj.com\/blog\/2017\/04\/19\/nika-sherimi-pallmave-ne-ulqin-po-behet-metoden-e-doktorr-adhamudhit\/#primaryimage\"},\"datePublished\":\"2017-04-19T09:19:05+00:00\",\"dateModified\":\"2017-04-19T09:19:25+00:00\",\"author\":{\"@id\":\"https:\/\/www.visit-ulcinj.com\/blog\/#\/schema\/person\/dcab619c614d3038751c63bc2aadc06d\"},\"description\":\"Shkruan\u00a0 Muhamet\u00a0 Nika Sot\u00a0 duke pir\u00eb kafen\u00eb\u00a0 e m\u00ebngjesit\u00a0 dhe pash\u00eb\u00a0 pallmat e thara\u00a0 n\u00eb \u00a0zem\u00ebr t\u00eb qytet m\u00eb dh\u00ebmbi zemra\u00a0 dhe thash\u00a0 \u00e7far\u00eb informacioni\u00a0\",\"breadcrumb\":{\"@id\":\"https:\/\/www.visit-ulcinj.com\/blog\/2017\/04\/19\/nika-sherimi-pallmave-ne-ulqin-po-behet-metoden-e-doktorr-adhamudhit\/#breadcrumb\"},\"inLanguage\":\"en-US\",\"potentialAction\":[{\"@type\":\"ReadAction\",\"target\":[\"https:\/\/www.visit-ulcinj.com\/blog\/2017\/04\/19\/nika-sherimi-pallmave-ne-ulqin-po-behet-metoden-e-doktorr-adhamudhit\/\"]}]},{\"@type\":\"BreadcrumbList\",\"@id\":\"https:\/\/www.visit-ulcinj.com\/blog\/2017\/04\/19\/nika-sherimi-pallmave-ne-ulqin-po-behet-metoden-e-doktorr-adhamudhit\/#breadcrumb\",\"itemListElement\":[{\"@type\":\"ListItem\",\"position\":1,\"name\":\"Nika: Sh\u00ebrimi i pallmave n\u00eb Ulqin po b\u00ebhet me metod\u00ebn e doktorr Adhamudhit&#8230;?!!\"}]},{\"@type\":\"Person\",\"@id\":\"https:\/\/www.visit-ulcinj.com\/blog\/#\/schema\/person\/dcab619c614d3038751c63bc2aadc06d\",\"name\":\"ulqini\",\"sameAs\":[\"http:\/\/www.visit-ulcinj.com\"],\"url\":\"https:\/\/www.visit-ulcinj.com\/blog\/author\/admin\/\"}]}<\/script>\n<!-- \/ Yoast SEO plugin. -->","yoast_head_json":{"title":"Nika: Sh\u00ebrimi i pallmave n\u00eb Ulqin po b\u00ebhet me metod\u00ebn e doktorr Adhamudhit...?!! - Lajme nga Ulqini","description":"Shkruan\u00a0 Muhamet\u00a0 Nika Sot\u00a0 duke pir\u00eb kafen\u00eb\u00a0 e m\u00ebngjesit\u00a0 dhe pash\u00eb\u00a0 pallmat e thara\u00a0 n\u00eb \u00a0zem\u00ebr t\u00eb qytet m\u00eb dh\u00ebmbi zemra\u00a0 dhe thash\u00a0 \u00e7far\u00eb informacioni\u00a0","robots":{"index":"index","follow":"follow","max-snippet":"max-snippet:-1","max-image-preview":"max-image-preview:large","max-video-preview":"max-video-preview:-1"},"canonical":"https:\/\/www.visit-ulcinj.com\/blog\/2017\/04\/19\/nika-sherimi-pallmave-ne-ulqin-po-behet-metoden-e-doktorr-adhamudhit\/","og_locale":"en_US","og_type":"article","og_title":"Nika: Sh\u00ebrimi i pallmave n\u00eb Ulqin po b\u00ebhet me metod\u00ebn e doktorr Adhamudhit...?!! - Lajme nga Ulqini","og_description":"Shkruan\u00a0 Muhamet\u00a0 Nika Sot\u00a0 duke pir\u00eb kafen\u00eb\u00a0 e m\u00ebngjesit\u00a0 dhe pash\u00eb\u00a0 pallmat e thara\u00a0 n\u00eb \u00a0zem\u00ebr t\u00eb qytet m\u00eb dh\u00ebmbi zemra\u00a0 dhe thash\u00a0 \u00e7far\u00eb informacioni\u00a0","og_url":"https:\/\/www.visit-ulcinj.com\/blog\/2017\/04\/19\/nika-sherimi-pallmave-ne-ulqin-po-behet-metoden-e-doktorr-adhamudhit\/","og_site_name":"Lajme nga Ulqini","article_published_time":"2017-04-19T09:19:05+00:00","article_modified_time":"2017-04-19T09:19:25+00:00","og_image":[{"url":"https:\/\/www.visit-ulcinj.com\/blog\/wp-content\/uploads\/2016\/11\/Palmat-e-Ulqinit-drejt-zhdukjes-8-150x150.jpg"}],"twitter_misc":{"Written by":"ulqini","Est. reading time":"3 minutes"},"schema":{"@context":"https:\/\/schema.org","@graph":[{"@type":"WebSite","@id":"https:\/\/www.visit-ulcinj.com\/blog\/#website","url":"https:\/\/www.visit-ulcinj.com\/blog\/","name":"Lajme nga Ulqini","description":"Lajme,Vijesti,Ulqini,Ulqin,Crna Gora,Mali i Zi","potentialAction":[{"@type":"SearchAction","target":{"@type":"EntryPoint","urlTemplate":"https:\/\/www.visit-ulcinj.com\/blog\/?s={search_term_string}"},"query-input":"required name=search_term_string"}],"inLanguage":"en-US"},{"@type":"ImageObject","inLanguage":"en-US","@id":"https:\/\/www.visit-ulcinj.com\/blog\/2017\/04\/19\/nika-sherimi-pallmave-ne-ulqin-po-behet-metoden-e-doktorr-adhamudhit\/#primaryimage","url":"https:\/\/www.visit-ulcinj.com\/blog\/wp-content\/uploads\/2014\/04\/Sterpikja-palmave-Ulqin.jpg","contentUrl":"https:\/\/www.visit-ulcinj.com\/blog\/wp-content\/uploads\/2014\/04\/Sterpikja-palmave-Ulqin.jpg","width":923,"height":461},{"@type":"WebPage","@id":"https:\/\/www.visit-ulcinj.com\/blog\/2017\/04\/19\/nika-sherimi-pallmave-ne-ulqin-po-behet-metoden-e-doktorr-adhamudhit\/#webpage","url":"https:\/\/www.visit-ulcinj.com\/blog\/2017\/04\/19\/nika-sherimi-pallmave-ne-ulqin-po-behet-metoden-e-doktorr-adhamudhit\/","name":"Nika: Sh\u00ebrimi i pallmave n\u00eb Ulqin po b\u00ebhet me metod\u00ebn e doktorr Adhamudhit...?!! - Lajme nga Ulqini","isPartOf":{"@id":"https:\/\/www.visit-ulcinj.com\/blog\/#website"},"primaryImageOfPage":{"@id":"https:\/\/www.visit-ulcinj.com\/blog\/2017\/04\/19\/nika-sherimi-pallmave-ne-ulqin-po-behet-metoden-e-doktorr-adhamudhit\/#primaryimage"},"datePublished":"2017-04-19T09:19:05+00:00","dateModified":"2017-04-19T09:19:25+00:00","author":{"@id":"https:\/\/www.visit-ulcinj.com\/blog\/#\/schema\/person\/dcab619c614d3038751c63bc2aadc06d"},"description":"Shkruan\u00a0 Muhamet\u00a0 Nika Sot\u00a0 duke pir\u00eb kafen\u00eb\u00a0 e m\u00ebngjesit\u00a0 dhe pash\u00eb\u00a0 pallmat e thara\u00a0 n\u00eb \u00a0zem\u00ebr t\u00eb qytet m\u00eb dh\u00ebmbi zemra\u00a0 dhe thash\u00a0 \u00e7far\u00eb informacioni\u00a0","breadcrumb":{"@id":"https:\/\/www.visit-ulcinj.com\/blog\/2017\/04\/19\/nika-sherimi-pallmave-ne-ulqin-po-behet-metoden-e-doktorr-adhamudhit\/#breadcrumb"},"inLanguage":"en-US","potentialAction":[{"@type":"ReadAction","target":["https:\/\/www.visit-ulcinj.com\/blog\/2017\/04\/19\/nika-sherimi-pallmave-ne-ulqin-po-behet-metoden-e-doktorr-adhamudhit\/"]}]},{"@type":"BreadcrumbList","@id":"https:\/\/www.visit-ulcinj.com\/blog\/2017\/04\/19\/nika-sherimi-pallmave-ne-ulqin-po-behet-metoden-e-doktorr-adhamudhit\/#breadcrumb","itemListElement":[{"@type":"ListItem","position":1,"name":"Nika: Sh\u00ebrimi i pallmave n\u00eb Ulqin po b\u00ebhet me metod\u00ebn e doktorr Adhamudhit&#8230;?!!"}]},{"@type":"Person","@id":"https:\/\/www.visit-ulcinj.com\/blog\/#\/schema\/person\/dcab619c614d3038751c63bc2aadc06d","name":"ulqini","sameAs":["http:\/\/www.visit-ulcinj.com"],"url":"https:\/\/www.visit-ulcinj.com\/blog\/author\/admin\/"}]}},"jetpack_featured_media_url":"","jetpack_sharing_enabled":true,"jetpack_shortlink":"https:\/\/wp.me\/pe6lTn-raA","_links":{"self":[{"href":"https:\/\/www.visit-ulcinj.com\/blog\/wp-json\/wp\/v2\/posts\/104444"}],"collection":[{"href":"https:\/\/www.visit-ulcinj.com\/blog\/wp-json\/wp\/v2\/posts"}],"about":[{"href":"https:\/\/www.visit-ulcinj.com\/blog\/wp-json\/wp\/v2\/types\/post"}],"author":[{"embeddable":true,"href":"https:\/\/www.visit-ulcinj.com\/blog\/wp-json\/wp\/v2\/users\/1"}],"replies":[{"embeddable":true,"href":"https:\/\/www.visit-ulcinj.com\/blog\/wp-json\/wp\/v2\/comments?post=104444"}],"version-history":[{"count":1,"href":"https:\/\/www.visit-ulcinj.com\/blog\/wp-json\/wp\/v2\/posts\/104444\/revisions"}],"predecessor-version":[{"id":104445,"href":"https:\/\/www.visit-ulcinj.com\/blog\/wp-json\/wp\/v2\/posts\/104444\/revisions\/104445"}],"wp:attachment":[{"href":"https:\/\/www.visit-ulcinj.com\/blog\/wp-json\/wp\/v2\/media?parent=104444"}],"wp:term":[{"taxonomy":"category","embeddable":true,"href":"https:\/\/www.visit-ulcinj.com\/blog\/wp-json\/wp\/v2\/categories?post=104444"},{"taxonomy":"post_tag","embeddable":true,"href":"https:\/\/www.visit-ulcinj.com\/blog\/wp-json\/wp\/v2\/tags?post=104444"}],"curies":[{"name":"wp","href":"https:\/\/api.w.org\/{rel}","templated":true}]}}