{"id":104452,"date":"2017-04-19T17:09:08","date_gmt":"2017-04-19T16:09:08","guid":{"rendered":"http:\/\/www.visit-ulcinj.com\/blog\/?p=104452"},"modified":"2017-04-21T15:03:35","modified_gmt":"2017-04-21T14:03:35","slug":"100-vjecari-fundit-ulqinit-fadil-elezaga","status":"publish","type":"post","link":"https:\/\/www.visit-ulcinj.com\/blog\/2017\/04\/19\/100-vjecari-fundit-ulqinit-fadil-elezaga\/","title":{"rendered":"100 vje\u00e7ari i fundit i Ulqinit, Fadil Elezaga"},"content":{"rendered":"<div id=\"js_k\" class=\"_5pbx userContent\" data-ft=\"{&quot;tn&quot;:&quot;K&quot;}\">\n<p><strong><a href=\"http:\/\/www.visit-ulcinj.com\/blog\/wp-content\/uploads\/2017\/04\/100-vjecari-i-fundit-i-Ulqinit-Fadil-Elezaga.jpg\"><img loading=\"lazy\" class=\"alignleft wp-image-104453 size-full\" src=\"http:\/\/www.visit-ulcinj.com\/blog\/wp-content\/uploads\/2017\/04\/100-vjecari-i-fundit-i-Ulqinit-Fadil-Elezaga.jpg\" alt=\"\" width=\"508\" height=\"502\" srcset=\"https:\/\/www.visit-ulcinj.com\/blog\/wp-content\/uploads\/2017\/04\/100-vjecari-i-fundit-i-Ulqinit-Fadil-Elezaga.jpg 508w, https:\/\/www.visit-ulcinj.com\/blog\/wp-content\/uploads\/2017\/04\/100-vjecari-i-fundit-i-Ulqinit-Fadil-Elezaga-300x296.jpg 300w\" sizes=\"(max-width: 508px) 100vw, 508px\" \/><\/a>Nga <span class=\"fwn fcg\"><span class=\"fwb fcg\" data-ft=\"{&quot;tn&quot;:&quot;;&quot;}\"><a href=\"https:\/\/www.facebook.com\/ismet.karamanaga?hc_ref=NEWSFEED&amp;fref=nf\" data-hovercard=\"\/ajax\/hovercard\/user.php?id=1359492972&amp;extragetparams=%7B%22hc_ref%22%3A%22NEWSFEED%22%2C%22fref%22%3A%22nf%22%7D\" data-hovercard-prefer-more-content-show=\"1\">Ismet Karamanaga<\/a><\/span><\/span><\/strong><\/p>\n<p><strong>19.04.2017<\/strong><br \/>\n<strong> FADIL ELEZAGA<\/strong><br \/>\nFadil ELEZAGA meriton nj\u00eb v\u00ebmendje t\u00eb ve\u00e7ant\u00eb. Sot ka mbushur 100 vjet. Nuk jam n\u00eb dijeni, se a ka n\u00eb Ulqin a po n\u00eb rethin\u00eb m\u00eb ndonj\u00eb person i cili \u00ebsht\u00eb afruar k\u00ebsaj cifre. \u00c7ka \u00ebsht\u00eb edhe p\u00ebr t\u00eb \u00e7uditur Fadili ende \u00ebsht\u00eb i vetdish\u00ebm.<br \/>\nTekstin mbi Fadilin e kam shkruar n\u00eb vitin 2007 dhe e kam botur n\u00eb \u201cKoh\u00ebn Javore\u201d, kurse m\u00eb von\u00eb, e kam botuar edhe n\u00eb librin tim \u201dULQINI, monumente, portrete, ngjarje\u201d.<br \/>\nM\u00eb kujtohen fjal\u00ebt e tija pas nj\u00eb bised\u00eb m\u00eb te te hoteli \u201cMediteran\u201d: \u201cDjali i Canit, ma qit\u00eb tekstin kur t\u00eb b\u00ebhen dy 99 \u2013 she&#8221;. Ather\u00eb ka pasur dy 88 \u2013 she, dhe un\u00eb kam menduar ta botoj deri sa Fadili \u00ebsht\u00eb n\u00eb k\u00ebt\u00eb Bot\u00eb. Mir\u00ebpo, Fadili, ka pasur t\u00eb drejt\u00eb, dhe p\u00ebr te po e p\u00ebrs\u00ebris\u00eb prap .<br \/>\nFadil ELEZAGA ka lindur n\u00eb Kala, dhe deri te t\u00ebrmeti katastrofal t\u00eb vitin 1979 ka jetuar n\u00eb Kala. Sot jeton\u00eb n\u00eb Pinjesh. Tash nj\u00eb koh\u00eb t\u00eb gjat\u00eb nuk ka m\u00eb shok\u00eb, pasi t\u00eb gjith\u00eb shok\u00ebt e tij jan\u00eb n\u00eb \u201cMeteriz\u201d a po n\u00eb \u201cPinjesh\u201d.<br \/>\nK\u00ebto fjal\u00eb, dhe teksti im n\u00eb vijim, \u00ebsht\u00eb nj\u00eb kontribut i vog\u00ebl p\u00ebr 100 vjetorin e lindjes s\u00eb tij, nga un\u00eb.<br \/>\nInshalla kalon m\u00eb ndonj\u00eb vit me t\u00eb af\u00ebrmit t\u00eb tij.<\/p>\n<p><strong>Rr\u00ebfime ulqinak\u00e7e<\/strong><\/p>\n<p><a href=\"http:\/\/www.visit-ulcinj.com\/blog\/wp-content\/uploads\/2017\/04\/100-vjecari-i-fundit-i-Ulqinit-Fadil-Elezaga-1.jpg\"><img loading=\"lazy\" class=\"alignleft wp-image-104458\" src=\"http:\/\/www.visit-ulcinj.com\/blog\/wp-content\/uploads\/2017\/04\/100-vjecari-i-fundit-i-Ulqinit-Fadil-Elezaga-1.jpg\" alt=\"\" width=\"508\" height=\"782\" srcset=\"https:\/\/www.visit-ulcinj.com\/blog\/wp-content\/uploads\/2017\/04\/100-vjecari-i-fundit-i-Ulqinit-Fadil-Elezaga-1.jpg 533w, https:\/\/www.visit-ulcinj.com\/blog\/wp-content\/uploads\/2017\/04\/100-vjecari-i-fundit-i-Ulqinit-Fadil-Elezaga-1-195x300.jpg 195w\" sizes=\"(max-width: 508px) 100vw, 508px\" \/><\/a><\/p>\n<p style=\"text-align: center;\"><strong>Fadil ELEZAGA<\/strong><\/p>\n<p><strong>Foto nga Allmira Lajka<\/strong><\/p>\n<p>Si ta fillosh bised\u00ebn me nj\u00eb njeri t\u00eb jasht\u00ebzakonsh\u00ebm, i cili p\u00ebr \u00e7do dit\u00eb n\u00eb mosh\u00ebn 90 vje\u00e7are, ec mbi dhjet\u00eb kilometra. Nuk sheh mir\u00eb, ec\u00eb me kujdes, si\u00e7 thot\u00eb ai k\u00ebndit t\u00eb rrug\u00ebs. Ka nj\u00eb inteligjenc\u00eb t\u00eb mahnitshme. Bisedon dhe i kujton ngjarjeve t\u00eb cilat kan\u00eb ndodhur shum\u00eb m\u00eb par\u00eb. Ai, ende edhe sot n\u00eb k\u00ebt\u00eb mosh\u00eb punon marangoz, me kujdes, me intuit\u00eb, duke i prekur d\u00ebrrasat ,gozhdat dhe veglat me dor\u00eb. Dhe kurr\u00eb nuk ndodh t\u2019i bjer\u00eb dor\u00ebs me \u00e7eki\u00e7 thot\u00eb, duke qeshur. \u00cbsht\u00eb nj\u00eb enigm\u00eb e madhe p\u00ebr ata t\u00eb cil\u00ebt e njohin, si ec, pa shkop, si kalon rrug\u00ebn posa\u00e7\u00ebrisht dit\u00ebs s\u00eb pazarit, apo ver\u00ebs, n\u00eb rrug\u00ebn e tij t\u00eb p\u00ebrditshme deri n\u00eb Portomilen\u00eb. Atje n\u00eb barrak\u00ebn e vog\u00ebl, buz\u00eb kanalit kalon nj\u00eb koh\u00eb t\u00eb gjat\u00eb Fadili, duke punuar, nj\u00eb zanat t\u00eb cilin e ka m\u00ebsuar si i ri. \u00cbsht\u00eb perfeksionist, k\u00ebt\u00eb veti ia kan\u00eb pranu t\u00eb gjith\u00eb. Nj\u00eb njeri i sinqert\u00eb i but\u00eb, si\u00e7 thot\u00eb populli, ju flet dhe kur i afroheni ju njeh. Bisedon me mall\u00eb me kalali p\u00ebr Kalan\u00eb vendlindjen e tij, sepse aty ka jetuar deri me termetin e par\u00eb m\u00eb 1968. Ndal automobilin dhe e marr Fadilin. E lus p\u00ebr nj\u00eb bised\u00eb duke e percjell\u00eb p\u00ebr n\u00eb sht\u00ebpi. Ndalem te hotel Mediterani. \u201cShika djali i Canit, n\u00eb qoft\u00eb se da me shkru ndonji gja p\u00ebr mu at\u00ebher\u00eb t\u00eb lutem jo tash. Prit sa ti baj dy 9\u201d. Qeshet. Thot\u00eb: \u201cNuk kam m\u00eb shok\u00eb. T\u00eb gjith\u00eb jan\u00eb n\u00eb Meteriz ose n\u00eb Pinjesh Un\u00eb nuk du me shku ala atje\u201d. Fadili di shum\u00eb. Flet qart\u00eb, me nj\u00eb gjuh\u00eb t\u00eb past\u00ebr shqipe ulqinake. Ka nj\u00eb kujtes\u00eb t\u00eb madhe p\u00ebr jet\u00ebn e dikurshme deri me dit\u00ebt e sotme. I kujtohet jeta n\u00eb Kala n\u00eb shtepin\u00eb e tyre ne zem\u00ebr te Kalas\u00eb. I kujtohen komshit\u00eb dhe dashuria e dikurshme. \u201cKemi shku dhe kemi ardh\u00eb shum\u00eb njeni ke tjetri, jeta ka qen\u00eb ma e v\u00ebshtir\u00eb, por ka pas dashni ma t\u00eb madhe se sot. Kalaja ka qen\u00eb e posa\u00e7me, me adetet e veta. Kur kan\u00eb ardh\u00eb njer\u00ebzit prej varoshit , ke porta e Kalas\u00eb jan\u00eb p\u00ebrgatit\u00eb me hy n\u00eb Kala, sepse Pazari i qytetit gjithmon\u00eb ka qen\u00eb plot me njer\u00ebz, t\u00eb cil\u00ebt me synin e mpreht\u00eb kan\u00eb mat secilin hap t\u00eb atyne t\u00eb varoshit. M\u00eb kujtohet hoxh\u00eb Bushati dhe pleqt\u00eb tjer\u00eb t\u00eb cil\u00ebt shum\u00eb koh\u00eb kan\u00eb kalue n\u00eb Pazarin e qytetit duke bisede p\u00ebr ngjarje t\u00eb ndryshme . Si f\u00ebmij\u00eb kemi ndigjue dhe kemi imagjinue p\u00ebr ato koh\u00ebt t\u00eb kalueme, bisedat mbi legjendat dhe goj\u00ebdh\u00ebnat, mbi detin dhe detar\u00ebt, dhe buk\u00ebn me gjak e cila \u00ebsht\u00eb fitue ne det. Ne kemi pas fat dhe asnjeni nga v\u00ebllaznit nuk kemi shkue n\u00eb det. Babai im Hafiz Muhamedi, i cili ka studijue ne Kajro nuk ka lejue q\u00eb t\u00eb shkojm\u00eb n\u00eb det. Kam nd\u00ebgjuar se e ka k\u00ebnduar shum\u00eb bukur Kur\u2019anin , e nd\u00ebrpres\u00eb un\u00eb, e di, sepse ai ka qen\u00eb v\u00ebllai i gjyshes time, Zyliha Karamanag\u00ebs.. Babai im ka sh\u00ebrbye n\u00eb Durr\u00ebs imam dhe pastaj edhe n\u00eb xhami n\u00eb Kunje. Thojn\u00eb se kur e ka k\u00ebndu Kur\u2019anin , xhemati ka qa. N\u00eb Ulqin dhe rrethin\u00eb nuk ka pas njeri i cili e ka njoft\u00eb dhe e ka k\u00ebndue m\u00eb mir\u00eb se ai. Motrat t\u00eb cilat i vizitoj shpesh e kan\u00eb si trash\u00ebgimi prej bab\u00ebs pak ma tep\u00ebr se un\u00eb k\u00ebt\u00eb veti, posa\u00e7\u00ebrisht ma e madhja Rukija. Edhe un\u00eb si i ri kam shkue n\u00eb xhami ma tep\u00ebr se sot .<br \/>\nE nd\u00ebrpres, Fadil, ramazanin e kaluar jam falur n\u00eb shum\u00eb xhami t\u00eb Ulqinit dhe rrethin\u00ebs. M\u00eb duket se gjithkund duke shikuar Mirhabet dhe Mimber\u00ebt kam v\u00ebrejtur stilin t\u00ebnd. Kujtoj se gjithandej e kam par\u00eb dor\u00ebn t\u00ebnde. Shika, mar djali Canit, nuk ka xhami n\u00eb t\u00eb cil\u00ebn nuk kam punue un\u00eb. T\u00eb jesh i sigurt se kontributin tim si besimtar dhe si njeri e kam dhan\u00eb. Tesh shofim atje nalt, por m\u00eb von\u00eb, tesh p\u00ebr tesh e kam heret, te thash\u00eb kur t\u00eb b\u00ebhen dy 9.<br \/>\nE pyes p\u00ebr kalimer\u00ebn dhe barak\u00ebn n\u00eb Portomilen\u00eb, p\u00ebr sandolin\u00ebn e par\u00eb, p\u00ebr rremat t\u00eb cil\u00ebt mi ka drejtuar pak. Flet me mall p\u00ebr ato koh\u00ebt e arta t\u00eb turizmit, i kujtohet koha e gjerman\u00ebve t\u00eb cil\u00ebt shpesh duke sh\u00ebtitur buz\u00eb detit ndaleshin te baraka dhe shikonin patentin e par\u00eb n\u00eb kalimer\u00ebn e tij n\u00eb Portomilen\u00eb. E kam gadit\u00eb sandolin\u00ebn e par\u00eb k\u00ebtu dhe shpesh kam dal\u00eb me te, ka qen\u00eb e rrall\u00eb p\u00ebr at\u00eb koh\u00eb. Fadili flet edhe p\u00ebr rinin\u00eb dhe f\u00ebmij\u00ebrin\u00eb e tij n\u00eb nj\u00eb familje t\u00eb madhe agallar\u00ebsh nga Kalaja. I kujtohen sekuencat nga sh\u00ebrbimi ushtarak n\u00eb Mostar dhe shum\u00eb e shum\u00eb gj\u00ebra t\u00eb tjera nga koha e jet\u00ebs n\u00eb Kala, martesa me Qamen, me t\u00eb cil\u00ebn ka pasur nj\u00eb jet\u00eb t\u00eb lumtur dhe e cila pa dyshim thot\u00eb Fadili, ka l\u00ebn\u00eb zbra\u00ebsi t\u00eb madhe n\u00eb jet\u00ebn e tij.<br \/>\nThojn\u00eb se je p\u00ebrpjekur ta nd\u00ebrtosh nj\u00eb makin\u00eb p\u00ebr t\u00eb mledhur ullinj. Kam nd\u00ebgjuar se nuk ta kan\u00eb pranuar patentin, e provokoj me nj\u00eb pyetje\u00ac. Un\u00eb e kam ba, truni gjithmon\u00eb m\u00eb ka punue, makin\u00ebn se kan\u00eb pranue si patent, sepse me ato gjylpanat ka mbledh\u00eb edhe gjethe, por m\u00eb duket se ende ullishta mblidhet me dor\u00eb, shprehet Fadili me pak ironi.<br \/>\nFadil, d\u00ebshiroj t\u00eb t\u00eb pyes di\u00e7ka q\u00eb sigurisht do ta p\u00ebrkujtoj\u00eb nj\u00eb ngjarje t\u00eb cil\u00ebn as ti dhe besoj askush nga familja dhe t\u00eb af\u00ebrmit tuaj nuk do ta harrojn\u00eb kurr\u00eb. M\u00eb trego di\u00e7ka p\u00ebr vrasjen e v\u00ebllaut t\u00ebnd, Bedriut. Un\u00eb si i vog\u00ebl kam d\u00ebgjuar shum\u00eb p\u00ebr k\u00ebt\u00eb nga babai im Hasan Karamanaga.<br \/>\nKa kalue nji koh\u00eb e gjat\u00eb , por ende m\u00eb kujtohet mir\u00eb fundi i jet\u00ebs s\u00eb Bedriut. Bashk\u00eb kemi qen\u00eb n\u00eb nj\u00eb fshat af\u00ebr Ulqinit. Pa asnj\u00eb faj e vran\u00eb para shkoll\u00ebs, djalin nj\u00ebzet\u00eb vje\u00e7ar, vet\u00ebm se ka \u00e7u dor\u00ebn dhe ka than\u00eb se ai mendon ndryshe, e jo si ata. Ai ka pas\u00eb ideale t\u00eb sh\u00ebndosha p\u00ebr nj\u00eb shoq\u00ebri tjet\u00ebr, ashtu si\u00e7 ka mendue ai dhe shok\u00ebt e tij si komunist i ri i asaj kohe. Ka qen\u00eb student n\u00eb universitetin e Shkupit, i ka ra mir\u00eb harmonik\u00ebs, nji djal\u00eb me nj\u00eb nalt\u00ebsi prej dy metr\u00ebsh, si pash\u00eb, kishte me than\u00eb populli. Nj\u00eb njeri plot jet\u00eb, me \u00ebndrra si t\u00eb gjith\u00eb t\u00eb rinjt\u00eb, e vran\u00eb para syve t\u00eb mi dhe vajz\u00ebs time Nurijes, t\u00eb cil\u00ebn un\u00eb e kisha ngryk\u00eb. Nji njeri i mir\u00eb nga ai grup, nuk dua ta p\u00ebrmend tash m\u00eb p\u00ebrcolli nj\u00eb cop\u00eb rrug\u00eb. Dhe me vajz\u00eb ngryk\u00eb u nisa n\u00eb p\u00ebr n\u00eb sht\u00ebpi n\u00eb Kala.<br \/>\nMa von\u00eb e kuptova se pata fat se edhe mue m\u00eb kishin vra po t\u00eb mos ishte ai i cili m\u00eb shp\u00ebtoi. T\u00eb gjith\u00eb Ulqini u pik\u00ebllue p\u00ebr Bedriun. T\u00eb gjith\u00eb kalalit\u00eb u mblodh\u00ebn n\u00eb sht\u00ebpin\u00eb ton\u00eb. M\u00eb kujtohet vaji i nan\u00ebs dhe i motrave t\u00eb mia. Edhe sot kur takohemi pas nj\u00eb kohe t\u00eb gjat\u00eb mbi 50 vjet, gati nji ym\u00ebr insani e kujtojm\u00eb Bedriun, sepse ai ka qen\u00eb ma i miri nd\u00ebr ne. M\u00eb kujtohet se edhe trupin e tij p\u00ebr ta varros\u00eb nuk desh\u00ebn t\u00eb na e japin. Pas disa or\u00ebsh shkoj Cani, babai yt me Isufin dhe e soll\u00ebn kufom\u00ebn e Bedriut n\u00eb sht\u00ebpi.U mblodh\u00ebn t\u00eb gjith\u00eb kalalit\u00eb n\u00eb oborrin dhe sht\u00ebpin\u00eb ton\u00eb. Si tash e kam parasysh t\u00ebr\u00eb ngjarjen, kurrgja nuk kam harrue. Shum\u00eb mbaj nd\u00ebr mend, ma mir\u00eb \u00ebsht\u00eb nga nj\u00eb her\u00eb gjanat e v\u00ebshtira edhe me i harrue. M\u00eb vjen mir\u00eb se Bedriun nuk e kan\u00eb harrue. Shkolla n\u00eb Kat\u00ebrkoll\u00eb mban sot emnin e tij dhe besoj se asht mir\u00eb q\u00eb njer\u00ebzit si\u00e7 ka qen\u00eb Bedriu t\u00eb mos harrohen. N\u00eb k\u00ebt\u00eb distanc\u00eb t\u00eb gjat\u00eb kohore idealet p\u00ebr \u00e7ka ka luftue Bedriu, sot shikohen pak ndryshe. Duhet t\u00eb kuptohet se ajo ka qen\u00eb nj\u00eb koh\u00eb tjet\u00ebr me vlera tjera, t\u00eb rinjt\u00eb e asaj kohe kan\u00eb pas\u00eb idealet dhe q\u00ebllimet e veta , kan\u00eb luftue p\u00ebr nj\u00eb shoq\u00ebni ma humane, ma t\u00eb sh\u00ebndosh\u00eb, ma t\u00eb mir\u00eb. K\u00ebshtu edhe duhet t\u00eb kuptohet edhe tragjedia e Bedriut e familjes son\u00eb.<br \/>\nFadil, t\u00eb kam lodhur pak. Ti kthehemi pak k\u00ebsaj koh\u00ebs s\u00eb sotme. Nuset, djemt\u00eb, mbesat t\u00eb shikojn\u00eb. Shum\u00eb jam i k\u00ebnaqun, mundohen me m\u00eb ndal\u00eb n\u00eb sht\u00ebpi t\u00eb dal ma pak dhe mos t\u00eb punoj. Deri sa t\u00eb mund kam me dal\u00eb dhe kam me punue. Puna m\u00eb mban. A ja ke dh\u00ebn\u00eb ndokujt zanatin Fadil, djemt\u00eb a e kan\u00eb ndopak n\u00eb gjak. I madhi ka prirje p\u00ebr zanat, asht preciz dhe e qendis\u00eb kur don drunin, por ai asht inxhinier dhe merret me pun\u00ebn e tij, kurse i vogli vite me radh\u00eb ka vendos\u00eb parket, bile shum\u00eb mir\u00eb, por edhe ai e ka lan\u00eb dhe tesh merret me pula dhe me letra.<br \/>\nM\u00eb duket se pak kan\u00eb mbet\u00eb ata q\u00eb merren ma me k\u00ebt\u00eb zanat, tesh pak e shum\u00eb me k\u00ebt\u00eb merren fabrikat p\u00ebr p\u00ebrpunimin e drunit dhe mobiles. K\u00ebshtu q\u00eb ky si edhe zanatet e tjer\u00eb pak e shum\u00eb kan\u00eb me u harrue,thot\u00eb Fadili.<br \/>\nPo e p\u00ebrfundoj ngadal\u00eb bised\u00ebn me Fadilin. Pa shkenj kamb\u00eb b\u00ebhet gati t\u00eb hap\u00eb der\u00ebn, nuk kam problem un\u00eb jam m\u00ebsua me ec. E p\u00ebrcjell ngadal\u00eb me automobil deri pas hotel Galebit, ku jeton sot . Ndahem prej k\u00ebsaj figure markante t\u00eb Kalas\u00eb son\u00eb. Edhe nj\u00eb her\u00eb duke qeshur me porosit\u00eb, m\u00eb qit ne gaxet\u00eb, vet\u00ebm kur ti mbush dy 9.<br \/>\nI d\u00ebshiroj jet\u00eb t\u00eb gjat\u00eb, i them se Inshalla i kalon edhe ato dy shifrat famoze. Ngjitet shkall\u00ebve pa pushuar, t\u00eb \u00e7udit\u00eb vullneti i tij. Nuk i kam p\u00ebrmendur disa ndodhi t\u00eb cilat Fadili i tregon duke qeshur, posa\u00e7\u00ebrisht\u00eb kur e merr mas\u00ebn p\u00ebr tabuta, dhe disa gj\u00ebra t\u00eb jet\u00ebs s\u00eb p\u00ebrditshme. K\u00ebto po i l\u00ebm\u00eb p\u00ebr nj\u00eb her\u00eb tjet\u00ebr, ndoshta kur\u00eb t\u2019i kaloj\u00eb dy 9 \u2013 she.<br \/>\nMendoj se \u00ebsht\u00eb mir\u00eb q\u00eb personazhet si\u00e7 \u00ebsht\u00eb Fadil Elezaga, ti shenojm\u00eb dhe t\u00eb mos i harrojm\u00eb. \u00cbsht\u00eb mir\u00eb q\u00eb edhe gjeneratat e sotme t\u00eb njoftohen me k\u00ebta njer\u00ebz t\u00eb cil\u00ebt e kan\u00eb sh\u00ebnuar qytetin ton\u00eb n\u00eb shekullin e kaluar.Ndoshta dikur edhe do ta g\u00ebzojn\u00eb vendin e merituar n\u00eb trash\u00ebgimin\u00eb ton\u00eb.<\/p>\n<p><strong>Ulqin, mars 2007<\/strong><\/p>\n<p id=\"js_5hs\" class=\"_5pbw _5vra\" data-ft=\"{&quot;tn&quot;:&quot;C&quot;}\"><strong><span class=\"fwn fcg\"><span class=\"fwb fcg\" data-ft=\"{&quot;tn&quot;:&quot;;&quot;}\"><a href=\"https:\/\/www.facebook.com\/ismet.karamanaga?hc_ref=NEWSFEED&amp;fref=nf\" data-hovercard=\"\/ajax\/hovercard\/user.php?id=1359492972&amp;extragetparams=%7B%22hc_ref%22%3A%22NEWSFEED%22%2C%22fref%22%3A%22nf%22%7D\" data-hovercard-prefer-more-content-show=\"1\">Ismet Karamanaga Facebook<\/a><\/span><\/span><\/strong><\/p>\n<p class=\"_5pbw _5vra\" data-ft=\"{&quot;tn&quot;:&quot;C&quot;}\"><a href=\"http:\/\/www.visit-ulcinj.com\/blog\/wp-content\/uploads\/2017\/04\/100-vjecari-i-fundit-i-Ulqinit-Fadil-Elezaga-.jpg\"><img loading=\"lazy\" class=\"alignleft wp-image-104454\" src=\"http:\/\/www.visit-ulcinj.com\/blog\/wp-content\/uploads\/2017\/04\/100-vjecari-i-fundit-i-Ulqinit-Fadil-Elezaga-.jpg\" alt=\"\" width=\"508\" height=\"762\" srcset=\"https:\/\/www.visit-ulcinj.com\/blog\/wp-content\/uploads\/2017\/04\/100-vjecari-i-fundit-i-Ulqinit-Fadil-Elezaga-.jpg 400w, https:\/\/www.visit-ulcinj.com\/blog\/wp-content\/uploads\/2017\/04\/100-vjecari-i-fundit-i-Ulqinit-Fadil-Elezaga--200x300.jpg 200w\" sizes=\"(max-width: 508px) 100vw, 508px\" \/><\/a><\/p>\n<\/div>\n<p>&nbsp;<\/p>\n","protected":false},"excerpt":{"rendered":"<p>Nga Ismet Karamanaga 19.04.2017 FADIL ELEZAGA Fadil ELEZAGA meriton nj\u00eb v\u00ebmendje t\u00eb ve\u00e7ant\u00eb. Sot ka mbushur 100 vjet. Nuk jam n\u00eb dijeni, se a ka n\u00eb Ulqin a po n\u00eb rethin\u00eb m\u00eb ndonj\u00eb person i cili \u00ebsht\u00eb afruar k\u00ebsaj cifre. \u00c7ka \u00ebsht\u00eb edhe p\u00ebr t\u00eb \u00e7uditur Fadili ende \u00ebsht\u00eb i vetdish\u00ebm. Tekstin mbi Fadilin e [&hellip;]<\/p>\n","protected":false},"author":1,"featured_media":0,"comment_status":"closed","ping_status":"closed","sticky":false,"template":"","format":"standard","meta":{"spay_email":"","jetpack_publicize_message":"","jetpack_is_tweetstorm":false,"jetpack_publicize_feature_enabled":true},"categories":[1,13],"tags":[],"jetpack_publicize_connections":[],"yoast_head":"<!-- This site is optimized with the Yoast SEO plugin v19.1 - https:\/\/yoast.com\/wordpress\/plugins\/seo\/ -->\n<title>100 vje\u00e7ari i fundit i Ulqinit, Fadil Elezaga - Lajme nga Ulqini<\/title>\n<meta name=\"description\" content=\"Nga Ismet Karamanaga 19.04.2017 FADIL ELEZAGA Fadil ELEZAGA meriton nj\u00eb v\u00ebmendje t\u00eb ve\u00e7ant\u00eb. Sot ka mbushur 100 vjet. Nuk jam n\u00eb dijeni, se a ka n\u00eb Ulqin\" \/>\n<meta name=\"robots\" content=\"index, follow, max-snippet:-1, max-image-preview:large, max-video-preview:-1\" \/>\n<link rel=\"canonical\" href=\"https:\/\/www.visit-ulcinj.com\/blog\/2017\/04\/19\/100-vjecari-fundit-ulqinit-fadil-elezaga\/\" \/>\n<meta property=\"og:locale\" content=\"en_US\" \/>\n<meta property=\"og:type\" content=\"article\" \/>\n<meta property=\"og:title\" content=\"100 vje\u00e7ari i fundit i Ulqinit, Fadil Elezaga - Lajme nga Ulqini\" \/>\n<meta property=\"og:description\" content=\"Nga Ismet Karamanaga 19.04.2017 FADIL ELEZAGA Fadil ELEZAGA meriton nj\u00eb v\u00ebmendje t\u00eb ve\u00e7ant\u00eb. Sot ka mbushur 100 vjet. Nuk jam n\u00eb dijeni, se a ka n\u00eb Ulqin\" \/>\n<meta property=\"og:url\" content=\"https:\/\/www.visit-ulcinj.com\/blog\/2017\/04\/19\/100-vjecari-fundit-ulqinit-fadil-elezaga\/\" \/>\n<meta property=\"og:site_name\" content=\"Lajme nga Ulqini\" \/>\n<meta property=\"article:published_time\" content=\"2017-04-19T16:09:08+00:00\" \/>\n<meta property=\"article:modified_time\" content=\"2017-04-21T14:03:35+00:00\" \/>\n<meta property=\"og:image\" content=\"http:\/\/www.visit-ulcinj.com\/blog\/wp-content\/uploads\/2017\/04\/100-vjecari-i-fundit-i-Ulqinit-Fadil-Elezaga.jpg\" \/>\n<meta name=\"twitter:label1\" content=\"Written by\" \/>\n\t<meta name=\"twitter:data1\" content=\"ulqini\" \/>\n\t<meta name=\"twitter:label2\" content=\"Est. reading time\" \/>\n\t<meta name=\"twitter:data2\" content=\"10 minutes\" \/>\n<script type=\"application\/ld+json\" class=\"yoast-schema-graph\">{\"@context\":\"https:\/\/schema.org\",\"@graph\":[{\"@type\":\"WebSite\",\"@id\":\"https:\/\/www.visit-ulcinj.com\/blog\/#website\",\"url\":\"https:\/\/www.visit-ulcinj.com\/blog\/\",\"name\":\"Lajme nga Ulqini\",\"description\":\"Lajme,Vijesti,Ulqini,Ulqin,Crna Gora,Mali i Zi\",\"potentialAction\":[{\"@type\":\"SearchAction\",\"target\":{\"@type\":\"EntryPoint\",\"urlTemplate\":\"https:\/\/www.visit-ulcinj.com\/blog\/?s={search_term_string}\"},\"query-input\":\"required name=search_term_string\"}],\"inLanguage\":\"en-US\"},{\"@type\":\"ImageObject\",\"inLanguage\":\"en-US\",\"@id\":\"https:\/\/www.visit-ulcinj.com\/blog\/2017\/04\/19\/100-vjecari-fundit-ulqinit-fadil-elezaga\/#primaryimage\",\"url\":\"https:\/\/www.visit-ulcinj.com\/blog\/wp-content\/uploads\/2017\/04\/100-vjecari-i-fundit-i-Ulqinit-Fadil-Elezaga.jpg\",\"contentUrl\":\"https:\/\/www.visit-ulcinj.com\/blog\/wp-content\/uploads\/2017\/04\/100-vjecari-i-fundit-i-Ulqinit-Fadil-Elezaga.jpg\",\"width\":508,\"height\":502},{\"@type\":\"WebPage\",\"@id\":\"https:\/\/www.visit-ulcinj.com\/blog\/2017\/04\/19\/100-vjecari-fundit-ulqinit-fadil-elezaga\/#webpage\",\"url\":\"https:\/\/www.visit-ulcinj.com\/blog\/2017\/04\/19\/100-vjecari-fundit-ulqinit-fadil-elezaga\/\",\"name\":\"100 vje\u00e7ari i fundit i Ulqinit, Fadil Elezaga - Lajme nga Ulqini\",\"isPartOf\":{\"@id\":\"https:\/\/www.visit-ulcinj.com\/blog\/#website\"},\"primaryImageOfPage\":{\"@id\":\"https:\/\/www.visit-ulcinj.com\/blog\/2017\/04\/19\/100-vjecari-fundit-ulqinit-fadil-elezaga\/#primaryimage\"},\"datePublished\":\"2017-04-19T16:09:08+00:00\",\"dateModified\":\"2017-04-21T14:03:35+00:00\",\"author\":{\"@id\":\"https:\/\/www.visit-ulcinj.com\/blog\/#\/schema\/person\/dcab619c614d3038751c63bc2aadc06d\"},\"description\":\"Nga Ismet Karamanaga 19.04.2017 FADIL ELEZAGA Fadil ELEZAGA meriton nj\u00eb v\u00ebmendje t\u00eb ve\u00e7ant\u00eb. Sot ka mbushur 100 vjet. Nuk jam n\u00eb dijeni, se a ka n\u00eb Ulqin\",\"breadcrumb\":{\"@id\":\"https:\/\/www.visit-ulcinj.com\/blog\/2017\/04\/19\/100-vjecari-fundit-ulqinit-fadil-elezaga\/#breadcrumb\"},\"inLanguage\":\"en-US\",\"potentialAction\":[{\"@type\":\"ReadAction\",\"target\":[\"https:\/\/www.visit-ulcinj.com\/blog\/2017\/04\/19\/100-vjecari-fundit-ulqinit-fadil-elezaga\/\"]}]},{\"@type\":\"BreadcrumbList\",\"@id\":\"https:\/\/www.visit-ulcinj.com\/blog\/2017\/04\/19\/100-vjecari-fundit-ulqinit-fadil-elezaga\/#breadcrumb\",\"itemListElement\":[{\"@type\":\"ListItem\",\"position\":1,\"name\":\"100 vje\u00e7ari i fundit i Ulqinit, Fadil Elezaga\"}]},{\"@type\":\"Person\",\"@id\":\"https:\/\/www.visit-ulcinj.com\/blog\/#\/schema\/person\/dcab619c614d3038751c63bc2aadc06d\",\"name\":\"ulqini\",\"sameAs\":[\"http:\/\/www.visit-ulcinj.com\"],\"url\":\"https:\/\/www.visit-ulcinj.com\/blog\/author\/admin\/\"}]}<\/script>\n<!-- \/ Yoast SEO plugin. -->","yoast_head_json":{"title":"100 vje\u00e7ari i fundit i Ulqinit, Fadil Elezaga - Lajme nga Ulqini","description":"Nga Ismet Karamanaga 19.04.2017 FADIL ELEZAGA Fadil ELEZAGA meriton nj\u00eb v\u00ebmendje t\u00eb ve\u00e7ant\u00eb. Sot ka mbushur 100 vjet. Nuk jam n\u00eb dijeni, se a ka n\u00eb Ulqin","robots":{"index":"index","follow":"follow","max-snippet":"max-snippet:-1","max-image-preview":"max-image-preview:large","max-video-preview":"max-video-preview:-1"},"canonical":"https:\/\/www.visit-ulcinj.com\/blog\/2017\/04\/19\/100-vjecari-fundit-ulqinit-fadil-elezaga\/","og_locale":"en_US","og_type":"article","og_title":"100 vje\u00e7ari i fundit i Ulqinit, Fadil Elezaga - Lajme nga Ulqini","og_description":"Nga Ismet Karamanaga 19.04.2017 FADIL ELEZAGA Fadil ELEZAGA meriton nj\u00eb v\u00ebmendje t\u00eb ve\u00e7ant\u00eb. Sot ka mbushur 100 vjet. Nuk jam n\u00eb dijeni, se a ka n\u00eb Ulqin","og_url":"https:\/\/www.visit-ulcinj.com\/blog\/2017\/04\/19\/100-vjecari-fundit-ulqinit-fadil-elezaga\/","og_site_name":"Lajme nga Ulqini","article_published_time":"2017-04-19T16:09:08+00:00","article_modified_time":"2017-04-21T14:03:35+00:00","og_image":[{"url":"http:\/\/www.visit-ulcinj.com\/blog\/wp-content\/uploads\/2017\/04\/100-vjecari-i-fundit-i-Ulqinit-Fadil-Elezaga.jpg"}],"twitter_misc":{"Written by":"ulqini","Est. reading time":"10 minutes"},"schema":{"@context":"https:\/\/schema.org","@graph":[{"@type":"WebSite","@id":"https:\/\/www.visit-ulcinj.com\/blog\/#website","url":"https:\/\/www.visit-ulcinj.com\/blog\/","name":"Lajme nga Ulqini","description":"Lajme,Vijesti,Ulqini,Ulqin,Crna Gora,Mali i Zi","potentialAction":[{"@type":"SearchAction","target":{"@type":"EntryPoint","urlTemplate":"https:\/\/www.visit-ulcinj.com\/blog\/?s={search_term_string}"},"query-input":"required name=search_term_string"}],"inLanguage":"en-US"},{"@type":"ImageObject","inLanguage":"en-US","@id":"https:\/\/www.visit-ulcinj.com\/blog\/2017\/04\/19\/100-vjecari-fundit-ulqinit-fadil-elezaga\/#primaryimage","url":"https:\/\/www.visit-ulcinj.com\/blog\/wp-content\/uploads\/2017\/04\/100-vjecari-i-fundit-i-Ulqinit-Fadil-Elezaga.jpg","contentUrl":"https:\/\/www.visit-ulcinj.com\/blog\/wp-content\/uploads\/2017\/04\/100-vjecari-i-fundit-i-Ulqinit-Fadil-Elezaga.jpg","width":508,"height":502},{"@type":"WebPage","@id":"https:\/\/www.visit-ulcinj.com\/blog\/2017\/04\/19\/100-vjecari-fundit-ulqinit-fadil-elezaga\/#webpage","url":"https:\/\/www.visit-ulcinj.com\/blog\/2017\/04\/19\/100-vjecari-fundit-ulqinit-fadil-elezaga\/","name":"100 vje\u00e7ari i fundit i Ulqinit, Fadil Elezaga - Lajme nga Ulqini","isPartOf":{"@id":"https:\/\/www.visit-ulcinj.com\/blog\/#website"},"primaryImageOfPage":{"@id":"https:\/\/www.visit-ulcinj.com\/blog\/2017\/04\/19\/100-vjecari-fundit-ulqinit-fadil-elezaga\/#primaryimage"},"datePublished":"2017-04-19T16:09:08+00:00","dateModified":"2017-04-21T14:03:35+00:00","author":{"@id":"https:\/\/www.visit-ulcinj.com\/blog\/#\/schema\/person\/dcab619c614d3038751c63bc2aadc06d"},"description":"Nga Ismet Karamanaga 19.04.2017 FADIL ELEZAGA Fadil ELEZAGA meriton nj\u00eb v\u00ebmendje t\u00eb ve\u00e7ant\u00eb. Sot ka mbushur 100 vjet. Nuk jam n\u00eb dijeni, se a ka n\u00eb Ulqin","breadcrumb":{"@id":"https:\/\/www.visit-ulcinj.com\/blog\/2017\/04\/19\/100-vjecari-fundit-ulqinit-fadil-elezaga\/#breadcrumb"},"inLanguage":"en-US","potentialAction":[{"@type":"ReadAction","target":["https:\/\/www.visit-ulcinj.com\/blog\/2017\/04\/19\/100-vjecari-fundit-ulqinit-fadil-elezaga\/"]}]},{"@type":"BreadcrumbList","@id":"https:\/\/www.visit-ulcinj.com\/blog\/2017\/04\/19\/100-vjecari-fundit-ulqinit-fadil-elezaga\/#breadcrumb","itemListElement":[{"@type":"ListItem","position":1,"name":"100 vje\u00e7ari i fundit i Ulqinit, Fadil Elezaga"}]},{"@type":"Person","@id":"https:\/\/www.visit-ulcinj.com\/blog\/#\/schema\/person\/dcab619c614d3038751c63bc2aadc06d","name":"ulqini","sameAs":["http:\/\/www.visit-ulcinj.com"],"url":"https:\/\/www.visit-ulcinj.com\/blog\/author\/admin\/"}]}},"jetpack_featured_media_url":"","jetpack_sharing_enabled":true,"jetpack_shortlink":"https:\/\/wp.me\/pe6lTn-raI","_links":{"self":[{"href":"https:\/\/www.visit-ulcinj.com\/blog\/wp-json\/wp\/v2\/posts\/104452"}],"collection":[{"href":"https:\/\/www.visit-ulcinj.com\/blog\/wp-json\/wp\/v2\/posts"}],"about":[{"href":"https:\/\/www.visit-ulcinj.com\/blog\/wp-json\/wp\/v2\/types\/post"}],"author":[{"embeddable":true,"href":"https:\/\/www.visit-ulcinj.com\/blog\/wp-json\/wp\/v2\/users\/1"}],"replies":[{"embeddable":true,"href":"https:\/\/www.visit-ulcinj.com\/blog\/wp-json\/wp\/v2\/comments?post=104452"}],"version-history":[{"count":11,"href":"https:\/\/www.visit-ulcinj.com\/blog\/wp-json\/wp\/v2\/posts\/104452\/revisions"}],"predecessor-version":[{"id":104466,"href":"https:\/\/www.visit-ulcinj.com\/blog\/wp-json\/wp\/v2\/posts\/104452\/revisions\/104466"}],"wp:attachment":[{"href":"https:\/\/www.visit-ulcinj.com\/blog\/wp-json\/wp\/v2\/media?parent=104452"}],"wp:term":[{"taxonomy":"category","embeddable":true,"href":"https:\/\/www.visit-ulcinj.com\/blog\/wp-json\/wp\/v2\/categories?post=104452"},{"taxonomy":"post_tag","embeddable":true,"href":"https:\/\/www.visit-ulcinj.com\/blog\/wp-json\/wp\/v2\/tags?post=104452"}],"curies":[{"name":"wp","href":"https:\/\/api.w.org\/{rel}","templated":true}]}}