{"id":104470,"date":"2017-04-19T18:33:07","date_gmt":"2017-04-19T17:33:07","guid":{"rendered":"http:\/\/www.visit-ulcinj.com\/blog\/?p=104470"},"modified":"2017-04-19T18:34:05","modified_gmt":"2017-04-19T17:34:05","slug":"parlamenti-vendos-per-anetaresimin-e-malit-te-zi-ne-nato-28-prill","status":"publish","type":"post","link":"https:\/\/www.visit-ulcinj.com\/blog\/2017\/04\/19\/parlamenti-vendos-per-anetaresimin-e-malit-te-zi-ne-nato-28-prill\/","title":{"rendered":"Parlamenti vendos p\u00ebr an\u00ebtar\u00ebsimin e Malit t\u00eb Zi n\u00eb NATO m\u00eb 28 prill"},"content":{"rendered":"<p><strong><a href=\"http:\/\/www.visit-ulcinj.com\/blog\/wp-content\/uploads\/2016\/12\/Nato-Montenegro.jpg\"><img loading=\"lazy\" class=\"alignleft wp-image-101619\" src=\"http:\/\/www.visit-ulcinj.com\/blog\/wp-content\/uploads\/2016\/12\/Nato-Montenegro.jpg\" alt=\"\" width=\"508\" height=\"381\" srcset=\"https:\/\/www.visit-ulcinj.com\/blog\/wp-content\/uploads\/2016\/12\/Nato-Montenegro.jpg 640w, https:\/\/www.visit-ulcinj.com\/blog\/wp-content\/uploads\/2016\/12\/Nato-Montenegro-300x225.jpg 300w\" sizes=\"(max-width: 508px) 100vw, 508px\" \/><\/a>Kuvendi i Malit t\u00eb Zi p\u00ebr an\u00ebtar\u00ebsimin e Malit t\u00eb Zi n\u00eb NATO do t\u00eb vendos\u00eb m\u00eb 28 prill n\u00eb Cetinje, transmetojn\u00eb mediat malazeze.<\/strong><\/p>\n<p>Seanc\u00ebn e par\u00eb t\u00eb rregullt pranverore t\u00eb Kuvendit t\u00eb Mali t\u00eb Zi e ka thirrur kryetari Ivan Brajoviq.<\/p>\n<p>Gazeta Blic<\/p>\n","protected":false},"excerpt":{"rendered":"<p>Kuvendi i Malit t\u00eb Zi p\u00ebr an\u00ebtar\u00ebsimin e Malit t\u00eb Zi n\u00eb NATO do t\u00eb vendos\u00eb m\u00eb 28 prill n\u00eb Cetinje, transmetojn\u00eb mediat malazeze. Seanc\u00ebn e par\u00eb t\u00eb rregullt pranverore t\u00eb Kuvendit t\u00eb Mali t\u00eb Zi e ka thirrur kryetari Ivan Brajoviq. Gazeta Blic<\/p>\n","protected":false},"author":1,"featured_media":0,"comment_status":"closed","ping_status":"closed","sticky":false,"template":"","format":"standard","meta":{"spay_email":"","jetpack_publicize_message":"","jetpack_is_tweetstorm":false,"jetpack_publicize_feature_enabled":true},"categories":[14],"tags":[],"jetpack_publicize_connections":[],"yoast_head":"<!-- This site is optimized with the Yoast SEO plugin v19.1 - https:\/\/yoast.com\/wordpress\/plugins\/seo\/ -->\n<title>Parlamenti vendos p\u00ebr an\u00ebtar\u00ebsimin e Malit t\u00eb Zi n\u00eb NATO m\u00eb 28 prill - Lajme nga Ulqini<\/title>\n<meta name=\"description\" content=\"Kuvendi i Malit t\u00eb Zi p\u00ebr an\u00ebtar\u00ebsimin e Malit t\u00eb Zi n\u00eb NATO do t\u00eb vendos\u00eb m\u00eb 28 prill n\u00eb Cetinje, transmetojn\u00eb mediat malazeze. Seanc\u00ebn e par\u00eb t\u00eb\" \/>\n<meta name=\"robots\" content=\"index, follow, max-snippet:-1, max-image-preview:large, max-video-preview:-1\" \/>\n<link rel=\"canonical\" href=\"https:\/\/www.visit-ulcinj.com\/blog\/2017\/04\/19\/parlamenti-vendos-per-anetaresimin-e-malit-te-zi-ne-nato-28-prill\/\" \/>\n<meta property=\"og:locale\" content=\"en_US\" \/>\n<meta property=\"og:type\" content=\"article\" \/>\n<meta property=\"og:title\" content=\"Parlamenti vendos p\u00ebr an\u00ebtar\u00ebsimin e Malit t\u00eb Zi n\u00eb NATO m\u00eb 28 prill - Lajme nga Ulqini\" \/>\n<meta property=\"og:description\" content=\"Kuvendi i Malit t\u00eb Zi p\u00ebr an\u00ebtar\u00ebsimin e Malit t\u00eb Zi n\u00eb NATO do t\u00eb vendos\u00eb m\u00eb 28 prill n\u00eb Cetinje, transmetojn\u00eb mediat malazeze. Seanc\u00ebn e par\u00eb t\u00eb\" \/>\n<meta property=\"og:url\" content=\"https:\/\/www.visit-ulcinj.com\/blog\/2017\/04\/19\/parlamenti-vendos-per-anetaresimin-e-malit-te-zi-ne-nato-28-prill\/\" \/>\n<meta property=\"og:site_name\" content=\"Lajme nga Ulqini\" \/>\n<meta property=\"article:published_time\" content=\"2017-04-19T17:33:07+00:00\" \/>\n<meta property=\"article:modified_time\" content=\"2017-04-19T17:34:05+00:00\" \/>\n<meta property=\"og:image\" content=\"http:\/\/www.visit-ulcinj.com\/blog\/wp-content\/uploads\/2016\/12\/Nato-Montenegro.jpg\" \/>\n<meta name=\"twitter:label1\" content=\"Written by\" \/>\n\t<meta name=\"twitter:data1\" content=\"ulqini\" \/>\n<script type=\"application\/ld+json\" class=\"yoast-schema-graph\">{\"@context\":\"https:\/\/schema.org\",\"@graph\":[{\"@type\":\"WebSite\",\"@id\":\"https:\/\/www.visit-ulcinj.com\/blog\/#website\",\"url\":\"https:\/\/www.visit-ulcinj.com\/blog\/\",\"name\":\"Lajme nga Ulqini\",\"description\":\"Lajme,Vijesti,Ulqini,Ulqin,Crna Gora,Mali i Zi\",\"potentialAction\":[{\"@type\":\"SearchAction\",\"target\":{\"@type\":\"EntryPoint\",\"urlTemplate\":\"https:\/\/www.visit-ulcinj.com\/blog\/?s={search_term_string}\"},\"query-input\":\"required name=search_term_string\"}],\"inLanguage\":\"en-US\"},{\"@type\":\"ImageObject\",\"inLanguage\":\"en-US\",\"@id\":\"https:\/\/www.visit-ulcinj.com\/blog\/2017\/04\/19\/parlamenti-vendos-per-anetaresimin-e-malit-te-zi-ne-nato-28-prill\/#primaryimage\",\"url\":\"https:\/\/www.visit-ulcinj.com\/blog\/wp-content\/uploads\/2016\/12\/Nato-Montenegro.jpg\",\"contentUrl\":\"https:\/\/www.visit-ulcinj.com\/blog\/wp-content\/uploads\/2016\/12\/Nato-Montenegro.jpg\",\"width\":640,\"height\":480},{\"@type\":\"WebPage\",\"@id\":\"https:\/\/www.visit-ulcinj.com\/blog\/2017\/04\/19\/parlamenti-vendos-per-anetaresimin-e-malit-te-zi-ne-nato-28-prill\/#webpage\",\"url\":\"https:\/\/www.visit-ulcinj.com\/blog\/2017\/04\/19\/parlamenti-vendos-per-anetaresimin-e-malit-te-zi-ne-nato-28-prill\/\",\"name\":\"Parlamenti vendos p\u00ebr an\u00ebtar\u00ebsimin e Malit t\u00eb Zi n\u00eb NATO m\u00eb 28 prill - Lajme nga Ulqini\",\"isPartOf\":{\"@id\":\"https:\/\/www.visit-ulcinj.com\/blog\/#website\"},\"primaryImageOfPage\":{\"@id\":\"https:\/\/www.visit-ulcinj.com\/blog\/2017\/04\/19\/parlamenti-vendos-per-anetaresimin-e-malit-te-zi-ne-nato-28-prill\/#primaryimage\"},\"datePublished\":\"2017-04-19T17:33:07+00:00\",\"dateModified\":\"2017-04-19T17:34:05+00:00\",\"author\":{\"@id\":\"https:\/\/www.visit-ulcinj.com\/blog\/#\/schema\/person\/dcab619c614d3038751c63bc2aadc06d\"},\"description\":\"Kuvendi i Malit t\u00eb Zi p\u00ebr an\u00ebtar\u00ebsimin e Malit t\u00eb Zi n\u00eb NATO do t\u00eb vendos\u00eb m\u00eb 28 prill n\u00eb Cetinje, transmetojn\u00eb mediat malazeze. Seanc\u00ebn e par\u00eb t\u00eb\",\"breadcrumb\":{\"@id\":\"https:\/\/www.visit-ulcinj.com\/blog\/2017\/04\/19\/parlamenti-vendos-per-anetaresimin-e-malit-te-zi-ne-nato-28-prill\/#breadcrumb\"},\"inLanguage\":\"en-US\",\"potentialAction\":[{\"@type\":\"ReadAction\",\"target\":[\"https:\/\/www.visit-ulcinj.com\/blog\/2017\/04\/19\/parlamenti-vendos-per-anetaresimin-e-malit-te-zi-ne-nato-28-prill\/\"]}]},{\"@type\":\"BreadcrumbList\",\"@id\":\"https:\/\/www.visit-ulcinj.com\/blog\/2017\/04\/19\/parlamenti-vendos-per-anetaresimin-e-malit-te-zi-ne-nato-28-prill\/#breadcrumb\",\"itemListElement\":[{\"@type\":\"ListItem\",\"position\":1,\"name\":\"Parlamenti vendos p\u00ebr an\u00ebtar\u00ebsimin e Malit t\u00eb Zi n\u00eb NATO m\u00eb 28 prill\"}]},{\"@type\":\"Person\",\"@id\":\"https:\/\/www.visit-ulcinj.com\/blog\/#\/schema\/person\/dcab619c614d3038751c63bc2aadc06d\",\"name\":\"ulqini\",\"sameAs\":[\"http:\/\/www.visit-ulcinj.com\"],\"url\":\"https:\/\/www.visit-ulcinj.com\/blog\/author\/admin\/\"}]}<\/script>\n<!-- \/ Yoast SEO plugin. -->","yoast_head_json":{"title":"Parlamenti vendos p\u00ebr an\u00ebtar\u00ebsimin e Malit t\u00eb Zi n\u00eb NATO m\u00eb 28 prill - Lajme nga Ulqini","description":"Kuvendi i Malit t\u00eb Zi p\u00ebr an\u00ebtar\u00ebsimin e Malit t\u00eb Zi n\u00eb NATO do t\u00eb vendos\u00eb m\u00eb 28 prill n\u00eb Cetinje, transmetojn\u00eb mediat malazeze. Seanc\u00ebn e par\u00eb t\u00eb","robots":{"index":"index","follow":"follow","max-snippet":"max-snippet:-1","max-image-preview":"max-image-preview:large","max-video-preview":"max-video-preview:-1"},"canonical":"https:\/\/www.visit-ulcinj.com\/blog\/2017\/04\/19\/parlamenti-vendos-per-anetaresimin-e-malit-te-zi-ne-nato-28-prill\/","og_locale":"en_US","og_type":"article","og_title":"Parlamenti vendos p\u00ebr an\u00ebtar\u00ebsimin e Malit t\u00eb Zi n\u00eb NATO m\u00eb 28 prill - Lajme nga Ulqini","og_description":"Kuvendi i Malit t\u00eb Zi p\u00ebr an\u00ebtar\u00ebsimin e Malit t\u00eb Zi n\u00eb NATO do t\u00eb vendos\u00eb m\u00eb 28 prill n\u00eb Cetinje, transmetojn\u00eb mediat malazeze. Seanc\u00ebn e par\u00eb t\u00eb","og_url":"https:\/\/www.visit-ulcinj.com\/blog\/2017\/04\/19\/parlamenti-vendos-per-anetaresimin-e-malit-te-zi-ne-nato-28-prill\/","og_site_name":"Lajme nga Ulqini","article_published_time":"2017-04-19T17:33:07+00:00","article_modified_time":"2017-04-19T17:34:05+00:00","og_image":[{"url":"http:\/\/www.visit-ulcinj.com\/blog\/wp-content\/uploads\/2016\/12\/Nato-Montenegro.jpg"}],"twitter_misc":{"Written by":"ulqini"},"schema":{"@context":"https:\/\/schema.org","@graph":[{"@type":"WebSite","@id":"https:\/\/www.visit-ulcinj.com\/blog\/#website","url":"https:\/\/www.visit-ulcinj.com\/blog\/","name":"Lajme nga Ulqini","description":"Lajme,Vijesti,Ulqini,Ulqin,Crna Gora,Mali i Zi","potentialAction":[{"@type":"SearchAction","target":{"@type":"EntryPoint","urlTemplate":"https:\/\/www.visit-ulcinj.com\/blog\/?s={search_term_string}"},"query-input":"required name=search_term_string"}],"inLanguage":"en-US"},{"@type":"ImageObject","inLanguage":"en-US","@id":"https:\/\/www.visit-ulcinj.com\/blog\/2017\/04\/19\/parlamenti-vendos-per-anetaresimin-e-malit-te-zi-ne-nato-28-prill\/#primaryimage","url":"https:\/\/www.visit-ulcinj.com\/blog\/wp-content\/uploads\/2016\/12\/Nato-Montenegro.jpg","contentUrl":"https:\/\/www.visit-ulcinj.com\/blog\/wp-content\/uploads\/2016\/12\/Nato-Montenegro.jpg","width":640,"height":480},{"@type":"WebPage","@id":"https:\/\/www.visit-ulcinj.com\/blog\/2017\/04\/19\/parlamenti-vendos-per-anetaresimin-e-malit-te-zi-ne-nato-28-prill\/#webpage","url":"https:\/\/www.visit-ulcinj.com\/blog\/2017\/04\/19\/parlamenti-vendos-per-anetaresimin-e-malit-te-zi-ne-nato-28-prill\/","name":"Parlamenti vendos p\u00ebr an\u00ebtar\u00ebsimin e Malit t\u00eb Zi n\u00eb NATO m\u00eb 28 prill - Lajme nga Ulqini","isPartOf":{"@id":"https:\/\/www.visit-ulcinj.com\/blog\/#website"},"primaryImageOfPage":{"@id":"https:\/\/www.visit-ulcinj.com\/blog\/2017\/04\/19\/parlamenti-vendos-per-anetaresimin-e-malit-te-zi-ne-nato-28-prill\/#primaryimage"},"datePublished":"2017-04-19T17:33:07+00:00","dateModified":"2017-04-19T17:34:05+00:00","author":{"@id":"https:\/\/www.visit-ulcinj.com\/blog\/#\/schema\/person\/dcab619c614d3038751c63bc2aadc06d"},"description":"Kuvendi i Malit t\u00eb Zi p\u00ebr an\u00ebtar\u00ebsimin e Malit t\u00eb Zi n\u00eb NATO do t\u00eb vendos\u00eb m\u00eb 28 prill n\u00eb Cetinje, transmetojn\u00eb mediat malazeze. Seanc\u00ebn e par\u00eb t\u00eb","breadcrumb":{"@id":"https:\/\/www.visit-ulcinj.com\/blog\/2017\/04\/19\/parlamenti-vendos-per-anetaresimin-e-malit-te-zi-ne-nato-28-prill\/#breadcrumb"},"inLanguage":"en-US","potentialAction":[{"@type":"ReadAction","target":["https:\/\/www.visit-ulcinj.com\/blog\/2017\/04\/19\/parlamenti-vendos-per-anetaresimin-e-malit-te-zi-ne-nato-28-prill\/"]}]},{"@type":"BreadcrumbList","@id":"https:\/\/www.visit-ulcinj.com\/blog\/2017\/04\/19\/parlamenti-vendos-per-anetaresimin-e-malit-te-zi-ne-nato-28-prill\/#breadcrumb","itemListElement":[{"@type":"ListItem","position":1,"name":"Parlamenti vendos p\u00ebr an\u00ebtar\u00ebsimin e Malit t\u00eb Zi n\u00eb NATO m\u00eb 28 prill"}]},{"@type":"Person","@id":"https:\/\/www.visit-ulcinj.com\/blog\/#\/schema\/person\/dcab619c614d3038751c63bc2aadc06d","name":"ulqini","sameAs":["http:\/\/www.visit-ulcinj.com"],"url":"https:\/\/www.visit-ulcinj.com\/blog\/author\/admin\/"}]}},"jetpack_featured_media_url":"","jetpack_sharing_enabled":true,"jetpack_shortlink":"https:\/\/wp.me\/pe6lTn-rb0","_links":{"self":[{"href":"https:\/\/www.visit-ulcinj.com\/blog\/wp-json\/wp\/v2\/posts\/104470"}],"collection":[{"href":"https:\/\/www.visit-ulcinj.com\/blog\/wp-json\/wp\/v2\/posts"}],"about":[{"href":"https:\/\/www.visit-ulcinj.com\/blog\/wp-json\/wp\/v2\/types\/post"}],"author":[{"embeddable":true,"href":"https:\/\/www.visit-ulcinj.com\/blog\/wp-json\/wp\/v2\/users\/1"}],"replies":[{"embeddable":true,"href":"https:\/\/www.visit-ulcinj.com\/blog\/wp-json\/wp\/v2\/comments?post=104470"}],"version-history":[{"count":1,"href":"https:\/\/www.visit-ulcinj.com\/blog\/wp-json\/wp\/v2\/posts\/104470\/revisions"}],"predecessor-version":[{"id":104471,"href":"https:\/\/www.visit-ulcinj.com\/blog\/wp-json\/wp\/v2\/posts\/104470\/revisions\/104471"}],"wp:attachment":[{"href":"https:\/\/www.visit-ulcinj.com\/blog\/wp-json\/wp\/v2\/media?parent=104470"}],"wp:term":[{"taxonomy":"category","embeddable":true,"href":"https:\/\/www.visit-ulcinj.com\/blog\/wp-json\/wp\/v2\/categories?post=104470"},{"taxonomy":"post_tag","embeddable":true,"href":"https:\/\/www.visit-ulcinj.com\/blog\/wp-json\/wp\/v2\/tags?post=104470"}],"curies":[{"name":"wp","href":"https:\/\/api.w.org\/{rel}","templated":true}]}}