{"id":104472,"date":"2017-04-20T06:32:07","date_gmt":"2017-04-20T05:32:07","guid":{"rendered":"http:\/\/www.visit-ulcinj.com\/blog\/?p=104472"},"modified":"2017-04-20T06:32:07","modified_gmt":"2017-04-20T05:32:07","slug":"ulcinjski-albanci-su-voleli-iako-sam-srpkinja-pomogli-su-mi-vise-nego-moj-narod-zivela-sam-s-njima-18-godina","status":"publish","type":"post","link":"https:\/\/www.visit-ulcinj.com\/blog\/2017\/04\/20\/ulcinjski-albanci-su-voleli-iako-sam-srpkinja-pomogli-su-mi-vise-nego-moj-narod-zivela-sam-s-njima-18-godina\/","title":{"rendered":"Ulcinjski Albanci su me voleli iako sam Srpkinja: Pomogli su mi vi\u0161e nego moj narod, \u017eivela sam s njima 18 godina"},"content":{"rendered":"<p class=\"continue-r\"><strong><a href=\"http:\/\/www.visit-ulcinj.com\/blog\/wp-content\/uploads\/2017\/04\/Srbski-Telegraf-Ulcinj.jpg\"><img loading=\"lazy\" class=\"alignleft wp-image-104473\" src=\"http:\/\/www.visit-ulcinj.com\/blog\/wp-content\/uploads\/2017\/04\/Srbski-Telegraf-Ulcinj.jpg\" alt=\"\" width=\"508\" height=\"287\" srcset=\"https:\/\/www.visit-ulcinj.com\/blog\/wp-content\/uploads\/2017\/04\/Srbski-Telegraf-Ulcinj.jpg 620w, https:\/\/www.visit-ulcinj.com\/blog\/wp-content\/uploads\/2017\/04\/Srbski-Telegraf-Ulcinj-300x169.jpg 300w\" sizes=\"(max-width: 508px) 100vw, 508px\" \/><\/a>\u017divela je 18 godina u Ulcinju sa Albancima<\/strong> i ponosna je na tu \u010dinjenicu. Kako ka\u017ee, oni su joj <strong>pomogli vi\u0161e nego Srbi i Crnogorci zajedno.<\/strong> Ovo je ispovest 23-godi\u0161nje devojke koja je odrasla u najju\u017enijem gradu Crne Gore, prenosi portal <strong><a href=\"http:\/\/www.vesti.rs\/counter.php?id=9815856\" target=\"_blank\">Telegraf.rs.<\/a><\/strong><\/p>\n<p>\u2013 Kada ka\u017eem ljudima u Beogradu da sam odrasla u Ulcinju, njihov prvi komentar je: <strong>\u201cJao <\/strong>B<strong>o\u017ee, kako si mogla, tamo \u017eive samo \u0160iptari!\u201d<\/strong> E pa dragi moji, ti isti \u0160iptari su meni i mojoj porodici <strong>pomogli vi\u0161e nego bilo koji Srbin ili Crnogorac\u00a0<\/strong>\u2013 zapo\u010dela je N.L. (23) svoju ispovest.<\/p>\n<p>Predrasude su naj\u010de\u0161\u0107e od strane ljudi koji <strong>nikad nisu kro\u010dili u ovaj grad<\/strong> ili nisu upoznali nijednog Albanca iz Ulcinja.<\/p>\n<p>Me\u0161tani ovog najju\u017enijeg grada Crne Gore funkcioni\u0161u najnormalnije, iako ve\u0107ina smatra da su sukobi svakodnevni.<\/p>\n<p>\u2013 Imala sam tri godine kada smo se doselili. <strong>Albanci su nas prihvatili kao najro\u0111enije<\/strong>, iako su svi znali ko smo, \u0161ta smo i odakle smo. I\u0161la sam u \u0161kolu sa katolicima, muslimanima i pravoslavcima. Nikada se nismo odvajali po grupicama, svi smo bili kao jedno, nacija i vera nas nisu zanimale. Verujem da je tako i dan danas \u2013 isti\u010de N.L.<\/p>\n<p>\u2013 Kada smo se doselili, nismo imali ni dinara. Po\u010deli smo\u00a0da prodajemo garderobu na ulici, ali nas\u00a0je inspekcija stalnio terala\u00a0\u2013 pri\u010da ona.<\/p>\n<p>Kako ka\u017ee, trebalo im je 350 maraka kako bi zakupili neku tezgu u centru grada i zapo\u010deli posao. Pomogao im je deda Albanac koji je dr\u017eao kafanu preko puta pijace suvenira. Njen tata je oti\u0161ao u tu kafanu i ispi\u010dao tom dedi \u0161ta ga mu\u010di, on je bez pogovora otvorio kasu i dao mu 350 maraka.<\/p>\n<p>Nikada nije hteo da uzme pare nazad. Ne pro\u0111e nijedan praznik a da se ne \u010duju da \u010destitaju jedni drugima.<\/p>\n<p>Ona je, kako ka\u017ee, veliki patriota i nikada se nije pla\u0161ila da to i istakne.<\/p>\n<p>\u2013 Nemojte me pogre\u0161no shvatiti, ja \u017eivim u Beogradu i volim Srbiju najvi\u0161e na svetu, ali me boli kada \u010dujem razne uvrede o ljudima sa kojima sam <strong>\u201cdelila hleb\u201d<\/strong>. Redovno se vra\u0107am u Ulcinj sa drugarima koji su odavde, verujte mi \u2013 <strong>svi su fascinirani!<\/strong> Njihovi naj\u010de\u0161\u0107i komentari su:<strong> \u201c\u017dao mi je \u0161to nisam i ranije letovao ovde!\u201d \u00a0<\/strong>\u2013 istakla je ova mlada devojka.<\/p>\n<p>Malih nesuglasica bude jer se uvek na\u0111e neko da <strong>\u201cpotpiri vatru\u201d<\/strong>.<\/p>\n<p>\u2013 Svi se se\u0107amo kada je na fudbalskoj utakmici Srbija-Albanija do\u0161lo do sukoba. Albanci su iza\u0161li na ulice kako bi slavili, a svi oni koji su se ose\u0107ali Srbima su demonstrirali. Nikakvih nereda nije bilo, ali su mediji malo preuveli\u010dali celu situaciju \u2013 zaklju\u010dila je N.L.<\/p>\n<p>Ona tvrdi da vam niko ne\u0107e ogrebati automobil zbog beogradskih tablica, usluga \u0107e biti na najvi\u0161em mogu\u0107em nivou, a\u00a0ugostitelji \u0107e biti presre\u0107ni kada \u010duju da ste vi od celog crnogorskog primorja odabrali ba\u0161 njihov grad.<\/p>\n<p><strong>Izvor: <a href=\"http:\/\/www.vesti.rs\/counter.php?id=9815856\" target=\"_blank\">Telegraf.rs.<\/a><\/strong><\/p>\n","protected":false},"excerpt":{"rendered":"<p>\u017divela je 18 godina u Ulcinju sa Albancima i ponosna je na tu \u010dinjenicu. Kako ka\u017ee, oni su joj pomogli vi\u0161e nego Srbi i Crnogorci zajedno. Ovo je ispovest 23-godi\u0161nje devojke koja je odrasla u najju\u017enijem gradu Crne Gore, prenosi portal Telegraf.rs. \u2013 Kada ka\u017eem ljudima u Beogradu da sam odrasla u Ulcinju, njihov prvi [&hellip;]<\/p>\n","protected":false},"author":1,"featured_media":0,"comment_status":"closed","ping_status":"closed","sticky":false,"template":"","format":"standard","meta":{"spay_email":"","jetpack_publicize_message":"","jetpack_is_tweetstorm":false,"jetpack_publicize_feature_enabled":true},"categories":[8337],"tags":[],"jetpack_publicize_connections":[],"yoast_head":"<!-- This site is optimized with the Yoast SEO plugin v19.1 - https:\/\/yoast.com\/wordpress\/plugins\/seo\/ -->\n<title>Ulcinjski Albanci su me voleli iako sam Srpkinja: Pomogli su mi vi\u0161e nego moj narod, \u017eivela sam s njima 18 godina - Lajme nga Ulqini<\/title>\n<meta name=\"description\" content=\"\u017divela je 18 godina u Ulcinju sa Albancima i ponosna je na tu \u010dinjenicu. Kako ka\u017ee, oni su joj pomogli vi\u0161e nego Srbi i Crnogorci zajedno. Ovo je ispovest\" \/>\n<meta name=\"robots\" content=\"index, follow, max-snippet:-1, max-image-preview:large, max-video-preview:-1\" \/>\n<link rel=\"canonical\" href=\"https:\/\/www.visit-ulcinj.com\/blog\/2017\/04\/20\/ulcinjski-albanci-su-voleli-iako-sam-srpkinja-pomogli-su-mi-vise-nego-moj-narod-zivela-sam-s-njima-18-godina\/\" \/>\n<meta property=\"og:locale\" content=\"en_US\" \/>\n<meta property=\"og:type\" content=\"article\" \/>\n<meta property=\"og:title\" content=\"Ulcinjski Albanci su me voleli iako sam Srpkinja: Pomogli su mi vi\u0161e nego moj narod, \u017eivela sam s njima 18 godina - Lajme nga Ulqini\" \/>\n<meta property=\"og:description\" content=\"\u017divela je 18 godina u Ulcinju sa Albancima i ponosna je na tu \u010dinjenicu. Kako ka\u017ee, oni su joj pomogli vi\u0161e nego Srbi i Crnogorci zajedno. Ovo je ispovest\" \/>\n<meta property=\"og:url\" content=\"https:\/\/www.visit-ulcinj.com\/blog\/2017\/04\/20\/ulcinjski-albanci-su-voleli-iako-sam-srpkinja-pomogli-su-mi-vise-nego-moj-narod-zivela-sam-s-njima-18-godina\/\" \/>\n<meta property=\"og:site_name\" content=\"Lajme nga Ulqini\" \/>\n<meta property=\"article:published_time\" content=\"2017-04-20T05:32:07+00:00\" \/>\n<meta property=\"og:image\" content=\"http:\/\/www.visit-ulcinj.com\/blog\/wp-content\/uploads\/2017\/04\/Srbski-Telegraf-Ulcinj.jpg\" \/>\n<meta name=\"twitter:label1\" content=\"Written by\" \/>\n\t<meta name=\"twitter:data1\" content=\"ulqini\" \/>\n\t<meta name=\"twitter:label2\" content=\"Est. reading time\" \/>\n\t<meta name=\"twitter:data2\" content=\"3 minutes\" \/>\n<script type=\"application\/ld+json\" class=\"yoast-schema-graph\">{\"@context\":\"https:\/\/schema.org\",\"@graph\":[{\"@type\":\"WebSite\",\"@id\":\"https:\/\/www.visit-ulcinj.com\/blog\/#website\",\"url\":\"https:\/\/www.visit-ulcinj.com\/blog\/\",\"name\":\"Lajme nga Ulqini\",\"description\":\"Lajme,Vijesti,Ulqini,Ulqin,Crna Gora,Mali i Zi\",\"potentialAction\":[{\"@type\":\"SearchAction\",\"target\":{\"@type\":\"EntryPoint\",\"urlTemplate\":\"https:\/\/www.visit-ulcinj.com\/blog\/?s={search_term_string}\"},\"query-input\":\"required name=search_term_string\"}],\"inLanguage\":\"en-US\"},{\"@type\":\"ImageObject\",\"inLanguage\":\"en-US\",\"@id\":\"https:\/\/www.visit-ulcinj.com\/blog\/2017\/04\/20\/ulcinjski-albanci-su-voleli-iako-sam-srpkinja-pomogli-su-mi-vise-nego-moj-narod-zivela-sam-s-njima-18-godina\/#primaryimage\",\"url\":\"https:\/\/www.visit-ulcinj.com\/blog\/wp-content\/uploads\/2017\/04\/Srbski-Telegraf-Ulcinj.jpg\",\"contentUrl\":\"https:\/\/www.visit-ulcinj.com\/blog\/wp-content\/uploads\/2017\/04\/Srbski-Telegraf-Ulcinj.jpg\",\"width\":620,\"height\":350},{\"@type\":\"WebPage\",\"@id\":\"https:\/\/www.visit-ulcinj.com\/blog\/2017\/04\/20\/ulcinjski-albanci-su-voleli-iako-sam-srpkinja-pomogli-su-mi-vise-nego-moj-narod-zivela-sam-s-njima-18-godina\/#webpage\",\"url\":\"https:\/\/www.visit-ulcinj.com\/blog\/2017\/04\/20\/ulcinjski-albanci-su-voleli-iako-sam-srpkinja-pomogli-su-mi-vise-nego-moj-narod-zivela-sam-s-njima-18-godina\/\",\"name\":\"Ulcinjski Albanci su me voleli iako sam Srpkinja: Pomogli su mi vi\u0161e nego moj narod, \u017eivela sam s njima 18 godina - Lajme nga Ulqini\",\"isPartOf\":{\"@id\":\"https:\/\/www.visit-ulcinj.com\/blog\/#website\"},\"primaryImageOfPage\":{\"@id\":\"https:\/\/www.visit-ulcinj.com\/blog\/2017\/04\/20\/ulcinjski-albanci-su-voleli-iako-sam-srpkinja-pomogli-su-mi-vise-nego-moj-narod-zivela-sam-s-njima-18-godina\/#primaryimage\"},\"datePublished\":\"2017-04-20T05:32:07+00:00\",\"dateModified\":\"2017-04-20T05:32:07+00:00\",\"author\":{\"@id\":\"https:\/\/www.visit-ulcinj.com\/blog\/#\/schema\/person\/dcab619c614d3038751c63bc2aadc06d\"},\"description\":\"\u017divela je 18 godina u Ulcinju sa Albancima i ponosna je na tu \u010dinjenicu. Kako ka\u017ee, oni su joj pomogli vi\u0161e nego Srbi i Crnogorci zajedno. Ovo je ispovest\",\"breadcrumb\":{\"@id\":\"https:\/\/www.visit-ulcinj.com\/blog\/2017\/04\/20\/ulcinjski-albanci-su-voleli-iako-sam-srpkinja-pomogli-su-mi-vise-nego-moj-narod-zivela-sam-s-njima-18-godina\/#breadcrumb\"},\"inLanguage\":\"en-US\",\"potentialAction\":[{\"@type\":\"ReadAction\",\"target\":[\"https:\/\/www.visit-ulcinj.com\/blog\/2017\/04\/20\/ulcinjski-albanci-su-voleli-iako-sam-srpkinja-pomogli-su-mi-vise-nego-moj-narod-zivela-sam-s-njima-18-godina\/\"]}]},{\"@type\":\"BreadcrumbList\",\"@id\":\"https:\/\/www.visit-ulcinj.com\/blog\/2017\/04\/20\/ulcinjski-albanci-su-voleli-iako-sam-srpkinja-pomogli-su-mi-vise-nego-moj-narod-zivela-sam-s-njima-18-godina\/#breadcrumb\",\"itemListElement\":[{\"@type\":\"ListItem\",\"position\":1,\"name\":\"Ulcinjski Albanci su me voleli iako sam Srpkinja: Pomogli su mi vi\u0161e nego moj narod, \u017eivela sam s njima 18 godina\"}]},{\"@type\":\"Person\",\"@id\":\"https:\/\/www.visit-ulcinj.com\/blog\/#\/schema\/person\/dcab619c614d3038751c63bc2aadc06d\",\"name\":\"ulqini\",\"sameAs\":[\"http:\/\/www.visit-ulcinj.com\"],\"url\":\"https:\/\/www.visit-ulcinj.com\/blog\/author\/admin\/\"}]}<\/script>\n<!-- \/ Yoast SEO plugin. -->","yoast_head_json":{"title":"Ulcinjski Albanci su me voleli iako sam Srpkinja: Pomogli su mi vi\u0161e nego moj narod, \u017eivela sam s njima 18 godina - Lajme nga Ulqini","description":"\u017divela je 18 godina u Ulcinju sa Albancima i ponosna je na tu \u010dinjenicu. Kako ka\u017ee, oni su joj pomogli vi\u0161e nego Srbi i Crnogorci zajedno. Ovo je ispovest","robots":{"index":"index","follow":"follow","max-snippet":"max-snippet:-1","max-image-preview":"max-image-preview:large","max-video-preview":"max-video-preview:-1"},"canonical":"https:\/\/www.visit-ulcinj.com\/blog\/2017\/04\/20\/ulcinjski-albanci-su-voleli-iako-sam-srpkinja-pomogli-su-mi-vise-nego-moj-narod-zivela-sam-s-njima-18-godina\/","og_locale":"en_US","og_type":"article","og_title":"Ulcinjski Albanci su me voleli iako sam Srpkinja: Pomogli su mi vi\u0161e nego moj narod, \u017eivela sam s njima 18 godina - Lajme nga Ulqini","og_description":"\u017divela je 18 godina u Ulcinju sa Albancima i ponosna je na tu \u010dinjenicu. Kako ka\u017ee, oni su joj pomogli vi\u0161e nego Srbi i Crnogorci zajedno. Ovo je ispovest","og_url":"https:\/\/www.visit-ulcinj.com\/blog\/2017\/04\/20\/ulcinjski-albanci-su-voleli-iako-sam-srpkinja-pomogli-su-mi-vise-nego-moj-narod-zivela-sam-s-njima-18-godina\/","og_site_name":"Lajme nga Ulqini","article_published_time":"2017-04-20T05:32:07+00:00","og_image":[{"url":"http:\/\/www.visit-ulcinj.com\/blog\/wp-content\/uploads\/2017\/04\/Srbski-Telegraf-Ulcinj.jpg"}],"twitter_misc":{"Written by":"ulqini","Est. reading time":"3 minutes"},"schema":{"@context":"https:\/\/schema.org","@graph":[{"@type":"WebSite","@id":"https:\/\/www.visit-ulcinj.com\/blog\/#website","url":"https:\/\/www.visit-ulcinj.com\/blog\/","name":"Lajme nga Ulqini","description":"Lajme,Vijesti,Ulqini,Ulqin,Crna Gora,Mali i Zi","potentialAction":[{"@type":"SearchAction","target":{"@type":"EntryPoint","urlTemplate":"https:\/\/www.visit-ulcinj.com\/blog\/?s={search_term_string}"},"query-input":"required name=search_term_string"}],"inLanguage":"en-US"},{"@type":"ImageObject","inLanguage":"en-US","@id":"https:\/\/www.visit-ulcinj.com\/blog\/2017\/04\/20\/ulcinjski-albanci-su-voleli-iako-sam-srpkinja-pomogli-su-mi-vise-nego-moj-narod-zivela-sam-s-njima-18-godina\/#primaryimage","url":"https:\/\/www.visit-ulcinj.com\/blog\/wp-content\/uploads\/2017\/04\/Srbski-Telegraf-Ulcinj.jpg","contentUrl":"https:\/\/www.visit-ulcinj.com\/blog\/wp-content\/uploads\/2017\/04\/Srbski-Telegraf-Ulcinj.jpg","width":620,"height":350},{"@type":"WebPage","@id":"https:\/\/www.visit-ulcinj.com\/blog\/2017\/04\/20\/ulcinjski-albanci-su-voleli-iako-sam-srpkinja-pomogli-su-mi-vise-nego-moj-narod-zivela-sam-s-njima-18-godina\/#webpage","url":"https:\/\/www.visit-ulcinj.com\/blog\/2017\/04\/20\/ulcinjski-albanci-su-voleli-iako-sam-srpkinja-pomogli-su-mi-vise-nego-moj-narod-zivela-sam-s-njima-18-godina\/","name":"Ulcinjski Albanci su me voleli iako sam Srpkinja: Pomogli su mi vi\u0161e nego moj narod, \u017eivela sam s njima 18 godina - Lajme nga Ulqini","isPartOf":{"@id":"https:\/\/www.visit-ulcinj.com\/blog\/#website"},"primaryImageOfPage":{"@id":"https:\/\/www.visit-ulcinj.com\/blog\/2017\/04\/20\/ulcinjski-albanci-su-voleli-iako-sam-srpkinja-pomogli-su-mi-vise-nego-moj-narod-zivela-sam-s-njima-18-godina\/#primaryimage"},"datePublished":"2017-04-20T05:32:07+00:00","dateModified":"2017-04-20T05:32:07+00:00","author":{"@id":"https:\/\/www.visit-ulcinj.com\/blog\/#\/schema\/person\/dcab619c614d3038751c63bc2aadc06d"},"description":"\u017divela je 18 godina u Ulcinju sa Albancima i ponosna je na tu \u010dinjenicu. Kako ka\u017ee, oni su joj pomogli vi\u0161e nego Srbi i Crnogorci zajedno. Ovo je ispovest","breadcrumb":{"@id":"https:\/\/www.visit-ulcinj.com\/blog\/2017\/04\/20\/ulcinjski-albanci-su-voleli-iako-sam-srpkinja-pomogli-su-mi-vise-nego-moj-narod-zivela-sam-s-njima-18-godina\/#breadcrumb"},"inLanguage":"en-US","potentialAction":[{"@type":"ReadAction","target":["https:\/\/www.visit-ulcinj.com\/blog\/2017\/04\/20\/ulcinjski-albanci-su-voleli-iako-sam-srpkinja-pomogli-su-mi-vise-nego-moj-narod-zivela-sam-s-njima-18-godina\/"]}]},{"@type":"BreadcrumbList","@id":"https:\/\/www.visit-ulcinj.com\/blog\/2017\/04\/20\/ulcinjski-albanci-su-voleli-iako-sam-srpkinja-pomogli-su-mi-vise-nego-moj-narod-zivela-sam-s-njima-18-godina\/#breadcrumb","itemListElement":[{"@type":"ListItem","position":1,"name":"Ulcinjski Albanci su me voleli iako sam Srpkinja: Pomogli su mi vi\u0161e nego moj narod, \u017eivela sam s njima 18 godina"}]},{"@type":"Person","@id":"https:\/\/www.visit-ulcinj.com\/blog\/#\/schema\/person\/dcab619c614d3038751c63bc2aadc06d","name":"ulqini","sameAs":["http:\/\/www.visit-ulcinj.com"],"url":"https:\/\/www.visit-ulcinj.com\/blog\/author\/admin\/"}]}},"jetpack_featured_media_url":"","jetpack_sharing_enabled":true,"jetpack_shortlink":"https:\/\/wp.me\/pe6lTn-rb2","_links":{"self":[{"href":"https:\/\/www.visit-ulcinj.com\/blog\/wp-json\/wp\/v2\/posts\/104472"}],"collection":[{"href":"https:\/\/www.visit-ulcinj.com\/blog\/wp-json\/wp\/v2\/posts"}],"about":[{"href":"https:\/\/www.visit-ulcinj.com\/blog\/wp-json\/wp\/v2\/types\/post"}],"author":[{"embeddable":true,"href":"https:\/\/www.visit-ulcinj.com\/blog\/wp-json\/wp\/v2\/users\/1"}],"replies":[{"embeddable":true,"href":"https:\/\/www.visit-ulcinj.com\/blog\/wp-json\/wp\/v2\/comments?post=104472"}],"version-history":[{"count":1,"href":"https:\/\/www.visit-ulcinj.com\/blog\/wp-json\/wp\/v2\/posts\/104472\/revisions"}],"predecessor-version":[{"id":104474,"href":"https:\/\/www.visit-ulcinj.com\/blog\/wp-json\/wp\/v2\/posts\/104472\/revisions\/104474"}],"wp:attachment":[{"href":"https:\/\/www.visit-ulcinj.com\/blog\/wp-json\/wp\/v2\/media?parent=104472"}],"wp:term":[{"taxonomy":"category","embeddable":true,"href":"https:\/\/www.visit-ulcinj.com\/blog\/wp-json\/wp\/v2\/categories?post=104472"},{"taxonomy":"post_tag","embeddable":true,"href":"https:\/\/www.visit-ulcinj.com\/blog\/wp-json\/wp\/v2\/tags?post=104472"}],"curies":[{"name":"wp","href":"https:\/\/api.w.org\/{rel}","templated":true}]}}