{"id":104475,"date":"2017-04-20T06:37:59","date_gmt":"2017-04-20T05:37:59","guid":{"rendered":"http:\/\/www.visit-ulcinj.com\/blog\/?p=104475"},"modified":"2017-04-20T06:37:59","modified_gmt":"2017-04-20T05:37:59","slug":"rrefehet-serbja-e-beogradit-shqiptaret-ndihmuan-shume-se-shkiet-e-mi","status":"publish","type":"post","link":"https:\/\/www.visit-ulcinj.com\/blog\/2017\/04\/20\/rrefehet-serbja-e-beogradit-shqiptaret-ndihmuan-shume-se-shkiet-e-mi\/","title":{"rendered":"Rr\u00ebfehet serbja e Beogradit: Shqiptar\u00ebt m\u00eb ndihmuan m\u00eb shum\u00eb se shkiet e mi!"},"content":{"rendered":"<div class=\"paragraph-holder vid-resp\">\n<p><a href=\"http:\/\/www.visit-ulcinj.com\/blog\/wp-content\/uploads\/2017\/04\/Srbski-Telegraf-Ulcinj.jpg\"><img loading=\"lazy\" class=\"alignleft wp-image-104473\" src=\"http:\/\/www.visit-ulcinj.com\/blog\/wp-content\/uploads\/2017\/04\/Srbski-Telegraf-Ulcinj.jpg\" alt=\"\" width=\"508\" height=\"287\" srcset=\"https:\/\/www.visit-ulcinj.com\/blog\/wp-content\/uploads\/2017\/04\/Srbski-Telegraf-Ulcinj.jpg 620w, https:\/\/www.visit-ulcinj.com\/blog\/wp-content\/uploads\/2017\/04\/Srbski-Telegraf-Ulcinj-300x169.jpg 300w\" sizes=\"(max-width: 508px) 100vw, 508px\" \/><\/a>\u201cShqiptar\u00ebt nuk na urrejn\u00eb, p\u00ebrkundrazi m\u00eb kan\u00eb dashur dhe pse un\u00eb jam serbe, bila ata m\u00eb ndihmuan m\u00eb shum\u00eb se shkiet e mi. Kjo d\u00ebshmon se me ta kam jetuar e rritur bashk\u00eb pa kurrfar\u00eb problemi qe 18 vjet, shkuajn\u00eb mediat serbe, t\u00eb cilat kan\u00eb sjell\u00eb sot nj\u00eb reportazh me nj\u00eb serbe dhe bashkjetes\u00ebn e saj me shqiptar\u00ebt, transmeton \u201cPresheva Jon\u00eb\u201d.<\/p>\n<p>Ajo jeton qe 18 vjet n\u00eb Ulqin me shqiptar\u00ebt dhe \u00ebsht\u00eb krenare p\u00ebr k\u00ebt\u00eb fakt. Ajo thot\u00eb se ata e kan\u00eb ndihmuar e saj m\u00eb shum\u00eb se serb\u00ebt dhe malazez\u00ebt s\u00eb bashku. Ky \u00ebsht\u00eb rr\u00ebfimi i nj\u00eb vajze 23-vje\u00e7are q\u00eb u rrit n\u00eb qytetin jugor te Malit t\u00eb Zi.<\/p>\n<p>\u201cKur un\u00eb ju them njer\u00ebzve n\u00eb Beograd se un\u00eb u rrita me ta n\u00eb Ulqin, komenti i tyre i par\u00eb \u00ebsht\u00eb: \u201cOh, Zoti im, si mundesh t\u00eb jetojsh atje, vet\u00ebm me shqiptar\u00eb!\u201d Kurse p\u00ebrgjigjja ime \u00ebsht\u00eb e menj\u00ebhershme: \u201ceh t\u00eb dashur t\u00eb mi, mos ju ardht m\u00ebrzi k\u00ebta shqiptaret mua dhe familjen time m\u00eb ka ndihmuar m\u00eb shum\u00eb se \u00e7do shka dhe malazias\u201d.<\/p>\n<p>\u201cParagjykime t\u00eb\u00a0 tilla p\u00ebr shiptaret vijn\u00eb shpesh nga njer\u00ebz q\u00eb kurr\u00eb nuk kan\u00eb vendosur k\u00ebmb\u00ebn n\u00eb k\u00ebt\u00eb qytet, ose nuk kan\u00eb takuar nj\u00eb shqiptar\u201d, thot\u00eb serbja me origjin\u00eb nga Beogradi.<\/p>\n<p>\u201cUn\u00eb isha vet\u00ebm tre vje\u00e7 kur kan\u00eb l\u00ebvizur. Shqiptar\u00ebt na kan\u00eb pranuar mir\u00eb edhe pse t\u00eb gjith\u00eb e dinin kush ishim, \u00e7far\u00eb jemi, \u00e7far\u00eb u kemi b\u00ebr\u00eb atyre dhe ku jemi. Un\u00eb shkova n\u00eb shkoll\u00eb me\u00a0katolik\u00eb, mysliman\u00eb dhe ortodoks\u00eb. Ne kurr\u00eb nuk ndaheshim nga grupe t\u00eb vogla, ne ishim t\u00eb gjith\u00eb si nj\u00eb komb dhe ne ishim t\u00eb interesuar aq n\u00eb fe\u201d thot\u00eb serbja \u00a0N.L.<\/p>\n<p>\u201cKur ne u zhvendos\u00ebm k\u00ebtu, ne nuk kishim n\u00eb xhep asnj\u00eb qindark\u00eb. Ne nis\u00ebm jet\u00ebn dhe biznesin duke shitur rroba n\u00eb rrug\u00eb, por ne ishim n\u00ebn presion t\u00eb inspektor\u00ebve vazhdimisht\u201d, vazhdoi ajo.<\/p>\n<p>Ajo thot\u00eb se mori 350 marka me qira nj\u00eb tezg\u00eb n\u00eb qend\u00ebr t\u00eb qytetit dhe ka filluar pun\u00ebn. At\u00eb e\u00a0ndihmoi nj\u00eb xhaxha i panjohur shqiptar, i cili mbajti nj\u00eb kafe n\u00ebp\u00ebr tregjet suvenire. Babai i saj shkoi n\u00eb k\u00ebt\u00eb restorant dhe kishte fal\u00ebnderuar shpesh shqiptarin p\u00ebr k\u00ebt\u00eb gjest.<\/p>\n<p>\u201cMos me keqkuptoni, du t\u2019iu them nj\u00eb gj\u00eb. \u00a0Un\u00eb jetoj sot n\u00eb Beograd dhe Serbin\u00eb \u00a0e dua m\u00eb s\u00eb shumti n\u00eb bot\u00eb, por ajo \u00e7ka m\u00eb\u00a0dhemb \u00ebsht\u00eb kur d\u00ebgjoj fyerje t\u00eb larmishme n\u00eb lidhje me njer\u00ebzit me t\u00eb cil\u00ebt e kam ndar\u00eb edhe kafshat\u00ebn e buk\u00ebs\u201d, shton serbja.<\/p>\n<p>\u201cNe t\u00eb gjith\u00eb e mbajm\u00eb mend ndeshjen e futbollit Serbi-Shqip\u00ebri q\u00eb \u00e7oi p\u00ebr pak n\u00eb konflikt. Shqiptar\u00ebt dol\u00ebn n\u00eb rrug\u00eb p\u00ebr t\u00eb festuar dhe t\u00eb gjith\u00eb serb\u00ebt menduan se ata demonstruan. Nuk kishte trazira, por mediat serbe\u00a0jan\u00eb t\u00eb prira p\u00ebr propagand\u00eb dhe kan\u00eb ekzagjeruar situat\u00ebn n\u00eb t\u00ebr\u00ebsi\u201d ka th\u00ebn\u00eb n\u00eb fund N.L.<\/p>\n<p><strong>Presheva Jon\u00eb<\/strong><\/p>\n<\/div>\n","protected":false},"excerpt":{"rendered":"<p>\u201cShqiptar\u00ebt nuk na urrejn\u00eb, p\u00ebrkundrazi m\u00eb kan\u00eb dashur dhe pse un\u00eb jam serbe, bila ata m\u00eb ndihmuan m\u00eb shum\u00eb se shkiet e mi. Kjo d\u00ebshmon se me ta kam jetuar e rritur bashk\u00eb pa kurrfar\u00eb problemi qe 18 vjet, shkuajn\u00eb mediat serbe, t\u00eb cilat kan\u00eb sjell\u00eb sot nj\u00eb reportazh me nj\u00eb serbe dhe bashkjetes\u00ebn e [&hellip;]<\/p>\n","protected":false},"author":1,"featured_media":0,"comment_status":"closed","ping_status":"closed","sticky":false,"template":"","format":"standard","meta":{"spay_email":"","jetpack_publicize_message":"","jetpack_is_tweetstorm":false,"jetpack_publicize_feature_enabled":true},"categories":[12],"tags":[],"jetpack_publicize_connections":[],"yoast_head":"<!-- This site is optimized with the Yoast SEO plugin v19.1 - https:\/\/yoast.com\/wordpress\/plugins\/seo\/ -->\n<title>Rr\u00ebfehet serbja e Beogradit: Shqiptar\u00ebt m\u00eb ndihmuan m\u00eb shum\u00eb se shkiet e mi! - Lajme nga Ulqini<\/title>\n<meta name=\"description\" content=\"\u201cShqiptar\u00ebt nuk na urrejn\u00eb, p\u00ebrkundrazi m\u00eb kan\u00eb dashur dhe pse un\u00eb jam serbe, bila ata m\u00eb ndihmuan m\u00eb shum\u00eb se shkiet e mi. Kjo d\u00ebshmon se me ta kam\" \/>\n<meta name=\"robots\" content=\"index, follow, max-snippet:-1, max-image-preview:large, max-video-preview:-1\" \/>\n<link rel=\"canonical\" href=\"https:\/\/www.visit-ulcinj.com\/blog\/2017\/04\/20\/rrefehet-serbja-e-beogradit-shqiptaret-ndihmuan-shume-se-shkiet-e-mi\/\" \/>\n<meta property=\"og:locale\" content=\"en_US\" \/>\n<meta property=\"og:type\" content=\"article\" \/>\n<meta property=\"og:title\" content=\"Rr\u00ebfehet serbja e Beogradit: Shqiptar\u00ebt m\u00eb ndihmuan m\u00eb shum\u00eb se shkiet e mi! - Lajme nga Ulqini\" \/>\n<meta property=\"og:description\" content=\"\u201cShqiptar\u00ebt nuk na urrejn\u00eb, p\u00ebrkundrazi m\u00eb kan\u00eb dashur dhe pse un\u00eb jam serbe, bila ata m\u00eb ndihmuan m\u00eb shum\u00eb se shkiet e mi. Kjo d\u00ebshmon se me ta kam\" \/>\n<meta property=\"og:url\" content=\"https:\/\/www.visit-ulcinj.com\/blog\/2017\/04\/20\/rrefehet-serbja-e-beogradit-shqiptaret-ndihmuan-shume-se-shkiet-e-mi\/\" \/>\n<meta property=\"og:site_name\" content=\"Lajme nga Ulqini\" \/>\n<meta property=\"article:published_time\" content=\"2017-04-20T05:37:59+00:00\" \/>\n<meta property=\"og:image\" content=\"http:\/\/www.visit-ulcinj.com\/blog\/wp-content\/uploads\/2017\/04\/Srbski-Telegraf-Ulcinj.jpg\" \/>\n<meta name=\"twitter:label1\" content=\"Written by\" \/>\n\t<meta name=\"twitter:data1\" content=\"ulqini\" \/>\n\t<meta name=\"twitter:label2\" content=\"Est. reading time\" \/>\n\t<meta name=\"twitter:data2\" content=\"3 minutes\" \/>\n<script type=\"application\/ld+json\" class=\"yoast-schema-graph\">{\"@context\":\"https:\/\/schema.org\",\"@graph\":[{\"@type\":\"WebSite\",\"@id\":\"https:\/\/www.visit-ulcinj.com\/blog\/#website\",\"url\":\"https:\/\/www.visit-ulcinj.com\/blog\/\",\"name\":\"Lajme nga Ulqini\",\"description\":\"Lajme,Vijesti,Ulqini,Ulqin,Crna Gora,Mali i Zi\",\"potentialAction\":[{\"@type\":\"SearchAction\",\"target\":{\"@type\":\"EntryPoint\",\"urlTemplate\":\"https:\/\/www.visit-ulcinj.com\/blog\/?s={search_term_string}\"},\"query-input\":\"required name=search_term_string\"}],\"inLanguage\":\"en-US\"},{\"@type\":\"ImageObject\",\"inLanguage\":\"en-US\",\"@id\":\"https:\/\/www.visit-ulcinj.com\/blog\/2017\/04\/20\/rrefehet-serbja-e-beogradit-shqiptaret-ndihmuan-shume-se-shkiet-e-mi\/#primaryimage\",\"url\":\"https:\/\/www.visit-ulcinj.com\/blog\/wp-content\/uploads\/2017\/04\/Srbski-Telegraf-Ulcinj.jpg\",\"contentUrl\":\"https:\/\/www.visit-ulcinj.com\/blog\/wp-content\/uploads\/2017\/04\/Srbski-Telegraf-Ulcinj.jpg\",\"width\":620,\"height\":350},{\"@type\":\"WebPage\",\"@id\":\"https:\/\/www.visit-ulcinj.com\/blog\/2017\/04\/20\/rrefehet-serbja-e-beogradit-shqiptaret-ndihmuan-shume-se-shkiet-e-mi\/#webpage\",\"url\":\"https:\/\/www.visit-ulcinj.com\/blog\/2017\/04\/20\/rrefehet-serbja-e-beogradit-shqiptaret-ndihmuan-shume-se-shkiet-e-mi\/\",\"name\":\"Rr\u00ebfehet serbja e Beogradit: Shqiptar\u00ebt m\u00eb ndihmuan m\u00eb shum\u00eb se shkiet e mi! - Lajme nga Ulqini\",\"isPartOf\":{\"@id\":\"https:\/\/www.visit-ulcinj.com\/blog\/#website\"},\"primaryImageOfPage\":{\"@id\":\"https:\/\/www.visit-ulcinj.com\/blog\/2017\/04\/20\/rrefehet-serbja-e-beogradit-shqiptaret-ndihmuan-shume-se-shkiet-e-mi\/#primaryimage\"},\"datePublished\":\"2017-04-20T05:37:59+00:00\",\"dateModified\":\"2017-04-20T05:37:59+00:00\",\"author\":{\"@id\":\"https:\/\/www.visit-ulcinj.com\/blog\/#\/schema\/person\/dcab619c614d3038751c63bc2aadc06d\"},\"description\":\"\u201cShqiptar\u00ebt nuk na urrejn\u00eb, p\u00ebrkundrazi m\u00eb kan\u00eb dashur dhe pse un\u00eb jam serbe, bila ata m\u00eb ndihmuan m\u00eb shum\u00eb se shkiet e mi. Kjo d\u00ebshmon se me ta kam\",\"breadcrumb\":{\"@id\":\"https:\/\/www.visit-ulcinj.com\/blog\/2017\/04\/20\/rrefehet-serbja-e-beogradit-shqiptaret-ndihmuan-shume-se-shkiet-e-mi\/#breadcrumb\"},\"inLanguage\":\"en-US\",\"potentialAction\":[{\"@type\":\"ReadAction\",\"target\":[\"https:\/\/www.visit-ulcinj.com\/blog\/2017\/04\/20\/rrefehet-serbja-e-beogradit-shqiptaret-ndihmuan-shume-se-shkiet-e-mi\/\"]}]},{\"@type\":\"BreadcrumbList\",\"@id\":\"https:\/\/www.visit-ulcinj.com\/blog\/2017\/04\/20\/rrefehet-serbja-e-beogradit-shqiptaret-ndihmuan-shume-se-shkiet-e-mi\/#breadcrumb\",\"itemListElement\":[{\"@type\":\"ListItem\",\"position\":1,\"name\":\"Rr\u00ebfehet serbja e Beogradit: Shqiptar\u00ebt m\u00eb ndihmuan m\u00eb shum\u00eb se shkiet e mi!\"}]},{\"@type\":\"Person\",\"@id\":\"https:\/\/www.visit-ulcinj.com\/blog\/#\/schema\/person\/dcab619c614d3038751c63bc2aadc06d\",\"name\":\"ulqini\",\"sameAs\":[\"http:\/\/www.visit-ulcinj.com\"],\"url\":\"https:\/\/www.visit-ulcinj.com\/blog\/author\/admin\/\"}]}<\/script>\n<!-- \/ Yoast SEO plugin. -->","yoast_head_json":{"title":"Rr\u00ebfehet serbja e Beogradit: Shqiptar\u00ebt m\u00eb ndihmuan m\u00eb shum\u00eb se shkiet e mi! - Lajme nga Ulqini","description":"\u201cShqiptar\u00ebt nuk na urrejn\u00eb, p\u00ebrkundrazi m\u00eb kan\u00eb dashur dhe pse un\u00eb jam serbe, bila ata m\u00eb ndihmuan m\u00eb shum\u00eb se shkiet e mi. Kjo d\u00ebshmon se me ta kam","robots":{"index":"index","follow":"follow","max-snippet":"max-snippet:-1","max-image-preview":"max-image-preview:large","max-video-preview":"max-video-preview:-1"},"canonical":"https:\/\/www.visit-ulcinj.com\/blog\/2017\/04\/20\/rrefehet-serbja-e-beogradit-shqiptaret-ndihmuan-shume-se-shkiet-e-mi\/","og_locale":"en_US","og_type":"article","og_title":"Rr\u00ebfehet serbja e Beogradit: Shqiptar\u00ebt m\u00eb ndihmuan m\u00eb shum\u00eb se shkiet e mi! - Lajme nga Ulqini","og_description":"\u201cShqiptar\u00ebt nuk na urrejn\u00eb, p\u00ebrkundrazi m\u00eb kan\u00eb dashur dhe pse un\u00eb jam serbe, bila ata m\u00eb ndihmuan m\u00eb shum\u00eb se shkiet e mi. Kjo d\u00ebshmon se me ta kam","og_url":"https:\/\/www.visit-ulcinj.com\/blog\/2017\/04\/20\/rrefehet-serbja-e-beogradit-shqiptaret-ndihmuan-shume-se-shkiet-e-mi\/","og_site_name":"Lajme nga Ulqini","article_published_time":"2017-04-20T05:37:59+00:00","og_image":[{"url":"http:\/\/www.visit-ulcinj.com\/blog\/wp-content\/uploads\/2017\/04\/Srbski-Telegraf-Ulcinj.jpg"}],"twitter_misc":{"Written by":"ulqini","Est. reading time":"3 minutes"},"schema":{"@context":"https:\/\/schema.org","@graph":[{"@type":"WebSite","@id":"https:\/\/www.visit-ulcinj.com\/blog\/#website","url":"https:\/\/www.visit-ulcinj.com\/blog\/","name":"Lajme nga Ulqini","description":"Lajme,Vijesti,Ulqini,Ulqin,Crna Gora,Mali i Zi","potentialAction":[{"@type":"SearchAction","target":{"@type":"EntryPoint","urlTemplate":"https:\/\/www.visit-ulcinj.com\/blog\/?s={search_term_string}"},"query-input":"required name=search_term_string"}],"inLanguage":"en-US"},{"@type":"ImageObject","inLanguage":"en-US","@id":"https:\/\/www.visit-ulcinj.com\/blog\/2017\/04\/20\/rrefehet-serbja-e-beogradit-shqiptaret-ndihmuan-shume-se-shkiet-e-mi\/#primaryimage","url":"https:\/\/www.visit-ulcinj.com\/blog\/wp-content\/uploads\/2017\/04\/Srbski-Telegraf-Ulcinj.jpg","contentUrl":"https:\/\/www.visit-ulcinj.com\/blog\/wp-content\/uploads\/2017\/04\/Srbski-Telegraf-Ulcinj.jpg","width":620,"height":350},{"@type":"WebPage","@id":"https:\/\/www.visit-ulcinj.com\/blog\/2017\/04\/20\/rrefehet-serbja-e-beogradit-shqiptaret-ndihmuan-shume-se-shkiet-e-mi\/#webpage","url":"https:\/\/www.visit-ulcinj.com\/blog\/2017\/04\/20\/rrefehet-serbja-e-beogradit-shqiptaret-ndihmuan-shume-se-shkiet-e-mi\/","name":"Rr\u00ebfehet serbja e Beogradit: Shqiptar\u00ebt m\u00eb ndihmuan m\u00eb shum\u00eb se shkiet e mi! - Lajme nga Ulqini","isPartOf":{"@id":"https:\/\/www.visit-ulcinj.com\/blog\/#website"},"primaryImageOfPage":{"@id":"https:\/\/www.visit-ulcinj.com\/blog\/2017\/04\/20\/rrefehet-serbja-e-beogradit-shqiptaret-ndihmuan-shume-se-shkiet-e-mi\/#primaryimage"},"datePublished":"2017-04-20T05:37:59+00:00","dateModified":"2017-04-20T05:37:59+00:00","author":{"@id":"https:\/\/www.visit-ulcinj.com\/blog\/#\/schema\/person\/dcab619c614d3038751c63bc2aadc06d"},"description":"\u201cShqiptar\u00ebt nuk na urrejn\u00eb, p\u00ebrkundrazi m\u00eb kan\u00eb dashur dhe pse un\u00eb jam serbe, bila ata m\u00eb ndihmuan m\u00eb shum\u00eb se shkiet e mi. Kjo d\u00ebshmon se me ta kam","breadcrumb":{"@id":"https:\/\/www.visit-ulcinj.com\/blog\/2017\/04\/20\/rrefehet-serbja-e-beogradit-shqiptaret-ndihmuan-shume-se-shkiet-e-mi\/#breadcrumb"},"inLanguage":"en-US","potentialAction":[{"@type":"ReadAction","target":["https:\/\/www.visit-ulcinj.com\/blog\/2017\/04\/20\/rrefehet-serbja-e-beogradit-shqiptaret-ndihmuan-shume-se-shkiet-e-mi\/"]}]},{"@type":"BreadcrumbList","@id":"https:\/\/www.visit-ulcinj.com\/blog\/2017\/04\/20\/rrefehet-serbja-e-beogradit-shqiptaret-ndihmuan-shume-se-shkiet-e-mi\/#breadcrumb","itemListElement":[{"@type":"ListItem","position":1,"name":"Rr\u00ebfehet serbja e Beogradit: Shqiptar\u00ebt m\u00eb ndihmuan m\u00eb shum\u00eb se shkiet e mi!"}]},{"@type":"Person","@id":"https:\/\/www.visit-ulcinj.com\/blog\/#\/schema\/person\/dcab619c614d3038751c63bc2aadc06d","name":"ulqini","sameAs":["http:\/\/www.visit-ulcinj.com"],"url":"https:\/\/www.visit-ulcinj.com\/blog\/author\/admin\/"}]}},"jetpack_featured_media_url":"","jetpack_sharing_enabled":true,"jetpack_shortlink":"https:\/\/wp.me\/pe6lTn-rb5","_links":{"self":[{"href":"https:\/\/www.visit-ulcinj.com\/blog\/wp-json\/wp\/v2\/posts\/104475"}],"collection":[{"href":"https:\/\/www.visit-ulcinj.com\/blog\/wp-json\/wp\/v2\/posts"}],"about":[{"href":"https:\/\/www.visit-ulcinj.com\/blog\/wp-json\/wp\/v2\/types\/post"}],"author":[{"embeddable":true,"href":"https:\/\/www.visit-ulcinj.com\/blog\/wp-json\/wp\/v2\/users\/1"}],"replies":[{"embeddable":true,"href":"https:\/\/www.visit-ulcinj.com\/blog\/wp-json\/wp\/v2\/comments?post=104475"}],"version-history":[{"count":1,"href":"https:\/\/www.visit-ulcinj.com\/blog\/wp-json\/wp\/v2\/posts\/104475\/revisions"}],"predecessor-version":[{"id":104476,"href":"https:\/\/www.visit-ulcinj.com\/blog\/wp-json\/wp\/v2\/posts\/104475\/revisions\/104476"}],"wp:attachment":[{"href":"https:\/\/www.visit-ulcinj.com\/blog\/wp-json\/wp\/v2\/media?parent=104475"}],"wp:term":[{"taxonomy":"category","embeddable":true,"href":"https:\/\/www.visit-ulcinj.com\/blog\/wp-json\/wp\/v2\/categories?post=104475"},{"taxonomy":"post_tag","embeddable":true,"href":"https:\/\/www.visit-ulcinj.com\/blog\/wp-json\/wp\/v2\/tags?post=104475"}],"curies":[{"name":"wp","href":"https:\/\/api.w.org\/{rel}","templated":true}]}}