{"id":104502,"date":"2017-04-20T15:46:23","date_gmt":"2017-04-20T14:46:23","guid":{"rendered":"http:\/\/www.visit-ulcinj.com\/blog\/?p=104502"},"modified":"2017-04-21T17:23:21","modified_gmt":"2017-04-21T16:23:21","slug":"ministri-zenka-ne-kosove-pritet-nga-ministri-bajrami","status":"publish","type":"post","link":"https:\/\/www.visit-ulcinj.com\/blog\/2017\/04\/20\/ministri-zenka-ne-kosove-pritet-nga-ministri-bajrami\/","title":{"rendered":"Ministri Zenka n\u00eb Kosov\u00eb pritet nga ministri Bajrami"},"content":{"rendered":"<p><strong><a href=\"http:\/\/www.visit-ulcinj.com\/blog\/wp-content\/uploads\/2017\/04\/Ministri-Zenka-n\u00eb-Kosov\u00eb-pritet-nga-ministri-Bajrami.jpg\"><img loading=\"lazy\" class=\"alignleft wp-image-104504\" src=\"http:\/\/www.visit-ulcinj.com\/blog\/wp-content\/uploads\/2017\/04\/Ministri-Zenka-n\u00eb-Kosov\u00eb-pritet-nga-ministri-Bajrami.jpg\" alt=\"\" width=\"508\" height=\"316\" srcset=\"https:\/\/www.visit-ulcinj.com\/blog\/wp-content\/uploads\/2017\/04\/Ministri-Zenka-n\u00eb-Kosov\u00eb-pritet-nga-ministri-Bajrami.jpg 999w, https:\/\/www.visit-ulcinj.com\/blog\/wp-content\/uploads\/2017\/04\/Ministri-Zenka-n\u00eb-Kosov\u00eb-pritet-nga-ministri-Bajrami-300x186.jpg 300w, https:\/\/www.visit-ulcinj.com\/blog\/wp-content\/uploads\/2017\/04\/Ministri-Zenka-n\u00eb-Kosov\u00eb-pritet-nga-ministri-Bajrami-768x477.jpg 768w\" sizes=\"(max-width: 508px) 100vw, 508px\" \/><\/a>Ministri Bajrami priti ministrin p\u00ebr t\u00eb Drejtat e Njeriut dhe t\u00eb Popujve Pakic\u00eb t\u00eb Malit t\u00eb Zi<\/strong><\/p>\n<p>Ministri i Arsimit, Shkenc\u00ebs dhe Teknologjis\u00eb, z. Arsim Bajrami, ka pritur sot n\u00eb takim ministrin p\u00ebr t\u00eb Drejtat e Njeriut dhe t\u00eb Popujve Pakic\u00eb t\u00eb Malit t\u00eb Zi, z. Mehmet Zenka, i shoq\u00ebruar nga zv\/ministri i k\u00ebsaj Ministrie, z. Leon Gjokaj dhe zv\/ministri i Arsimit, z. Marash Dukaj.<\/p>\n<p>N\u00eb k\u00ebt\u00eb takim \u00ebsht\u00eb biseduar p\u00ebr shum\u00eb \u00e7\u00ebshtje t\u00eb komunitetit shqiptar q\u00eb jeton n\u00eb Mal t\u00eb Zi, me theks t\u00eb ve\u00e7ant\u00eb p\u00ebr arsimin n\u00eb gjuh\u00ebn shqipe, si dhe p\u00ebr ndihm\u00ebn q\u00eb mund t\u00eb jap\u00eb vendi yn\u00eb n\u00eb k\u00ebt\u00eb drejtim.<\/p>\n<p><a href=\"http:\/\/www.visit-ulcinj.com\/blog\/wp-content\/uploads\/2017\/04\/zenka-arsimi.jpg\"><img loading=\"lazy\" class=\"alignleft wp-image-104519\" src=\"http:\/\/www.visit-ulcinj.com\/blog\/wp-content\/uploads\/2017\/04\/zenka-arsimi.jpg\" alt=\"\" width=\"508\" height=\"381\" srcset=\"https:\/\/www.visit-ulcinj.com\/blog\/wp-content\/uploads\/2017\/04\/zenka-arsimi.jpg 960w, https:\/\/www.visit-ulcinj.com\/blog\/wp-content\/uploads\/2017\/04\/zenka-arsimi-300x225.jpg 300w, https:\/\/www.visit-ulcinj.com\/blog\/wp-content\/uploads\/2017\/04\/zenka-arsimi-768x576.jpg 768w\" sizes=\"(max-width: 508px) 100vw, 508px\" \/><\/a><\/p>\n<p>Ministri Bajrami theksoi faktin Kosova ka nj\u00eb bashk\u00ebpunim shum\u00eb t\u00eb mir\u00eb me Malin e Zi n\u00eb sfer\u00ebn e arsimit. Ai tha se Kosova ka ndihmuar komunitetin shqiptar n\u00eb Mal t\u00eb Zi n\u00eb shum\u00eb forma, si me tekste shkollore, me ndarjen e kuotave p\u00ebr student\u00eb, por shprehu gatishm\u00ebrin\u00eb p\u00ebr t\u00eb ndihmuar edhe n\u00eb trajnimin e m\u00ebsimdh\u00ebn\u00ebsve t\u00eb arsimit parauniversitar dhe n\u00eb fusha t\u00eb tjera.<\/p>\n<p>Ministri p\u00ebr t\u00eb Drejtat e Njeriut dhe t\u00eb Popujve Pakic\u00eb t\u00eb Malit t\u00eb Zi, z. Mehmet Zenka, fal\u00ebnderoi ministrin Bajrami p\u00ebr gatishm\u00ebrin\u00eb e vazhdueshme p\u00ebr t\u00eb ndihmuar n\u00eb forcimin e arsimit n\u00eb gjuh\u00ebn shqipe n\u00eb Mal t\u00eb Zi.<\/p>\n<p>Ministri Zenka theksoi se Kosova gjithmon\u00eb ka qen\u00eb n\u00eb fokus t\u00eb interesimit t\u00eb t\u00eb rinjve shqiptar\u00eb t\u00eb Malit t\u00eb Zi sa i p\u00ebrket arsimimit t\u00eb lart\u00eb dhe ky interesim vazhdon t\u00eb jet\u00eb i madh.<\/p>\n<p><strong>Copyright \u00a9 2008 Ministria e Arsimit, e Shkenc\u00ebs dhe e Teknologjis\u00eb<\/strong><\/p>\n","protected":false},"excerpt":{"rendered":"<p>Ministri Bajrami priti ministrin p\u00ebr t\u00eb Drejtat e Njeriut dhe t\u00eb Popujve Pakic\u00eb t\u00eb Malit t\u00eb Zi Ministri i Arsimit, Shkenc\u00ebs dhe Teknologjis\u00eb, z. Arsim Bajrami, ka pritur sot n\u00eb takim ministrin p\u00ebr t\u00eb Drejtat e Njeriut dhe t\u00eb Popujve Pakic\u00eb t\u00eb Malit t\u00eb Zi, z. Mehmet Zenka, i shoq\u00ebruar nga zv\/ministri i k\u00ebsaj Ministrie, [&hellip;]<\/p>\n","protected":false},"author":1,"featured_media":0,"comment_status":"closed","ping_status":"closed","sticky":false,"template":"","format":"standard","meta":{"spay_email":"","jetpack_publicize_message":"","jetpack_is_tweetstorm":false,"jetpack_publicize_feature_enabled":true},"categories":[14],"tags":[],"jetpack_publicize_connections":[],"yoast_head":"<!-- This site is optimized with the Yoast SEO plugin v19.1 - https:\/\/yoast.com\/wordpress\/plugins\/seo\/ -->\n<title>Ministri Zenka n\u00eb Kosov\u00eb pritet nga ministri Bajrami - Lajme nga Ulqini<\/title>\n<meta name=\"description\" content=\"Ministri Bajrami priti ministrin p\u00ebr t\u00eb Drejtat e Njeriut dhe t\u00eb Popujve Pakic\u00eb t\u00eb Malit t\u00eb Zi Ministri i Arsimit, Shkenc\u00ebs dhe Teknologjis\u00eb, z. Arsim\" \/>\n<meta name=\"robots\" content=\"index, follow, max-snippet:-1, max-image-preview:large, max-video-preview:-1\" \/>\n<link rel=\"canonical\" href=\"https:\/\/www.visit-ulcinj.com\/blog\/2017\/04\/20\/ministri-zenka-ne-kosove-pritet-nga-ministri-bajrami\/\" \/>\n<meta property=\"og:locale\" content=\"en_US\" \/>\n<meta property=\"og:type\" content=\"article\" \/>\n<meta property=\"og:title\" content=\"Ministri Zenka n\u00eb Kosov\u00eb pritet nga ministri Bajrami - Lajme nga Ulqini\" \/>\n<meta property=\"og:description\" content=\"Ministri Bajrami priti ministrin p\u00ebr t\u00eb Drejtat e Njeriut dhe t\u00eb Popujve Pakic\u00eb t\u00eb Malit t\u00eb Zi Ministri i Arsimit, Shkenc\u00ebs dhe Teknologjis\u00eb, z. Arsim\" \/>\n<meta property=\"og:url\" content=\"https:\/\/www.visit-ulcinj.com\/blog\/2017\/04\/20\/ministri-zenka-ne-kosove-pritet-nga-ministri-bajrami\/\" \/>\n<meta property=\"og:site_name\" content=\"Lajme nga Ulqini\" \/>\n<meta property=\"article:published_time\" content=\"2017-04-20T14:46:23+00:00\" \/>\n<meta property=\"article:modified_time\" content=\"2017-04-21T16:23:21+00:00\" \/>\n<meta property=\"og:image\" content=\"http:\/\/www.visit-ulcinj.com\/blog\/wp-content\/uploads\/2017\/04\/zenka-arsimi.jpg\" \/>\n<meta name=\"twitter:label1\" content=\"Written by\" \/>\n\t<meta name=\"twitter:data1\" content=\"ulqini\" \/>\n\t<meta name=\"twitter:label2\" content=\"Est. reading time\" \/>\n\t<meta name=\"twitter:data2\" content=\"1 minute\" \/>\n<script type=\"application\/ld+json\" class=\"yoast-schema-graph\">{\"@context\":\"https:\/\/schema.org\",\"@graph\":[{\"@type\":\"WebSite\",\"@id\":\"https:\/\/www.visit-ulcinj.com\/blog\/#website\",\"url\":\"https:\/\/www.visit-ulcinj.com\/blog\/\",\"name\":\"Lajme nga Ulqini\",\"description\":\"Lajme,Vijesti,Ulqini,Ulqin,Crna Gora,Mali i Zi\",\"potentialAction\":[{\"@type\":\"SearchAction\",\"target\":{\"@type\":\"EntryPoint\",\"urlTemplate\":\"https:\/\/www.visit-ulcinj.com\/blog\/?s={search_term_string}\"},\"query-input\":\"required name=search_term_string\"}],\"inLanguage\":\"en-US\"},{\"@type\":\"ImageObject\",\"inLanguage\":\"en-US\",\"@id\":\"https:\/\/www.visit-ulcinj.com\/blog\/2017\/04\/20\/ministri-zenka-ne-kosove-pritet-nga-ministri-bajrami\/#primaryimage\",\"url\":\"https:\/\/www.visit-ulcinj.com\/blog\/wp-content\/uploads\/2017\/04\/zenka-arsimi.jpg\",\"contentUrl\":\"https:\/\/www.visit-ulcinj.com\/blog\/wp-content\/uploads\/2017\/04\/zenka-arsimi.jpg\",\"width\":960,\"height\":720},{\"@type\":\"WebPage\",\"@id\":\"https:\/\/www.visit-ulcinj.com\/blog\/2017\/04\/20\/ministri-zenka-ne-kosove-pritet-nga-ministri-bajrami\/#webpage\",\"url\":\"https:\/\/www.visit-ulcinj.com\/blog\/2017\/04\/20\/ministri-zenka-ne-kosove-pritet-nga-ministri-bajrami\/\",\"name\":\"Ministri Zenka n\u00eb Kosov\u00eb pritet nga ministri Bajrami - Lajme nga Ulqini\",\"isPartOf\":{\"@id\":\"https:\/\/www.visit-ulcinj.com\/blog\/#website\"},\"primaryImageOfPage\":{\"@id\":\"https:\/\/www.visit-ulcinj.com\/blog\/2017\/04\/20\/ministri-zenka-ne-kosove-pritet-nga-ministri-bajrami\/#primaryimage\"},\"datePublished\":\"2017-04-20T14:46:23+00:00\",\"dateModified\":\"2017-04-21T16:23:21+00:00\",\"author\":{\"@id\":\"https:\/\/www.visit-ulcinj.com\/blog\/#\/schema\/person\/dcab619c614d3038751c63bc2aadc06d\"},\"description\":\"Ministri Bajrami priti ministrin p\u00ebr t\u00eb Drejtat e Njeriut dhe t\u00eb Popujve Pakic\u00eb t\u00eb Malit t\u00eb Zi Ministri i Arsimit, Shkenc\u00ebs dhe Teknologjis\u00eb, z. Arsim\",\"breadcrumb\":{\"@id\":\"https:\/\/www.visit-ulcinj.com\/blog\/2017\/04\/20\/ministri-zenka-ne-kosove-pritet-nga-ministri-bajrami\/#breadcrumb\"},\"inLanguage\":\"en-US\",\"potentialAction\":[{\"@type\":\"ReadAction\",\"target\":[\"https:\/\/www.visit-ulcinj.com\/blog\/2017\/04\/20\/ministri-zenka-ne-kosove-pritet-nga-ministri-bajrami\/\"]}]},{\"@type\":\"BreadcrumbList\",\"@id\":\"https:\/\/www.visit-ulcinj.com\/blog\/2017\/04\/20\/ministri-zenka-ne-kosove-pritet-nga-ministri-bajrami\/#breadcrumb\",\"itemListElement\":[{\"@type\":\"ListItem\",\"position\":1,\"name\":\"Ministri Zenka n\u00eb Kosov\u00eb pritet nga ministri Bajrami\"}]},{\"@type\":\"Person\",\"@id\":\"https:\/\/www.visit-ulcinj.com\/blog\/#\/schema\/person\/dcab619c614d3038751c63bc2aadc06d\",\"name\":\"ulqini\",\"sameAs\":[\"http:\/\/www.visit-ulcinj.com\"],\"url\":\"https:\/\/www.visit-ulcinj.com\/blog\/author\/admin\/\"}]}<\/script>\n<!-- \/ Yoast SEO plugin. -->","yoast_head_json":{"title":"Ministri Zenka n\u00eb Kosov\u00eb pritet nga ministri Bajrami - Lajme nga Ulqini","description":"Ministri Bajrami priti ministrin p\u00ebr t\u00eb Drejtat e Njeriut dhe t\u00eb Popujve Pakic\u00eb t\u00eb Malit t\u00eb Zi Ministri i Arsimit, Shkenc\u00ebs dhe Teknologjis\u00eb, z. Arsim","robots":{"index":"index","follow":"follow","max-snippet":"max-snippet:-1","max-image-preview":"max-image-preview:large","max-video-preview":"max-video-preview:-1"},"canonical":"https:\/\/www.visit-ulcinj.com\/blog\/2017\/04\/20\/ministri-zenka-ne-kosove-pritet-nga-ministri-bajrami\/","og_locale":"en_US","og_type":"article","og_title":"Ministri Zenka n\u00eb Kosov\u00eb pritet nga ministri Bajrami - Lajme nga Ulqini","og_description":"Ministri Bajrami priti ministrin p\u00ebr t\u00eb Drejtat e Njeriut dhe t\u00eb Popujve Pakic\u00eb t\u00eb Malit t\u00eb Zi Ministri i Arsimit, Shkenc\u00ebs dhe Teknologjis\u00eb, z. Arsim","og_url":"https:\/\/www.visit-ulcinj.com\/blog\/2017\/04\/20\/ministri-zenka-ne-kosove-pritet-nga-ministri-bajrami\/","og_site_name":"Lajme nga Ulqini","article_published_time":"2017-04-20T14:46:23+00:00","article_modified_time":"2017-04-21T16:23:21+00:00","og_image":[{"url":"http:\/\/www.visit-ulcinj.com\/blog\/wp-content\/uploads\/2017\/04\/zenka-arsimi.jpg"}],"twitter_misc":{"Written by":"ulqini","Est. reading time":"1 minute"},"schema":{"@context":"https:\/\/schema.org","@graph":[{"@type":"WebSite","@id":"https:\/\/www.visit-ulcinj.com\/blog\/#website","url":"https:\/\/www.visit-ulcinj.com\/blog\/","name":"Lajme nga Ulqini","description":"Lajme,Vijesti,Ulqini,Ulqin,Crna Gora,Mali i Zi","potentialAction":[{"@type":"SearchAction","target":{"@type":"EntryPoint","urlTemplate":"https:\/\/www.visit-ulcinj.com\/blog\/?s={search_term_string}"},"query-input":"required name=search_term_string"}],"inLanguage":"en-US"},{"@type":"ImageObject","inLanguage":"en-US","@id":"https:\/\/www.visit-ulcinj.com\/blog\/2017\/04\/20\/ministri-zenka-ne-kosove-pritet-nga-ministri-bajrami\/#primaryimage","url":"https:\/\/www.visit-ulcinj.com\/blog\/wp-content\/uploads\/2017\/04\/zenka-arsimi.jpg","contentUrl":"https:\/\/www.visit-ulcinj.com\/blog\/wp-content\/uploads\/2017\/04\/zenka-arsimi.jpg","width":960,"height":720},{"@type":"WebPage","@id":"https:\/\/www.visit-ulcinj.com\/blog\/2017\/04\/20\/ministri-zenka-ne-kosove-pritet-nga-ministri-bajrami\/#webpage","url":"https:\/\/www.visit-ulcinj.com\/blog\/2017\/04\/20\/ministri-zenka-ne-kosove-pritet-nga-ministri-bajrami\/","name":"Ministri Zenka n\u00eb Kosov\u00eb pritet nga ministri Bajrami - Lajme nga Ulqini","isPartOf":{"@id":"https:\/\/www.visit-ulcinj.com\/blog\/#website"},"primaryImageOfPage":{"@id":"https:\/\/www.visit-ulcinj.com\/blog\/2017\/04\/20\/ministri-zenka-ne-kosove-pritet-nga-ministri-bajrami\/#primaryimage"},"datePublished":"2017-04-20T14:46:23+00:00","dateModified":"2017-04-21T16:23:21+00:00","author":{"@id":"https:\/\/www.visit-ulcinj.com\/blog\/#\/schema\/person\/dcab619c614d3038751c63bc2aadc06d"},"description":"Ministri Bajrami priti ministrin p\u00ebr t\u00eb Drejtat e Njeriut dhe t\u00eb Popujve Pakic\u00eb t\u00eb Malit t\u00eb Zi Ministri i Arsimit, Shkenc\u00ebs dhe Teknologjis\u00eb, z. Arsim","breadcrumb":{"@id":"https:\/\/www.visit-ulcinj.com\/blog\/2017\/04\/20\/ministri-zenka-ne-kosove-pritet-nga-ministri-bajrami\/#breadcrumb"},"inLanguage":"en-US","potentialAction":[{"@type":"ReadAction","target":["https:\/\/www.visit-ulcinj.com\/blog\/2017\/04\/20\/ministri-zenka-ne-kosove-pritet-nga-ministri-bajrami\/"]}]},{"@type":"BreadcrumbList","@id":"https:\/\/www.visit-ulcinj.com\/blog\/2017\/04\/20\/ministri-zenka-ne-kosove-pritet-nga-ministri-bajrami\/#breadcrumb","itemListElement":[{"@type":"ListItem","position":1,"name":"Ministri Zenka n\u00eb Kosov\u00eb pritet nga ministri Bajrami"}]},{"@type":"Person","@id":"https:\/\/www.visit-ulcinj.com\/blog\/#\/schema\/person\/dcab619c614d3038751c63bc2aadc06d","name":"ulqini","sameAs":["http:\/\/www.visit-ulcinj.com"],"url":"https:\/\/www.visit-ulcinj.com\/blog\/author\/admin\/"}]}},"jetpack_featured_media_url":"","jetpack_sharing_enabled":true,"jetpack_shortlink":"https:\/\/wp.me\/pe6lTn-rbw","_links":{"self":[{"href":"https:\/\/www.visit-ulcinj.com\/blog\/wp-json\/wp\/v2\/posts\/104502"}],"collection":[{"href":"https:\/\/www.visit-ulcinj.com\/blog\/wp-json\/wp\/v2\/posts"}],"about":[{"href":"https:\/\/www.visit-ulcinj.com\/blog\/wp-json\/wp\/v2\/types\/post"}],"author":[{"embeddable":true,"href":"https:\/\/www.visit-ulcinj.com\/blog\/wp-json\/wp\/v2\/users\/1"}],"replies":[{"embeddable":true,"href":"https:\/\/www.visit-ulcinj.com\/blog\/wp-json\/wp\/v2\/comments?post=104502"}],"version-history":[{"count":2,"href":"https:\/\/www.visit-ulcinj.com\/blog\/wp-json\/wp\/v2\/posts\/104502\/revisions"}],"predecessor-version":[{"id":104520,"href":"https:\/\/www.visit-ulcinj.com\/blog\/wp-json\/wp\/v2\/posts\/104502\/revisions\/104520"}],"wp:attachment":[{"href":"https:\/\/www.visit-ulcinj.com\/blog\/wp-json\/wp\/v2\/media?parent=104502"}],"wp:term":[{"taxonomy":"category","embeddable":true,"href":"https:\/\/www.visit-ulcinj.com\/blog\/wp-json\/wp\/v2\/categories?post=104502"},{"taxonomy":"post_tag","embeddable":true,"href":"https:\/\/www.visit-ulcinj.com\/blog\/wp-json\/wp\/v2\/tags?post=104502"}],"curies":[{"name":"wp","href":"https:\/\/api.w.org\/{rel}","templated":true}]}}