{"id":10451,"date":"2009-02-04T20:32:07","date_gmt":"2009-02-04T19:32:07","guid":{"rendered":"http:\/\/www.visit-ulcinj.com\/blog\/?p=10451"},"modified":"2009-02-04T20:32:13","modified_gmt":"2009-02-04T19:32:13","slug":"koha-e-kometes-ne-festivalin-e-filmit-ne-beograd","status":"publish","type":"post","link":"https:\/\/www.visit-ulcinj.com\/blog\/2009\/02\/04\/koha-e-kometes-ne-festivalin-e-filmit-ne-beograd\/","title":{"rendered":"&#8220;Koha e komet\u00ebs&#8221; n\u00eb Festivalin e filmit n\u00eb Beograd"},"content":{"rendered":"<p><a rel=\"attachment wp-att-10452\" href=\"http:\/\/www.visit-ulcinj.com\/blog\/2009\/02\/04\/koha-e-kometes-ne-festivalin-e-filmit-ne-beograd\/koha-e-kometes\/\"><img loading=\"lazy\" class=\"alignleft size-full wp-image-10452\" title=\"koha-e-kometes\" src=\"http:\/\/www.visit-ulcinj.com\/blog\/wp-content\/uploads\/2009\/02\/koha-e-kometes.jpg\" alt=\"koha-e-kometes\" width=\"370\" height=\"277\" \/><\/a>&#8220;<strong>Koha e komet\u00ebs&#8221;, film i regjisorit shqiptar Fatmir Ko\u00e7i, do t\u00eb marr\u00eb pjes\u00eb n\u00eb Festivalin e 37-t\u00eb t\u00eb filmit n\u00eb Beograd, ku konkurrojn\u00eb filma nga 9 vende t\u00eb ndryshme t\u00eb bot\u00ebs, nd\u00ebr t\u00eb cil\u00ebt dhe filma q\u00eb kandidojn\u00eb p\u00ebr \u00e7mime Oscar apo Golden Globe.<\/strong><br \/>\nFestivali pritet t\u00eb nis\u00eb n\u00eb 20 Shkurt dhe konkurrimi i filmave do t\u00eb zgjas\u00eb deri m\u00eb 1 Mars.<br \/>\n&#8220;Koha e komet\u00ebs&#8221; e regjisorit Fatmir Ko\u00e7i, \u00ebsht\u00eb mb\u00ebshtetur n\u00eb novel\u00ebn &#8220;Viti i mbrapsht\u00eb&#8221; i shkrimtarit t\u00eb shquar Ismail Kadare. N\u00eb t\u00eb interpretojn\u00eb nj\u00eb kast aktor\u00ebsh t\u00eb zgjedhur si Blerim Destani, Luan Jahja, Xhevdet Ferri, Marsela Lusha, etj.<br \/>\nFilmi trajton tem\u00ebn e viteve t\u00eb turbullta pas pavar\u00ebsis\u00eb s\u00eb Shqip\u00ebris\u00eb. Shestani, nj\u00eb djalosh nga Shqip\u00ebria juglindore, dashurohet n\u00eb Agnes\u00ebn, nj\u00eb vajz\u00eb t\u00eb cil\u00ebn babai e detyron t\u00eb b\u00ebhet murgesh\u00eb. E t\u00ebr\u00eb ngjarja zhvillohet rreth luft\u00ebs dhe dashuris\u00eb mes Shestanit dhe Agnes\u00ebs.<br \/>\nN\u00eb produksionin e filmit ka marr\u00eb pjes\u00eb firma gjermane &#8220;Lara Enterprises&#8221;, me producent boshnjak, nd\u00ebrsa drejtor i fotografis\u00eb \u00ebsht\u00eb irlandezi Donal Giljan. Filmi \u00ebsht\u00eb xhiruar n\u00eb Maqedoni dhe n\u00eb t\u00eb kan\u00eb interpretuar edhe aktore maqedonas si Naomi Valeska.<br \/>\nFilmi &#8220;Koha e komet\u00ebs&#8221; u shfaq premier\u00eb m\u00eb 23 gusht 2008 n\u00eb Durr\u00ebs n\u00eb sall\u00ebn e teatrit &#8220;Aleksand\u00ebr Moisiu&#8221;, p\u00ebr t&#8217;u shfaqur m\u00eb pas n\u00eb Prishtin\u00eb, n\u00eb 2-3 shtator 2008.<br \/>\n<strong>MIA<\/strong><\/p>\n","protected":false},"excerpt":{"rendered":"<p>&#8220;Koha e komet\u00ebs&#8221;, film i regjisorit shqiptar Fatmir Ko\u00e7i, do t\u00eb marr\u00eb pjes\u00eb n\u00eb Festivalin e 37-t\u00eb t\u00eb filmit n\u00eb Beograd, ku konkurrojn\u00eb filma nga 9 vende t\u00eb ndryshme t\u00eb bot\u00ebs, nd\u00ebr t\u00eb cil\u00ebt dhe filma q\u00eb kandidojn\u00eb p\u00ebr \u00e7mime Oscar apo Golden Globe. Festivali pritet t\u00eb nis\u00eb n\u00eb 20 Shkurt dhe konkurrimi i filmave [&hellip;]<\/p>\n","protected":false},"author":1,"featured_media":0,"comment_status":"open","ping_status":"closed","sticky":false,"template":"","format":"standard","meta":{"spay_email":"","jetpack_publicize_message":"","jetpack_is_tweetstorm":false,"jetpack_publicize_feature_enabled":true},"categories":[4],"tags":[6413,6412],"jetpack_publicize_connections":[],"yoast_head":"<!-- This site is optimized with the Yoast SEO plugin v19.1 - https:\/\/yoast.com\/wordpress\/plugins\/seo\/ -->\n<title>&quot;Koha e komet\u00ebs&quot; n\u00eb Festivalin e filmit n\u00eb Beograd - Lajme nga Ulqini<\/title>\n<meta name=\"description\" content=\"&quot;Koha e komet\u00ebs&quot;, film i regjisorit shqiptar Fatmir Ko\u00e7i, do t\u00eb marr\u00eb pjes\u00eb n\u00eb Festivalin e 37-t\u00eb t\u00eb filmit n\u00eb Beograd, ku konkurrojn\u00eb filma nga 9 vende\" \/>\n<meta name=\"robots\" content=\"index, follow, max-snippet:-1, max-image-preview:large, max-video-preview:-1\" \/>\n<link rel=\"canonical\" href=\"https:\/\/www.visit-ulcinj.com\/blog\/2009\/02\/04\/koha-e-kometes-ne-festivalin-e-filmit-ne-beograd\/\" \/>\n<meta property=\"og:locale\" content=\"en_US\" \/>\n<meta property=\"og:type\" content=\"article\" \/>\n<meta property=\"og:title\" content=\"&quot;Koha e komet\u00ebs&quot; n\u00eb Festivalin e filmit n\u00eb Beograd - Lajme nga Ulqini\" \/>\n<meta property=\"og:description\" content=\"&quot;Koha e komet\u00ebs&quot;, film i regjisorit shqiptar Fatmir Ko\u00e7i, do t\u00eb marr\u00eb pjes\u00eb n\u00eb Festivalin e 37-t\u00eb t\u00eb filmit n\u00eb Beograd, ku konkurrojn\u00eb filma nga 9 vende\" \/>\n<meta property=\"og:url\" content=\"https:\/\/www.visit-ulcinj.com\/blog\/2009\/02\/04\/koha-e-kometes-ne-festivalin-e-filmit-ne-beograd\/\" \/>\n<meta property=\"og:site_name\" content=\"Lajme nga Ulqini\" \/>\n<meta property=\"article:published_time\" content=\"2009-02-04T19:32:07+00:00\" \/>\n<meta property=\"article:modified_time\" content=\"2009-02-04T19:32:13+00:00\" \/>\n<meta property=\"og:image\" content=\"http:\/\/www.visit-ulcinj.com\/blog\/wp-content\/uploads\/2009\/02\/koha-e-kometes.jpg\" \/>\n<meta name=\"twitter:label1\" content=\"Written by\" \/>\n\t<meta name=\"twitter:data1\" content=\"ulqini\" \/>\n\t<meta name=\"twitter:label2\" content=\"Est. reading time\" \/>\n\t<meta name=\"twitter:data2\" content=\"1 minute\" \/>\n<script type=\"application\/ld+json\" class=\"yoast-schema-graph\">{\"@context\":\"https:\/\/schema.org\",\"@graph\":[{\"@type\":\"WebSite\",\"@id\":\"https:\/\/www.visit-ulcinj.com\/blog\/#website\",\"url\":\"https:\/\/www.visit-ulcinj.com\/blog\/\",\"name\":\"Lajme nga Ulqini\",\"description\":\"Lajme,Vijesti,Ulqini,Ulqin,Crna Gora,Mali i Zi\",\"potentialAction\":[{\"@type\":\"SearchAction\",\"target\":{\"@type\":\"EntryPoint\",\"urlTemplate\":\"https:\/\/www.visit-ulcinj.com\/blog\/?s={search_term_string}\"},\"query-input\":\"required name=search_term_string\"}],\"inLanguage\":\"en-US\"},{\"@type\":\"ImageObject\",\"inLanguage\":\"en-US\",\"@id\":\"https:\/\/www.visit-ulcinj.com\/blog\/2009\/02\/04\/koha-e-kometes-ne-festivalin-e-filmit-ne-beograd\/#primaryimage\",\"url\":\"http:\/\/www.visit-ulcinj.com\/blog\/wp-content\/uploads\/2009\/02\/koha-e-kometes.jpg\",\"contentUrl\":\"http:\/\/www.visit-ulcinj.com\/blog\/wp-content\/uploads\/2009\/02\/koha-e-kometes.jpg\"},{\"@type\":\"WebPage\",\"@id\":\"https:\/\/www.visit-ulcinj.com\/blog\/2009\/02\/04\/koha-e-kometes-ne-festivalin-e-filmit-ne-beograd\/#webpage\",\"url\":\"https:\/\/www.visit-ulcinj.com\/blog\/2009\/02\/04\/koha-e-kometes-ne-festivalin-e-filmit-ne-beograd\/\",\"name\":\"\\\"Koha e komet\u00ebs\\\" n\u00eb Festivalin e filmit n\u00eb Beograd - Lajme nga Ulqini\",\"isPartOf\":{\"@id\":\"https:\/\/www.visit-ulcinj.com\/blog\/#website\"},\"primaryImageOfPage\":{\"@id\":\"https:\/\/www.visit-ulcinj.com\/blog\/2009\/02\/04\/koha-e-kometes-ne-festivalin-e-filmit-ne-beograd\/#primaryimage\"},\"datePublished\":\"2009-02-04T19:32:07+00:00\",\"dateModified\":\"2009-02-04T19:32:13+00:00\",\"author\":{\"@id\":\"https:\/\/www.visit-ulcinj.com\/blog\/#\/schema\/person\/dcab619c614d3038751c63bc2aadc06d\"},\"description\":\"\\\"Koha e komet\u00ebs\\\", film i regjisorit shqiptar Fatmir Ko\u00e7i, do t\u00eb marr\u00eb pjes\u00eb n\u00eb Festivalin e 37-t\u00eb t\u00eb filmit n\u00eb Beograd, ku konkurrojn\u00eb filma nga 9 vende\",\"breadcrumb\":{\"@id\":\"https:\/\/www.visit-ulcinj.com\/blog\/2009\/02\/04\/koha-e-kometes-ne-festivalin-e-filmit-ne-beograd\/#breadcrumb\"},\"inLanguage\":\"en-US\",\"potentialAction\":[{\"@type\":\"ReadAction\",\"target\":[\"https:\/\/www.visit-ulcinj.com\/blog\/2009\/02\/04\/koha-e-kometes-ne-festivalin-e-filmit-ne-beograd\/\"]}]},{\"@type\":\"BreadcrumbList\",\"@id\":\"https:\/\/www.visit-ulcinj.com\/blog\/2009\/02\/04\/koha-e-kometes-ne-festivalin-e-filmit-ne-beograd\/#breadcrumb\",\"itemListElement\":[{\"@type\":\"ListItem\",\"position\":1,\"name\":\"&#8220;Koha e komet\u00ebs&#8221; n\u00eb Festivalin e filmit n\u00eb Beograd\"}]},{\"@type\":\"Person\",\"@id\":\"https:\/\/www.visit-ulcinj.com\/blog\/#\/schema\/person\/dcab619c614d3038751c63bc2aadc06d\",\"name\":\"ulqini\",\"sameAs\":[\"http:\/\/www.visit-ulcinj.com\"],\"url\":\"https:\/\/www.visit-ulcinj.com\/blog\/author\/admin\/\"}]}<\/script>\n<!-- \/ Yoast SEO plugin. -->","yoast_head_json":{"title":"\"Koha e komet\u00ebs\" n\u00eb Festivalin e filmit n\u00eb Beograd - Lajme nga Ulqini","description":"\"Koha e komet\u00ebs\", film i regjisorit shqiptar Fatmir Ko\u00e7i, do t\u00eb marr\u00eb pjes\u00eb n\u00eb Festivalin e 37-t\u00eb t\u00eb filmit n\u00eb Beograd, ku konkurrojn\u00eb filma nga 9 vende","robots":{"index":"index","follow":"follow","max-snippet":"max-snippet:-1","max-image-preview":"max-image-preview:large","max-video-preview":"max-video-preview:-1"},"canonical":"https:\/\/www.visit-ulcinj.com\/blog\/2009\/02\/04\/koha-e-kometes-ne-festivalin-e-filmit-ne-beograd\/","og_locale":"en_US","og_type":"article","og_title":"\"Koha e komet\u00ebs\" n\u00eb Festivalin e filmit n\u00eb Beograd - Lajme nga Ulqini","og_description":"\"Koha e komet\u00ebs\", film i regjisorit shqiptar Fatmir Ko\u00e7i, do t\u00eb marr\u00eb pjes\u00eb n\u00eb Festivalin e 37-t\u00eb t\u00eb filmit n\u00eb Beograd, ku konkurrojn\u00eb filma nga 9 vende","og_url":"https:\/\/www.visit-ulcinj.com\/blog\/2009\/02\/04\/koha-e-kometes-ne-festivalin-e-filmit-ne-beograd\/","og_site_name":"Lajme nga Ulqini","article_published_time":"2009-02-04T19:32:07+00:00","article_modified_time":"2009-02-04T19:32:13+00:00","og_image":[{"url":"http:\/\/www.visit-ulcinj.com\/blog\/wp-content\/uploads\/2009\/02\/koha-e-kometes.jpg"}],"twitter_misc":{"Written by":"ulqini","Est. reading time":"1 minute"},"schema":{"@context":"https:\/\/schema.org","@graph":[{"@type":"WebSite","@id":"https:\/\/www.visit-ulcinj.com\/blog\/#website","url":"https:\/\/www.visit-ulcinj.com\/blog\/","name":"Lajme nga Ulqini","description":"Lajme,Vijesti,Ulqini,Ulqin,Crna Gora,Mali i Zi","potentialAction":[{"@type":"SearchAction","target":{"@type":"EntryPoint","urlTemplate":"https:\/\/www.visit-ulcinj.com\/blog\/?s={search_term_string}"},"query-input":"required name=search_term_string"}],"inLanguage":"en-US"},{"@type":"ImageObject","inLanguage":"en-US","@id":"https:\/\/www.visit-ulcinj.com\/blog\/2009\/02\/04\/koha-e-kometes-ne-festivalin-e-filmit-ne-beograd\/#primaryimage","url":"http:\/\/www.visit-ulcinj.com\/blog\/wp-content\/uploads\/2009\/02\/koha-e-kometes.jpg","contentUrl":"http:\/\/www.visit-ulcinj.com\/blog\/wp-content\/uploads\/2009\/02\/koha-e-kometes.jpg"},{"@type":"WebPage","@id":"https:\/\/www.visit-ulcinj.com\/blog\/2009\/02\/04\/koha-e-kometes-ne-festivalin-e-filmit-ne-beograd\/#webpage","url":"https:\/\/www.visit-ulcinj.com\/blog\/2009\/02\/04\/koha-e-kometes-ne-festivalin-e-filmit-ne-beograd\/","name":"\"Koha e komet\u00ebs\" n\u00eb Festivalin e filmit n\u00eb Beograd - Lajme nga Ulqini","isPartOf":{"@id":"https:\/\/www.visit-ulcinj.com\/blog\/#website"},"primaryImageOfPage":{"@id":"https:\/\/www.visit-ulcinj.com\/blog\/2009\/02\/04\/koha-e-kometes-ne-festivalin-e-filmit-ne-beograd\/#primaryimage"},"datePublished":"2009-02-04T19:32:07+00:00","dateModified":"2009-02-04T19:32:13+00:00","author":{"@id":"https:\/\/www.visit-ulcinj.com\/blog\/#\/schema\/person\/dcab619c614d3038751c63bc2aadc06d"},"description":"\"Koha e komet\u00ebs\", film i regjisorit shqiptar Fatmir Ko\u00e7i, do t\u00eb marr\u00eb pjes\u00eb n\u00eb Festivalin e 37-t\u00eb t\u00eb filmit n\u00eb Beograd, ku konkurrojn\u00eb filma nga 9 vende","breadcrumb":{"@id":"https:\/\/www.visit-ulcinj.com\/blog\/2009\/02\/04\/koha-e-kometes-ne-festivalin-e-filmit-ne-beograd\/#breadcrumb"},"inLanguage":"en-US","potentialAction":[{"@type":"ReadAction","target":["https:\/\/www.visit-ulcinj.com\/blog\/2009\/02\/04\/koha-e-kometes-ne-festivalin-e-filmit-ne-beograd\/"]}]},{"@type":"BreadcrumbList","@id":"https:\/\/www.visit-ulcinj.com\/blog\/2009\/02\/04\/koha-e-kometes-ne-festivalin-e-filmit-ne-beograd\/#breadcrumb","itemListElement":[{"@type":"ListItem","position":1,"name":"&#8220;Koha e komet\u00ebs&#8221; n\u00eb Festivalin e filmit n\u00eb Beograd"}]},{"@type":"Person","@id":"https:\/\/www.visit-ulcinj.com\/blog\/#\/schema\/person\/dcab619c614d3038751c63bc2aadc06d","name":"ulqini","sameAs":["http:\/\/www.visit-ulcinj.com"],"url":"https:\/\/www.visit-ulcinj.com\/blog\/author\/admin\/"}]}},"jetpack_featured_media_url":"","jetpack_sharing_enabled":true,"jetpack_shortlink":"https:\/\/wp.me\/pe6lTn-2Iz","_links":{"self":[{"href":"https:\/\/www.visit-ulcinj.com\/blog\/wp-json\/wp\/v2\/posts\/10451"}],"collection":[{"href":"https:\/\/www.visit-ulcinj.com\/blog\/wp-json\/wp\/v2\/posts"}],"about":[{"href":"https:\/\/www.visit-ulcinj.com\/blog\/wp-json\/wp\/v2\/types\/post"}],"author":[{"embeddable":true,"href":"https:\/\/www.visit-ulcinj.com\/blog\/wp-json\/wp\/v2\/users\/1"}],"replies":[{"embeddable":true,"href":"https:\/\/www.visit-ulcinj.com\/blog\/wp-json\/wp\/v2\/comments?post=10451"}],"version-history":[{"count":0,"href":"https:\/\/www.visit-ulcinj.com\/blog\/wp-json\/wp\/v2\/posts\/10451\/revisions"}],"wp:attachment":[{"href":"https:\/\/www.visit-ulcinj.com\/blog\/wp-json\/wp\/v2\/media?parent=10451"}],"wp:term":[{"taxonomy":"category","embeddable":true,"href":"https:\/\/www.visit-ulcinj.com\/blog\/wp-json\/wp\/v2\/categories?post=10451"},{"taxonomy":"post_tag","embeddable":true,"href":"https:\/\/www.visit-ulcinj.com\/blog\/wp-json\/wp\/v2\/tags?post=10451"}],"curies":[{"name":"wp","href":"https:\/\/api.w.org\/{rel}","templated":true}]}}