{"id":104514,"date":"2017-04-21T14:39:07","date_gmt":"2017-04-21T13:39:07","guid":{"rendered":"http:\/\/www.visit-ulcinj.com\/blog\/?p=104514"},"modified":"2017-04-21T14:39:07","modified_gmt":"2017-04-21T13:39:07","slug":"nika-kur-ske-pune-luaj-deren","status":"publish","type":"post","link":"https:\/\/www.visit-ulcinj.com\/blog\/2017\/04\/21\/nika-kur-ske-pune-luaj-deren\/","title":{"rendered":"Nika: Kur s\u2019ke pun\u00eb luaj der\u00ebn?!!"},"content":{"rendered":"<p><strong><a href=\"http:\/\/www.visit-ulcinj.com\/blog\/wp-content\/uploads\/2014\/11\/Muhamet-Nika.jpg\"><img loading=\"lazy\" class=\"alignleft wp-image-86143 size-medium\" src=\"http:\/\/www.visit-ulcinj.com\/blog\/wp-content\/uploads\/2014\/11\/Muhamet-Nika-240x300.jpg\" alt=\"\" width=\"240\" height=\"300\" srcset=\"https:\/\/www.visit-ulcinj.com\/blog\/wp-content\/uploads\/2014\/11\/Muhamet-Nika-240x300.jpg 240w, https:\/\/www.visit-ulcinj.com\/blog\/wp-content\/uploads\/2014\/11\/Muhamet-Nika.jpg 256w\" sizes=\"(max-width: 240px) 100vw, 240px\" \/><\/a>Shkruan Muhamet Nika<\/strong><\/p>\n<p>K\u00ebshtu me k\u00ebto fjal\u00eb\u00a0 na u drejtoheshin gjyshet\u00a0 n\u00eb sht\u00ebpi\u00a0 kur \u00a0si f\u00ebmij\u00eb ia fusnim kot , demek se di\u00e7 po b\u00ebjm\u00eb\u00a0 duke b\u00ebr\u00eb \u00a0zhurm\u00eb\u00a0 sa p\u00ebr t\u00eb t\u00ebrhequr \u00a0v\u00ebrejtjen.<\/p>\n<p>Prandaj k\u00ebshtu\u00a0\u00a0 e kuptoj \u00a0\u00a0dhe \u00a0e vler\u00ebsoj \u00a0at\u00eb q\u00eb ndodhi si aktivitet \u00a0kulturor \u00a0\u00a0e fetar n\u00eb Ulqin, p\u00ebr sa i p\u00ebrket\u00a0 bashk\u00eb organizimit\u00a0 duke mos e kuptuar rolin\u00a0 e\u00a0 stem\u00ebs( logut)t\u00eb komun\u00ebs diku\u00a0\u00a0 \u00a0\u00a0n\u00eb bisht\u00a0 t\u00eb simboleve\u00a0 tjera q\u00eb\u00a0 shihni\u00a0 \u00a0n\u00eb afishen\u00a0 si m\u00eb posht\u00eb t\u00eb bashk\u00eb organizator\u00ebve.<\/p>\n<p>Po\u00a0 t\u00eb mos\u00a0 isha nga Ulqini \u00a0ose\u00a0 po t\u00eb kisha qen\u00eb diku larg p\u00ebr shum\u00eb koh\u00eb\u00a0 dhe po t\u00eb kisha\u00a0 par\u00eb k\u00ebt\u00eb\u00a0 afishe\u00a0 p\u00ebr organizimin fetar \u00a0\u00a0q\u00eb ndodh\u00a0 n\u00eb Ulqin \u00a0me tem\u00ebn begatit\u00eb\u00a0 n\u00eb ndryshime\u00a0 , ku mysafir\u00a0 del t\u00eb jet\u00eb nj\u00eb i huaj nga Amerika\u00a0 e larg\u00ebt dhe q\u00eb p\u00ebrkrahet\u00a0 edhe nga bashk\u00ebsia\u00a0 islame e qytetit \u00a0e sidomos\u00a0 Komuna e Ulqinit si bashk\u00eb organizatore\u00a0 do kisha kujtuar\u00a0 se k\u00ebtu di\u00e7ka nuk \u00ebsht\u00eb n\u00eb rregull me ndryshimet . ..?!<\/p>\n<p>Vet\u00eb\u00a0 titulli \u00a0e d\u00ebshmon k\u00ebt\u00eb e sidomos \u00a0aq m\u00eb tep\u00ebr\u00a0 kur k\u00ebsaj i rri pas\u00a0 edhe\u00a0 Amerika e larg\u00ebt\u00a0 dhe\u00a0 Qendra\u00a0 p\u00ebr Kultur\u00eb e \u00a0Ulqinit ( nj\u00eb mega shtet\u00a0 me nj\u00eb mini komun\u00eb,\u00a0 me mini kultur\u00eb&#8230;)?!!<\/p>\n<p>K\u00ebt\u00eb t\u00eb fundit\u00a0 me zor edhe\u00a0 e\u00a0 njoha \u00a0n\u00eb vargun e simboleve\u00a0 t\u00eb \u00a0v\u00ebn\u00eb n\u00eb afishe kur hetova\u00a0 t\u00eb na dal\u00eb edhe \u00a0me nj\u00eb simbol\u00a0\u00a0 t\u00eb \u00a0shpikur\u00a0 privat para nj\u00eb institucioni publik \u2013\u00a0 t\u00eb tipit t\u00eb\u00a0 Kapitollit \u00a0&#8230;?!!<\/p>\n<p>Un\u00eb mund ta kuptoj se\u00a0 n\u00eb Ulqin numri\u00a0 \u201ci t\u00eb pa pun\u00ebve ..\u201d\u00a0 n\u00eb\u00a0\u00a0 shoqata\u00a0 \u00ebsht\u00eb rritur\u00a0 tej mase dhe\u00a0 mir\u00eb q\u00eb gjejn\u00eb\u201dt\u00eb marr\u00eb&#8230; \u201c, p\u00ebr t\u00eb vjel\u00eb ndonj\u00eb\u00a0 fond &#8211; \u00a0pra edhe n\u00eb k\u00ebt\u00eb m\u00ebnyr\u00eb, por \u00a0jo \u00a0\u00a0n\u00eb em\u00ebr t\u00eb interesit\u00a0 t\u00eb p\u00ebrgjithsh\u00ebm \u2013 stem\u00ebs\u00a0 s\u00eb komun\u00ebs, \u00a0ku jemi t\u00eb gjith\u00eb taksa pagues.<\/p>\n<p>Simboli \u00a0i komun\u00ebs\u00a0 dhe i kultur\u00ebs\u00a0 nuk\u00a0 e kishin vendin aty, p\u00ebrve\u00e7\u00a0 n\u00ebse dikush me k\u00ebt\u00eb\u00a0 \u201c shplan\u00a0 ndonj\u00eb pare..\u201d. Prandaj edhe pyesim a mos po\u00a0 keqp\u00ebrdoret &#8230;?!!!!<\/p>\n<p>Nuk na \u00ebsht\u00eb e njohur\u00a0 q\u00eb\u00a0 kuvendi\u00a0 t\u00eb ket\u00eb miratuar\u00a0 organizime t\u00eb k\u00ebtij lloji. P\u00ebr ndryshe\u00a0 kjo d\u00ebshmon\u00a0 qart\u00eb se pushteti aktual i Ulqinit\u00a0 nuk din as ke p\u00ebrkrah\u00eb dhe duhet t\u00eb p\u00ebrkrah\u00eb\u00a0 dhe as pse\u00a0 ka nevoj\u00eb \u201d\u00a0 \u00a0q\u00eb t\u00eb fshihet ..\u201d me simbolin \u00a0e vet \u00a0\u00a0pas bishtit t\u00eb te tjer\u00ebve ose pse t\u00eb tjer\u00ebt pas tij. Monopol n\u00eb p\u00ebrdorim t\u00eb tij \u00a0n\u00eb k\u00ebso\u00a0 rastesh dihet kush\u00a0 ka .<\/p>\n<p>Fatkeq\u00ebsisht\u00a0 simbolin e komun\u00ebs\u00a0 sot \u00a0\u00a0e sheh\u00a0 t\u00eb jet\u00eb kudo n\u00eb m\u00ebnyr\u00eb spontane &#8230;., duke m\u00eb kujtuar \u00a0k\u00ebshtu nj\u00eb material q\u00eb m\u00eb ra n\u00eb dor\u00eb i \u00a0\u00a0koh\u00ebs\u00a0 s\u00eb djegies\u00a0\u00a0 s\u00eb barak\u00ebs s\u00eb Sizit\u00a0 pas t\u00ebrmetit \u00a0t\u00eb 79 &#8211; t\u00ebs, e n\u00eb t\u00eb cilin thuhej n\u00eb mbledhje q\u00eb\u00a0\u00a0 vula e\u00a0 institucionit \u00a0qarkullonte\u00a0 prej dor\u00ebs n\u00eb dor\u00eb e nuk dihej\u00a0 m\u00eb se kush kujt\u00a0 ia\u00a0 merrte\u00a0 dhe ia jepte\u00a0 e\u00a0 pse?!!<\/p>\n<p>P\u00ebr fund &#8211; Ju q\u00eb jeni jasht\u00eb , p\u00ebr k\u00ebt\u00eb q\u00eb tham\u00eb , mos u shqet\u00ebsoni\u00a0 shum\u00eb \u201c ndryshimin si pasuri&#8230;\u201d \u00a0n\u00eb Ulqin e gjeni si e keni l\u00ebn\u00eb . Neve \u00a0po iu\u00a0 garantojm\u00eb \u00a0\u00a0se nuk kemi ndryshuar\u00a0 fare ?! As p\u00ebr(r)mir\u00eb&#8230;., as p\u00ebr keq&#8230;?!<\/p>\n<p>Sepse \u00a0nuk e kemi\u00a0 \u00a0po duket\u00a0 as ndjenj\u00ebn e ndryshimit\u00a0 p\u00ebrkarshi \u00a0jush q\u00eb edhe \u00a0mund \u00a0ta keni fituar \u00a0nga jasht\u00eb &#8230;?!!<\/p>\n","protected":false},"excerpt":{"rendered":"<p>Shkruan Muhamet Nika K\u00ebshtu me k\u00ebto fjal\u00eb\u00a0 na u drejtoheshin gjyshet\u00a0 n\u00eb sht\u00ebpi\u00a0 kur \u00a0si f\u00ebmij\u00eb ia fusnim kot , demek se di\u00e7 po b\u00ebjm\u00eb\u00a0 duke b\u00ebr\u00eb \u00a0zhurm\u00eb\u00a0 sa p\u00ebr t\u00eb t\u00ebrhequr \u00a0v\u00ebrejtjen. Prandaj k\u00ebshtu\u00a0\u00a0 e kuptoj \u00a0\u00a0dhe \u00a0e vler\u00ebsoj \u00a0at\u00eb q\u00eb ndodhi si aktivitet \u00a0kulturor \u00a0\u00a0e fetar n\u00eb Ulqin, p\u00ebr sa i p\u00ebrket\u00a0 bashk\u00eb [&hellip;]<\/p>\n","protected":false},"author":1,"featured_media":0,"comment_status":"closed","ping_status":"closed","sticky":false,"template":"","format":"standard","meta":{"spay_email":"","jetpack_publicize_message":"","jetpack_is_tweetstorm":false,"jetpack_publicize_feature_enabled":true},"categories":[14249],"tags":[],"jetpack_publicize_connections":[],"yoast_head":"<!-- This site is optimized with the Yoast SEO plugin v19.1 - https:\/\/yoast.com\/wordpress\/plugins\/seo\/ -->\n<title>Nika: Kur s\u2019ke pun\u00eb luaj der\u00ebn?!! - Lajme nga Ulqini<\/title>\n<meta name=\"description\" content=\"Shkruan Muhamet Nika K\u00ebshtu me k\u00ebto fjal\u00eb\u00a0 na u drejtoheshin gjyshet\u00a0 n\u00eb sht\u00ebpi\u00a0 kur \u00a0si f\u00ebmij\u00eb ia fusnim kot , demek se di\u00e7 po b\u00ebjm\u00eb\u00a0 duke b\u00ebr\u00eb \u00a0zhurm\u00eb\u00a0\" \/>\n<meta name=\"robots\" content=\"index, follow, max-snippet:-1, max-image-preview:large, max-video-preview:-1\" \/>\n<link rel=\"canonical\" href=\"https:\/\/www.visit-ulcinj.com\/blog\/2017\/04\/21\/nika-kur-ske-pune-luaj-deren\/\" \/>\n<meta property=\"og:locale\" content=\"en_US\" \/>\n<meta property=\"og:type\" content=\"article\" \/>\n<meta property=\"og:title\" content=\"Nika: Kur s\u2019ke pun\u00eb luaj der\u00ebn?!! - Lajme nga Ulqini\" \/>\n<meta property=\"og:description\" content=\"Shkruan Muhamet Nika K\u00ebshtu me k\u00ebto fjal\u00eb\u00a0 na u drejtoheshin gjyshet\u00a0 n\u00eb sht\u00ebpi\u00a0 kur \u00a0si f\u00ebmij\u00eb ia fusnim kot , demek se di\u00e7 po b\u00ebjm\u00eb\u00a0 duke b\u00ebr\u00eb \u00a0zhurm\u00eb\u00a0\" \/>\n<meta property=\"og:url\" content=\"https:\/\/www.visit-ulcinj.com\/blog\/2017\/04\/21\/nika-kur-ske-pune-luaj-deren\/\" \/>\n<meta property=\"og:site_name\" content=\"Lajme nga Ulqini\" \/>\n<meta property=\"article:published_time\" content=\"2017-04-21T13:39:07+00:00\" \/>\n<meta property=\"og:image\" content=\"http:\/\/www.visit-ulcinj.com\/blog\/wp-content\/uploads\/2014\/11\/Muhamet-Nika-240x300.jpg\" \/>\n<meta name=\"twitter:label1\" content=\"Written by\" \/>\n\t<meta name=\"twitter:data1\" content=\"ulqini\" \/>\n\t<meta name=\"twitter:label2\" content=\"Est. reading time\" \/>\n\t<meta name=\"twitter:data2\" content=\"3 minutes\" \/>\n<script type=\"application\/ld+json\" class=\"yoast-schema-graph\">{\"@context\":\"https:\/\/schema.org\",\"@graph\":[{\"@type\":\"WebSite\",\"@id\":\"https:\/\/www.visit-ulcinj.com\/blog\/#website\",\"url\":\"https:\/\/www.visit-ulcinj.com\/blog\/\",\"name\":\"Lajme nga Ulqini\",\"description\":\"Lajme,Vijesti,Ulqini,Ulqin,Crna Gora,Mali i Zi\",\"potentialAction\":[{\"@type\":\"SearchAction\",\"target\":{\"@type\":\"EntryPoint\",\"urlTemplate\":\"https:\/\/www.visit-ulcinj.com\/blog\/?s={search_term_string}\"},\"query-input\":\"required name=search_term_string\"}],\"inLanguage\":\"en-US\"},{\"@type\":\"ImageObject\",\"inLanguage\":\"en-US\",\"@id\":\"https:\/\/www.visit-ulcinj.com\/blog\/2017\/04\/21\/nika-kur-ske-pune-luaj-deren\/#primaryimage\",\"url\":\"https:\/\/www.visit-ulcinj.com\/blog\/wp-content\/uploads\/2014\/11\/Muhamet-Nika.jpg\",\"contentUrl\":\"https:\/\/www.visit-ulcinj.com\/blog\/wp-content\/uploads\/2014\/11\/Muhamet-Nika.jpg\",\"width\":256,\"height\":319},{\"@type\":\"WebPage\",\"@id\":\"https:\/\/www.visit-ulcinj.com\/blog\/2017\/04\/21\/nika-kur-ske-pune-luaj-deren\/#webpage\",\"url\":\"https:\/\/www.visit-ulcinj.com\/blog\/2017\/04\/21\/nika-kur-ske-pune-luaj-deren\/\",\"name\":\"Nika: Kur s\u2019ke pun\u00eb luaj der\u00ebn?!! - Lajme nga Ulqini\",\"isPartOf\":{\"@id\":\"https:\/\/www.visit-ulcinj.com\/blog\/#website\"},\"primaryImageOfPage\":{\"@id\":\"https:\/\/www.visit-ulcinj.com\/blog\/2017\/04\/21\/nika-kur-ske-pune-luaj-deren\/#primaryimage\"},\"datePublished\":\"2017-04-21T13:39:07+00:00\",\"dateModified\":\"2017-04-21T13:39:07+00:00\",\"author\":{\"@id\":\"https:\/\/www.visit-ulcinj.com\/blog\/#\/schema\/person\/dcab619c614d3038751c63bc2aadc06d\"},\"description\":\"Shkruan Muhamet Nika K\u00ebshtu me k\u00ebto fjal\u00eb\u00a0 na u drejtoheshin gjyshet\u00a0 n\u00eb sht\u00ebpi\u00a0 kur \u00a0si f\u00ebmij\u00eb ia fusnim kot , demek se di\u00e7 po b\u00ebjm\u00eb\u00a0 duke b\u00ebr\u00eb \u00a0zhurm\u00eb\u00a0\",\"breadcrumb\":{\"@id\":\"https:\/\/www.visit-ulcinj.com\/blog\/2017\/04\/21\/nika-kur-ske-pune-luaj-deren\/#breadcrumb\"},\"inLanguage\":\"en-US\",\"potentialAction\":[{\"@type\":\"ReadAction\",\"target\":[\"https:\/\/www.visit-ulcinj.com\/blog\/2017\/04\/21\/nika-kur-ske-pune-luaj-deren\/\"]}]},{\"@type\":\"BreadcrumbList\",\"@id\":\"https:\/\/www.visit-ulcinj.com\/blog\/2017\/04\/21\/nika-kur-ske-pune-luaj-deren\/#breadcrumb\",\"itemListElement\":[{\"@type\":\"ListItem\",\"position\":1,\"name\":\"Nika: Kur s\u2019ke pun\u00eb luaj der\u00ebn?!!\"}]},{\"@type\":\"Person\",\"@id\":\"https:\/\/www.visit-ulcinj.com\/blog\/#\/schema\/person\/dcab619c614d3038751c63bc2aadc06d\",\"name\":\"ulqini\",\"sameAs\":[\"http:\/\/www.visit-ulcinj.com\"],\"url\":\"https:\/\/www.visit-ulcinj.com\/blog\/author\/admin\/\"}]}<\/script>\n<!-- \/ Yoast SEO plugin. -->","yoast_head_json":{"title":"Nika: Kur s\u2019ke pun\u00eb luaj der\u00ebn?!! - Lajme nga Ulqini","description":"Shkruan Muhamet Nika K\u00ebshtu me k\u00ebto fjal\u00eb\u00a0 na u drejtoheshin gjyshet\u00a0 n\u00eb sht\u00ebpi\u00a0 kur \u00a0si f\u00ebmij\u00eb ia fusnim kot , demek se di\u00e7 po b\u00ebjm\u00eb\u00a0 duke b\u00ebr\u00eb \u00a0zhurm\u00eb\u00a0","robots":{"index":"index","follow":"follow","max-snippet":"max-snippet:-1","max-image-preview":"max-image-preview:large","max-video-preview":"max-video-preview:-1"},"canonical":"https:\/\/www.visit-ulcinj.com\/blog\/2017\/04\/21\/nika-kur-ske-pune-luaj-deren\/","og_locale":"en_US","og_type":"article","og_title":"Nika: Kur s\u2019ke pun\u00eb luaj der\u00ebn?!! - Lajme nga Ulqini","og_description":"Shkruan Muhamet Nika K\u00ebshtu me k\u00ebto fjal\u00eb\u00a0 na u drejtoheshin gjyshet\u00a0 n\u00eb sht\u00ebpi\u00a0 kur \u00a0si f\u00ebmij\u00eb ia fusnim kot , demek se di\u00e7 po b\u00ebjm\u00eb\u00a0 duke b\u00ebr\u00eb \u00a0zhurm\u00eb\u00a0","og_url":"https:\/\/www.visit-ulcinj.com\/blog\/2017\/04\/21\/nika-kur-ske-pune-luaj-deren\/","og_site_name":"Lajme nga Ulqini","article_published_time":"2017-04-21T13:39:07+00:00","og_image":[{"url":"http:\/\/www.visit-ulcinj.com\/blog\/wp-content\/uploads\/2014\/11\/Muhamet-Nika-240x300.jpg"}],"twitter_misc":{"Written by":"ulqini","Est. reading time":"3 minutes"},"schema":{"@context":"https:\/\/schema.org","@graph":[{"@type":"WebSite","@id":"https:\/\/www.visit-ulcinj.com\/blog\/#website","url":"https:\/\/www.visit-ulcinj.com\/blog\/","name":"Lajme nga Ulqini","description":"Lajme,Vijesti,Ulqini,Ulqin,Crna Gora,Mali i Zi","potentialAction":[{"@type":"SearchAction","target":{"@type":"EntryPoint","urlTemplate":"https:\/\/www.visit-ulcinj.com\/blog\/?s={search_term_string}"},"query-input":"required name=search_term_string"}],"inLanguage":"en-US"},{"@type":"ImageObject","inLanguage":"en-US","@id":"https:\/\/www.visit-ulcinj.com\/blog\/2017\/04\/21\/nika-kur-ske-pune-luaj-deren\/#primaryimage","url":"https:\/\/www.visit-ulcinj.com\/blog\/wp-content\/uploads\/2014\/11\/Muhamet-Nika.jpg","contentUrl":"https:\/\/www.visit-ulcinj.com\/blog\/wp-content\/uploads\/2014\/11\/Muhamet-Nika.jpg","width":256,"height":319},{"@type":"WebPage","@id":"https:\/\/www.visit-ulcinj.com\/blog\/2017\/04\/21\/nika-kur-ske-pune-luaj-deren\/#webpage","url":"https:\/\/www.visit-ulcinj.com\/blog\/2017\/04\/21\/nika-kur-ske-pune-luaj-deren\/","name":"Nika: Kur s\u2019ke pun\u00eb luaj der\u00ebn?!! - Lajme nga Ulqini","isPartOf":{"@id":"https:\/\/www.visit-ulcinj.com\/blog\/#website"},"primaryImageOfPage":{"@id":"https:\/\/www.visit-ulcinj.com\/blog\/2017\/04\/21\/nika-kur-ske-pune-luaj-deren\/#primaryimage"},"datePublished":"2017-04-21T13:39:07+00:00","dateModified":"2017-04-21T13:39:07+00:00","author":{"@id":"https:\/\/www.visit-ulcinj.com\/blog\/#\/schema\/person\/dcab619c614d3038751c63bc2aadc06d"},"description":"Shkruan Muhamet Nika K\u00ebshtu me k\u00ebto fjal\u00eb\u00a0 na u drejtoheshin gjyshet\u00a0 n\u00eb sht\u00ebpi\u00a0 kur \u00a0si f\u00ebmij\u00eb ia fusnim kot , demek se di\u00e7 po b\u00ebjm\u00eb\u00a0 duke b\u00ebr\u00eb \u00a0zhurm\u00eb\u00a0","breadcrumb":{"@id":"https:\/\/www.visit-ulcinj.com\/blog\/2017\/04\/21\/nika-kur-ske-pune-luaj-deren\/#breadcrumb"},"inLanguage":"en-US","potentialAction":[{"@type":"ReadAction","target":["https:\/\/www.visit-ulcinj.com\/blog\/2017\/04\/21\/nika-kur-ske-pune-luaj-deren\/"]}]},{"@type":"BreadcrumbList","@id":"https:\/\/www.visit-ulcinj.com\/blog\/2017\/04\/21\/nika-kur-ske-pune-luaj-deren\/#breadcrumb","itemListElement":[{"@type":"ListItem","position":1,"name":"Nika: Kur s\u2019ke pun\u00eb luaj der\u00ebn?!!"}]},{"@type":"Person","@id":"https:\/\/www.visit-ulcinj.com\/blog\/#\/schema\/person\/dcab619c614d3038751c63bc2aadc06d","name":"ulqini","sameAs":["http:\/\/www.visit-ulcinj.com"],"url":"https:\/\/www.visit-ulcinj.com\/blog\/author\/admin\/"}]}},"jetpack_featured_media_url":"","jetpack_sharing_enabled":true,"jetpack_shortlink":"https:\/\/wp.me\/pe6lTn-rbI","_links":{"self":[{"href":"https:\/\/www.visit-ulcinj.com\/blog\/wp-json\/wp\/v2\/posts\/104514"}],"collection":[{"href":"https:\/\/www.visit-ulcinj.com\/blog\/wp-json\/wp\/v2\/posts"}],"about":[{"href":"https:\/\/www.visit-ulcinj.com\/blog\/wp-json\/wp\/v2\/types\/post"}],"author":[{"embeddable":true,"href":"https:\/\/www.visit-ulcinj.com\/blog\/wp-json\/wp\/v2\/users\/1"}],"replies":[{"embeddable":true,"href":"https:\/\/www.visit-ulcinj.com\/blog\/wp-json\/wp\/v2\/comments?post=104514"}],"version-history":[{"count":1,"href":"https:\/\/www.visit-ulcinj.com\/blog\/wp-json\/wp\/v2\/posts\/104514\/revisions"}],"predecessor-version":[{"id":104515,"href":"https:\/\/www.visit-ulcinj.com\/blog\/wp-json\/wp\/v2\/posts\/104514\/revisions\/104515"}],"wp:attachment":[{"href":"https:\/\/www.visit-ulcinj.com\/blog\/wp-json\/wp\/v2\/media?parent=104514"}],"wp:term":[{"taxonomy":"category","embeddable":true,"href":"https:\/\/www.visit-ulcinj.com\/blog\/wp-json\/wp\/v2\/categories?post=104514"},{"taxonomy":"post_tag","embeddable":true,"href":"https:\/\/www.visit-ulcinj.com\/blog\/wp-json\/wp\/v2\/tags?post=104514"}],"curies":[{"name":"wp","href":"https:\/\/api.w.org\/{rel}","templated":true}]}}