{"id":104530,"date":"2017-04-21T18:00:44","date_gmt":"2017-04-21T17:00:44","guid":{"rendered":"http:\/\/www.visit-ulcinj.com\/blog\/?p=104530"},"modified":"2017-04-21T18:00:44","modified_gmt":"2017-04-21T17:00:44","slug":"teatri-teuta-ulqinit-per-te-pare-ne-shqiperi-shfaqjen-nena","status":"publish","type":"post","link":"https:\/\/www.visit-ulcinj.com\/blog\/2017\/04\/21\/teatri-teuta-ulqinit-per-te-pare-ne-shqiperi-shfaqjen-nena\/","title":{"rendered":"Teatri \u201dTeuta\u201d i Ulqinit p\u00ebr her\u00eb t\u00eb par\u00eb n\u00eb Shqip\u00ebri me shfaqjen \u201dN\u00ebna\u201d"},"content":{"rendered":"<p><a href=\"http:\/\/www.visit-ulcinj.com\/blog\/wp-content\/uploads\/2017\/04\/NANA-NE-SHKODER.jpg\"><img loading=\"lazy\" class=\"alignleft wp-image-104531\" src=\"http:\/\/www.visit-ulcinj.com\/blog\/wp-content\/uploads\/2017\/04\/NANA-NE-SHKODER.jpg\" alt=\"\" width=\"508\" height=\"595\" srcset=\"https:\/\/www.visit-ulcinj.com\/blog\/wp-content\/uploads\/2017\/04\/NANA-NE-SHKODER.jpg 720w, https:\/\/www.visit-ulcinj.com\/blog\/wp-content\/uploads\/2017\/04\/NANA-NE-SHKODER-256x300.jpg 256w\" sizes=\"(max-width: 508px) 100vw, 508px\" \/><\/a>N\u00eb Teatrin Komb\u00ebtar Eksperimental \u201dKujtim Spahivogli\u201d do t\u00eb zhvillohet nes\u00ebr nj\u00eb konferenc\u00eb p\u00ebr mediat ku do t\u00eb prezantohet p\u00ebr her\u00eb t\u00eb par\u00eb n\u00eb Shqip\u00ebri trupa e teatrit \u201cTeuta\u201d, Ulqin me shfaqjen \u201cN\u00ebna\u201d.<\/p>\n<p>Shfaqja \u201dN\u00ebna\u201d flet p\u00ebr jet\u00ebn e nj\u00eb familje, n\u00eb kushte jo shum\u00eb t\u00eb mira financiare, vjen e keq\u00ebsohet n\u00eb momentin kur zonja e sht\u00ebpis\u00eb, mbetet e ve (vejush\u00eb) n\u00eb mosh\u00eb shum\u00eb t\u00eb re. Nj\u00eb grua shtatzan\u00eb, e cila nuk di si t\u00eb mbijetoj\u00eb n\u00eb nj\u00eb sht\u00ebpi t\u00eb vjet\u00ebr, t\u00eb ftoht\u00eb, shpirti i saj ngrohet momentin kur sjell n\u00eb jet\u00eb foshnj\u00ebn e vet. G\u00ebzimi i saj sa vjen e shtohet momentin kur e b\u00ebn burr\u00eb, dh\u00ebnd\u00ebr. Mir\u00ebpo jo \u00e7do gj\u00eb shkon n\u00eb familjen e tyre, si m\u00eb par\u00eb. An\u00ebtarja e re e familjes, nusja e djalit, mundohet t\u00eb menaxhoj\u00eb sht\u00ebpin\u00eb si\u00e7 ajo d\u00ebshiron, arrin t\u00eb nd\u00ebrroj\u00eb sistemin e jetes\u00ebs, dhe krijon konfliktet e para me t\u00eb \u00ebm\u00ebn e djalit, si dhe t\u2019i acaroj\u00eb marr\u00ebdhniet, n\u00ebn\u00eb e bir.<\/p>\n<p>Fillon lidhja e tyre si prind dhe f\u00ebmij\u00eb t\u00eb ftohet, deri n\u00eb at\u00eb pik\u00eb saq\u00eb djali heq dor\u00eb nga p\u00ebrkujdesja ndaj t\u00eb \u00ebm\u00ebs, dhe vendos t\u00eb largohet nga sht\u00ebpia bashk\u00eb me gruan e vet. Nd\u00ebrsa, \u00e7ifti i cili u largua nga sht\u00ebpia p\u00ebr nj\u00eb jet\u00eb m\u00eb t\u00eb rehatshme, ata nuk arrijn\u00eb t\u00eb gjejn\u00eb qet\u00ebsi mbasi q\u00eb problemi ishte po te ata t\u00eb dy, t\u00eb cil\u00ebt nuk arrit\u00ebn kurr\u00eb t\u00eb gjejn\u00eb nj\u00eb gjuh\u00eb t\u00eb p\u00ebrbashk\u00ebt.<\/p>\n<p>Kjo shfaqje do t\u00eb luhet me dat\u00eb 22 Prill ora 19;00 n\u00eb teatrin \u2018Migjeni\u201d Shkod\u00ebr, dhe m\u00eb 24 prill ora 20;00 n\u00eb TKEKS n\u00eb Tiran\u00eb.<\/p>\n<p>Gazeta Blic<\/p>\n","protected":false},"excerpt":{"rendered":"<p>N\u00eb Teatrin Komb\u00ebtar Eksperimental \u201dKujtim Spahivogli\u201d do t\u00eb zhvillohet nes\u00ebr nj\u00eb konferenc\u00eb p\u00ebr mediat ku do t\u00eb prezantohet p\u00ebr her\u00eb t\u00eb par\u00eb n\u00eb Shqip\u00ebri trupa e teatrit \u201cTeuta\u201d, Ulqin me shfaqjen \u201cN\u00ebna\u201d. Shfaqja \u201dN\u00ebna\u201d flet p\u00ebr jet\u00ebn e nj\u00eb familje, n\u00eb kushte jo shum\u00eb t\u00eb mira financiare, vjen e keq\u00ebsohet n\u00eb momentin kur zonja e [&hellip;]<\/p>\n","protected":false},"author":1,"featured_media":0,"comment_status":"closed","ping_status":"closed","sticky":false,"template":"","format":"standard","meta":{"spay_email":"","jetpack_publicize_message":"","jetpack_is_tweetstorm":false,"jetpack_publicize_feature_enabled":true},"categories":[4],"tags":[],"jetpack_publicize_connections":[],"yoast_head":"<!-- This site is optimized with the Yoast SEO plugin v19.1 - https:\/\/yoast.com\/wordpress\/plugins\/seo\/ -->\n<title>Teatri \u201dTeuta\u201d i Ulqinit p\u00ebr her\u00eb t\u00eb par\u00eb n\u00eb Shqip\u00ebri me shfaqjen \u201dN\u00ebna\u201d - Lajme nga Ulqini<\/title>\n<meta name=\"description\" content=\"N\u00eb Teatrin Komb\u00ebtar Eksperimental \u201dKujtim Spahivogli\u201d do t\u00eb zhvillohet nes\u00ebr nj\u00eb konferenc\u00eb p\u00ebr mediat ku do t\u00eb prezantohet p\u00ebr her\u00eb t\u00eb par\u00eb n\u00eb Shqip\u00ebri\" \/>\n<meta name=\"robots\" content=\"index, follow, max-snippet:-1, max-image-preview:large, max-video-preview:-1\" \/>\n<link rel=\"canonical\" href=\"https:\/\/www.visit-ulcinj.com\/blog\/2017\/04\/21\/teatri-teuta-ulqinit-per-te-pare-ne-shqiperi-shfaqjen-nena\/\" \/>\n<meta property=\"og:locale\" content=\"en_US\" \/>\n<meta property=\"og:type\" content=\"article\" \/>\n<meta property=\"og:title\" content=\"Teatri \u201dTeuta\u201d i Ulqinit p\u00ebr her\u00eb t\u00eb par\u00eb n\u00eb Shqip\u00ebri me shfaqjen \u201dN\u00ebna\u201d - Lajme nga Ulqini\" \/>\n<meta property=\"og:description\" content=\"N\u00eb Teatrin Komb\u00ebtar Eksperimental \u201dKujtim Spahivogli\u201d do t\u00eb zhvillohet nes\u00ebr nj\u00eb konferenc\u00eb p\u00ebr mediat ku do t\u00eb prezantohet p\u00ebr her\u00eb t\u00eb par\u00eb n\u00eb Shqip\u00ebri\" \/>\n<meta property=\"og:url\" content=\"https:\/\/www.visit-ulcinj.com\/blog\/2017\/04\/21\/teatri-teuta-ulqinit-per-te-pare-ne-shqiperi-shfaqjen-nena\/\" \/>\n<meta property=\"og:site_name\" content=\"Lajme nga Ulqini\" \/>\n<meta property=\"article:published_time\" content=\"2017-04-21T17:00:44+00:00\" \/>\n<meta property=\"og:image\" content=\"http:\/\/www.visit-ulcinj.com\/blog\/wp-content\/uploads\/2017\/04\/NANA-NE-SHKODER.jpg\" \/>\n<meta name=\"twitter:label1\" content=\"Written by\" \/>\n\t<meta name=\"twitter:data1\" content=\"ulqini\" \/>\n\t<meta name=\"twitter:label2\" content=\"Est. reading time\" \/>\n\t<meta name=\"twitter:data2\" content=\"1 minute\" \/>\n<script type=\"application\/ld+json\" class=\"yoast-schema-graph\">{\"@context\":\"https:\/\/schema.org\",\"@graph\":[{\"@type\":\"WebSite\",\"@id\":\"https:\/\/www.visit-ulcinj.com\/blog\/#website\",\"url\":\"https:\/\/www.visit-ulcinj.com\/blog\/\",\"name\":\"Lajme nga Ulqini\",\"description\":\"Lajme,Vijesti,Ulqini,Ulqin,Crna Gora,Mali i Zi\",\"potentialAction\":[{\"@type\":\"SearchAction\",\"target\":{\"@type\":\"EntryPoint\",\"urlTemplate\":\"https:\/\/www.visit-ulcinj.com\/blog\/?s={search_term_string}\"},\"query-input\":\"required name=search_term_string\"}],\"inLanguage\":\"en-US\"},{\"@type\":\"ImageObject\",\"inLanguage\":\"en-US\",\"@id\":\"https:\/\/www.visit-ulcinj.com\/blog\/2017\/04\/21\/teatri-teuta-ulqinit-per-te-pare-ne-shqiperi-shfaqjen-nena\/#primaryimage\",\"url\":\"https:\/\/www.visit-ulcinj.com\/blog\/wp-content\/uploads\/2017\/04\/NANA-NE-SHKODER.jpg\",\"contentUrl\":\"https:\/\/www.visit-ulcinj.com\/blog\/wp-content\/uploads\/2017\/04\/NANA-NE-SHKODER.jpg\",\"width\":720,\"height\":843},{\"@type\":\"WebPage\",\"@id\":\"https:\/\/www.visit-ulcinj.com\/blog\/2017\/04\/21\/teatri-teuta-ulqinit-per-te-pare-ne-shqiperi-shfaqjen-nena\/#webpage\",\"url\":\"https:\/\/www.visit-ulcinj.com\/blog\/2017\/04\/21\/teatri-teuta-ulqinit-per-te-pare-ne-shqiperi-shfaqjen-nena\/\",\"name\":\"Teatri \u201dTeuta\u201d i Ulqinit p\u00ebr her\u00eb t\u00eb par\u00eb n\u00eb Shqip\u00ebri me shfaqjen \u201dN\u00ebna\u201d - Lajme nga Ulqini\",\"isPartOf\":{\"@id\":\"https:\/\/www.visit-ulcinj.com\/blog\/#website\"},\"primaryImageOfPage\":{\"@id\":\"https:\/\/www.visit-ulcinj.com\/blog\/2017\/04\/21\/teatri-teuta-ulqinit-per-te-pare-ne-shqiperi-shfaqjen-nena\/#primaryimage\"},\"datePublished\":\"2017-04-21T17:00:44+00:00\",\"dateModified\":\"2017-04-21T17:00:44+00:00\",\"author\":{\"@id\":\"https:\/\/www.visit-ulcinj.com\/blog\/#\/schema\/person\/dcab619c614d3038751c63bc2aadc06d\"},\"description\":\"N\u00eb Teatrin Komb\u00ebtar Eksperimental \u201dKujtim Spahivogli\u201d do t\u00eb zhvillohet nes\u00ebr nj\u00eb konferenc\u00eb p\u00ebr mediat ku do t\u00eb prezantohet p\u00ebr her\u00eb t\u00eb par\u00eb n\u00eb Shqip\u00ebri\",\"breadcrumb\":{\"@id\":\"https:\/\/www.visit-ulcinj.com\/blog\/2017\/04\/21\/teatri-teuta-ulqinit-per-te-pare-ne-shqiperi-shfaqjen-nena\/#breadcrumb\"},\"inLanguage\":\"en-US\",\"potentialAction\":[{\"@type\":\"ReadAction\",\"target\":[\"https:\/\/www.visit-ulcinj.com\/blog\/2017\/04\/21\/teatri-teuta-ulqinit-per-te-pare-ne-shqiperi-shfaqjen-nena\/\"]}]},{\"@type\":\"BreadcrumbList\",\"@id\":\"https:\/\/www.visit-ulcinj.com\/blog\/2017\/04\/21\/teatri-teuta-ulqinit-per-te-pare-ne-shqiperi-shfaqjen-nena\/#breadcrumb\",\"itemListElement\":[{\"@type\":\"ListItem\",\"position\":1,\"name\":\"Teatri \u201dTeuta\u201d i Ulqinit p\u00ebr her\u00eb t\u00eb par\u00eb n\u00eb Shqip\u00ebri me shfaqjen \u201dN\u00ebna\u201d\"}]},{\"@type\":\"Person\",\"@id\":\"https:\/\/www.visit-ulcinj.com\/blog\/#\/schema\/person\/dcab619c614d3038751c63bc2aadc06d\",\"name\":\"ulqini\",\"sameAs\":[\"http:\/\/www.visit-ulcinj.com\"],\"url\":\"https:\/\/www.visit-ulcinj.com\/blog\/author\/admin\/\"}]}<\/script>\n<!-- \/ Yoast SEO plugin. -->","yoast_head_json":{"title":"Teatri \u201dTeuta\u201d i Ulqinit p\u00ebr her\u00eb t\u00eb par\u00eb n\u00eb Shqip\u00ebri me shfaqjen \u201dN\u00ebna\u201d - Lajme nga Ulqini","description":"N\u00eb Teatrin Komb\u00ebtar Eksperimental \u201dKujtim Spahivogli\u201d do t\u00eb zhvillohet nes\u00ebr nj\u00eb konferenc\u00eb p\u00ebr mediat ku do t\u00eb prezantohet p\u00ebr her\u00eb t\u00eb par\u00eb n\u00eb Shqip\u00ebri","robots":{"index":"index","follow":"follow","max-snippet":"max-snippet:-1","max-image-preview":"max-image-preview:large","max-video-preview":"max-video-preview:-1"},"canonical":"https:\/\/www.visit-ulcinj.com\/blog\/2017\/04\/21\/teatri-teuta-ulqinit-per-te-pare-ne-shqiperi-shfaqjen-nena\/","og_locale":"en_US","og_type":"article","og_title":"Teatri \u201dTeuta\u201d i Ulqinit p\u00ebr her\u00eb t\u00eb par\u00eb n\u00eb Shqip\u00ebri me shfaqjen \u201dN\u00ebna\u201d - Lajme nga Ulqini","og_description":"N\u00eb Teatrin Komb\u00ebtar Eksperimental \u201dKujtim Spahivogli\u201d do t\u00eb zhvillohet nes\u00ebr nj\u00eb konferenc\u00eb p\u00ebr mediat ku do t\u00eb prezantohet p\u00ebr her\u00eb t\u00eb par\u00eb n\u00eb Shqip\u00ebri","og_url":"https:\/\/www.visit-ulcinj.com\/blog\/2017\/04\/21\/teatri-teuta-ulqinit-per-te-pare-ne-shqiperi-shfaqjen-nena\/","og_site_name":"Lajme nga Ulqini","article_published_time":"2017-04-21T17:00:44+00:00","og_image":[{"url":"http:\/\/www.visit-ulcinj.com\/blog\/wp-content\/uploads\/2017\/04\/NANA-NE-SHKODER.jpg"}],"twitter_misc":{"Written by":"ulqini","Est. reading time":"1 minute"},"schema":{"@context":"https:\/\/schema.org","@graph":[{"@type":"WebSite","@id":"https:\/\/www.visit-ulcinj.com\/blog\/#website","url":"https:\/\/www.visit-ulcinj.com\/blog\/","name":"Lajme nga Ulqini","description":"Lajme,Vijesti,Ulqini,Ulqin,Crna Gora,Mali i Zi","potentialAction":[{"@type":"SearchAction","target":{"@type":"EntryPoint","urlTemplate":"https:\/\/www.visit-ulcinj.com\/blog\/?s={search_term_string}"},"query-input":"required name=search_term_string"}],"inLanguage":"en-US"},{"@type":"ImageObject","inLanguage":"en-US","@id":"https:\/\/www.visit-ulcinj.com\/blog\/2017\/04\/21\/teatri-teuta-ulqinit-per-te-pare-ne-shqiperi-shfaqjen-nena\/#primaryimage","url":"https:\/\/www.visit-ulcinj.com\/blog\/wp-content\/uploads\/2017\/04\/NANA-NE-SHKODER.jpg","contentUrl":"https:\/\/www.visit-ulcinj.com\/blog\/wp-content\/uploads\/2017\/04\/NANA-NE-SHKODER.jpg","width":720,"height":843},{"@type":"WebPage","@id":"https:\/\/www.visit-ulcinj.com\/blog\/2017\/04\/21\/teatri-teuta-ulqinit-per-te-pare-ne-shqiperi-shfaqjen-nena\/#webpage","url":"https:\/\/www.visit-ulcinj.com\/blog\/2017\/04\/21\/teatri-teuta-ulqinit-per-te-pare-ne-shqiperi-shfaqjen-nena\/","name":"Teatri \u201dTeuta\u201d i Ulqinit p\u00ebr her\u00eb t\u00eb par\u00eb n\u00eb Shqip\u00ebri me shfaqjen \u201dN\u00ebna\u201d - Lajme nga Ulqini","isPartOf":{"@id":"https:\/\/www.visit-ulcinj.com\/blog\/#website"},"primaryImageOfPage":{"@id":"https:\/\/www.visit-ulcinj.com\/blog\/2017\/04\/21\/teatri-teuta-ulqinit-per-te-pare-ne-shqiperi-shfaqjen-nena\/#primaryimage"},"datePublished":"2017-04-21T17:00:44+00:00","dateModified":"2017-04-21T17:00:44+00:00","author":{"@id":"https:\/\/www.visit-ulcinj.com\/blog\/#\/schema\/person\/dcab619c614d3038751c63bc2aadc06d"},"description":"N\u00eb Teatrin Komb\u00ebtar Eksperimental \u201dKujtim Spahivogli\u201d do t\u00eb zhvillohet nes\u00ebr nj\u00eb konferenc\u00eb p\u00ebr mediat ku do t\u00eb prezantohet p\u00ebr her\u00eb t\u00eb par\u00eb n\u00eb Shqip\u00ebri","breadcrumb":{"@id":"https:\/\/www.visit-ulcinj.com\/blog\/2017\/04\/21\/teatri-teuta-ulqinit-per-te-pare-ne-shqiperi-shfaqjen-nena\/#breadcrumb"},"inLanguage":"en-US","potentialAction":[{"@type":"ReadAction","target":["https:\/\/www.visit-ulcinj.com\/blog\/2017\/04\/21\/teatri-teuta-ulqinit-per-te-pare-ne-shqiperi-shfaqjen-nena\/"]}]},{"@type":"BreadcrumbList","@id":"https:\/\/www.visit-ulcinj.com\/blog\/2017\/04\/21\/teatri-teuta-ulqinit-per-te-pare-ne-shqiperi-shfaqjen-nena\/#breadcrumb","itemListElement":[{"@type":"ListItem","position":1,"name":"Teatri \u201dTeuta\u201d i Ulqinit p\u00ebr her\u00eb t\u00eb par\u00eb n\u00eb Shqip\u00ebri me shfaqjen \u201dN\u00ebna\u201d"}]},{"@type":"Person","@id":"https:\/\/www.visit-ulcinj.com\/blog\/#\/schema\/person\/dcab619c614d3038751c63bc2aadc06d","name":"ulqini","sameAs":["http:\/\/www.visit-ulcinj.com"],"url":"https:\/\/www.visit-ulcinj.com\/blog\/author\/admin\/"}]}},"jetpack_featured_media_url":"","jetpack_sharing_enabled":true,"jetpack_shortlink":"https:\/\/wp.me\/pe6lTn-rbY","_links":{"self":[{"href":"https:\/\/www.visit-ulcinj.com\/blog\/wp-json\/wp\/v2\/posts\/104530"}],"collection":[{"href":"https:\/\/www.visit-ulcinj.com\/blog\/wp-json\/wp\/v2\/posts"}],"about":[{"href":"https:\/\/www.visit-ulcinj.com\/blog\/wp-json\/wp\/v2\/types\/post"}],"author":[{"embeddable":true,"href":"https:\/\/www.visit-ulcinj.com\/blog\/wp-json\/wp\/v2\/users\/1"}],"replies":[{"embeddable":true,"href":"https:\/\/www.visit-ulcinj.com\/blog\/wp-json\/wp\/v2\/comments?post=104530"}],"version-history":[{"count":1,"href":"https:\/\/www.visit-ulcinj.com\/blog\/wp-json\/wp\/v2\/posts\/104530\/revisions"}],"predecessor-version":[{"id":104532,"href":"https:\/\/www.visit-ulcinj.com\/blog\/wp-json\/wp\/v2\/posts\/104530\/revisions\/104532"}],"wp:attachment":[{"href":"https:\/\/www.visit-ulcinj.com\/blog\/wp-json\/wp\/v2\/media?parent=104530"}],"wp:term":[{"taxonomy":"category","embeddable":true,"href":"https:\/\/www.visit-ulcinj.com\/blog\/wp-json\/wp\/v2\/categories?post=104530"},{"taxonomy":"post_tag","embeddable":true,"href":"https:\/\/www.visit-ulcinj.com\/blog\/wp-json\/wp\/v2\/tags?post=104530"}],"curies":[{"name":"wp","href":"https:\/\/api.w.org\/{rel}","templated":true}]}}