{"id":104533,"date":"2017-04-21T18:05:41","date_gmt":"2017-04-21T17:05:41","guid":{"rendered":"http:\/\/www.visit-ulcinj.com\/blog\/?p=104533"},"modified":"2017-04-21T18:05:41","modified_gmt":"2017-04-21T17:05:41","slug":"nga-buna-e-ulqinit-linda-sjell-recetat-e-reja-per-24-28-prill-video","status":"publish","type":"post","link":"https:\/\/www.visit-ulcinj.com\/blog\/2017\/04\/21\/nga-buna-e-ulqinit-linda-sjell-recetat-e-reja-per-24-28-prill-video\/","title":{"rendered":"Nga Buna e Ulqinit, Linda sjell recetat e reja p\u00ebr 24-28 prill &#8211; Video"},"content":{"rendered":"<p><a href=\"http:\/\/www.visit-ulcinj.com\/blog\/wp-content\/uploads\/2017\/04\/Nga-Buna-e-Ulqinit-Linda-sjell-recetat-e-reja.jpg\"><img loading=\"lazy\" class=\"alignleft wp-image-104534\" src=\"http:\/\/www.visit-ulcinj.com\/blog\/wp-content\/uploads\/2017\/04\/Nga-Buna-e-Ulqinit-Linda-sjell-recetat-e-reja.jpg\" alt=\"\" width=\"508\" height=\"340\" srcset=\"https:\/\/www.visit-ulcinj.com\/blog\/wp-content\/uploads\/2017\/04\/Nga-Buna-e-Ulqinit-Linda-sjell-recetat-e-reja.jpg 900w, https:\/\/www.visit-ulcinj.com\/blog\/wp-content\/uploads\/2017\/04\/Nga-Buna-e-Ulqinit-Linda-sjell-recetat-e-reja-300x201.jpg 300w, https:\/\/www.visit-ulcinj.com\/blog\/wp-content\/uploads\/2017\/04\/Nga-Buna-e-Ulqinit-Linda-sjell-recetat-e-reja-768x514.jpg 768w\" sizes=\"(max-width: 508px) 100vw, 508px\" \/><\/a>Recetat m\u00eb t\u00eb reja nga Linda p\u00ebr datat 24 deri 28 prill jan\u00eb t\u00eb gatuara pran lumit Buna n\u00eb Ulqin.<\/p>\n<p>Se \u00e7far\u00eb do t\u00eb gatuaj\u00eb Linda mund ta shikoni videon m\u00eb posht\u00eb, transmeton Koha.net.<\/p>\n<p>Emisioni transmetohet n\u00eb ora 17:30, nga e h\u00ebna deri t\u00eb premten.<\/p>\n<p>KOHA NET<\/p>\n<!--YouTube Error: bad URL entered-->\n","protected":false},"excerpt":{"rendered":"<p>Recetat m\u00eb t\u00eb reja nga Linda p\u00ebr datat 24 deri 28 prill jan\u00eb t\u00eb gatuara pran lumit Buna n\u00eb Ulqin. Se \u00e7far\u00eb do t\u00eb gatuaj\u00eb Linda mund ta shikoni videon m\u00eb posht\u00eb, transmeton Koha.net. Emisioni transmetohet n\u00eb ora 17:30, nga e h\u00ebna deri t\u00eb premten. KOHA NET<\/p>\n","protected":false},"author":1,"featured_media":0,"comment_status":"closed","ping_status":"closed","sticky":false,"template":"","format":"standard","meta":{"spay_email":"","jetpack_publicize_message":"","jetpack_is_tweetstorm":false,"jetpack_publicize_feature_enabled":true},"categories":[1],"tags":[],"jetpack_publicize_connections":[],"yoast_head":"<!-- This site is optimized with the Yoast SEO plugin v19.1 - https:\/\/yoast.com\/wordpress\/plugins\/seo\/ -->\n<title>Nga Buna e Ulqinit, Linda sjell recetat e reja p\u00ebr 24-28 prill - Video - Lajme nga Ulqini<\/title>\n<meta name=\"description\" content=\"Recetat m\u00eb t\u00eb reja nga Linda p\u00ebr datat 24 deri 28 prill jan\u00eb t\u00eb gatuara pran lumit Buna n\u00eb Ulqin. Se \u00e7far\u00eb do t\u00eb gatuaj\u00eb Linda mund ta shikoni videon m\u00eb\" \/>\n<meta name=\"robots\" content=\"index, follow, max-snippet:-1, max-image-preview:large, max-video-preview:-1\" \/>\n<link rel=\"canonical\" href=\"https:\/\/www.visit-ulcinj.com\/blog\/2017\/04\/21\/nga-buna-e-ulqinit-linda-sjell-recetat-e-reja-per-24-28-prill-video\/\" \/>\n<meta property=\"og:locale\" content=\"en_US\" \/>\n<meta property=\"og:type\" content=\"article\" \/>\n<meta property=\"og:title\" content=\"Nga Buna e Ulqinit, Linda sjell recetat e reja p\u00ebr 24-28 prill - Video - Lajme nga Ulqini\" \/>\n<meta property=\"og:description\" content=\"Recetat m\u00eb t\u00eb reja nga Linda p\u00ebr datat 24 deri 28 prill jan\u00eb t\u00eb gatuara pran lumit Buna n\u00eb Ulqin. Se \u00e7far\u00eb do t\u00eb gatuaj\u00eb Linda mund ta shikoni videon m\u00eb\" \/>\n<meta property=\"og:url\" content=\"https:\/\/www.visit-ulcinj.com\/blog\/2017\/04\/21\/nga-buna-e-ulqinit-linda-sjell-recetat-e-reja-per-24-28-prill-video\/\" \/>\n<meta property=\"og:site_name\" content=\"Lajme nga Ulqini\" \/>\n<meta property=\"article:published_time\" content=\"2017-04-21T17:05:41+00:00\" \/>\n<meta property=\"og:image\" content=\"http:\/\/www.visit-ulcinj.com\/blog\/wp-content\/uploads\/2017\/04\/Nga-Buna-e-Ulqinit-Linda-sjell-recetat-e-reja.jpg\" \/>\n<meta name=\"twitter:label1\" content=\"Written by\" \/>\n\t<meta name=\"twitter:data1\" content=\"ulqini\" \/>\n<script type=\"application\/ld+json\" class=\"yoast-schema-graph\">{\"@context\":\"https:\/\/schema.org\",\"@graph\":[{\"@type\":\"WebSite\",\"@id\":\"https:\/\/www.visit-ulcinj.com\/blog\/#website\",\"url\":\"https:\/\/www.visit-ulcinj.com\/blog\/\",\"name\":\"Lajme nga Ulqini\",\"description\":\"Lajme,Vijesti,Ulqini,Ulqin,Crna Gora,Mali i Zi\",\"potentialAction\":[{\"@type\":\"SearchAction\",\"target\":{\"@type\":\"EntryPoint\",\"urlTemplate\":\"https:\/\/www.visit-ulcinj.com\/blog\/?s={search_term_string}\"},\"query-input\":\"required name=search_term_string\"}],\"inLanguage\":\"en-US\"},{\"@type\":\"ImageObject\",\"inLanguage\":\"en-US\",\"@id\":\"https:\/\/www.visit-ulcinj.com\/blog\/2017\/04\/21\/nga-buna-e-ulqinit-linda-sjell-recetat-e-reja-per-24-28-prill-video\/#primaryimage\",\"url\":\"https:\/\/www.visit-ulcinj.com\/blog\/wp-content\/uploads\/2017\/04\/Nga-Buna-e-Ulqinit-Linda-sjell-recetat-e-reja.jpg\",\"contentUrl\":\"https:\/\/www.visit-ulcinj.com\/blog\/wp-content\/uploads\/2017\/04\/Nga-Buna-e-Ulqinit-Linda-sjell-recetat-e-reja.jpg\",\"width\":900,\"height\":602},{\"@type\":\"WebPage\",\"@id\":\"https:\/\/www.visit-ulcinj.com\/blog\/2017\/04\/21\/nga-buna-e-ulqinit-linda-sjell-recetat-e-reja-per-24-28-prill-video\/#webpage\",\"url\":\"https:\/\/www.visit-ulcinj.com\/blog\/2017\/04\/21\/nga-buna-e-ulqinit-linda-sjell-recetat-e-reja-per-24-28-prill-video\/\",\"name\":\"Nga Buna e Ulqinit, Linda sjell recetat e reja p\u00ebr 24-28 prill - Video - Lajme nga Ulqini\",\"isPartOf\":{\"@id\":\"https:\/\/www.visit-ulcinj.com\/blog\/#website\"},\"primaryImageOfPage\":{\"@id\":\"https:\/\/www.visit-ulcinj.com\/blog\/2017\/04\/21\/nga-buna-e-ulqinit-linda-sjell-recetat-e-reja-per-24-28-prill-video\/#primaryimage\"},\"datePublished\":\"2017-04-21T17:05:41+00:00\",\"dateModified\":\"2017-04-21T17:05:41+00:00\",\"author\":{\"@id\":\"https:\/\/www.visit-ulcinj.com\/blog\/#\/schema\/person\/dcab619c614d3038751c63bc2aadc06d\"},\"description\":\"Recetat m\u00eb t\u00eb reja nga Linda p\u00ebr datat 24 deri 28 prill jan\u00eb t\u00eb gatuara pran lumit Buna n\u00eb Ulqin. Se \u00e7far\u00eb do t\u00eb gatuaj\u00eb Linda mund ta shikoni videon m\u00eb\",\"breadcrumb\":{\"@id\":\"https:\/\/www.visit-ulcinj.com\/blog\/2017\/04\/21\/nga-buna-e-ulqinit-linda-sjell-recetat-e-reja-per-24-28-prill-video\/#breadcrumb\"},\"inLanguage\":\"en-US\",\"potentialAction\":[{\"@type\":\"ReadAction\",\"target\":[\"https:\/\/www.visit-ulcinj.com\/blog\/2017\/04\/21\/nga-buna-e-ulqinit-linda-sjell-recetat-e-reja-per-24-28-prill-video\/\"]}]},{\"@type\":\"BreadcrumbList\",\"@id\":\"https:\/\/www.visit-ulcinj.com\/blog\/2017\/04\/21\/nga-buna-e-ulqinit-linda-sjell-recetat-e-reja-per-24-28-prill-video\/#breadcrumb\",\"itemListElement\":[{\"@type\":\"ListItem\",\"position\":1,\"name\":\"Nga Buna e Ulqinit, Linda sjell recetat e reja p\u00ebr 24-28 prill &#8211; Video\"}]},{\"@type\":\"Person\",\"@id\":\"https:\/\/www.visit-ulcinj.com\/blog\/#\/schema\/person\/dcab619c614d3038751c63bc2aadc06d\",\"name\":\"ulqini\",\"sameAs\":[\"http:\/\/www.visit-ulcinj.com\"],\"url\":\"https:\/\/www.visit-ulcinj.com\/blog\/author\/admin\/\"}]}<\/script>\n<!-- \/ Yoast SEO plugin. -->","yoast_head_json":{"title":"Nga Buna e Ulqinit, Linda sjell recetat e reja p\u00ebr 24-28 prill - Video - Lajme nga Ulqini","description":"Recetat m\u00eb t\u00eb reja nga Linda p\u00ebr datat 24 deri 28 prill jan\u00eb t\u00eb gatuara pran lumit Buna n\u00eb Ulqin. Se \u00e7far\u00eb do t\u00eb gatuaj\u00eb Linda mund ta shikoni videon m\u00eb","robots":{"index":"index","follow":"follow","max-snippet":"max-snippet:-1","max-image-preview":"max-image-preview:large","max-video-preview":"max-video-preview:-1"},"canonical":"https:\/\/www.visit-ulcinj.com\/blog\/2017\/04\/21\/nga-buna-e-ulqinit-linda-sjell-recetat-e-reja-per-24-28-prill-video\/","og_locale":"en_US","og_type":"article","og_title":"Nga Buna e Ulqinit, Linda sjell recetat e reja p\u00ebr 24-28 prill - Video - Lajme nga Ulqini","og_description":"Recetat m\u00eb t\u00eb reja nga Linda p\u00ebr datat 24 deri 28 prill jan\u00eb t\u00eb gatuara pran lumit Buna n\u00eb Ulqin. Se \u00e7far\u00eb do t\u00eb gatuaj\u00eb Linda mund ta shikoni videon m\u00eb","og_url":"https:\/\/www.visit-ulcinj.com\/blog\/2017\/04\/21\/nga-buna-e-ulqinit-linda-sjell-recetat-e-reja-per-24-28-prill-video\/","og_site_name":"Lajme nga Ulqini","article_published_time":"2017-04-21T17:05:41+00:00","og_image":[{"url":"http:\/\/www.visit-ulcinj.com\/blog\/wp-content\/uploads\/2017\/04\/Nga-Buna-e-Ulqinit-Linda-sjell-recetat-e-reja.jpg"}],"twitter_misc":{"Written by":"ulqini"},"schema":{"@context":"https:\/\/schema.org","@graph":[{"@type":"WebSite","@id":"https:\/\/www.visit-ulcinj.com\/blog\/#website","url":"https:\/\/www.visit-ulcinj.com\/blog\/","name":"Lajme nga Ulqini","description":"Lajme,Vijesti,Ulqini,Ulqin,Crna Gora,Mali i Zi","potentialAction":[{"@type":"SearchAction","target":{"@type":"EntryPoint","urlTemplate":"https:\/\/www.visit-ulcinj.com\/blog\/?s={search_term_string}"},"query-input":"required name=search_term_string"}],"inLanguage":"en-US"},{"@type":"ImageObject","inLanguage":"en-US","@id":"https:\/\/www.visit-ulcinj.com\/blog\/2017\/04\/21\/nga-buna-e-ulqinit-linda-sjell-recetat-e-reja-per-24-28-prill-video\/#primaryimage","url":"https:\/\/www.visit-ulcinj.com\/blog\/wp-content\/uploads\/2017\/04\/Nga-Buna-e-Ulqinit-Linda-sjell-recetat-e-reja.jpg","contentUrl":"https:\/\/www.visit-ulcinj.com\/blog\/wp-content\/uploads\/2017\/04\/Nga-Buna-e-Ulqinit-Linda-sjell-recetat-e-reja.jpg","width":900,"height":602},{"@type":"WebPage","@id":"https:\/\/www.visit-ulcinj.com\/blog\/2017\/04\/21\/nga-buna-e-ulqinit-linda-sjell-recetat-e-reja-per-24-28-prill-video\/#webpage","url":"https:\/\/www.visit-ulcinj.com\/blog\/2017\/04\/21\/nga-buna-e-ulqinit-linda-sjell-recetat-e-reja-per-24-28-prill-video\/","name":"Nga Buna e Ulqinit, Linda sjell recetat e reja p\u00ebr 24-28 prill - Video - Lajme nga Ulqini","isPartOf":{"@id":"https:\/\/www.visit-ulcinj.com\/blog\/#website"},"primaryImageOfPage":{"@id":"https:\/\/www.visit-ulcinj.com\/blog\/2017\/04\/21\/nga-buna-e-ulqinit-linda-sjell-recetat-e-reja-per-24-28-prill-video\/#primaryimage"},"datePublished":"2017-04-21T17:05:41+00:00","dateModified":"2017-04-21T17:05:41+00:00","author":{"@id":"https:\/\/www.visit-ulcinj.com\/blog\/#\/schema\/person\/dcab619c614d3038751c63bc2aadc06d"},"description":"Recetat m\u00eb t\u00eb reja nga Linda p\u00ebr datat 24 deri 28 prill jan\u00eb t\u00eb gatuara pran lumit Buna n\u00eb Ulqin. Se \u00e7far\u00eb do t\u00eb gatuaj\u00eb Linda mund ta shikoni videon m\u00eb","breadcrumb":{"@id":"https:\/\/www.visit-ulcinj.com\/blog\/2017\/04\/21\/nga-buna-e-ulqinit-linda-sjell-recetat-e-reja-per-24-28-prill-video\/#breadcrumb"},"inLanguage":"en-US","potentialAction":[{"@type":"ReadAction","target":["https:\/\/www.visit-ulcinj.com\/blog\/2017\/04\/21\/nga-buna-e-ulqinit-linda-sjell-recetat-e-reja-per-24-28-prill-video\/"]}]},{"@type":"BreadcrumbList","@id":"https:\/\/www.visit-ulcinj.com\/blog\/2017\/04\/21\/nga-buna-e-ulqinit-linda-sjell-recetat-e-reja-per-24-28-prill-video\/#breadcrumb","itemListElement":[{"@type":"ListItem","position":1,"name":"Nga Buna e Ulqinit, Linda sjell recetat e reja p\u00ebr 24-28 prill &#8211; Video"}]},{"@type":"Person","@id":"https:\/\/www.visit-ulcinj.com\/blog\/#\/schema\/person\/dcab619c614d3038751c63bc2aadc06d","name":"ulqini","sameAs":["http:\/\/www.visit-ulcinj.com"],"url":"https:\/\/www.visit-ulcinj.com\/blog\/author\/admin\/"}]}},"jetpack_featured_media_url":"","jetpack_sharing_enabled":true,"jetpack_shortlink":"https:\/\/wp.me\/pe6lTn-rc1","_links":{"self":[{"href":"https:\/\/www.visit-ulcinj.com\/blog\/wp-json\/wp\/v2\/posts\/104533"}],"collection":[{"href":"https:\/\/www.visit-ulcinj.com\/blog\/wp-json\/wp\/v2\/posts"}],"about":[{"href":"https:\/\/www.visit-ulcinj.com\/blog\/wp-json\/wp\/v2\/types\/post"}],"author":[{"embeddable":true,"href":"https:\/\/www.visit-ulcinj.com\/blog\/wp-json\/wp\/v2\/users\/1"}],"replies":[{"embeddable":true,"href":"https:\/\/www.visit-ulcinj.com\/blog\/wp-json\/wp\/v2\/comments?post=104533"}],"version-history":[{"count":1,"href":"https:\/\/www.visit-ulcinj.com\/blog\/wp-json\/wp\/v2\/posts\/104533\/revisions"}],"predecessor-version":[{"id":104535,"href":"https:\/\/www.visit-ulcinj.com\/blog\/wp-json\/wp\/v2\/posts\/104533\/revisions\/104535"}],"wp:attachment":[{"href":"https:\/\/www.visit-ulcinj.com\/blog\/wp-json\/wp\/v2\/media?parent=104533"}],"wp:term":[{"taxonomy":"category","embeddable":true,"href":"https:\/\/www.visit-ulcinj.com\/blog\/wp-json\/wp\/v2\/categories?post=104533"},{"taxonomy":"post_tag","embeddable":true,"href":"https:\/\/www.visit-ulcinj.com\/blog\/wp-json\/wp\/v2\/tags?post=104533"}],"curies":[{"name":"wp","href":"https:\/\/api.w.org\/{rel}","templated":true}]}}