{"id":104541,"date":"2017-04-22T18:29:35","date_gmt":"2017-04-22T17:29:35","guid":{"rendered":"http:\/\/www.visit-ulcinj.com\/blog\/?p=104541"},"modified":"2017-04-23T21:13:00","modified_gmt":"2017-04-23T20:13:00","slug":"cungu-vazhdon-diskriminimi-shqiptareve-ne-mal-te-zi","status":"publish","type":"post","link":"https:\/\/www.visit-ulcinj.com\/blog\/2017\/04\/22\/cungu-vazhdon-diskriminimi-shqiptareve-ne-mal-te-zi\/","title":{"rendered":"Cungu: Vazhdon diskriminimi i shqiptar\u00ebve n\u00eb Mal t\u00eb Zi"},"content":{"rendered":"<p><a href=\"http:\/\/www.visit-ulcinj.com\/blog\/wp-content\/uploads\/2017\/04\/Nazif-Cungu-Ostros.jpg\"><img loading=\"lazy\" class=\"alignleft wp-image-104542\" src=\"http:\/\/www.visit-ulcinj.com\/blog\/wp-content\/uploads\/2017\/04\/Nazif-Cungu-Ostros.jpg\" alt=\"\" width=\"508\" height=\"373\" srcset=\"https:\/\/www.visit-ulcinj.com\/blog\/wp-content\/uploads\/2017\/04\/Nazif-Cungu-Ostros.jpg 960w, https:\/\/www.visit-ulcinj.com\/blog\/wp-content\/uploads\/2017\/04\/Nazif-Cungu-Ostros-300x220.jpg 300w, https:\/\/www.visit-ulcinj.com\/blog\/wp-content\/uploads\/2017\/04\/Nazif-Cungu-Ostros-768x563.jpg 768w\" sizes=\"(max-width: 508px) 100vw, 508px\" \/><\/a><strong><span id=\"ContentPane3ArticlesDetails_lblTitle\" class=\"title\">P\u00ebr demarkacionin t\u00eb m\u00ebnjanohen interesat partiake<\/span><\/strong><\/p>\n<p><span id=\"ContentPane3ArticlesDetails_lblDescription\" class=\"description\">Kryetari i Ulqinit, nj\u00ebher\u00ebsh kryetar i Forc\u00ebs s\u00eb Re Demokratike n\u00eb Mal t\u00eb Zi, Nafiz Cungu, ka th\u00ebn\u00eb se gjendja e shqiptar\u00ebve n\u00eb k\u00ebt\u00eb shtet l\u00eb shum\u00eb p\u00ebr t\u00eb d\u00ebshiruar sepse, si pasoj\u00eb e diskriminimit t\u00eb vazhduesh\u00ebm p\u00ebr dekada me radh\u00eb, trojet e shqiptar\u00ebve n\u00eb Mal t\u00eb Zi jan\u00eb zhytur n\u00eb varf\u00ebri.<\/span><\/p>\n<div id=\"pastingspan1\">N\u00eb k\u00ebt\u00eb intervist\u00eb dh\u00ebn\u00eb p\u00ebr gazet\u00ebn \u201cEpoka e re\u201d, ai ka theksuar se diskriminimi ka b\u00ebr\u00eb q\u00eb nj\u00eb p\u00ebrqindje shum\u00eb e madhe e bashk\u00ebkomb\u00ebsve tan\u00eb ta braktisin vendlindjen dhe t\u00eb k\u00ebrkojn\u00eb nj\u00eb jet\u00eb m\u00eb t\u00eb mir\u00eb n\u00eb emigracion. Po ashtu, Cungu ka th\u00ebn\u00eb se presioni i vazhduesh\u00ebm diskriminues ka \u00e7uar n\u00eb asimilimin e nj\u00eb pjese t\u00eb mir\u00eb t\u00eb popullsis\u00eb shqiptare n\u00eb Mal t\u00eb Zi. \u201cMe an\u00ebn e koalicionit t\u00eb ri qeveris\u00ebs ku marrim pjes\u00eb ne kemi mundur t\u2019i p\u00ebrmbushim disa prej k\u00ebrkesave legjitime t\u00eb shqiptar\u00ebve sikurse \u00ebsht\u00eb p\u00ebrdorimi i simboleve dhe gjuh\u00ebs shqipe n\u00eb trojet tona. Po ashtu, qeveria e ka miratuar formimin e Komun\u00ebs s\u00eb Tuzit dhe s\u00eb shpejti presim q\u00eb Kuvendi i Malit t\u00eb Zi ta miratoj\u00eb ligjin q\u00eb e mund\u00ebson k\u00ebt\u00eb komun\u00eb t\u00eb dyt\u00eb me shumic\u00eb shqiptare\u201d, ka th\u00ebn\u00eb Cungu.<\/div>\n<div id=\"pastingspan1\">Ai ka b\u00ebr\u00eb me dije se p\u00ebr nj\u00eb periudh\u00eb t\u00eb gjat\u00eb Komuna e Ulqinit ka qen\u00eb e neglizhuar dhe diskriminuar nga pushteti qendror dhe nuk ka p\u00ebrfituar nga investimet publike shtet\u00ebrore. P\u00ebrpos k\u00ebsaj, Cungu ka th\u00ebn\u00eb se edhe qeverisja e m\u00ebparshme komunale ka l\u00ebn\u00eb shum\u00eb p\u00ebr t\u00eb d\u00ebshiruar dhe jo vet\u00ebm se nuk ka b\u00ebr\u00eb pun\u00ebt dhe investimet q\u00eb kan\u00eb pasur nevoj\u00eb qytetar\u00ebt, por e kan\u00eb mbushur buxhetin e komun\u00ebs me borxhe t\u00eb m\u00ebdha t\u00eb cilat ende jemi duke i paguar. Ai ka th\u00ebn\u00eb se jan\u00eb n\u00eb pritje t\u00eb Kosov\u00ebs q\u00eb sa m\u00eb shpejt ta p\u00ebrfundoj\u00eb rrug\u00ebn e nisur De\u00e7an &#8211; Plav\u00eb e cila po zvarritet pa kuptim.<\/div>\n<div id=\"pastingspan1\">Duke folur rreth demarkacionit Kosov\u00eb &#8211; Mali i Zi, Cungu i ka ftuar pozit\u00ebn dhe opozit\u00ebn n\u00eb Kosov\u00eb t\u00eb heqin dor\u00eb nga interesat partiake dhe t\u00eb gjejn\u00eb nj\u00eb kompromis p\u00ebr demarkacionin me Malin e Zi. Duke mos dashur t\u00eb marr\u00eb an\u00eb, ai ka th\u00ebn\u00eb se \u00e7\u00ebshtja e demarkacionit me Kosov\u00ebn n\u00eb Mal t\u00eb Zi \u00ebsht\u00eb tem\u00eb periferike. Ai ka th\u00ebn\u00eb se subjektet politike e kan\u00eb obligim ta nxjerrin vendin nga izolimi. \u201cNe shqiptar\u00ebt e Malit t\u00eb Zi duam m\u00eb t\u00eb mir\u00ebn p\u00ebr Kosov\u00ebn dhe d\u00ebshirojm\u00eb ta shohim t\u00eb ec\u00eb p\u00ebrpara n\u00eb procesin e integrimit evropian. Prandaj mendoj se do t\u00eb ishte mir\u00eb q\u00eb sa m\u00eb par\u00eb t\u00eb gjitha pal\u00ebt t\u00eb mblidhen bashk\u00eb, duke l\u00ebn\u00eb m\u00ebnjan\u00eb interesat apo q\u00ebndrimet partiake, e t\u00eb gjejn\u00eb nj\u00eb kompromis p\u00ebr ta nxjerr\u00eb vendin nga izolimi dhe p\u00ebr t\u2019ua mund\u00ebsuar udh\u00ebtimin pa viza qytetar\u00ebve t\u00eb Kosov\u00ebs\u201d, ka th\u00ebn\u00eb Cungu.<\/div>\n<div><\/div>\n<div id=\"pastingspan1\"><\/div>\n<div id=\"pastingspan1\"><strong>\u201cEpoka e re\u201d: <\/strong>Z<em>. Cungu, jemi n\u00eb prag t\u00eb fillimit t\u00eb sezonit turistik. Qyteti i Ulqinit \u00ebsht\u00eb nj\u00eb nga destinacionet kryesore t\u00eb shqiptar\u00ebve t\u00eb Kosov\u00ebs. Sa \u00ebsht\u00eb p\u00ebrgatitur Ulqini p\u00ebr k\u00ebt\u00eb sezon?<\/em><\/div>\n<div id=\"pastingspan1\"><strong>Cungu:<\/strong> Keni t\u00eb drejt\u00eb, ne kemi nj\u00eb lidhje shum\u00eb t\u00eb ngusht\u00eb shpirt\u00ebrore. Ulqini \u00ebsht\u00eb sht\u00ebpia e dyt\u00eb e kosovar\u00ebve gjat\u00eb ver\u00ebs dhe, nga ana tjet\u00ebr, nj\u00eb pjes\u00eb e mir\u00eb e banor\u00ebve tan\u00eb jan\u00eb shkolluar dhe formuar intelektualisht n\u00eb Prishtin\u00eb. Un\u00eb besoj se jemi m\u00eb t\u00eb p\u00ebrgatitur se m\u00eb par\u00eb pasi k\u00ebsaj radhe koalicioni i ri qeveris\u00ebs i Komun\u00ebs s\u00eb Ulqinit ka marr\u00eb masat n\u00eb koh\u00eb p\u00ebr t\u00eb rregulluar infrastruktur\u00ebn turistike. Ne jemi angazhuar p\u00ebr t\u2019i riparuar trotuaret, p\u00ebrmir\u00ebsuar ndri\u00e7imin, past\u00ebrtin\u00eb, gjelb\u00ebrimin dhe hap\u00ebsirat publike p\u00ebr ta b\u00ebr\u00eb sa m\u00eb t\u00eb k\u00ebndsh\u00ebm vizit\u00ebn e turist\u00ebve. Sivjet do e nisim me fest\u00ebn e 1 majit dhe p\u00ebr k\u00ebt\u00eb fest\u00eb kemi p\u00ebrgatitur nj\u00eb program t\u00eb ve\u00e7ant\u00eb kulturor e artistik disaditor\u00eb dhe ftojm\u00eb bashk\u00ebkomb\u00ebsit nga Kosova ta vazhdojn\u00eb tradit\u00ebn e bukur t\u00eb ardhjes s\u00eb rregullt n\u00eb Ulqin.<\/div>\n<div><\/div>\n<div id=\"pastingspan1\"><\/div>\n<div id=\"pastingspan1\"><strong>\u201cEpoka e re\u201d:<\/strong> <em>Cilat do t\u00eb jen\u00eb risit\u00eb q\u00eb do t\u2019i ofroj\u00eb Ulqini k\u00ebsaj radhe?<\/em><\/div>\n<div id=\"pastingspan1\"><strong>Cungu: <\/strong>P\u00ebrve\u00e7 bukuris\u00eb natyrore t\u00eb bregdetit dhe mikpritjes s\u00eb ngroht\u00eb, pushuesit n\u00eb Ulqin n\u00eb k\u00ebt\u00eb sezon do t\u00eb ken\u00eb mund\u00ebsi t\u00eb shijojn\u00eb nj\u00eb jet\u00eb m\u00eb t\u00eb pasur kulturore, artistike e sportive. Nj\u00eb nd\u00ebr atraksionet kryesore t\u00eb reja p\u00ebr vizitor\u00ebt e rinj n\u00eb Ulqin \u00ebsht\u00eb Kitesurfing n\u00eb Plazhin e Madh. Ky sport aventur\u00eb po merr p\u00ebrmasa t\u00eb jasht\u00ebzakonshme tek ne dhe bregdeti yn\u00eb \u00ebsht\u00eb b\u00ebr\u00eb nj\u00eb nd\u00ebr 10 destinacionet m\u00eb t\u00eb preferuara n\u00eb bot\u00eb p\u00ebr k\u00ebt\u00eb sport. Po ashtu plazhi mahnit\u00ebs i Valdanosit dhe ullishtja q\u00eb e rrethon \u00ebsht\u00eb duke u b\u00ebr\u00eb nj\u00eb nd\u00ebr vendet m\u00eb t\u00ebrheq\u00ebse p\u00ebr pushuesit kosovar\u00eb q\u00eb n\u00eb t\u00eb kaluar\u00ebn nuk e kan\u00eb frekuentuar. Nga ana tjet\u00ebr dua t\u00eb theksoj se Ulqini ka nj\u00eb potencial t\u00eb jasht\u00ebzakonsh\u00ebm edhe t\u00eb turizmit rural, prandaj ne i ftojm\u00eb pushuesit ta vizitojn\u00eb liqenin e Shasit si dhe zon\u00ebn e Kraj\u00ebs ku bregu i liqenit ka pamje me t\u00eb v\u00ebrtet\u00eb mahnit\u00ebse.<\/div>\n<div><\/div>\n<div id=\"pastingspan1\"><\/div>\n<div id=\"pastingspan1\"><strong>\u201cEpoka e re\u201d: <\/strong><em>Sa po mb\u00ebshtetet ky qytet si qendra e shqiptar\u00ebve n\u00eb k\u00ebt\u00eb vend nga qeveria qendrore e Malit t\u00eb Zi?<\/em><\/div>\n<div id=\"pastingspan1\"><strong>Cungu: <\/strong>P\u00ebr nj\u00eb periudh\u00eb t\u00eb gjat\u00eb Komuna e Ulqinit ka qen\u00eb neglizhuar dhe diskriminuar nga pushteti qendror dhe nuk ka p\u00ebrfituar nga investime publike shtet\u00ebrore. Mungesa e investimeve n\u00eb infrastruktur\u00eb ka b\u00ebr\u00eb q\u00eb t\u00eb mungojn\u00eb investimet n\u00eb turiz\u00ebm dhe pavar\u00ebsisht se bregdeti yn\u00eb ka potencialin m\u00eb t\u00eb madh n\u00eb Malin e Zi, ka ngelur m\u00eb i prapambeturi. Po ashtu p\u00ebr nj\u00eb koh\u00eb t\u00eb gjat\u00eb nuk \u00ebsht\u00eb aprovuar plani hap\u00ebsinor dhe investitor\u00ebt serioz\u00eb kan\u00eb q\u00ebndruar larg p\u00ebr sa koh\u00eb nuk kemi pasur plane urbanistike. P\u00ebrpos k\u00ebsaj m\u00eb duhet ta them se edhe qeverisja e m\u00ebparshme komunale ka pas l\u00ebn\u00eb shum\u00eb p\u00ebr t\u00eb d\u00ebshiruar dhe jo vet\u00ebm q\u00eb nuk ka b\u00ebr\u00eb pun\u00ebt dhe investimet q\u00eb kan\u00eb pasur nevoj\u00eb qytetar\u00ebt, por e kan\u00eb mbushur buxhetin e komun\u00ebs me borxhe t\u00eb m\u00ebdha t\u00eb cilat ende jemi duke i paguar. Mir\u00ebpo pas zgjedhjeve t\u00eb fundit parlamentare \u00ebsht\u00eb krijuar nj\u00eb koalicion i ri n\u00eb qeverin\u00eb qendrore ku b\u00ebn pjes\u00eb edhe partia q\u00eb un\u00eb drejtoj, dhe pjes\u00eb e marr\u00ebveshjes me kryeministrin e ri ka qen\u00eb p\u00ebrmbushja e disa prej k\u00ebrkesave t\u00eb kamotshme tonat. Para pak jav\u00ebsh Qeveria ka miratuar Planin Hap\u00ebsinor t\u00eb komun\u00ebs duke i dh\u00ebn\u00eb k\u00ebshtu drit\u00ebn jeshile rrug\u00ebn investimeve serioze n\u00eb nd\u00ebrtimin e nj\u00eb infrastrukture moderne hotelerike p\u00ebr turizmin. Pjes\u00eb e k\u00ebtij plani \u00ebsht\u00eb edhe nj\u00eb lidhje e re me Shqip\u00ebrin\u00eb n\u00ebp\u00ebrmjet Bun\u00ebs mes fshatrave Shas-Pulaj e cila do ta bashkonte ofert\u00ebn ton\u00eb turistike me at\u00eb t\u00eb Velipoj\u00ebs. Ky plan i sapoaprovuar ka p\u00ebrfshir\u00eb k\u00ebrkesat tona p\u00ebr mbrojtjen e ullisht\u00ebs dhe kripores s\u00eb Ulqinit duke i mbrojtur k\u00ebto pasur t\u00eb jasht\u00ebzakonshme t\u00eb natyr\u00ebs son\u00eb. Po ashtu si pjes\u00eb e k\u00ebtij koalicioni jemi duke zhbllokuar disa prej projekteve t\u00eb r\u00ebnd\u00ebsishme t\u00eb infrastruktur\u00ebs q\u00eb kan\u00eb qen\u00eb duke pritur p\u00ebr financim nga qeveria qendrore sikurse \u00ebsht\u00eb p\u00ebrfundimi i rruga q\u00eb lidh Ulqinin me pik\u00ebn kufitare t\u00eb Muriqanit.<\/div>\n<div><\/div>\n<div id=\"pastingspan1\"><\/div>\n<div id=\"pastingspan1\"><strong>\u201cEpoka e re\u201d:<\/strong> <em>Cila \u00ebsht\u00eb gjendja e shqiptar\u00ebve n\u00eb k\u00ebt\u00eb vend? Sa \u00ebsht\u00eb avancuar pozita e tyre?<\/em><\/div>\n<div id=\"pastingspan1\"><strong>Cungu: <\/strong>Gjendja e shqiptar\u00ebve l\u00eb shum\u00eb p\u00ebr t\u00eb d\u00ebshiruar sepse si pasoj\u00eb e diskriminimit t\u00eb vazhduesh\u00ebm p\u00ebr dekada me radh\u00eb trojet e shqiptar\u00ebt n\u00eb Mal t\u00eb Zi jan\u00eb zhytur n\u00eb varf\u00ebri. Diskriminimi ka b\u00ebr\u00eb q\u00eb nj\u00eb p\u00ebrqindje shum\u00eb e madhe e bashk\u00ebkomb\u00ebsve tan\u00eb t\u00eb braktisin vendlindjen dhe t\u00eb k\u00ebrkojn\u00eb nj\u00eb jet\u00eb m\u00eb t\u00eb mir\u00eb n\u00eb emigracion. Po ashtu presioni i vazhduesh\u00ebm diskriminues ka \u00e7uar n\u00eb asimilimin e nj\u00eb pjese t\u00eb mir\u00eb t\u00eb popullsis\u00eb shqiptare n\u00eb Mal t\u00eb Zi. Mjafton t\u00eb shkoni n\u00eb Rozhaj\u00eb apo Plav\u00eb e Guci p\u00ebr t\u00eb par\u00eb se sa shum\u00eb banor\u00ebt aty e kan\u00eb humbur gjuh\u00ebn dhe identitetin komb\u00ebtar. Kuptohet q\u00eb vitet e fundit me procesin e demokratizimit dhe integrimit evropian jan\u00eb b\u00ebr\u00eb avancime n\u00eb pozit\u00ebn e shqiptar\u00ebve, mir\u00ebpo prap\u00ebseprap\u00eb ngelemi shum\u00eb t\u00eb diskriminuar. Po t\u00eb shikoni administrat\u00ebn e lart\u00eb shtet\u00ebrore, kuadrot shqiptar\u00eb t\u00eb pun\u00ebsuar aty num\u00ebrohen me gishta. Reforma elektorale gjithashtu i ka d\u00ebmtuar shum\u00eb shqiptar\u00ebt dhe sot kemi vet\u00ebm 1.5% p\u00ebrfaq\u00ebsim n\u00eb parlament nd\u00ebrkoh\u00eb q\u00eb p\u00ebrb\u00ebjm\u00eb 7 % t\u00eb popullsis\u00eb. Me an\u00ebn e koalicionit t\u00eb ri qeveris\u00ebs ku marrim pjes\u00eb ne kemi mundur q\u00eb t\u00eb p\u00ebrmbushim disa prej k\u00ebrkesave legjitime t\u00eb shqiptar\u00ebve sikurse \u00ebsht\u00eb p\u00ebrdorimi i simboleve dhe gjuh\u00ebs shqipe n\u00eb trojet tona. Po ashtu qeveria e ka miratuar formimin e Komun\u00ebs s\u00eb Tuzit dhe s\u00eb shpejti presim q\u00eb parlamenti i Malit t\u00eb Zi ta miratoj\u00eb ligjin q\u00eb e mund\u00ebson k\u00ebt\u00eb komun\u00eb t\u00eb dyt\u00eb me shumic\u00eb shqiptare.<\/div>\n<div><\/div>\n<div id=\"pastingspan1\"><\/div>\n<div id=\"pastingspan1\"><strong>\u201cEpoka e re\u201d:<\/strong> <em>Kritik\u00ebt thon\u00eb se elita politike e shqiptar\u00ebve \u00ebsht\u00eb shnd\u00ebrruar n\u00eb servil\u00eb t\u00eb pushtetit, duke i anashkaluar interesat e shqiptar\u00ebve?<\/em><\/div>\n<div id=\"pastingspan1\"><strong>Cungu: <\/strong>Kjo \u00ebsht\u00eb gj\u00eb e v\u00ebrtet\u00eb p\u00ebr nj\u00eb pjes\u00eb t\u00eb mir\u00eb t\u00eb p\u00ebrfaq\u00ebsuesve politik shqiptar\u00eb t\u00eb s\u00eb kaluar\u00ebs, t\u00eb cil\u00ebt kan\u00eb ndenjur duarkryq p\u00ebrpara vazhdimit t\u00eb diskriminimit, varf\u00ebrimit dhe emigracionit. Madje me abuzimet dhe keqmenaxhimin q\u00eb kan\u00eb b\u00ebr\u00eb politikan\u00ebt e vjet\u00ebr kan\u00eb qen\u00eb bashk\u00ebfajtor p\u00ebr gjendjen e mjerueshme t\u00eb shqiptar\u00ebve t\u00eb Malit t\u00eb Zi. Mir\u00ebpo un\u00eb besoj se populli yn\u00eb i zhg\u00ebnjyer me ta me t\u00eb drejt\u00eb nuk ua jep m\u00eb vot\u00ebn dhe politikan\u00ebt shqiptar\u00eb t\u00eb dikursh\u00ebm tanim\u00eb jan\u00eb n\u00eb periferi t\u00eb jet\u00ebs politike. Sikurse ua p\u00ebrmenda m\u00eb sip\u00ebr ne kemi hapur nj\u00eb kapitull t\u00eb ri t\u00eb politik\u00ebs n\u00eb Mal t\u00eb Zi duke b\u00ebr\u00eb t\u00eb mundur q\u00eb t\u00eb shtyjm\u00eb p\u00ebrpara agjend\u00ebn ton\u00eb komb\u00ebtare duke mbrojtur t\u00eb drejtat dhe interesat tona dhe duke p\u00ebrmbushur nj\u00eb pjes\u00eb t\u00eb k\u00ebrkesave t\u00eb popullit ton\u00eb.<\/div>\n<div><\/div>\n<div id=\"pastingspan1\"><\/div>\n<div id=\"pastingspan1\"><strong>\u201cEpoka e re\u201d: <\/strong><em>Disa statistika tregojn\u00eb se numri i shqiptar\u00ebve n\u00eb Mal t\u00eb Zi po zvog\u00eblohet vazhdimisht. Pse po ndodh kjo, dhe \u00e7ka po b\u00ebjn\u00eb p\u00ebrfaq\u00ebsuesit politik\u00eb t\u00eb shqiptar\u00ebve p\u00ebr ta ndalur k\u00ebt\u00eb trend?<\/em><\/div>\n<div id=\"pastingspan1\"><strong>Cungu:<\/strong> P\u00ebrqindja e popullsis\u00eb shqiptare n\u00eb Mal t\u00eb Zi ka r\u00ebn\u00eb vazhdimisht si pasoj\u00eb e emigracionit dhe asimilimit. T\u00eb dy jan\u00eb k\u00ebto fenomene t\u00eb r\u00ebnda t\u00eb shkaktuara prej diskriminimit t\u00eb vazhduesh\u00ebm politik q\u00eb kemi p\u00ebsuar p\u00ebr nj\u00eb koh\u00eb t\u00eb gjat\u00eb. P\u00ebrqindja jon\u00eb dhe p\u00ebrfaq\u00ebsimi yn\u00eb politik \u00ebsht\u00eb tep\u00ebr i vog\u00ebl p\u00ebr t\u00eb qen\u00eb vendimtar\u00eb dhe p\u00ebr t\u00eb b\u00ebr\u00eb presionin e mjaftuesh\u00ebm n\u00eb Podgoric\u00eb p\u00ebr t\u00eb realizuar plot\u00ebsisht t\u00eb drejtat dhe k\u00ebrkesat tona. N\u00eb periudh\u00ebn e fundit ne kemi b\u00ebr\u00eb nj\u00eb kthes\u00eb me p\u00ebrmir\u00ebsime t\u00eb ndjeshme mir\u00ebpo nevojiten veprime t\u00eb shumta t\u00eb m\u00ebdha p\u00ebr t\u00eb riparuar ato probleme t\u00eb akumuluara prej t\u00eb kaluar\u00ebs. Prandaj ne nuk mjaftohemi me angazhimin ton\u00eb politik n\u00eb Podgoric\u00eb por lobojm\u00eb n\u00eb Tiran\u00eb, Prishtin\u00eb, Bruksel dhe Uashington dhe institucione t\u00eb ndryshme nd\u00ebrkomb\u00ebtare p\u00ebr t\u00eb arritur t\u00eb drejtat tona. Nj\u00eb pjes\u00eb e k\u00ebrkesave tona imediate politike jan\u00eb p\u00ebrmbushur prandaj prioritet p\u00ebr ne \u00ebsht\u00eb b\u00ebr\u00eb zhvillimi ekonomik. Vet\u00ebm me zhvillim ekonomik mund t\u00eb ndalim emigracionin. Krahinat m\u00eb t\u00eb prekura nga zbrazja e shqiptar\u00ebve jan\u00eb Plav\u00eb-Gucia si dhe Kraja prandaj ne kemi b\u00ebr\u00eb vazhdimisht k\u00ebrkesa p\u00ebr investime infrastrukturore q\u00eb i nxjerrin k\u00ebto krahina nga izolimi dhe iu mund\u00ebsojn\u00eb zhvillimin ekonomik. Nga Kosova ne presim q\u00eb sa m\u00eb shpejt ta p\u00ebrfundoj\u00eb rrug\u00ebn e nisur De\u00e7an-Plav\u00eb e cila po zvarritet pa kuptim. Nd\u00ebrsa ekziston nj\u00eb projekt rruge q\u00eb mund t\u00eb nxjerr\u00eb nga izolimi krahin\u00ebn e Plav\u00ebs dhe Gucis\u00eb. Para gjasht\u00eb vitesh \u00ebsht\u00eb n\u00ebnshkruar marr\u00ebveshja p\u00ebr krijimin e pik\u00ebs kufitare nd\u00ebrmjet Shqip\u00ebris\u00eb dhe Malit t\u00eb Zi n\u00eb Qaf\u00eb t\u00eb Vranic\u00ebs mir\u00ebpo asgj\u00eb nuk \u00ebsht\u00eb materializuar ende. Me k\u00ebt\u00eb rrug\u00eb duhen vet\u00ebm 47 kilometra p\u00ebr ta lidhur Plav\u00ebn me Bajram Currin. Nj\u00eb tjet\u00ebr rrug\u00eb nd\u00ebr-shtet\u00ebrore q\u00eb ka potencial t\u00eb lart\u00eb p\u00ebr zhvillimin e trojeve shqiptare n\u00eb Malin e Zi \u00ebsht\u00eb rruga Zogaj-Skje q\u00eb do t\u00eb \u00e7lironte potencialin turistik t\u00eb gjith\u00eb bregut per\u00ebndimor t\u00eb liqenit t\u00eb Shkodr\u00ebs dhe nxirrte nga izolimi krahin\u00ebn e l\u00ebn\u00eb pas dore t\u00eb Kraj\u00ebs n\u00eb Malin e Zi.<\/div>\n<div><\/div>\n<div id=\"pastingspan1\"><\/div>\n<div id=\"pastingspan1\"><strong>\u201cEpoka e re\u201d: <\/strong><em>Tani atje \u00ebsht\u00eb formuar nj\u00eb parti e spektrit qytetar \u201cUra\u201d, e cila synon q\u00eb pjes\u00eb e saj t\u00eb b\u00ebhen shqiptar\u00ebt dhe malazez\u00ebt. Ka ardhur koha p\u00ebr subjekte t\u00eb tilla politike n\u00eb Mal t\u00eb Zi?<\/em><\/div>\n<div id=\"pastingspan1\"><strong>Cungu: <\/strong>Sikurse mund t\u00eb jeni t\u00eb informuar, Mali i Zi gjendet n\u00eb nj\u00eb kriz\u00eb t\u00eb madhe t\u00eb brendshme dhe nj\u00eb klim\u00eb t\u00eb tensionuar politike sepse opozita ku p\u00ebrfshihet edhe URA, \u00ebsht\u00eb duke bojkotuar parlamentin dhe duke u p\u00ebrpjekur q\u00eb t\u00eb bllokoj\u00eb futjen n\u00eb NATO. Lider\u00ebt e k\u00ebsaj opozite kan\u00eb deklaruar se me t\u00eb ardhur n\u00eb pushtet do e anulojn\u00eb njohjen q\u00eb i ka b\u00ebr\u00eb Kosov\u00ebs Mali i Zi. Po ashtu u zbulua nj\u00eb komplot i d\u00ebshtuar p\u00ebr t\u00eb p\u00ebrmbysur qeverin\u00eb n\u00eb m\u00ebnyr\u00eb t\u00eb armatosur i dirigjuar nga Moska dhe me pjes\u00ebmarrjen e p\u00ebrfaq\u00ebsues t\u00eb opozit\u00ebs. N\u00eb k\u00ebt\u00eb dilem\u00eb mes Lindjes dhe Per\u00ebndimit, shqiptar\u00ebt, kudo q\u00eb jan\u00eb, jan\u00eb pozicionuar pa asnj\u00eb m\u00ebdyshje drejt Per\u00ebndimit, pra drejt aleanc\u00ebs me Shtetet e Bashkuara dhe partner\u00ebve t\u00eb tjer\u00eb t\u00eb Bashkimit Evropian. Kjo do t\u00eb thot\u00eb q\u00eb ata shqiptar\u00eb q\u00eb i jan\u00eb bashkuar opozit\u00ebs q\u00eb \u00ebsht\u00eb e orientuar drejt Rusis\u00eb jan\u00eb duke punuar kund\u00ebr interesave tona komb\u00ebtare. P\u00ebr fat t\u00eb mir\u00eb k\u00ebta jan\u00eb shum\u00eb t\u00eb pakt\u00eb dhe me pesh\u00eb t\u00eb pap\u00ebrfillshme prandaj mendoj se parti t\u00eb k\u00ebtilla si URA nuk kan\u00eb t\u00eb ardhme tek ne.<\/div>\n<div><\/div>\n<div id=\"pastingspan1\"><\/div>\n<div id=\"pastingspan1\"><strong>\u201cEpoka e re\u201d:<\/strong> <em>N\u00eb Kosov\u00eb demarkacioni me Malin e Zi ka shkaktuar nj\u00eb p\u00ebr\u00e7arje t\u00eb madhe mes pozit\u00ebs dhe opozit\u00ebs. Cili \u00ebsht\u00eb q\u00ebndrimi i shqiptar\u00ebve t\u00eb Malit t\u00eb Zi p\u00ebr k\u00ebt\u00eb \u00e7\u00ebshtje?<\/em><\/div>\n<div id=\"pastingspan1\"><strong>Cungu:<\/strong> Kjo \u00ebsht\u00eb nj\u00eb \u00e7\u00ebshtje e brendshme delikate e Kosov\u00ebs dhe p\u00ebr mua \u00ebsht\u00eb e v\u00ebshtir\u00eb t\u00eb marr\u00eb an\u00eb apo t\u00eb mb\u00ebshtes ndonj\u00eb krah t\u00eb caktuar. Ne shqiptar\u00ebt e Malit t\u00eb Zi duam m\u00eb t\u00eb mir\u00ebn p\u00ebr Kosov\u00ebn dhe d\u00ebshirojm\u00eb q\u00eb ta shohim q\u00eb t\u00eb eci p\u00ebrpara n\u00eb procesin e integrimit evropian. Prandaj mendoj se do t\u00eb ishte mir\u00eb q\u00eb sa m\u00eb par\u00eb t\u00eb gjitha pal\u00ebt t\u00eb mblidhen bashk\u00eb, duke l\u00ebn\u00eb m\u00ebnjan\u00eb interesat apo q\u00ebndrimet partiake, dhe t\u00eb gjejn\u00eb nj\u00eb kompromis p\u00ebr ta nxjerr\u00eb vendin nga izolimi dhe p\u00ebr t\u2019i mund\u00ebsuar udh\u00ebtimin pa viza qytetar\u00ebve t\u00eb Kosov\u00ebs. Paramendoni q\u00eb shtetasve t\u00eb Malit t\u00eb Zi iu jan\u00eb hequr vizat shengen q\u00eb para 7 vitesh dhe kosovar\u00ebt jan\u00eb t\u00eb fundit n\u00eb Evrop\u00eb q\u00eb nuk mund t\u00eb udh\u00ebtojn\u00eb lirisht n\u00eb kontinentin e tyre ku banojn\u00eb prej mij\u00ebra vjet\u00ebsh.<\/div>\n<div><\/div>\n<div id=\"pastingspan1\"><\/div>\n<div id=\"pastingspan1\"><strong>\u201cEpoka e re\u201d: <\/strong><em>Opozita n\u00eb Kosov\u00eb k\u00ebrkon rinegocim t\u00eb k\u00ebsaj marr\u00ebveshje, ani pse Mali i Zi e ka miratuar k\u00ebt\u00eb marr\u00ebveshje n\u00eb kuvend. Ka gatishm\u00ebri qeveria malazeze ta rinegocioj\u00eb k\u00ebt\u00eb \u00e7\u00ebshtje?<\/em><\/div>\n<div id=\"pastingspan1\"><strong>Cungu:<\/strong> P\u00ebr sa i p\u00ebrket Malit t\u00eb Zi n\u00eb koh\u00ebn pasi kjo marr\u00ebveshje u n\u00ebnshkrua, qeveria malazeze qe e gatshme ta diskutonte. Mir\u00ebpo kjo \u00e7\u00ebshtje p\u00ebr Malin e Zi p\u00ebr momentin \u00ebsht\u00eb periferike sepse sfidat me t\u00eb cilat po p\u00ebrballet jan\u00eb t\u00eb jasht\u00ebzakonshme. Pra k\u00ebrc\u00ebnimi i rendit t\u00eb brendsh\u00ebm dhe i orientimit gjeopolitik q\u00eb po ia b\u00ebn nj\u00eb pjes\u00eb e opozit\u00ebs e drejtuar prej Beogradit dhe Mosk\u00ebs kan\u00eb l\u00ebn\u00eb n\u00eb hije t\u00eb gjitha temat e tjera politike n\u00eb vend.<\/div>\n<div><\/div>\n<div><strong>(Muhamet KOCI)\u00a0<\/strong><\/div>\n<p><strong>Epoka e re<\/strong><\/p>\n","protected":false},"excerpt":{"rendered":"<p>P\u00ebr demarkacionin t\u00eb m\u00ebnjanohen interesat partiake Kryetari i Ulqinit, nj\u00ebher\u00ebsh kryetar i Forc\u00ebs s\u00eb Re Demokratike n\u00eb Mal t\u00eb Zi, Nafiz Cungu, ka th\u00ebn\u00eb se gjendja e shqiptar\u00ebve n\u00eb k\u00ebt\u00eb shtet l\u00eb shum\u00eb p\u00ebr t\u00eb d\u00ebshiruar sepse, si pasoj\u00eb e diskriminimit t\u00eb vazhduesh\u00ebm p\u00ebr dekada me radh\u00eb, trojet e shqiptar\u00ebve n\u00eb Mal t\u00eb Zi jan\u00eb [&hellip;]<\/p>\n","protected":false},"author":1,"featured_media":0,"comment_status":"closed","ping_status":"closed","sticky":false,"template":"","format":"standard","meta":{"spay_email":"","jetpack_publicize_message":"","jetpack_is_tweetstorm":false,"jetpack_publicize_feature_enabled":true},"categories":[1,13],"tags":[],"jetpack_publicize_connections":[],"yoast_head":"<!-- This site is optimized with the Yoast SEO plugin v19.1 - https:\/\/yoast.com\/wordpress\/plugins\/seo\/ -->\n<title>Cungu: Vazhdon diskriminimi i shqiptar\u00ebve n\u00eb Mal t\u00eb Zi - Lajme nga Ulqini<\/title>\n<meta name=\"description\" content=\"P\u00ebr demarkacionin t\u00eb m\u00ebnjanohen interesat partiake Kryetari i Ulqinit, nj\u00ebher\u00ebsh kryetar i Forc\u00ebs s\u00eb Re Demokratike n\u00eb Mal t\u00eb Zi, Nafiz Cungu, ka th\u00ebn\u00eb se\" \/>\n<meta name=\"robots\" content=\"index, follow, max-snippet:-1, max-image-preview:large, max-video-preview:-1\" \/>\n<link rel=\"canonical\" href=\"https:\/\/www.visit-ulcinj.com\/blog\/2017\/04\/22\/cungu-vazhdon-diskriminimi-shqiptareve-ne-mal-te-zi\/\" \/>\n<meta property=\"og:locale\" content=\"en_US\" \/>\n<meta property=\"og:type\" content=\"article\" \/>\n<meta property=\"og:title\" content=\"Cungu: Vazhdon diskriminimi i shqiptar\u00ebve n\u00eb Mal t\u00eb Zi - Lajme nga Ulqini\" \/>\n<meta property=\"og:description\" content=\"P\u00ebr demarkacionin t\u00eb m\u00ebnjanohen interesat partiake Kryetari i Ulqinit, nj\u00ebher\u00ebsh kryetar i Forc\u00ebs s\u00eb Re Demokratike n\u00eb Mal t\u00eb Zi, Nafiz Cungu, ka th\u00ebn\u00eb se\" \/>\n<meta property=\"og:url\" content=\"https:\/\/www.visit-ulcinj.com\/blog\/2017\/04\/22\/cungu-vazhdon-diskriminimi-shqiptareve-ne-mal-te-zi\/\" \/>\n<meta property=\"og:site_name\" content=\"Lajme nga Ulqini\" \/>\n<meta property=\"article:published_time\" content=\"2017-04-22T17:29:35+00:00\" \/>\n<meta property=\"article:modified_time\" content=\"2017-04-23T20:13:00+00:00\" \/>\n<meta property=\"og:image\" content=\"http:\/\/www.visit-ulcinj.com\/blog\/wp-content\/uploads\/2017\/04\/Nazif-Cungu-Ostros.jpg\" \/>\n<meta name=\"twitter:label1\" content=\"Written by\" \/>\n\t<meta name=\"twitter:data1\" content=\"ulqini\" \/>\n\t<meta name=\"twitter:label2\" content=\"Est. reading time\" \/>\n\t<meta name=\"twitter:data2\" content=\"14 minutes\" \/>\n<script type=\"application\/ld+json\" class=\"yoast-schema-graph\">{\"@context\":\"https:\/\/schema.org\",\"@graph\":[{\"@type\":\"WebSite\",\"@id\":\"https:\/\/www.visit-ulcinj.com\/blog\/#website\",\"url\":\"https:\/\/www.visit-ulcinj.com\/blog\/\",\"name\":\"Lajme nga Ulqini\",\"description\":\"Lajme,Vijesti,Ulqini,Ulqin,Crna Gora,Mali i Zi\",\"potentialAction\":[{\"@type\":\"SearchAction\",\"target\":{\"@type\":\"EntryPoint\",\"urlTemplate\":\"https:\/\/www.visit-ulcinj.com\/blog\/?s={search_term_string}\"},\"query-input\":\"required name=search_term_string\"}],\"inLanguage\":\"en-US\"},{\"@type\":\"ImageObject\",\"inLanguage\":\"en-US\",\"@id\":\"https:\/\/www.visit-ulcinj.com\/blog\/2017\/04\/22\/cungu-vazhdon-diskriminimi-shqiptareve-ne-mal-te-zi\/#primaryimage\",\"url\":\"https:\/\/www.visit-ulcinj.com\/blog\/wp-content\/uploads\/2017\/04\/Nazif-Cungu-Ostros.jpg\",\"contentUrl\":\"https:\/\/www.visit-ulcinj.com\/blog\/wp-content\/uploads\/2017\/04\/Nazif-Cungu-Ostros.jpg\",\"width\":960,\"height\":704},{\"@type\":\"WebPage\",\"@id\":\"https:\/\/www.visit-ulcinj.com\/blog\/2017\/04\/22\/cungu-vazhdon-diskriminimi-shqiptareve-ne-mal-te-zi\/#webpage\",\"url\":\"https:\/\/www.visit-ulcinj.com\/blog\/2017\/04\/22\/cungu-vazhdon-diskriminimi-shqiptareve-ne-mal-te-zi\/\",\"name\":\"Cungu: Vazhdon diskriminimi i shqiptar\u00ebve n\u00eb Mal t\u00eb Zi - Lajme nga Ulqini\",\"isPartOf\":{\"@id\":\"https:\/\/www.visit-ulcinj.com\/blog\/#website\"},\"primaryImageOfPage\":{\"@id\":\"https:\/\/www.visit-ulcinj.com\/blog\/2017\/04\/22\/cungu-vazhdon-diskriminimi-shqiptareve-ne-mal-te-zi\/#primaryimage\"},\"datePublished\":\"2017-04-22T17:29:35+00:00\",\"dateModified\":\"2017-04-23T20:13:00+00:00\",\"author\":{\"@id\":\"https:\/\/www.visit-ulcinj.com\/blog\/#\/schema\/person\/dcab619c614d3038751c63bc2aadc06d\"},\"description\":\"P\u00ebr demarkacionin t\u00eb m\u00ebnjanohen interesat partiake Kryetari i Ulqinit, nj\u00ebher\u00ebsh kryetar i Forc\u00ebs s\u00eb Re Demokratike n\u00eb Mal t\u00eb Zi, Nafiz Cungu, ka th\u00ebn\u00eb se\",\"breadcrumb\":{\"@id\":\"https:\/\/www.visit-ulcinj.com\/blog\/2017\/04\/22\/cungu-vazhdon-diskriminimi-shqiptareve-ne-mal-te-zi\/#breadcrumb\"},\"inLanguage\":\"en-US\",\"potentialAction\":[{\"@type\":\"ReadAction\",\"target\":[\"https:\/\/www.visit-ulcinj.com\/blog\/2017\/04\/22\/cungu-vazhdon-diskriminimi-shqiptareve-ne-mal-te-zi\/\"]}]},{\"@type\":\"BreadcrumbList\",\"@id\":\"https:\/\/www.visit-ulcinj.com\/blog\/2017\/04\/22\/cungu-vazhdon-diskriminimi-shqiptareve-ne-mal-te-zi\/#breadcrumb\",\"itemListElement\":[{\"@type\":\"ListItem\",\"position\":1,\"name\":\"Cungu: Vazhdon diskriminimi i shqiptar\u00ebve n\u00eb Mal t\u00eb Zi\"}]},{\"@type\":\"Person\",\"@id\":\"https:\/\/www.visit-ulcinj.com\/blog\/#\/schema\/person\/dcab619c614d3038751c63bc2aadc06d\",\"name\":\"ulqini\",\"sameAs\":[\"http:\/\/www.visit-ulcinj.com\"],\"url\":\"https:\/\/www.visit-ulcinj.com\/blog\/author\/admin\/\"}]}<\/script>\n<!-- \/ Yoast SEO plugin. -->","yoast_head_json":{"title":"Cungu: Vazhdon diskriminimi i shqiptar\u00ebve n\u00eb Mal t\u00eb Zi - Lajme nga Ulqini","description":"P\u00ebr demarkacionin t\u00eb m\u00ebnjanohen interesat partiake Kryetari i Ulqinit, nj\u00ebher\u00ebsh kryetar i Forc\u00ebs s\u00eb Re Demokratike n\u00eb Mal t\u00eb Zi, Nafiz Cungu, ka th\u00ebn\u00eb se","robots":{"index":"index","follow":"follow","max-snippet":"max-snippet:-1","max-image-preview":"max-image-preview:large","max-video-preview":"max-video-preview:-1"},"canonical":"https:\/\/www.visit-ulcinj.com\/blog\/2017\/04\/22\/cungu-vazhdon-diskriminimi-shqiptareve-ne-mal-te-zi\/","og_locale":"en_US","og_type":"article","og_title":"Cungu: Vazhdon diskriminimi i shqiptar\u00ebve n\u00eb Mal t\u00eb Zi - Lajme nga Ulqini","og_description":"P\u00ebr demarkacionin t\u00eb m\u00ebnjanohen interesat partiake Kryetari i Ulqinit, nj\u00ebher\u00ebsh kryetar i Forc\u00ebs s\u00eb Re Demokratike n\u00eb Mal t\u00eb Zi, Nafiz Cungu, ka th\u00ebn\u00eb se","og_url":"https:\/\/www.visit-ulcinj.com\/blog\/2017\/04\/22\/cungu-vazhdon-diskriminimi-shqiptareve-ne-mal-te-zi\/","og_site_name":"Lajme nga Ulqini","article_published_time":"2017-04-22T17:29:35+00:00","article_modified_time":"2017-04-23T20:13:00+00:00","og_image":[{"url":"http:\/\/www.visit-ulcinj.com\/blog\/wp-content\/uploads\/2017\/04\/Nazif-Cungu-Ostros.jpg"}],"twitter_misc":{"Written by":"ulqini","Est. reading time":"14 minutes"},"schema":{"@context":"https:\/\/schema.org","@graph":[{"@type":"WebSite","@id":"https:\/\/www.visit-ulcinj.com\/blog\/#website","url":"https:\/\/www.visit-ulcinj.com\/blog\/","name":"Lajme nga Ulqini","description":"Lajme,Vijesti,Ulqini,Ulqin,Crna Gora,Mali i Zi","potentialAction":[{"@type":"SearchAction","target":{"@type":"EntryPoint","urlTemplate":"https:\/\/www.visit-ulcinj.com\/blog\/?s={search_term_string}"},"query-input":"required name=search_term_string"}],"inLanguage":"en-US"},{"@type":"ImageObject","inLanguage":"en-US","@id":"https:\/\/www.visit-ulcinj.com\/blog\/2017\/04\/22\/cungu-vazhdon-diskriminimi-shqiptareve-ne-mal-te-zi\/#primaryimage","url":"https:\/\/www.visit-ulcinj.com\/blog\/wp-content\/uploads\/2017\/04\/Nazif-Cungu-Ostros.jpg","contentUrl":"https:\/\/www.visit-ulcinj.com\/blog\/wp-content\/uploads\/2017\/04\/Nazif-Cungu-Ostros.jpg","width":960,"height":704},{"@type":"WebPage","@id":"https:\/\/www.visit-ulcinj.com\/blog\/2017\/04\/22\/cungu-vazhdon-diskriminimi-shqiptareve-ne-mal-te-zi\/#webpage","url":"https:\/\/www.visit-ulcinj.com\/blog\/2017\/04\/22\/cungu-vazhdon-diskriminimi-shqiptareve-ne-mal-te-zi\/","name":"Cungu: Vazhdon diskriminimi i shqiptar\u00ebve n\u00eb Mal t\u00eb Zi - Lajme nga Ulqini","isPartOf":{"@id":"https:\/\/www.visit-ulcinj.com\/blog\/#website"},"primaryImageOfPage":{"@id":"https:\/\/www.visit-ulcinj.com\/blog\/2017\/04\/22\/cungu-vazhdon-diskriminimi-shqiptareve-ne-mal-te-zi\/#primaryimage"},"datePublished":"2017-04-22T17:29:35+00:00","dateModified":"2017-04-23T20:13:00+00:00","author":{"@id":"https:\/\/www.visit-ulcinj.com\/blog\/#\/schema\/person\/dcab619c614d3038751c63bc2aadc06d"},"description":"P\u00ebr demarkacionin t\u00eb m\u00ebnjanohen interesat partiake Kryetari i Ulqinit, nj\u00ebher\u00ebsh kryetar i Forc\u00ebs s\u00eb Re Demokratike n\u00eb Mal t\u00eb Zi, Nafiz Cungu, ka th\u00ebn\u00eb se","breadcrumb":{"@id":"https:\/\/www.visit-ulcinj.com\/blog\/2017\/04\/22\/cungu-vazhdon-diskriminimi-shqiptareve-ne-mal-te-zi\/#breadcrumb"},"inLanguage":"en-US","potentialAction":[{"@type":"ReadAction","target":["https:\/\/www.visit-ulcinj.com\/blog\/2017\/04\/22\/cungu-vazhdon-diskriminimi-shqiptareve-ne-mal-te-zi\/"]}]},{"@type":"BreadcrumbList","@id":"https:\/\/www.visit-ulcinj.com\/blog\/2017\/04\/22\/cungu-vazhdon-diskriminimi-shqiptareve-ne-mal-te-zi\/#breadcrumb","itemListElement":[{"@type":"ListItem","position":1,"name":"Cungu: Vazhdon diskriminimi i shqiptar\u00ebve n\u00eb Mal t\u00eb Zi"}]},{"@type":"Person","@id":"https:\/\/www.visit-ulcinj.com\/blog\/#\/schema\/person\/dcab619c614d3038751c63bc2aadc06d","name":"ulqini","sameAs":["http:\/\/www.visit-ulcinj.com"],"url":"https:\/\/www.visit-ulcinj.com\/blog\/author\/admin\/"}]}},"jetpack_featured_media_url":"","jetpack_sharing_enabled":true,"jetpack_shortlink":"https:\/\/wp.me\/pe6lTn-rc9","_links":{"self":[{"href":"https:\/\/www.visit-ulcinj.com\/blog\/wp-json\/wp\/v2\/posts\/104541"}],"collection":[{"href":"https:\/\/www.visit-ulcinj.com\/blog\/wp-json\/wp\/v2\/posts"}],"about":[{"href":"https:\/\/www.visit-ulcinj.com\/blog\/wp-json\/wp\/v2\/types\/post"}],"author":[{"embeddable":true,"href":"https:\/\/www.visit-ulcinj.com\/blog\/wp-json\/wp\/v2\/users\/1"}],"replies":[{"embeddable":true,"href":"https:\/\/www.visit-ulcinj.com\/blog\/wp-json\/wp\/v2\/comments?post=104541"}],"version-history":[{"count":2,"href":"https:\/\/www.visit-ulcinj.com\/blog\/wp-json\/wp\/v2\/posts\/104541\/revisions"}],"predecessor-version":[{"id":104580,"href":"https:\/\/www.visit-ulcinj.com\/blog\/wp-json\/wp\/v2\/posts\/104541\/revisions\/104580"}],"wp:attachment":[{"href":"https:\/\/www.visit-ulcinj.com\/blog\/wp-json\/wp\/v2\/media?parent=104541"}],"wp:term":[{"taxonomy":"category","embeddable":true,"href":"https:\/\/www.visit-ulcinj.com\/blog\/wp-json\/wp\/v2\/categories?post=104541"},{"taxonomy":"post_tag","embeddable":true,"href":"https:\/\/www.visit-ulcinj.com\/blog\/wp-json\/wp\/v2\/tags?post=104541"}],"curies":[{"name":"wp","href":"https:\/\/api.w.org\/{rel}","templated":true}]}}