{"id":104547,"date":"2017-04-23T11:26:08","date_gmt":"2017-04-23T10:26:08","guid":{"rendered":"http:\/\/www.visit-ulcinj.com\/blog\/?p=104547"},"modified":"2017-04-23T12:04:23","modified_gmt":"2017-04-23T11:04:23","slug":"taekwondo-ulqini-fiton-vendin-e-dyte-ne-turneun-zhvillues-ne-mal-te-zi-podgorice","status":"publish","type":"post","link":"https:\/\/www.visit-ulcinj.com\/blog\/2017\/04\/23\/taekwondo-ulqini-fiton-vendin-e-dyte-ne-turneun-zhvillues-ne-mal-te-zi-podgorice\/","title":{"rendered":"Taekwondo Ulqini fiton vendin e dyt\u00eb n\u00eb turneun zhvillues n\u00eb Mal t\u00eb Zi &#8211; Podgoric\u00eb"},"content":{"rendered":"<p><a href=\"http:\/\/www.visit-ulcinj.com\/blog\/wp-content\/uploads\/2017\/04\/Taekwondo-Ulqini-fiton-vendin-e-dyt\u00eb-n\u00eb-turneun-zhvillues-n\u00eb-Mal-t\u00eb-Zi-Podgoric\u00eb.jpg\"><img loading=\"lazy\" class=\"alignleft wp-image-104548\" src=\"http:\/\/www.visit-ulcinj.com\/blog\/wp-content\/uploads\/2017\/04\/Taekwondo-Ulqini-fiton-vendin-e-dyt\u00eb-n\u00eb-turneun-zhvillues-n\u00eb-Mal-t\u00eb-Zi-Podgoric\u00eb.jpg\" alt=\"\" width=\"508\" height=\"381\" srcset=\"https:\/\/www.visit-ulcinj.com\/blog\/wp-content\/uploads\/2017\/04\/Taekwondo-Ulqini-fiton-vendin-e-dyt\u00eb-n\u00eb-turneun-zhvillues-n\u00eb-Mal-t\u00eb-Zi-Podgoric\u00eb.jpg 800w, https:\/\/www.visit-ulcinj.com\/blog\/wp-content\/uploads\/2017\/04\/Taekwondo-Ulqini-fiton-vendin-e-dyt\u00eb-n\u00eb-turneun-zhvillues-n\u00eb-Mal-t\u00eb-Zi-Podgoric\u00eb-300x225.jpg 300w, https:\/\/www.visit-ulcinj.com\/blog\/wp-content\/uploads\/2017\/04\/Taekwondo-Ulqini-fiton-vendin-e-dyt\u00eb-n\u00eb-turneun-zhvillues-n\u00eb-Mal-t\u00eb-Zi-Podgoric\u00eb-768x576.jpg 768w\" sizes=\"(max-width: 508px) 100vw, 508px\" \/><\/a>TAEKWONDO<br \/>\nGjat\u00eb vikendit me dat\u00eb 22.04.2017 n\u00eb Podgoric\u00eb u mbajt\u00eb turneu nd\u00ebrkomb\u00ebtar\u00eb n\u00eb sportin olimpik t\u00eb Taekwondo-s\u00eb. N\u00eb k\u00ebt\u00eb turne mor\u00ebn pjes\u00eb vendet e rajonit Shqip\u00ebria, Mali i Zi, Serbia, Maqedonia, Bosna, Kosova dhe nj\u00eb ekip nga Afrika etj. Klubi i Taekwondo-s\u00eb Ulqini u paraqit me 28 garues dhe nj\u00eb refer. Rezultati p\u00ebr klubin e Ulqinit ishte. Gjithsejt medalje t\u00eb fituara 24, prej tyre 9 medalje t\u00eb arta, 8 medalje t\u00eb argjend\u00ebta, 7 medalje t\u00eb bronzit dhe dy kupa. N\u00eb r<span class=\"text_exposed_show\">\u00ebnditjen e p\u00ebrgjithshme p\u00ebr femij\u00eb Taekwondo Ulqini zuri vendit e dyt\u00eb n\u00eb kategorin Children, nd\u00ebrsa n\u00eb r\u00ebnditjen e p\u00ebrgjithshme klubi i Taekwondo-s\u00eb Ulqini fiton vendin e dyt\u00eb.<br \/>\nMe medalje t\u00eb Arta u kurorzuan garuesit:<br \/>\n1. Enes Dushku<br \/>\n2. Bledar Kasmi<br \/>\n3. Abdullah Dervishi<br \/>\n4. Arta Ismailaga<br \/>\n5. Mervana Mucaj<br \/>\n6. Merisa Malokraja<br \/>\n7. Muhammed Ukoshata<br \/>\n8. <a class=\"profileLink\" href=\"https:\/\/www.facebook.com\/sumeja.bisha\" data-hovercard=\"\/ajax\/hovercard\/user.php?id=100000557793771\" data-hovercard-prefer-more-content-show=\"1\">Sumeja Bisha<\/a><br \/>\n9. Edina Kraja<br \/>\nMe medalje t\u00eb Argjend\u00ebta u kurorzuan k\u00ebto garues:<br \/>\n1. Amar Bakalli<br \/>\n2. Jahja Dervishi<br \/>\n3. Amella Nuti<br \/>\n4. Sara Kraja<br \/>\n5. Amell Nuti<br \/>\n6. Amra Dushku<br \/>\n7. Esad Kraja<br \/>\n8. Fiona Kraja<br \/>\nMe medalje t\u00eb Bronzit u kurorzuan k\u00ebto garues:<br \/>\n1. Harun Dervishi<br \/>\n2. Enis Kurti<br \/>\n3. Dorian Vukaj<br \/>\n4. Egzon Lika<br \/>\n5. <a class=\"profileLink\" href=\"https:\/\/www.facebook.com\/dion.mustafa.10\" data-hovercard=\"\/ajax\/hovercard\/user.php?id=100004693538008\" data-hovercard-prefer-more-content-show=\"1\">Dion Mustafa<\/a><br \/>\n6. Meris Kollari<br \/>\n7. <a class=\"profileLink\" href=\"https:\/\/www.facebook.com\/ardiana.karamanaga\" data-hovercard=\"\/ajax\/hovercard\/user.php?id=100000888178072\" data-hovercard-prefer-more-content-show=\"1\">Ardiana Karamanaga<\/a><\/span><\/p>\n<div class=\"text_exposed_show\">\n<p>Falenderojm\u00eb sponsorin Tapacir <a class=\"profileLink\" href=\"https:\/\/www.facebook.com\/fabrika.kurti\" data-hovercard=\"\/ajax\/hovercard\/user.php?id=100001320865174\" data-hovercard-prefer-more-content-show=\"1\">Kurti Ulcinj<\/a>.<\/p>\n<p>Info: Tkd Ulqini<\/p>\n\n\t\t<style type=\"text\/css\">\n\t\t\t#gallery-1 {\n\t\t\t\tmargin: auto;\n\t\t\t}\n\t\t\t#gallery-1 .gallery-item {\n\t\t\t\tfloat: left;\n\t\t\t\tmargin-top: 10px;\n\t\t\t\ttext-align: center;\n\t\t\t\twidth: 33%;\n\t\t\t}\n\t\t\t#gallery-1 img {\n\t\t\t\tborder: 2px solid #cfcfcf;\n\t\t\t}\n\t\t\t#gallery-1 .gallery-caption {\n\t\t\t\tmargin-left: 0;\n\t\t\t}\n\t\t\t\/* see gallery_shortcode() in wp-includes\/media.php *\/\n\t\t<\/style>\n\t\t<div id='gallery-1' class='gallery galleryid-104547 gallery-columns-3 gallery-size-thumbnail'><dl class='gallery-item'>\n\t\t\t<dt class='gallery-icon landscape'>\n\t\t\t\t<a href='https:\/\/www.visit-ulcinj.com\/blog\/2017\/04\/23\/taekwondo-ulqini-fiton-vendin-e-dyte-ne-turneun-zhvillues-ne-mal-te-zi-podgorice\/taekwondo-ulqini-fiton-vendin-e-dyte-ne-turneun-zhvillues-ne-mal-te-zi-podgorice-1\/'><img width=\"150\" height=\"150\" src=\"https:\/\/www.visit-ulcinj.com\/blog\/wp-content\/uploads\/2017\/04\/Taekwondo-Ulqini-fiton-vendin-e-dyt\u00eb-n\u00eb-turneun-zhvillues-n\u00eb-Mal-t\u00eb-Zi-Podgoric\u00eb-1-150x150.jpg\" class=\"attachment-thumbnail size-thumbnail\" alt=\"\" loading=\"lazy\" \/><\/a>\n\t\t\t<\/dt><\/dl><dl class='gallery-item'>\n\t\t\t<dt class='gallery-icon landscape'>\n\t\t\t\t<a href='https:\/\/www.visit-ulcinj.com\/blog\/2017\/04\/23\/taekwondo-ulqini-fiton-vendin-e-dyte-ne-turneun-zhvillues-ne-mal-te-zi-podgorice\/taekwondo-ulqini-fiton-vendin-e-dyte-ne-turneun-zhvillues-ne-mal-te-zi-podgorice-2\/'><img width=\"150\" height=\"150\" src=\"https:\/\/www.visit-ulcinj.com\/blog\/wp-content\/uploads\/2017\/04\/Taekwondo-Ulqini-fiton-vendin-e-dyt\u00eb-n\u00eb-turneun-zhvillues-n\u00eb-Mal-t\u00eb-Zi-Podgoric\u00eb-2-150x150.jpg\" class=\"attachment-thumbnail size-thumbnail\" alt=\"\" loading=\"lazy\" \/><\/a>\n\t\t\t<\/dt><\/dl><dl class='gallery-item'>\n\t\t\t<dt class='gallery-icon landscape'>\n\t\t\t\t<a href='https:\/\/www.visit-ulcinj.com\/blog\/2017\/04\/23\/taekwondo-ulqini-fiton-vendin-e-dyte-ne-turneun-zhvillues-ne-mal-te-zi-podgorice\/taekwondo-ulqini-fiton-vendin-e-dyte-ne-turneun-zhvillues-ne-mal-te-zi-podgorice-3\/'><img width=\"150\" height=\"150\" src=\"https:\/\/www.visit-ulcinj.com\/blog\/wp-content\/uploads\/2017\/04\/Taekwondo-Ulqini-fiton-vendin-e-dyt\u00eb-n\u00eb-turneun-zhvillues-n\u00eb-Mal-t\u00eb-Zi-Podgoric\u00eb-3-150x150.jpg\" class=\"attachment-thumbnail size-thumbnail\" alt=\"\" loading=\"lazy\" \/><\/a>\n\t\t\t<\/dt><\/dl><br style=\"clear: both\" \/><dl class='gallery-item'>\n\t\t\t<dt class='gallery-icon landscape'>\n\t\t\t\t<a href='https:\/\/www.visit-ulcinj.com\/blog\/2017\/04\/23\/taekwondo-ulqini-fiton-vendin-e-dyte-ne-turneun-zhvillues-ne-mal-te-zi-podgorice\/taekwondo-ulqini-fiton-vendin-e-dyte-ne-turneun-zhvillues-ne-mal-te-zi-podgorice-4\/'><img width=\"150\" height=\"150\" src=\"https:\/\/www.visit-ulcinj.com\/blog\/wp-content\/uploads\/2017\/04\/Taekwondo-Ulqini-fiton-vendin-e-dyt\u00eb-n\u00eb-turneun-zhvillues-n\u00eb-Mal-t\u00eb-Zi-Podgoric\u00eb-4-150x150.jpg\" class=\"attachment-thumbnail size-thumbnail\" alt=\"\" loading=\"lazy\" \/><\/a>\n\t\t\t<\/dt><\/dl><dl class='gallery-item'>\n\t\t\t<dt class='gallery-icon landscape'>\n\t\t\t\t<a href='https:\/\/www.visit-ulcinj.com\/blog\/2017\/04\/23\/taekwondo-ulqini-fiton-vendin-e-dyte-ne-turneun-zhvillues-ne-mal-te-zi-podgorice\/taekwondo-ulqini-fiton-vendin-e-dyte-ne-turneun-zhvillues-ne-mal-te-zi-podgorice-5\/'><img width=\"150\" height=\"150\" src=\"https:\/\/www.visit-ulcinj.com\/blog\/wp-content\/uploads\/2017\/04\/Taekwondo-Ulqini-fiton-vendin-e-dyt\u00eb-n\u00eb-turneun-zhvillues-n\u00eb-Mal-t\u00eb-Zi-Podgoric\u00eb-5-150x150.jpg\" class=\"attachment-thumbnail size-thumbnail\" alt=\"\" loading=\"lazy\" \/><\/a>\n\t\t\t<\/dt><\/dl><dl class='gallery-item'>\n\t\t\t<dt class='gallery-icon landscape'>\n\t\t\t\t<a href='https:\/\/www.visit-ulcinj.com\/blog\/2017\/04\/23\/taekwondo-ulqini-fiton-vendin-e-dyte-ne-turneun-zhvillues-ne-mal-te-zi-podgorice\/taekwondo-ulqini-fiton-vendin-e-dyte-ne-turneun-zhvillues-ne-mal-te-zi-podgorice-6\/'><img width=\"150\" height=\"150\" src=\"https:\/\/www.visit-ulcinj.com\/blog\/wp-content\/uploads\/2017\/04\/Taekwondo-Ulqini-fiton-vendin-e-dyt\u00eb-n\u00eb-turneun-zhvillues-n\u00eb-Mal-t\u00eb-Zi-Podgoric\u00eb-6-150x150.jpg\" class=\"attachment-thumbnail size-thumbnail\" alt=\"\" loading=\"lazy\" \/><\/a>\n\t\t\t<\/dt><\/dl><br style=\"clear: both\" \/><dl class='gallery-item'>\n\t\t\t<dt class='gallery-icon landscape'>\n\t\t\t\t<a href='https:\/\/www.visit-ulcinj.com\/blog\/2017\/04\/23\/taekwondo-ulqini-fiton-vendin-e-dyte-ne-turneun-zhvillues-ne-mal-te-zi-podgorice\/taekwondo-ulqini-fiton-vendin-e-dyte-ne-turneun-zhvillues-ne-mal-te-zi-podgorice-7\/'><img width=\"150\" height=\"150\" src=\"https:\/\/www.visit-ulcinj.com\/blog\/wp-content\/uploads\/2017\/04\/Taekwondo-Ulqini-fiton-vendin-e-dyt\u00eb-n\u00eb-turneun-zhvillues-n\u00eb-Mal-t\u00eb-Zi-Podgoric\u00eb-7-150x150.jpg\" class=\"attachment-thumbnail size-thumbnail\" alt=\"\" loading=\"lazy\" \/><\/a>\n\t\t\t<\/dt><\/dl><dl class='gallery-item'>\n\t\t\t<dt class='gallery-icon landscape'>\n\t\t\t\t<a href='https:\/\/www.visit-ulcinj.com\/blog\/2017\/04\/23\/taekwondo-ulqini-fiton-vendin-e-dyte-ne-turneun-zhvillues-ne-mal-te-zi-podgorice\/taekwondo-ulqini-fiton-vendin-e-dyte-ne-turneun-zhvillues-ne-mal-te-zi-podgorice-8\/'><img width=\"150\" height=\"150\" src=\"https:\/\/www.visit-ulcinj.com\/blog\/wp-content\/uploads\/2017\/04\/Taekwondo-Ulqini-fiton-vendin-e-dyt\u00eb-n\u00eb-turneun-zhvillues-n\u00eb-Mal-t\u00eb-Zi-Podgoric\u00eb-8-150x150.jpg\" class=\"attachment-thumbnail size-thumbnail\" alt=\"\" loading=\"lazy\" \/><\/a>\n\t\t\t<\/dt><\/dl><dl class='gallery-item'>\n\t\t\t<dt class='gallery-icon landscape'>\n\t\t\t\t<a href='https:\/\/www.visit-ulcinj.com\/blog\/2017\/04\/23\/taekwondo-ulqini-fiton-vendin-e-dyte-ne-turneun-zhvillues-ne-mal-te-zi-podgorice\/taekwondo-ulqini-fiton-vendin-e-dyte-ne-turneun-zhvillues-ne-mal-te-zi-podgorice-9\/'><img width=\"150\" height=\"150\" src=\"https:\/\/www.visit-ulcinj.com\/blog\/wp-content\/uploads\/2017\/04\/Taekwondo-Ulqini-fiton-vendin-e-dyt\u00eb-n\u00eb-turneun-zhvillues-n\u00eb-Mal-t\u00eb-Zi-Podgoric\u00eb-9-150x150.jpg\" class=\"attachment-thumbnail size-thumbnail\" alt=\"\" loading=\"lazy\" \/><\/a>\n\t\t\t<\/dt><\/dl><br style=\"clear: both\" \/><dl class='gallery-item'>\n\t\t\t<dt class='gallery-icon landscape'>\n\t\t\t\t<a href='https:\/\/www.visit-ulcinj.com\/blog\/2017\/04\/23\/taekwondo-ulqini-fiton-vendin-e-dyte-ne-turneun-zhvillues-ne-mal-te-zi-podgorice\/taekwondo-ulqini-fiton-vendin-e-dyte-ne-turneun-zhvillues-ne-mal-te-zi-podgorice-10\/'><img width=\"150\" height=\"150\" src=\"https:\/\/www.visit-ulcinj.com\/blog\/wp-content\/uploads\/2017\/04\/Taekwondo-Ulqini-fiton-vendin-e-dyt\u00eb-n\u00eb-turneun-zhvillues-n\u00eb-Mal-t\u00eb-Zi-Podgoric\u00eb-10-150x150.jpg\" class=\"attachment-thumbnail size-thumbnail\" alt=\"\" loading=\"lazy\" \/><\/a>\n\t\t\t<\/dt><\/dl><dl class='gallery-item'>\n\t\t\t<dt class='gallery-icon portrait'>\n\t\t\t\t<a href='https:\/\/www.visit-ulcinj.com\/blog\/2017\/04\/23\/taekwondo-ulqini-fiton-vendin-e-dyte-ne-turneun-zhvillues-ne-mal-te-zi-podgorice\/taekwondo-ulqini-fiton-vendin-e-dyte-ne-turneun-zhvillues-ne-mal-te-zi-podgorice-11\/'><img width=\"150\" height=\"150\" src=\"https:\/\/www.visit-ulcinj.com\/blog\/wp-content\/uploads\/2017\/04\/Taekwondo-Ulqini-fiton-vendin-e-dyt\u00eb-n\u00eb-turneun-zhvillues-n\u00eb-Mal-t\u00eb-Zi-Podgoric\u00eb-11-150x150.jpg\" class=\"attachment-thumbnail size-thumbnail\" alt=\"\" loading=\"lazy\" \/><\/a>\n\t\t\t<\/dt><\/dl>\n\t\t\t<br style='clear: both' \/>\n\t\t<\/div>\n\n<\/div>\n","protected":false},"excerpt":{"rendered":"<p>TAEKWONDO Gjat\u00eb vikendit me dat\u00eb 22.04.2017 n\u00eb Podgoric\u00eb u mbajt\u00eb turneu nd\u00ebrkomb\u00ebtar\u00eb n\u00eb sportin olimpik t\u00eb Taekwondo-s\u00eb. N\u00eb k\u00ebt\u00eb turne mor\u00ebn pjes\u00eb vendet e rajonit Shqip\u00ebria, Mali i Zi, Serbia, Maqedonia, Bosna, Kosova dhe nj\u00eb ekip nga Afrika etj. Klubi i Taekwondo-s\u00eb Ulqini u paraqit me 28 garues dhe nj\u00eb refer. Rezultati p\u00ebr klubin e [&hellip;]<\/p>\n","protected":false},"author":1,"featured_media":0,"comment_status":"closed","ping_status":"closed","sticky":false,"template":"","format":"standard","meta":{"spay_email":"","jetpack_publicize_message":"","jetpack_is_tweetstorm":false,"jetpack_publicize_feature_enabled":true},"categories":[1,3],"tags":[],"jetpack_publicize_connections":[],"yoast_head":"<!-- This site is optimized with the Yoast SEO plugin v19.1 - https:\/\/yoast.com\/wordpress\/plugins\/seo\/ -->\n<title>Taekwondo Ulqini fiton vendin e dyt\u00eb n\u00eb turneun zhvillues n\u00eb Mal t\u00eb Zi - Podgoric\u00eb - Lajme nga Ulqini<\/title>\n<meta name=\"description\" content=\"TAEKWONDO Gjat\u00eb vikendit me dat\u00eb 22.04.2017 n\u00eb Podgoric\u00eb u mbajt\u00eb turneu nd\u00ebrkomb\u00ebtar\u00eb n\u00eb sportin olimpik t\u00eb Taekwondo-s\u00eb. N\u00eb k\u00ebt\u00eb turne mor\u00ebn pjes\u00eb\" \/>\n<meta name=\"robots\" content=\"index, follow, max-snippet:-1, max-image-preview:large, max-video-preview:-1\" \/>\n<link rel=\"canonical\" href=\"https:\/\/www.visit-ulcinj.com\/blog\/2017\/04\/23\/taekwondo-ulqini-fiton-vendin-e-dyte-ne-turneun-zhvillues-ne-mal-te-zi-podgorice\/\" \/>\n<meta property=\"og:locale\" content=\"en_US\" \/>\n<meta property=\"og:type\" content=\"article\" \/>\n<meta property=\"og:title\" content=\"Taekwondo Ulqini fiton vendin e dyt\u00eb n\u00eb turneun zhvillues n\u00eb Mal t\u00eb Zi - Podgoric\u00eb - Lajme nga Ulqini\" \/>\n<meta property=\"og:description\" content=\"TAEKWONDO Gjat\u00eb vikendit me dat\u00eb 22.04.2017 n\u00eb Podgoric\u00eb u mbajt\u00eb turneu nd\u00ebrkomb\u00ebtar\u00eb n\u00eb sportin olimpik t\u00eb Taekwondo-s\u00eb. N\u00eb k\u00ebt\u00eb turne mor\u00ebn pjes\u00eb\" \/>\n<meta property=\"og:url\" content=\"https:\/\/www.visit-ulcinj.com\/blog\/2017\/04\/23\/taekwondo-ulqini-fiton-vendin-e-dyte-ne-turneun-zhvillues-ne-mal-te-zi-podgorice\/\" \/>\n<meta property=\"og:site_name\" content=\"Lajme nga Ulqini\" \/>\n<meta property=\"article:published_time\" content=\"2017-04-23T10:26:08+00:00\" \/>\n<meta property=\"article:modified_time\" content=\"2017-04-23T11:04:23+00:00\" \/>\n<meta property=\"og:image\" content=\"https:\/\/www.visit-ulcinj.com\/blog\/wp-content\/uploads\/2017\/04\/Taekwondo-Ulqini-fiton-vendin-e-dyt\u00eb-n\u00eb-turneun-zhvillues-n\u00eb-Mal-t\u00eb-Zi-Podgoric\u00eb-1-150x150.jpg\" \/>\n<meta name=\"twitter:label1\" content=\"Written by\" \/>\n\t<meta name=\"twitter:data1\" content=\"ulqini\" \/>\n\t<meta name=\"twitter:label2\" content=\"Est. reading time\" \/>\n\t<meta name=\"twitter:data2\" content=\"1 minute\" \/>\n<script type=\"application\/ld+json\" class=\"yoast-schema-graph\">{\"@context\":\"https:\/\/schema.org\",\"@graph\":[{\"@type\":\"WebSite\",\"@id\":\"https:\/\/www.visit-ulcinj.com\/blog\/#website\",\"url\":\"https:\/\/www.visit-ulcinj.com\/blog\/\",\"name\":\"Lajme nga Ulqini\",\"description\":\"Lajme,Vijesti,Ulqini,Ulqin,Crna Gora,Mali i Zi\",\"potentialAction\":[{\"@type\":\"SearchAction\",\"target\":{\"@type\":\"EntryPoint\",\"urlTemplate\":\"https:\/\/www.visit-ulcinj.com\/blog\/?s={search_term_string}\"},\"query-input\":\"required name=search_term_string\"}],\"inLanguage\":\"en-US\"},{\"@type\":\"WebPage\",\"@id\":\"https:\/\/www.visit-ulcinj.com\/blog\/2017\/04\/23\/taekwondo-ulqini-fiton-vendin-e-dyte-ne-turneun-zhvillues-ne-mal-te-zi-podgorice\/#webpage\",\"url\":\"https:\/\/www.visit-ulcinj.com\/blog\/2017\/04\/23\/taekwondo-ulqini-fiton-vendin-e-dyte-ne-turneun-zhvillues-ne-mal-te-zi-podgorice\/\",\"name\":\"Taekwondo Ulqini fiton vendin e dyt\u00eb n\u00eb turneun zhvillues n\u00eb Mal t\u00eb Zi - Podgoric\u00eb - Lajme nga Ulqini\",\"isPartOf\":{\"@id\":\"https:\/\/www.visit-ulcinj.com\/blog\/#website\"},\"datePublished\":\"2017-04-23T10:26:08+00:00\",\"dateModified\":\"2017-04-23T11:04:23+00:00\",\"author\":{\"@id\":\"https:\/\/www.visit-ulcinj.com\/blog\/#\/schema\/person\/dcab619c614d3038751c63bc2aadc06d\"},\"description\":\"TAEKWONDO Gjat\u00eb vikendit me dat\u00eb 22.04.2017 n\u00eb Podgoric\u00eb u mbajt\u00eb turneu nd\u00ebrkomb\u00ebtar\u00eb n\u00eb sportin olimpik t\u00eb Taekwondo-s\u00eb. N\u00eb k\u00ebt\u00eb turne mor\u00ebn pjes\u00eb\",\"breadcrumb\":{\"@id\":\"https:\/\/www.visit-ulcinj.com\/blog\/2017\/04\/23\/taekwondo-ulqini-fiton-vendin-e-dyte-ne-turneun-zhvillues-ne-mal-te-zi-podgorice\/#breadcrumb\"},\"inLanguage\":\"en-US\",\"potentialAction\":[{\"@type\":\"ReadAction\",\"target\":[\"https:\/\/www.visit-ulcinj.com\/blog\/2017\/04\/23\/taekwondo-ulqini-fiton-vendin-e-dyte-ne-turneun-zhvillues-ne-mal-te-zi-podgorice\/\"]}]},{\"@type\":\"BreadcrumbList\",\"@id\":\"https:\/\/www.visit-ulcinj.com\/blog\/2017\/04\/23\/taekwondo-ulqini-fiton-vendin-e-dyte-ne-turneun-zhvillues-ne-mal-te-zi-podgorice\/#breadcrumb\",\"itemListElement\":[{\"@type\":\"ListItem\",\"position\":1,\"name\":\"Taekwondo Ulqini fiton vendin e dyt\u00eb n\u00eb turneun zhvillues n\u00eb Mal t\u00eb Zi &#8211; Podgoric\u00eb\"}]},{\"@type\":\"Person\",\"@id\":\"https:\/\/www.visit-ulcinj.com\/blog\/#\/schema\/person\/dcab619c614d3038751c63bc2aadc06d\",\"name\":\"ulqini\",\"sameAs\":[\"http:\/\/www.visit-ulcinj.com\"],\"url\":\"https:\/\/www.visit-ulcinj.com\/blog\/author\/admin\/\"}]}<\/script>\n<!-- \/ Yoast SEO plugin. -->","yoast_head_json":{"title":"Taekwondo Ulqini fiton vendin e dyt\u00eb n\u00eb turneun zhvillues n\u00eb Mal t\u00eb Zi - Podgoric\u00eb - Lajme nga Ulqini","description":"TAEKWONDO Gjat\u00eb vikendit me dat\u00eb 22.04.2017 n\u00eb Podgoric\u00eb u mbajt\u00eb turneu nd\u00ebrkomb\u00ebtar\u00eb n\u00eb sportin olimpik t\u00eb Taekwondo-s\u00eb. N\u00eb k\u00ebt\u00eb turne mor\u00ebn pjes\u00eb","robots":{"index":"index","follow":"follow","max-snippet":"max-snippet:-1","max-image-preview":"max-image-preview:large","max-video-preview":"max-video-preview:-1"},"canonical":"https:\/\/www.visit-ulcinj.com\/blog\/2017\/04\/23\/taekwondo-ulqini-fiton-vendin-e-dyte-ne-turneun-zhvillues-ne-mal-te-zi-podgorice\/","og_locale":"en_US","og_type":"article","og_title":"Taekwondo Ulqini fiton vendin e dyt\u00eb n\u00eb turneun zhvillues n\u00eb Mal t\u00eb Zi - Podgoric\u00eb - Lajme nga Ulqini","og_description":"TAEKWONDO Gjat\u00eb vikendit me dat\u00eb 22.04.2017 n\u00eb Podgoric\u00eb u mbajt\u00eb turneu nd\u00ebrkomb\u00ebtar\u00eb n\u00eb sportin olimpik t\u00eb Taekwondo-s\u00eb. N\u00eb k\u00ebt\u00eb turne mor\u00ebn pjes\u00eb","og_url":"https:\/\/www.visit-ulcinj.com\/blog\/2017\/04\/23\/taekwondo-ulqini-fiton-vendin-e-dyte-ne-turneun-zhvillues-ne-mal-te-zi-podgorice\/","og_site_name":"Lajme nga Ulqini","article_published_time":"2017-04-23T10:26:08+00:00","article_modified_time":"2017-04-23T11:04:23+00:00","og_image":[{"url":"https:\/\/www.visit-ulcinj.com\/blog\/wp-content\/uploads\/2017\/04\/Taekwondo-Ulqini-fiton-vendin-e-dyt\u00eb-n\u00eb-turneun-zhvillues-n\u00eb-Mal-t\u00eb-Zi-Podgoric\u00eb-1-150x150.jpg"}],"twitter_misc":{"Written by":"ulqini","Est. reading time":"1 minute"},"schema":{"@context":"https:\/\/schema.org","@graph":[{"@type":"WebSite","@id":"https:\/\/www.visit-ulcinj.com\/blog\/#website","url":"https:\/\/www.visit-ulcinj.com\/blog\/","name":"Lajme nga Ulqini","description":"Lajme,Vijesti,Ulqini,Ulqin,Crna Gora,Mali i Zi","potentialAction":[{"@type":"SearchAction","target":{"@type":"EntryPoint","urlTemplate":"https:\/\/www.visit-ulcinj.com\/blog\/?s={search_term_string}"},"query-input":"required name=search_term_string"}],"inLanguage":"en-US"},{"@type":"WebPage","@id":"https:\/\/www.visit-ulcinj.com\/blog\/2017\/04\/23\/taekwondo-ulqini-fiton-vendin-e-dyte-ne-turneun-zhvillues-ne-mal-te-zi-podgorice\/#webpage","url":"https:\/\/www.visit-ulcinj.com\/blog\/2017\/04\/23\/taekwondo-ulqini-fiton-vendin-e-dyte-ne-turneun-zhvillues-ne-mal-te-zi-podgorice\/","name":"Taekwondo Ulqini fiton vendin e dyt\u00eb n\u00eb turneun zhvillues n\u00eb Mal t\u00eb Zi - Podgoric\u00eb - Lajme nga Ulqini","isPartOf":{"@id":"https:\/\/www.visit-ulcinj.com\/blog\/#website"},"datePublished":"2017-04-23T10:26:08+00:00","dateModified":"2017-04-23T11:04:23+00:00","author":{"@id":"https:\/\/www.visit-ulcinj.com\/blog\/#\/schema\/person\/dcab619c614d3038751c63bc2aadc06d"},"description":"TAEKWONDO Gjat\u00eb vikendit me dat\u00eb 22.04.2017 n\u00eb Podgoric\u00eb u mbajt\u00eb turneu nd\u00ebrkomb\u00ebtar\u00eb n\u00eb sportin olimpik t\u00eb Taekwondo-s\u00eb. N\u00eb k\u00ebt\u00eb turne mor\u00ebn pjes\u00eb","breadcrumb":{"@id":"https:\/\/www.visit-ulcinj.com\/blog\/2017\/04\/23\/taekwondo-ulqini-fiton-vendin-e-dyte-ne-turneun-zhvillues-ne-mal-te-zi-podgorice\/#breadcrumb"},"inLanguage":"en-US","potentialAction":[{"@type":"ReadAction","target":["https:\/\/www.visit-ulcinj.com\/blog\/2017\/04\/23\/taekwondo-ulqini-fiton-vendin-e-dyte-ne-turneun-zhvillues-ne-mal-te-zi-podgorice\/"]}]},{"@type":"BreadcrumbList","@id":"https:\/\/www.visit-ulcinj.com\/blog\/2017\/04\/23\/taekwondo-ulqini-fiton-vendin-e-dyte-ne-turneun-zhvillues-ne-mal-te-zi-podgorice\/#breadcrumb","itemListElement":[{"@type":"ListItem","position":1,"name":"Taekwondo Ulqini fiton vendin e dyt\u00eb n\u00eb turneun zhvillues n\u00eb Mal t\u00eb Zi &#8211; Podgoric\u00eb"}]},{"@type":"Person","@id":"https:\/\/www.visit-ulcinj.com\/blog\/#\/schema\/person\/dcab619c614d3038751c63bc2aadc06d","name":"ulqini","sameAs":["http:\/\/www.visit-ulcinj.com"],"url":"https:\/\/www.visit-ulcinj.com\/blog\/author\/admin\/"}]}},"jetpack_featured_media_url":"","jetpack_sharing_enabled":true,"jetpack_shortlink":"https:\/\/wp.me\/pe6lTn-rcf","_links":{"self":[{"href":"https:\/\/www.visit-ulcinj.com\/blog\/wp-json\/wp\/v2\/posts\/104547"}],"collection":[{"href":"https:\/\/www.visit-ulcinj.com\/blog\/wp-json\/wp\/v2\/posts"}],"about":[{"href":"https:\/\/www.visit-ulcinj.com\/blog\/wp-json\/wp\/v2\/types\/post"}],"author":[{"embeddable":true,"href":"https:\/\/www.visit-ulcinj.com\/blog\/wp-json\/wp\/v2\/users\/1"}],"replies":[{"embeddable":true,"href":"https:\/\/www.visit-ulcinj.com\/blog\/wp-json\/wp\/v2\/comments?post=104547"}],"version-history":[{"count":1,"href":"https:\/\/www.visit-ulcinj.com\/blog\/wp-json\/wp\/v2\/posts\/104547\/revisions"}],"predecessor-version":[{"id":104560,"href":"https:\/\/www.visit-ulcinj.com\/blog\/wp-json\/wp\/v2\/posts\/104547\/revisions\/104560"}],"wp:attachment":[{"href":"https:\/\/www.visit-ulcinj.com\/blog\/wp-json\/wp\/v2\/media?parent=104547"}],"wp:term":[{"taxonomy":"category","embeddable":true,"href":"https:\/\/www.visit-ulcinj.com\/blog\/wp-json\/wp\/v2\/categories?post=104547"},{"taxonomy":"post_tag","embeddable":true,"href":"https:\/\/www.visit-ulcinj.com\/blog\/wp-json\/wp\/v2\/tags?post=104547"}],"curies":[{"name":"wp","href":"https:\/\/api.w.org\/{rel}","templated":true}]}}