{"id":10456,"date":"2009-02-04T20:53:28","date_gmt":"2009-02-04T19:53:28","guid":{"rendered":"http:\/\/www.visit-ulcinj.com\/blog\/?p=10456"},"modified":"2009-02-04T20:53:33","modified_gmt":"2009-02-04T19:53:33","slug":"vesa-luma-per-shen-valentin-ne-amerike","status":"publish","type":"post","link":"https:\/\/www.visit-ulcinj.com\/blog\/2009\/02\/04\/vesa-luma-per-shen-valentin-ne-amerike\/","title":{"rendered":"Vesa Luma p\u00ebr Sh\u00ebn Valentin n\u00eb Amerik\u00eb"},"content":{"rendered":"<p><a rel=\"attachment wp-att-10461\" href=\"http:\/\/www.visit-ulcinj.com\/blog\/2009\/02\/04\/vesa-luma-per-shen-valentin-ne-amerike\/vesa-luma-3\/\"><img loading=\"lazy\" class=\"alignleft size-full wp-image-10461\" title=\"vesa-luma-3\" src=\"http:\/\/www.visit-ulcinj.com\/blog\/wp-content\/uploads\/2009\/02\/vesa-luma-3.gif\" alt=\"vesa-luma-3\" width=\"570\" height=\"347\" \/><\/a>K\u00ebng\u00ebtarja Vesa Luma n\u00eb fillim t\u00eb muajit shkurt udh\u00ebton drejt Amerik\u00ebs n\u00eb nj\u00eb turne ku e presin pes\u00eb koncerte, kryesisht me rastin e fest\u00ebs s\u00eb pavar\u00ebsis\u00eb s\u00eb Kosov\u00ebs, por edhe p\u00ebr fest\u00ebn e Sh\u00ebn Valentinit.<br \/>\nVesa tha p\u00ebr Kosovapress se n\u00eb SHBA do t\u00eb q\u00ebndroj\u00eb m\u00eb shum\u00eb se dy jav\u00eb, ku do t\u00eb k\u00ebndoj\u00eb n\u00eb vende ku jetojn\u00eb shqiptar\u00ebt. Ajo tha se ka disa plane tjera atje, megjithat\u00eb d\u00ebshiron t\u2019i b\u00ebj\u00eb publike pasi t\u00eb kthehet n\u00eb Kosov\u00eb.<br \/>\nVesa shtoi se n\u00eb k\u00ebto koncerte do t\u00eb marr\u00eb pjes\u00eb edhe k\u00ebng\u00ebtari Sinan Vllasaliu dhe se jan\u00eb t\u00eb organizuar kryesisht p\u00ebr pavar\u00ebsin\u00eb e Kosov\u00ebs, por edhe p\u00ebr dit\u00ebn e t\u00eb dashuruarve, Sh\u00ebn Valentin.<br \/>\nN\u00eb k\u00ebt\u00eb turne pritet t\u00eb marr\u00eb pjes\u00eb edhe k\u00ebng\u00ebtari Meda, ndon\u00ebse nuk \u00ebsht\u00eb ende e sigurt.<br \/>\nPik\u00ebrisht Vesa \u00ebsht\u00eb zgjedhur n\u00eb Tiran\u00eb nga nj\u00eb kompani e famshme p\u00ebr t\u00eb qen\u00eb imazhi publicitar i saj. Oferta ka qen\u00eb v\u00ebrtet\u00eb josh\u00ebse, sa k\u00ebng\u00ebtarja nuk ka mundur ta refuzoj\u00eb.<br \/>\nRreth zgjedhjes s\u00eb saj nga kjo kompani, Vesa tha se do t\u00eb jet\u00eb nj\u00eb vjet nj\u00eb imazh publicitar n\u00eb kompanin\u00eb e Digji Albit, e cila \u00ebsht\u00eb nj\u00eb kompani serioze dhe normalisht q\u00eb e ka pranuar me shum\u00eb k\u00ebnaq\u00ebsi.<br \/>\n<strong>L.Gashi<br \/>\nKosovapress<\/strong><\/p>\n<p><strong><br \/>\n<\/strong><\/p>\n<!--YouTube Error: bad URL entered-->\n","protected":false},"excerpt":{"rendered":"<p>K\u00ebng\u00ebtarja Vesa Luma n\u00eb fillim t\u00eb muajit shkurt udh\u00ebton drejt Amerik\u00ebs n\u00eb nj\u00eb turne ku e presin pes\u00eb koncerte, kryesisht me rastin e fest\u00ebs s\u00eb pavar\u00ebsis\u00eb s\u00eb Kosov\u00ebs, por edhe p\u00ebr fest\u00ebn e Sh\u00ebn Valentinit. Vesa tha p\u00ebr Kosovapress se n\u00eb SHBA do t\u00eb q\u00ebndroj\u00eb m\u00eb shum\u00eb se dy jav\u00eb, ku do t\u00eb k\u00ebndoj\u00eb n\u00eb [&hellip;]<\/p>\n","protected":false},"author":1,"featured_media":0,"comment_status":"open","ping_status":"closed","sticky":false,"template":"","format":"standard","meta":{"spay_email":"","jetpack_publicize_message":"","jetpack_is_tweetstorm":false,"jetpack_publicize_feature_enabled":true},"categories":[1],"tags":[6415,6414,5017,6416],"jetpack_publicize_connections":[],"yoast_head":"<!-- This site is optimized with the Yoast SEO plugin v19.1 - https:\/\/yoast.com\/wordpress\/plugins\/seo\/ -->\n<title>Vesa Luma p\u00ebr Sh\u00ebn Valentin n\u00eb Amerik\u00eb - Lajme nga Ulqini<\/title>\n<meta name=\"description\" content=\"K\u00ebng\u00ebtarja Vesa Luma n\u00eb fillim t\u00eb muajit shkurt udh\u00ebton drejt Amerik\u00ebs n\u00eb nj\u00eb turne ku e presin pes\u00eb koncerte, kryesisht me rastin e fest\u00ebs s\u00eb pavar\u00ebsis\u00eb\" \/>\n<meta name=\"robots\" content=\"index, follow, max-snippet:-1, max-image-preview:large, max-video-preview:-1\" \/>\n<link rel=\"canonical\" href=\"https:\/\/www.visit-ulcinj.com\/blog\/2009\/02\/04\/vesa-luma-per-shen-valentin-ne-amerike\/\" \/>\n<meta property=\"og:locale\" content=\"en_US\" \/>\n<meta property=\"og:type\" content=\"article\" \/>\n<meta property=\"og:title\" content=\"Vesa Luma p\u00ebr Sh\u00ebn Valentin n\u00eb Amerik\u00eb - Lajme nga Ulqini\" \/>\n<meta property=\"og:description\" content=\"K\u00ebng\u00ebtarja Vesa Luma n\u00eb fillim t\u00eb muajit shkurt udh\u00ebton drejt Amerik\u00ebs n\u00eb nj\u00eb turne ku e presin pes\u00eb koncerte, kryesisht me rastin e fest\u00ebs s\u00eb pavar\u00ebsis\u00eb\" \/>\n<meta property=\"og:url\" content=\"https:\/\/www.visit-ulcinj.com\/blog\/2009\/02\/04\/vesa-luma-per-shen-valentin-ne-amerike\/\" \/>\n<meta property=\"og:site_name\" content=\"Lajme nga Ulqini\" \/>\n<meta property=\"article:published_time\" content=\"2009-02-04T19:53:28+00:00\" \/>\n<meta property=\"article:modified_time\" content=\"2009-02-04T19:53:33+00:00\" \/>\n<meta property=\"og:image\" content=\"https:\/\/www.visit-ulcinj.com\/blog\/wp-content\/uploads\/2009\/02\/vesa-luma-1-150x150.jpg\" \/>\n<meta name=\"twitter:label1\" content=\"Written by\" \/>\n\t<meta name=\"twitter:data1\" content=\"ulqini\" \/>\n\t<meta name=\"twitter:label2\" content=\"Est. reading time\" \/>\n\t<meta name=\"twitter:data2\" content=\"1 minute\" \/>\n<script type=\"application\/ld+json\" class=\"yoast-schema-graph\">{\"@context\":\"https:\/\/schema.org\",\"@graph\":[{\"@type\":\"WebSite\",\"@id\":\"https:\/\/www.visit-ulcinj.com\/blog\/#website\",\"url\":\"https:\/\/www.visit-ulcinj.com\/blog\/\",\"name\":\"Lajme nga Ulqini\",\"description\":\"Lajme,Vijesti,Ulqini,Ulqin,Crna Gora,Mali i Zi\",\"potentialAction\":[{\"@type\":\"SearchAction\",\"target\":{\"@type\":\"EntryPoint\",\"urlTemplate\":\"https:\/\/www.visit-ulcinj.com\/blog\/?s={search_term_string}\"},\"query-input\":\"required name=search_term_string\"}],\"inLanguage\":\"en-US\"},{\"@type\":\"ImageObject\",\"inLanguage\":\"en-US\",\"@id\":\"https:\/\/www.visit-ulcinj.com\/blog\/2009\/02\/04\/vesa-luma-per-shen-valentin-ne-amerike\/#primaryimage\",\"url\":\"http:\/\/www.visit-ulcinj.com\/blog\/wp-content\/uploads\/2009\/02\/vesa-luma-3.gif\",\"contentUrl\":\"http:\/\/www.visit-ulcinj.com\/blog\/wp-content\/uploads\/2009\/02\/vesa-luma-3.gif\"},{\"@type\":\"WebPage\",\"@id\":\"https:\/\/www.visit-ulcinj.com\/blog\/2009\/02\/04\/vesa-luma-per-shen-valentin-ne-amerike\/#webpage\",\"url\":\"https:\/\/www.visit-ulcinj.com\/blog\/2009\/02\/04\/vesa-luma-per-shen-valentin-ne-amerike\/\",\"name\":\"Vesa Luma p\u00ebr Sh\u00ebn Valentin n\u00eb Amerik\u00eb - Lajme nga Ulqini\",\"isPartOf\":{\"@id\":\"https:\/\/www.visit-ulcinj.com\/blog\/#website\"},\"primaryImageOfPage\":{\"@id\":\"https:\/\/www.visit-ulcinj.com\/blog\/2009\/02\/04\/vesa-luma-per-shen-valentin-ne-amerike\/#primaryimage\"},\"datePublished\":\"2009-02-04T19:53:28+00:00\",\"dateModified\":\"2009-02-04T19:53:33+00:00\",\"author\":{\"@id\":\"https:\/\/www.visit-ulcinj.com\/blog\/#\/schema\/person\/dcab619c614d3038751c63bc2aadc06d\"},\"description\":\"K\u00ebng\u00ebtarja Vesa Luma n\u00eb fillim t\u00eb muajit shkurt udh\u00ebton drejt Amerik\u00ebs n\u00eb nj\u00eb turne ku e presin pes\u00eb koncerte, kryesisht me rastin e fest\u00ebs s\u00eb pavar\u00ebsis\u00eb\",\"breadcrumb\":{\"@id\":\"https:\/\/www.visit-ulcinj.com\/blog\/2009\/02\/04\/vesa-luma-per-shen-valentin-ne-amerike\/#breadcrumb\"},\"inLanguage\":\"en-US\",\"potentialAction\":[{\"@type\":\"ReadAction\",\"target\":[\"https:\/\/www.visit-ulcinj.com\/blog\/2009\/02\/04\/vesa-luma-per-shen-valentin-ne-amerike\/\"]}]},{\"@type\":\"BreadcrumbList\",\"@id\":\"https:\/\/www.visit-ulcinj.com\/blog\/2009\/02\/04\/vesa-luma-per-shen-valentin-ne-amerike\/#breadcrumb\",\"itemListElement\":[{\"@type\":\"ListItem\",\"position\":1,\"name\":\"Vesa Luma p\u00ebr Sh\u00ebn Valentin n\u00eb Amerik\u00eb\"}]},{\"@type\":\"Person\",\"@id\":\"https:\/\/www.visit-ulcinj.com\/blog\/#\/schema\/person\/dcab619c614d3038751c63bc2aadc06d\",\"name\":\"ulqini\",\"sameAs\":[\"http:\/\/www.visit-ulcinj.com\"],\"url\":\"https:\/\/www.visit-ulcinj.com\/blog\/author\/admin\/\"}]}<\/script>\n<!-- \/ Yoast SEO plugin. -->","yoast_head_json":{"title":"Vesa Luma p\u00ebr Sh\u00ebn Valentin n\u00eb Amerik\u00eb - Lajme nga Ulqini","description":"K\u00ebng\u00ebtarja Vesa Luma n\u00eb fillim t\u00eb muajit shkurt udh\u00ebton drejt Amerik\u00ebs n\u00eb nj\u00eb turne ku e presin pes\u00eb koncerte, kryesisht me rastin e fest\u00ebs s\u00eb pavar\u00ebsis\u00eb","robots":{"index":"index","follow":"follow","max-snippet":"max-snippet:-1","max-image-preview":"max-image-preview:large","max-video-preview":"max-video-preview:-1"},"canonical":"https:\/\/www.visit-ulcinj.com\/blog\/2009\/02\/04\/vesa-luma-per-shen-valentin-ne-amerike\/","og_locale":"en_US","og_type":"article","og_title":"Vesa Luma p\u00ebr Sh\u00ebn Valentin n\u00eb Amerik\u00eb - Lajme nga Ulqini","og_description":"K\u00ebng\u00ebtarja Vesa Luma n\u00eb fillim t\u00eb muajit shkurt udh\u00ebton drejt Amerik\u00ebs n\u00eb nj\u00eb turne ku e presin pes\u00eb koncerte, kryesisht me rastin e fest\u00ebs s\u00eb pavar\u00ebsis\u00eb","og_url":"https:\/\/www.visit-ulcinj.com\/blog\/2009\/02\/04\/vesa-luma-per-shen-valentin-ne-amerike\/","og_site_name":"Lajme nga Ulqini","article_published_time":"2009-02-04T19:53:28+00:00","article_modified_time":"2009-02-04T19:53:33+00:00","og_image":[{"url":"https:\/\/www.visit-ulcinj.com\/blog\/wp-content\/uploads\/2009\/02\/vesa-luma-1-150x150.jpg"}],"twitter_misc":{"Written by":"ulqini","Est. reading time":"1 minute"},"schema":{"@context":"https:\/\/schema.org","@graph":[{"@type":"WebSite","@id":"https:\/\/www.visit-ulcinj.com\/blog\/#website","url":"https:\/\/www.visit-ulcinj.com\/blog\/","name":"Lajme nga Ulqini","description":"Lajme,Vijesti,Ulqini,Ulqin,Crna Gora,Mali i Zi","potentialAction":[{"@type":"SearchAction","target":{"@type":"EntryPoint","urlTemplate":"https:\/\/www.visit-ulcinj.com\/blog\/?s={search_term_string}"},"query-input":"required name=search_term_string"}],"inLanguage":"en-US"},{"@type":"ImageObject","inLanguage":"en-US","@id":"https:\/\/www.visit-ulcinj.com\/blog\/2009\/02\/04\/vesa-luma-per-shen-valentin-ne-amerike\/#primaryimage","url":"http:\/\/www.visit-ulcinj.com\/blog\/wp-content\/uploads\/2009\/02\/vesa-luma-3.gif","contentUrl":"http:\/\/www.visit-ulcinj.com\/blog\/wp-content\/uploads\/2009\/02\/vesa-luma-3.gif"},{"@type":"WebPage","@id":"https:\/\/www.visit-ulcinj.com\/blog\/2009\/02\/04\/vesa-luma-per-shen-valentin-ne-amerike\/#webpage","url":"https:\/\/www.visit-ulcinj.com\/blog\/2009\/02\/04\/vesa-luma-per-shen-valentin-ne-amerike\/","name":"Vesa Luma p\u00ebr Sh\u00ebn Valentin n\u00eb Amerik\u00eb - Lajme nga Ulqini","isPartOf":{"@id":"https:\/\/www.visit-ulcinj.com\/blog\/#website"},"primaryImageOfPage":{"@id":"https:\/\/www.visit-ulcinj.com\/blog\/2009\/02\/04\/vesa-luma-per-shen-valentin-ne-amerike\/#primaryimage"},"datePublished":"2009-02-04T19:53:28+00:00","dateModified":"2009-02-04T19:53:33+00:00","author":{"@id":"https:\/\/www.visit-ulcinj.com\/blog\/#\/schema\/person\/dcab619c614d3038751c63bc2aadc06d"},"description":"K\u00ebng\u00ebtarja Vesa Luma n\u00eb fillim t\u00eb muajit shkurt udh\u00ebton drejt Amerik\u00ebs n\u00eb nj\u00eb turne ku e presin pes\u00eb koncerte, kryesisht me rastin e fest\u00ebs s\u00eb pavar\u00ebsis\u00eb","breadcrumb":{"@id":"https:\/\/www.visit-ulcinj.com\/blog\/2009\/02\/04\/vesa-luma-per-shen-valentin-ne-amerike\/#breadcrumb"},"inLanguage":"en-US","potentialAction":[{"@type":"ReadAction","target":["https:\/\/www.visit-ulcinj.com\/blog\/2009\/02\/04\/vesa-luma-per-shen-valentin-ne-amerike\/"]}]},{"@type":"BreadcrumbList","@id":"https:\/\/www.visit-ulcinj.com\/blog\/2009\/02\/04\/vesa-luma-per-shen-valentin-ne-amerike\/#breadcrumb","itemListElement":[{"@type":"ListItem","position":1,"name":"Vesa Luma p\u00ebr Sh\u00ebn Valentin n\u00eb Amerik\u00eb"}]},{"@type":"Person","@id":"https:\/\/www.visit-ulcinj.com\/blog\/#\/schema\/person\/dcab619c614d3038751c63bc2aadc06d","name":"ulqini","sameAs":["http:\/\/www.visit-ulcinj.com"],"url":"https:\/\/www.visit-ulcinj.com\/blog\/author\/admin\/"}]}},"jetpack_featured_media_url":"","jetpack_sharing_enabled":true,"jetpack_shortlink":"https:\/\/wp.me\/pe6lTn-2IE","_links":{"self":[{"href":"https:\/\/www.visit-ulcinj.com\/blog\/wp-json\/wp\/v2\/posts\/10456"}],"collection":[{"href":"https:\/\/www.visit-ulcinj.com\/blog\/wp-json\/wp\/v2\/posts"}],"about":[{"href":"https:\/\/www.visit-ulcinj.com\/blog\/wp-json\/wp\/v2\/types\/post"}],"author":[{"embeddable":true,"href":"https:\/\/www.visit-ulcinj.com\/blog\/wp-json\/wp\/v2\/users\/1"}],"replies":[{"embeddable":true,"href":"https:\/\/www.visit-ulcinj.com\/blog\/wp-json\/wp\/v2\/comments?post=10456"}],"version-history":[{"count":0,"href":"https:\/\/www.visit-ulcinj.com\/blog\/wp-json\/wp\/v2\/posts\/10456\/revisions"}],"wp:attachment":[{"href":"https:\/\/www.visit-ulcinj.com\/blog\/wp-json\/wp\/v2\/media?parent=10456"}],"wp:term":[{"taxonomy":"category","embeddable":true,"href":"https:\/\/www.visit-ulcinj.com\/blog\/wp-json\/wp\/v2\/categories?post=10456"},{"taxonomy":"post_tag","embeddable":true,"href":"https:\/\/www.visit-ulcinj.com\/blog\/wp-json\/wp\/v2\/tags?post=10456"}],"curies":[{"name":"wp","href":"https:\/\/api.w.org\/{rel}","templated":true}]}}