{"id":104587,"date":"2017-04-24T16:01:23","date_gmt":"2017-04-24T15:01:23","guid":{"rendered":"http:\/\/www.visit-ulcinj.com\/blog\/?p=104587"},"modified":"2017-04-24T16:01:23","modified_gmt":"2017-04-24T15:01:23","slug":"u-ulcinj-se-odrzava-manifestacija-svi-za-turizam-2017","status":"publish","type":"post","link":"https:\/\/www.visit-ulcinj.com\/blog\/2017\/04\/24\/u-ulcinj-se-odrzava-manifestacija-svi-za-turizam-2017\/","title":{"rendered":"U Ulcinj se odr\u017eava manifestacija \u201eSvi za turizam &#8211; 2017\u201c"},"content":{"rendered":"<p><a href=\"http:\/\/www.visit-ulcinj.com\/blog\/wp-content\/uploads\/2017\/04\/U-Ulcinj-se-odr\u017eava-manifestacija-\u201eSvi-za-turizam-2017\u201c.jpg\"><img loading=\"lazy\" class=\"alignleft wp-image-104588 size-medium\" src=\"http:\/\/www.visit-ulcinj.com\/blog\/wp-content\/uploads\/2017\/04\/U-Ulcinj-se-odr\u017eava-manifestacija-\u201eSvi-za-turizam-2017\u201c-208x300.jpg\" alt=\"\" width=\"208\" height=\"300\" srcset=\"https:\/\/www.visit-ulcinj.com\/blog\/wp-content\/uploads\/2017\/04\/U-Ulcinj-se-odr\u017eava-manifestacija-\u201eSvi-za-turizam-2017\u201c-208x300.jpg 208w, https:\/\/www.visit-ulcinj.com\/blog\/wp-content\/uploads\/2017\/04\/U-Ulcinj-se-odr\u017eava-manifestacija-\u201eSvi-za-turizam-2017\u201c.jpg 329w\" sizes=\"(max-width: 208px) 100vw, 208px\" \/><\/a>Turisti\u010dka Organizacija Ulcinj uz podr\u0161ku Op\u0161tine Ulcinj i ove godine zvani\u010dno otvara turisti\u010dku ljetnju sezonu tradicionalnom manifestacijom <strong>Svi za Turizam<\/strong>. Manifestacija \u0107e po\u010deti 29.aprila, Sajmom doma\u0107e radinosti i aktivnostima koji \u0107e biti organizovani povodom Me\u0111unarodnog dana plesa 30.aprila, da bismo nastavili sa simpozijumom *Servantes kroz vrijeme* i *Pomorstvo Ulcinja*, festivalom starogradske pjesme *Servantes* 3, 4 i 5.maja, Modnom revijom 06.maja i izlo\u017ebom D olcinium Art 07.maja.<\/p>\n<p>Program u prilogu:<\/p>\n<p>Naravno, cilj nam je da svi turisti koji \u0107e provesti prvomajske praznike u Ulcinju, a vjerujemo da \u0107e ih biti puno kao i prethodnih godina produ\u017ee svoj boravak i u\u017eivaju u svim aktivnostima i doga\u0111ajima koji \u0107e se odr\u017eati u ovom periodu.<\/p>\n<ol>\n<li>i 02.maj se tradicinalno slave na Adi Bojani, Velikoj pla\u017ei i uvali Valdanos uz razna prijateljska i porodi\u010dna okupljanja, a svi oni koji \u0107e organizovati slavljenje prvomajskih praznika su:<\/li>\n<\/ol>\n<p>Hotel Otrant feat Bamboo \u2013 May Fest 2017<\/p>\n<p>Copacabana Beach\u00a0 &#8211; Prvo majski uranak i gostovanje Ace Pejovi\u0107a<\/p>\n<p>Riva Hotel and Riva Club Feat Lips Bistro \u2013 May the party be awesome<\/p>\n<p>Hotel Cruiser \u2013 May Party<\/p>\n<p>Ovom prilikom htjeli bismo da pozovemo sve ljude dobre volje da posjete Ulcinj jer sa ubje\u0111enjem mo\u017eemo re\u0107i da se Prvi maj ne slavi nigdje na tako lijep na\u010din kao kod nas.<\/p>\n","protected":false},"excerpt":{"rendered":"<p>Turisti\u010dka Organizacija Ulcinj uz podr\u0161ku Op\u0161tine Ulcinj i ove godine zvani\u010dno otvara turisti\u010dku ljetnju sezonu tradicionalnom manifestacijom Svi za Turizam. Manifestacija \u0107e po\u010deti 29.aprila, Sajmom doma\u0107e radinosti i aktivnostima koji \u0107e biti organizovani povodom Me\u0111unarodnog dana plesa 30.aprila, da bismo nastavili sa simpozijumom *Servantes kroz vrijeme* i *Pomorstvo Ulcinja*, festivalom starogradske pjesme *Servantes* 3, 4 [&hellip;]<\/p>\n","protected":false},"author":1,"featured_media":0,"comment_status":"closed","ping_status":"closed","sticky":false,"template":"","format":"standard","meta":{"spay_email":"","jetpack_publicize_message":"","jetpack_is_tweetstorm":false,"jetpack_publicize_feature_enabled":true},"categories":[8337],"tags":[],"jetpack_publicize_connections":[],"yoast_head":"<!-- This site is optimized with the Yoast SEO plugin v19.1 - https:\/\/yoast.com\/wordpress\/plugins\/seo\/ -->\n<title>U Ulcinj se odr\u017eava manifestacija \u201eSvi za turizam - 2017\u201c - Lajme nga Ulqini<\/title>\n<meta name=\"description\" content=\"Turisti\u010dka Organizacija Ulcinj uz podr\u0161ku Op\u0161tine Ulcinj i ove godine zvani\u010dno otvara turisti\u010dku ljetnju sezonu tradicionalnom manifestacijom Svi za\" \/>\n<meta name=\"robots\" content=\"index, follow, max-snippet:-1, max-image-preview:large, max-video-preview:-1\" \/>\n<link rel=\"canonical\" href=\"https:\/\/www.visit-ulcinj.com\/blog\/2017\/04\/24\/u-ulcinj-se-odrzava-manifestacija-svi-za-turizam-2017\/\" \/>\n<meta property=\"og:locale\" content=\"en_US\" \/>\n<meta property=\"og:type\" content=\"article\" \/>\n<meta property=\"og:title\" content=\"U Ulcinj se odr\u017eava manifestacija \u201eSvi za turizam - 2017\u201c - Lajme nga Ulqini\" \/>\n<meta property=\"og:description\" content=\"Turisti\u010dka Organizacija Ulcinj uz podr\u0161ku Op\u0161tine Ulcinj i ove godine zvani\u010dno otvara turisti\u010dku ljetnju sezonu tradicionalnom manifestacijom Svi za\" \/>\n<meta property=\"og:url\" content=\"https:\/\/www.visit-ulcinj.com\/blog\/2017\/04\/24\/u-ulcinj-se-odrzava-manifestacija-svi-za-turizam-2017\/\" \/>\n<meta property=\"og:site_name\" content=\"Lajme nga Ulqini\" \/>\n<meta property=\"article:published_time\" content=\"2017-04-24T15:01:23+00:00\" \/>\n<meta name=\"twitter:label1\" content=\"Written by\" \/>\n\t<meta name=\"twitter:data1\" content=\"ulqini\" \/>\n\t<meta name=\"twitter:label2\" content=\"Est. reading time\" \/>\n\t<meta name=\"twitter:data2\" content=\"1 minute\" \/>\n<script type=\"application\/ld+json\" class=\"yoast-schema-graph\">{\"@context\":\"https:\/\/schema.org\",\"@graph\":[{\"@type\":\"WebSite\",\"@id\":\"https:\/\/www.visit-ulcinj.com\/blog\/#website\",\"url\":\"https:\/\/www.visit-ulcinj.com\/blog\/\",\"name\":\"Lajme nga Ulqini\",\"description\":\"Lajme,Vijesti,Ulqini,Ulqin,Crna Gora,Mali i Zi\",\"potentialAction\":[{\"@type\":\"SearchAction\",\"target\":{\"@type\":\"EntryPoint\",\"urlTemplate\":\"https:\/\/www.visit-ulcinj.com\/blog\/?s={search_term_string}\"},\"query-input\":\"required name=search_term_string\"}],\"inLanguage\":\"en-US\"},{\"@type\":\"WebPage\",\"@id\":\"https:\/\/www.visit-ulcinj.com\/blog\/2017\/04\/24\/u-ulcinj-se-odrzava-manifestacija-svi-za-turizam-2017\/#webpage\",\"url\":\"https:\/\/www.visit-ulcinj.com\/blog\/2017\/04\/24\/u-ulcinj-se-odrzava-manifestacija-svi-za-turizam-2017\/\",\"name\":\"U Ulcinj se odr\u017eava manifestacija \u201eSvi za turizam - 2017\u201c - Lajme nga Ulqini\",\"isPartOf\":{\"@id\":\"https:\/\/www.visit-ulcinj.com\/blog\/#website\"},\"datePublished\":\"2017-04-24T15:01:23+00:00\",\"dateModified\":\"2017-04-24T15:01:23+00:00\",\"author\":{\"@id\":\"https:\/\/www.visit-ulcinj.com\/blog\/#\/schema\/person\/dcab619c614d3038751c63bc2aadc06d\"},\"description\":\"Turisti\u010dka Organizacija Ulcinj uz podr\u0161ku Op\u0161tine Ulcinj i ove godine zvani\u010dno otvara turisti\u010dku ljetnju sezonu tradicionalnom manifestacijom Svi za\",\"breadcrumb\":{\"@id\":\"https:\/\/www.visit-ulcinj.com\/blog\/2017\/04\/24\/u-ulcinj-se-odrzava-manifestacija-svi-za-turizam-2017\/#breadcrumb\"},\"inLanguage\":\"en-US\",\"potentialAction\":[{\"@type\":\"ReadAction\",\"target\":[\"https:\/\/www.visit-ulcinj.com\/blog\/2017\/04\/24\/u-ulcinj-se-odrzava-manifestacija-svi-za-turizam-2017\/\"]}]},{\"@type\":\"BreadcrumbList\",\"@id\":\"https:\/\/www.visit-ulcinj.com\/blog\/2017\/04\/24\/u-ulcinj-se-odrzava-manifestacija-svi-za-turizam-2017\/#breadcrumb\",\"itemListElement\":[{\"@type\":\"ListItem\",\"position\":1,\"name\":\"U Ulcinj se odr\u017eava manifestacija \u201eSvi za turizam &#8211; 2017\u201c\"}]},{\"@type\":\"Person\",\"@id\":\"https:\/\/www.visit-ulcinj.com\/blog\/#\/schema\/person\/dcab619c614d3038751c63bc2aadc06d\",\"name\":\"ulqini\",\"sameAs\":[\"http:\/\/www.visit-ulcinj.com\"],\"url\":\"https:\/\/www.visit-ulcinj.com\/blog\/author\/admin\/\"}]}<\/script>\n<!-- \/ Yoast SEO plugin. -->","yoast_head_json":{"title":"U Ulcinj se odr\u017eava manifestacija \u201eSvi za turizam - 2017\u201c - Lajme nga Ulqini","description":"Turisti\u010dka Organizacija Ulcinj uz podr\u0161ku Op\u0161tine Ulcinj i ove godine zvani\u010dno otvara turisti\u010dku ljetnju sezonu tradicionalnom manifestacijom Svi za","robots":{"index":"index","follow":"follow","max-snippet":"max-snippet:-1","max-image-preview":"max-image-preview:large","max-video-preview":"max-video-preview:-1"},"canonical":"https:\/\/www.visit-ulcinj.com\/blog\/2017\/04\/24\/u-ulcinj-se-odrzava-manifestacija-svi-za-turizam-2017\/","og_locale":"en_US","og_type":"article","og_title":"U Ulcinj se odr\u017eava manifestacija \u201eSvi za turizam - 2017\u201c - Lajme nga Ulqini","og_description":"Turisti\u010dka Organizacija Ulcinj uz podr\u0161ku Op\u0161tine Ulcinj i ove godine zvani\u010dno otvara turisti\u010dku ljetnju sezonu tradicionalnom manifestacijom Svi za","og_url":"https:\/\/www.visit-ulcinj.com\/blog\/2017\/04\/24\/u-ulcinj-se-odrzava-manifestacija-svi-za-turizam-2017\/","og_site_name":"Lajme nga Ulqini","article_published_time":"2017-04-24T15:01:23+00:00","twitter_misc":{"Written by":"ulqini","Est. reading time":"1 minute"},"schema":{"@context":"https:\/\/schema.org","@graph":[{"@type":"WebSite","@id":"https:\/\/www.visit-ulcinj.com\/blog\/#website","url":"https:\/\/www.visit-ulcinj.com\/blog\/","name":"Lajme nga Ulqini","description":"Lajme,Vijesti,Ulqini,Ulqin,Crna Gora,Mali i Zi","potentialAction":[{"@type":"SearchAction","target":{"@type":"EntryPoint","urlTemplate":"https:\/\/www.visit-ulcinj.com\/blog\/?s={search_term_string}"},"query-input":"required name=search_term_string"}],"inLanguage":"en-US"},{"@type":"WebPage","@id":"https:\/\/www.visit-ulcinj.com\/blog\/2017\/04\/24\/u-ulcinj-se-odrzava-manifestacija-svi-za-turizam-2017\/#webpage","url":"https:\/\/www.visit-ulcinj.com\/blog\/2017\/04\/24\/u-ulcinj-se-odrzava-manifestacija-svi-za-turizam-2017\/","name":"U Ulcinj se odr\u017eava manifestacija \u201eSvi za turizam - 2017\u201c - Lajme nga Ulqini","isPartOf":{"@id":"https:\/\/www.visit-ulcinj.com\/blog\/#website"},"datePublished":"2017-04-24T15:01:23+00:00","dateModified":"2017-04-24T15:01:23+00:00","author":{"@id":"https:\/\/www.visit-ulcinj.com\/blog\/#\/schema\/person\/dcab619c614d3038751c63bc2aadc06d"},"description":"Turisti\u010dka Organizacija Ulcinj uz podr\u0161ku Op\u0161tine Ulcinj i ove godine zvani\u010dno otvara turisti\u010dku ljetnju sezonu tradicionalnom manifestacijom Svi za","breadcrumb":{"@id":"https:\/\/www.visit-ulcinj.com\/blog\/2017\/04\/24\/u-ulcinj-se-odrzava-manifestacija-svi-za-turizam-2017\/#breadcrumb"},"inLanguage":"en-US","potentialAction":[{"@type":"ReadAction","target":["https:\/\/www.visit-ulcinj.com\/blog\/2017\/04\/24\/u-ulcinj-se-odrzava-manifestacija-svi-za-turizam-2017\/"]}]},{"@type":"BreadcrumbList","@id":"https:\/\/www.visit-ulcinj.com\/blog\/2017\/04\/24\/u-ulcinj-se-odrzava-manifestacija-svi-za-turizam-2017\/#breadcrumb","itemListElement":[{"@type":"ListItem","position":1,"name":"U Ulcinj se odr\u017eava manifestacija \u201eSvi za turizam &#8211; 2017\u201c"}]},{"@type":"Person","@id":"https:\/\/www.visit-ulcinj.com\/blog\/#\/schema\/person\/dcab619c614d3038751c63bc2aadc06d","name":"ulqini","sameAs":["http:\/\/www.visit-ulcinj.com"],"url":"https:\/\/www.visit-ulcinj.com\/blog\/author\/admin\/"}]}},"jetpack_featured_media_url":"","jetpack_sharing_enabled":true,"jetpack_shortlink":"https:\/\/wp.me\/pe6lTn-rcT","_links":{"self":[{"href":"https:\/\/www.visit-ulcinj.com\/blog\/wp-json\/wp\/v2\/posts\/104587"}],"collection":[{"href":"https:\/\/www.visit-ulcinj.com\/blog\/wp-json\/wp\/v2\/posts"}],"about":[{"href":"https:\/\/www.visit-ulcinj.com\/blog\/wp-json\/wp\/v2\/types\/post"}],"author":[{"embeddable":true,"href":"https:\/\/www.visit-ulcinj.com\/blog\/wp-json\/wp\/v2\/users\/1"}],"replies":[{"embeddable":true,"href":"https:\/\/www.visit-ulcinj.com\/blog\/wp-json\/wp\/v2\/comments?post=104587"}],"version-history":[{"count":1,"href":"https:\/\/www.visit-ulcinj.com\/blog\/wp-json\/wp\/v2\/posts\/104587\/revisions"}],"predecessor-version":[{"id":104589,"href":"https:\/\/www.visit-ulcinj.com\/blog\/wp-json\/wp\/v2\/posts\/104587\/revisions\/104589"}],"wp:attachment":[{"href":"https:\/\/www.visit-ulcinj.com\/blog\/wp-json\/wp\/v2\/media?parent=104587"}],"wp:term":[{"taxonomy":"category","embeddable":true,"href":"https:\/\/www.visit-ulcinj.com\/blog\/wp-json\/wp\/v2\/categories?post=104587"},{"taxonomy":"post_tag","embeddable":true,"href":"https:\/\/www.visit-ulcinj.com\/blog\/wp-json\/wp\/v2\/tags?post=104587"}],"curies":[{"name":"wp","href":"https:\/\/api.w.org\/{rel}","templated":true}]}}