{"id":104590,"date":"2017-04-24T16:13:57","date_gmt":"2017-04-24T15:13:57","guid":{"rendered":"http:\/\/www.visit-ulcinj.com\/blog\/?p=104590"},"modified":"2017-04-24T16:24:21","modified_gmt":"2017-04-24T15:24:21","slug":"teatri-teuta-ulqinit-sot-ne-teatrin-eksperimental-ne-tirane","status":"publish","type":"post","link":"https:\/\/www.visit-ulcinj.com\/blog\/2017\/04\/24\/teatri-teuta-ulqinit-sot-ne-teatrin-eksperimental-ne-tirane\/","title":{"rendered":"Teatri \u201cTeuta\u201d i Ulqinit sot n\u00eb Teatrin Eksperimental n\u00eb Tiran\u00eb"},"content":{"rendered":"<div id=\"stcpDiv\">\n<p><a href=\"http:\/\/www.visit-ulcinj.com\/blog\/wp-content\/uploads\/2017\/04\/Teatri-\u201cTeuta\u201d-i-Ulqinit-sot-n\u00eb-Teatrin-Eksperimental-n\u00eb-Tiran\u00eb-1.jpg\"><img loading=\"lazy\" class=\"alignleft wp-image-104592\" src=\"http:\/\/www.visit-ulcinj.com\/blog\/wp-content\/uploads\/2017\/04\/Teatri-\u201cTeuta\u201d-i-Ulqinit-sot-n\u00eb-Teatrin-Eksperimental-n\u00eb-Tiran\u00eb-1.jpg\" alt=\"\" width=\"508\" height=\"284\" srcset=\"https:\/\/www.visit-ulcinj.com\/blog\/wp-content\/uploads\/2017\/04\/Teatri-\u201cTeuta\u201d-i-Ulqinit-sot-n\u00eb-Teatrin-Eksperimental-n\u00eb-Tiran\u00eb-1.jpg 999w, https:\/\/www.visit-ulcinj.com\/blog\/wp-content\/uploads\/2017\/04\/Teatri-\u201cTeuta\u201d-i-Ulqinit-sot-n\u00eb-Teatrin-Eksperimental-n\u00eb-Tiran\u00eb-1-300x168.jpg 300w, https:\/\/www.visit-ulcinj.com\/blog\/wp-content\/uploads\/2017\/04\/Teatri-\u201cTeuta\u201d-i-Ulqinit-sot-n\u00eb-Teatrin-Eksperimental-n\u00eb-Tiran\u00eb-1-768x429.jpg 768w\" sizes=\"(max-width: 508px) 100vw, 508px\" \/><\/a>Teatri \u201cTeuta\u201d i Ulqinit po zhvillon nj\u00eb tur shfaqjesh n\u00eb Shqip\u00ebri me premier\u00ebn \u201cNana\u201d.<\/p>\n<p>Pas shfaqjes q\u00eb u dha me 22 prill n\u00eb teatrin \u2018Migjeni\u201d n\u00eb Shkod\u00ebr teatri i diaspor\u00ebs shqiptare do t\u00eb ngjitet k\u00ebt\u00eb t\u00eb h\u00ebn\u00eb n\u00eb Teatrin Eksperimental \u201cKujtim Spahivogli\u201d n\u00eb Tiran\u00eb.<\/p>\n<p>N\u00eb k\u00ebt\u00eb shfaqje luajn\u00eb aktor\u00ebt Vjosa Tasholli, Muho Uru\u00e7i, Anes Kurti, Albana Kurti Ze\u00e7eviq dhe Bashkim Alaj.<\/p>\n<p>\u201cNana\u201d e cila me regji t\u00eb Munib Abazit, ngjarjet zhvillohen n\u00eb nj\u00eb familje, e cila jeton n\u00eb kushte jo shum\u00eb t\u00eb mira financiare dhe ndryshimi i gjendjes familjare vjen kur n\u00eb k\u00ebt\u00eb familje t\u00eb varf\u00ebr shtohet edhe nusja.<\/p>\n<p>Nusja arrin t\u00eb prish marr\u00ebdh\u00ebnien n\u00eb mes t\u00eb n\u00ebn\u00ebs dhe djalit dhe situata fillon t\u00eb ftohet deri n\u00eb at\u00eb pik\u00eb saq\u00eb djali heq dor\u00eb nga p\u00ebrkujdesja ndaj t\u00eb \u00ebm\u00ebs, dhe vendos t\u00eb largohet nga sht\u00ebpia bashk\u00eb me gruan e vet.<\/p>\n<p>Nd\u00ebrsa, \u00e7ifti i cili u largua nga sht\u00ebpia p\u00ebr nj\u00eb jet\u00eb m\u00eb t\u00eb rehatshme, nuk arrijn\u00eb t\u00eb gjejn\u00eb qet\u00ebsi, mbasi q\u00eb problemi ishte po te ata t\u00eb dy, t\u00eb cil\u00ebt nuk arrit\u00ebn kurr\u00eb t\u00eb gjejn\u00eb nj\u00eb gjuh\u00eb t\u00eb p\u00ebrbashk\u00ebt, rr\u00ebfen regjisori.<\/p>\n<p>N\u00eb nj\u00eb konferenc\u00eb p\u00ebr mediat, aktor\u00ebt e trup\u00ebs teatrit t\u00eb Ulqinit jan\u00eb shprehur se po punojn\u00eb fort q\u00eb teatri t\u00eb zhvillohet n\u00eb nivele t\u00eb mira artistike.<\/p>\n<\/div>\n<div><\/div>\n<div><strong>Shqiptarja<\/strong><\/div>\n","protected":false},"excerpt":{"rendered":"<p>Teatri \u201cTeuta\u201d i Ulqinit po zhvillon nj\u00eb tur shfaqjesh n\u00eb Shqip\u00ebri me premier\u00ebn \u201cNana\u201d. Pas shfaqjes q\u00eb u dha me 22 prill n\u00eb teatrin \u2018Migjeni\u201d n\u00eb Shkod\u00ebr teatri i diaspor\u00ebs shqiptare do t\u00eb ngjitet k\u00ebt\u00eb t\u00eb h\u00ebn\u00eb n\u00eb Teatrin Eksperimental \u201cKujtim Spahivogli\u201d n\u00eb Tiran\u00eb. N\u00eb k\u00ebt\u00eb shfaqje luajn\u00eb aktor\u00ebt Vjosa Tasholli, Muho Uru\u00e7i, Anes Kurti, [&hellip;]<\/p>\n","protected":false},"author":1,"featured_media":0,"comment_status":"closed","ping_status":"closed","sticky":false,"template":"","format":"standard","meta":{"spay_email":"","jetpack_publicize_message":"","jetpack_is_tweetstorm":false,"jetpack_publicize_feature_enabled":true},"categories":[4],"tags":[],"jetpack_publicize_connections":[],"yoast_head":"<!-- This site is optimized with the Yoast SEO plugin v19.1 - https:\/\/yoast.com\/wordpress\/plugins\/seo\/ -->\n<title>Teatri \u201cTeuta\u201d i Ulqinit sot n\u00eb Teatrin Eksperimental n\u00eb Tiran\u00eb - Lajme nga Ulqini<\/title>\n<meta name=\"description\" content=\"Teatri \u201cTeuta\u201d i Ulqinit po zhvillon nj\u00eb tur shfaqjesh n\u00eb Shqip\u00ebri me premier\u00ebn \u201cNana\u201d. Pas shfaqjes q\u00eb u dha me 22 prill n\u00eb teatrin \u2018Migjeni\u201d n\u00eb Shkod\u00ebr\" \/>\n<meta name=\"robots\" content=\"index, follow, max-snippet:-1, max-image-preview:large, max-video-preview:-1\" \/>\n<link rel=\"canonical\" href=\"https:\/\/www.visit-ulcinj.com\/blog\/2017\/04\/24\/teatri-teuta-ulqinit-sot-ne-teatrin-eksperimental-ne-tirane\/\" \/>\n<meta property=\"og:locale\" content=\"en_US\" \/>\n<meta property=\"og:type\" content=\"article\" \/>\n<meta property=\"og:title\" content=\"Teatri \u201cTeuta\u201d i Ulqinit sot n\u00eb Teatrin Eksperimental n\u00eb Tiran\u00eb - Lajme nga Ulqini\" \/>\n<meta property=\"og:description\" content=\"Teatri \u201cTeuta\u201d i Ulqinit po zhvillon nj\u00eb tur shfaqjesh n\u00eb Shqip\u00ebri me premier\u00ebn \u201cNana\u201d. Pas shfaqjes q\u00eb u dha me 22 prill n\u00eb teatrin \u2018Migjeni\u201d n\u00eb Shkod\u00ebr\" \/>\n<meta property=\"og:url\" content=\"https:\/\/www.visit-ulcinj.com\/blog\/2017\/04\/24\/teatri-teuta-ulqinit-sot-ne-teatrin-eksperimental-ne-tirane\/\" \/>\n<meta property=\"og:site_name\" content=\"Lajme nga Ulqini\" \/>\n<meta property=\"article:published_time\" content=\"2017-04-24T15:13:57+00:00\" \/>\n<meta property=\"article:modified_time\" content=\"2017-04-24T15:24:21+00:00\" \/>\n<meta name=\"twitter:label1\" content=\"Written by\" \/>\n\t<meta name=\"twitter:data1\" content=\"ulqini\" \/>\n\t<meta name=\"twitter:label2\" content=\"Est. reading time\" \/>\n\t<meta name=\"twitter:data2\" content=\"1 minute\" \/>\n<script type=\"application\/ld+json\" class=\"yoast-schema-graph\">{\"@context\":\"https:\/\/schema.org\",\"@graph\":[{\"@type\":\"WebSite\",\"@id\":\"https:\/\/www.visit-ulcinj.com\/blog\/#website\",\"url\":\"https:\/\/www.visit-ulcinj.com\/blog\/\",\"name\":\"Lajme nga Ulqini\",\"description\":\"Lajme,Vijesti,Ulqini,Ulqin,Crna Gora,Mali i Zi\",\"potentialAction\":[{\"@type\":\"SearchAction\",\"target\":{\"@type\":\"EntryPoint\",\"urlTemplate\":\"https:\/\/www.visit-ulcinj.com\/blog\/?s={search_term_string}\"},\"query-input\":\"required name=search_term_string\"}],\"inLanguage\":\"en-US\"},{\"@type\":\"WebPage\",\"@id\":\"https:\/\/www.visit-ulcinj.com\/blog\/2017\/04\/24\/teatri-teuta-ulqinit-sot-ne-teatrin-eksperimental-ne-tirane\/#webpage\",\"url\":\"https:\/\/www.visit-ulcinj.com\/blog\/2017\/04\/24\/teatri-teuta-ulqinit-sot-ne-teatrin-eksperimental-ne-tirane\/\",\"name\":\"Teatri \u201cTeuta\u201d i Ulqinit sot n\u00eb Teatrin Eksperimental n\u00eb Tiran\u00eb - Lajme nga Ulqini\",\"isPartOf\":{\"@id\":\"https:\/\/www.visit-ulcinj.com\/blog\/#website\"},\"datePublished\":\"2017-04-24T15:13:57+00:00\",\"dateModified\":\"2017-04-24T15:24:21+00:00\",\"author\":{\"@id\":\"https:\/\/www.visit-ulcinj.com\/blog\/#\/schema\/person\/dcab619c614d3038751c63bc2aadc06d\"},\"description\":\"Teatri \u201cTeuta\u201d i Ulqinit po zhvillon nj\u00eb tur shfaqjesh n\u00eb Shqip\u00ebri me premier\u00ebn \u201cNana\u201d. Pas shfaqjes q\u00eb u dha me 22 prill n\u00eb teatrin \u2018Migjeni\u201d n\u00eb Shkod\u00ebr\",\"breadcrumb\":{\"@id\":\"https:\/\/www.visit-ulcinj.com\/blog\/2017\/04\/24\/teatri-teuta-ulqinit-sot-ne-teatrin-eksperimental-ne-tirane\/#breadcrumb\"},\"inLanguage\":\"en-US\",\"potentialAction\":[{\"@type\":\"ReadAction\",\"target\":[\"https:\/\/www.visit-ulcinj.com\/blog\/2017\/04\/24\/teatri-teuta-ulqinit-sot-ne-teatrin-eksperimental-ne-tirane\/\"]}]},{\"@type\":\"BreadcrumbList\",\"@id\":\"https:\/\/www.visit-ulcinj.com\/blog\/2017\/04\/24\/teatri-teuta-ulqinit-sot-ne-teatrin-eksperimental-ne-tirane\/#breadcrumb\",\"itemListElement\":[{\"@type\":\"ListItem\",\"position\":1,\"name\":\"Teatri \u201cTeuta\u201d i Ulqinit sot n\u00eb Teatrin Eksperimental n\u00eb Tiran\u00eb\"}]},{\"@type\":\"Person\",\"@id\":\"https:\/\/www.visit-ulcinj.com\/blog\/#\/schema\/person\/dcab619c614d3038751c63bc2aadc06d\",\"name\":\"ulqini\",\"sameAs\":[\"http:\/\/www.visit-ulcinj.com\"],\"url\":\"https:\/\/www.visit-ulcinj.com\/blog\/author\/admin\/\"}]}<\/script>\n<!-- \/ Yoast SEO plugin. -->","yoast_head_json":{"title":"Teatri \u201cTeuta\u201d i Ulqinit sot n\u00eb Teatrin Eksperimental n\u00eb Tiran\u00eb - Lajme nga Ulqini","description":"Teatri \u201cTeuta\u201d i Ulqinit po zhvillon nj\u00eb tur shfaqjesh n\u00eb Shqip\u00ebri me premier\u00ebn \u201cNana\u201d. Pas shfaqjes q\u00eb u dha me 22 prill n\u00eb teatrin \u2018Migjeni\u201d n\u00eb Shkod\u00ebr","robots":{"index":"index","follow":"follow","max-snippet":"max-snippet:-1","max-image-preview":"max-image-preview:large","max-video-preview":"max-video-preview:-1"},"canonical":"https:\/\/www.visit-ulcinj.com\/blog\/2017\/04\/24\/teatri-teuta-ulqinit-sot-ne-teatrin-eksperimental-ne-tirane\/","og_locale":"en_US","og_type":"article","og_title":"Teatri \u201cTeuta\u201d i Ulqinit sot n\u00eb Teatrin Eksperimental n\u00eb Tiran\u00eb - Lajme nga Ulqini","og_description":"Teatri \u201cTeuta\u201d i Ulqinit po zhvillon nj\u00eb tur shfaqjesh n\u00eb Shqip\u00ebri me premier\u00ebn \u201cNana\u201d. Pas shfaqjes q\u00eb u dha me 22 prill n\u00eb teatrin \u2018Migjeni\u201d n\u00eb Shkod\u00ebr","og_url":"https:\/\/www.visit-ulcinj.com\/blog\/2017\/04\/24\/teatri-teuta-ulqinit-sot-ne-teatrin-eksperimental-ne-tirane\/","og_site_name":"Lajme nga Ulqini","article_published_time":"2017-04-24T15:13:57+00:00","article_modified_time":"2017-04-24T15:24:21+00:00","twitter_misc":{"Written by":"ulqini","Est. reading time":"1 minute"},"schema":{"@context":"https:\/\/schema.org","@graph":[{"@type":"WebSite","@id":"https:\/\/www.visit-ulcinj.com\/blog\/#website","url":"https:\/\/www.visit-ulcinj.com\/blog\/","name":"Lajme nga Ulqini","description":"Lajme,Vijesti,Ulqini,Ulqin,Crna Gora,Mali i Zi","potentialAction":[{"@type":"SearchAction","target":{"@type":"EntryPoint","urlTemplate":"https:\/\/www.visit-ulcinj.com\/blog\/?s={search_term_string}"},"query-input":"required name=search_term_string"}],"inLanguage":"en-US"},{"@type":"WebPage","@id":"https:\/\/www.visit-ulcinj.com\/blog\/2017\/04\/24\/teatri-teuta-ulqinit-sot-ne-teatrin-eksperimental-ne-tirane\/#webpage","url":"https:\/\/www.visit-ulcinj.com\/blog\/2017\/04\/24\/teatri-teuta-ulqinit-sot-ne-teatrin-eksperimental-ne-tirane\/","name":"Teatri \u201cTeuta\u201d i Ulqinit sot n\u00eb Teatrin Eksperimental n\u00eb Tiran\u00eb - Lajme nga Ulqini","isPartOf":{"@id":"https:\/\/www.visit-ulcinj.com\/blog\/#website"},"datePublished":"2017-04-24T15:13:57+00:00","dateModified":"2017-04-24T15:24:21+00:00","author":{"@id":"https:\/\/www.visit-ulcinj.com\/blog\/#\/schema\/person\/dcab619c614d3038751c63bc2aadc06d"},"description":"Teatri \u201cTeuta\u201d i Ulqinit po zhvillon nj\u00eb tur shfaqjesh n\u00eb Shqip\u00ebri me premier\u00ebn \u201cNana\u201d. Pas shfaqjes q\u00eb u dha me 22 prill n\u00eb teatrin \u2018Migjeni\u201d n\u00eb Shkod\u00ebr","breadcrumb":{"@id":"https:\/\/www.visit-ulcinj.com\/blog\/2017\/04\/24\/teatri-teuta-ulqinit-sot-ne-teatrin-eksperimental-ne-tirane\/#breadcrumb"},"inLanguage":"en-US","potentialAction":[{"@type":"ReadAction","target":["https:\/\/www.visit-ulcinj.com\/blog\/2017\/04\/24\/teatri-teuta-ulqinit-sot-ne-teatrin-eksperimental-ne-tirane\/"]}]},{"@type":"BreadcrumbList","@id":"https:\/\/www.visit-ulcinj.com\/blog\/2017\/04\/24\/teatri-teuta-ulqinit-sot-ne-teatrin-eksperimental-ne-tirane\/#breadcrumb","itemListElement":[{"@type":"ListItem","position":1,"name":"Teatri \u201cTeuta\u201d i Ulqinit sot n\u00eb Teatrin Eksperimental n\u00eb Tiran\u00eb"}]},{"@type":"Person","@id":"https:\/\/www.visit-ulcinj.com\/blog\/#\/schema\/person\/dcab619c614d3038751c63bc2aadc06d","name":"ulqini","sameAs":["http:\/\/www.visit-ulcinj.com"],"url":"https:\/\/www.visit-ulcinj.com\/blog\/author\/admin\/"}]}},"jetpack_featured_media_url":"","jetpack_sharing_enabled":true,"jetpack_shortlink":"https:\/\/wp.me\/pe6lTn-rcW","_links":{"self":[{"href":"https:\/\/www.visit-ulcinj.com\/blog\/wp-json\/wp\/v2\/posts\/104590"}],"collection":[{"href":"https:\/\/www.visit-ulcinj.com\/blog\/wp-json\/wp\/v2\/posts"}],"about":[{"href":"https:\/\/www.visit-ulcinj.com\/blog\/wp-json\/wp\/v2\/types\/post"}],"author":[{"embeddable":true,"href":"https:\/\/www.visit-ulcinj.com\/blog\/wp-json\/wp\/v2\/users\/1"}],"replies":[{"embeddable":true,"href":"https:\/\/www.visit-ulcinj.com\/blog\/wp-json\/wp\/v2\/comments?post=104590"}],"version-history":[{"count":2,"href":"https:\/\/www.visit-ulcinj.com\/blog\/wp-json\/wp\/v2\/posts\/104590\/revisions"}],"predecessor-version":[{"id":104597,"href":"https:\/\/www.visit-ulcinj.com\/blog\/wp-json\/wp\/v2\/posts\/104590\/revisions\/104597"}],"wp:attachment":[{"href":"https:\/\/www.visit-ulcinj.com\/blog\/wp-json\/wp\/v2\/media?parent=104590"}],"wp:term":[{"taxonomy":"category","embeddable":true,"href":"https:\/\/www.visit-ulcinj.com\/blog\/wp-json\/wp\/v2\/categories?post=104590"},{"taxonomy":"post_tag","embeddable":true,"href":"https:\/\/www.visit-ulcinj.com\/blog\/wp-json\/wp\/v2\/tags?post=104590"}],"curies":[{"name":"wp","href":"https:\/\/api.w.org\/{rel}","templated":true}]}}