{"id":1046,"date":"2008-03-26T00:38:31","date_gmt":"2008-03-26T05:38:31","guid":{"rendered":"http:\/\/www.visit-ulcinj.com\/blog\/2008\/03\/26\/medojevicev-dogovor-sa-albanskim-partijama\/"},"modified":"2008-03-26T01:54:43","modified_gmt":"2008-03-26T06:54:43","slug":"medojevicev-dogovor-sa-albanskim-partijama","status":"publish","type":"post","link":"https:\/\/www.visit-ulcinj.com\/blog\/2008\/03\/26\/medojevicev-dogovor-sa-albanskim-partijama\/","title":{"rendered":"Medojevi?ev dogovor sa albanskim partijama"},"content":{"rendered":"<p><a href=\"http:\/\/www.visit-ulcinj.com\/blog\/wp-content\/uploads\/2008\/03\/medojevic_cakuli.jpg\" title=\"medojevic_cakuli\"><img loading=\"lazy\" src=\"http:\/\/www.visit-ulcinj.com\/blog\/wp-content\/uploads\/2008\/03\/medojevic_cakuli.thumbnail.jpg\" alt=\"medojevic_cakuli\" align=\"left\" height=\"111\" width=\"200\" \/><\/a>Demokratska partija socijalista optu\u017eila je predsjedni?kog kandidata Pokreta za promjene Neboj\u0161u Medojevi?a da je albanskim partijama Forca i Albanska alternativa obe?ao aboliciju za optu\u017eene za terorizam koji su uhap\u0161eni u policijskog akciji &#8220;Orlov let&#8221;.<br \/>\n\u0160to je zapravo dogovor dijela albanskih nacionalnih partija sa Pokretom za promjene?<br \/>\nNakon \u0161to su Nazif Cungu i Vaselj Sini\u0161taj, lideri nacionalnih partija Forca i Albanske alternative, pozvali svoje bira?e da na predsjedni?kim izborima podr\u017ee Neboj\u0161u Medojevi?a, iz vladaju?e DPS je poru?eno da motiv zbog kojeg je dio albanskih partija podr\u017eao Medojevi?a le\u017ei u obe?anju Medojevi?a da ?e abolirati uhap\u0161ene u policijskog akciji &#8220;Orlov let&#8221;, a kojima se sudi za terorizam i pripremanje teroristi?kih napada u Malesiji.<img loading=\"lazy\" src=\"http:\/\/www.dpscg.org\/images\/stories\/licnosti\/rajko-kovacevic.jpg\" alt=\"Rajko Kova?evi?\" align=\"right\" height=\"112\" width=\"80\" \/><br \/>\nKako je saop\u0161tio portparol DPS-a Rajko Kova?evi?, izvori ove optu\u017ebe su aktivisti dijela albanskih stranaka na terenu. Lideru partije Forca i Albanske alternative demantuju da je postojao dogovor o tome, a Vasilj Sini\u0161taj ka\u017ee da jedini dogovor predstavlja da u Crnoj Gori sjutra ne bude politi?kih zatvorenika, a ne abolicija optu\u017eenih:<br \/>\n&#8220;Kao ?ovjek koji prati i propise i mogu?nosti, ja znam da je moglo, da je na predsjedniku dr\u017eave da u svakoj fazi krivi?nog i pretkrivi?nog postupka mo\u017ee da ih i oslobodi. Ja znam da u Crnoj  Gori to nikada nije bilo niti sam o?ekivao da ?e to biti. Ipak, ono \u0161to sam mislio, a bilo bi vrlo korisno i mislim da ?e i gra?ani Crne Gore, a i me?unarodni faktori da se slo\u017ee, je da je mo\u017eda trebalo zastati sa pretkrivi?nim postupkom protiv ovih ljudi da se prvo vodi krivi?ni postupak zlostavljanja i torture i ono \u0161to je ura?eno od strana N.N. slu\u017ebenih lica i onda bismo mo\u017eda dobili fer i korektno su?enje u ovom predmetu&#8221;.<br \/>\n<a href=\"http:\/\/www.visit-ulcinj.com\/blog\/wp-content\/uploads\/2008\/03\/nazif-cungu.jpg\" title=\"Nazif Cungu02\"><img loading=\"lazy\" src=\"http:\/\/www.visit-ulcinj.com\/blog\/wp-content\/uploads\/2008\/03\/nazif-cungu.thumbnail.jpg\" alt=\"Nazif Cungu02\" align=\"left\" height=\"171\" width=\"161\" \/><\/a>Tako?e, prema rije?ima Nazifa Cungua, predsjednika Force, zahtjev prema Medojevi?u je bio da se sudski proces protiv grupe Albanaca pravedno zavr\u0161i:<br \/>\n&#8220;Da su stvarno ti ljudi krivi za krivi?na djela kojim se terete do sada bi bili i osu?eni. Time mi ne ru\u0161imo nikakvu sudsku vlast nego prosto \u017eelimo samo ja?e sudstvo. Mi ne podr\u017eavamo Medojevi?a zbog njegovih obe?anja, ve? zbog obe?anja aktuelne vlasti. Nama je dosta obe?enja ve? 17 godina i poslije sve ostaje isto. Ulcinj je osiroma\u0161en jer mu je oduzeta obala preko Morskog dobra, Valdanos preko vojske, \u0160ip?anik preko Planta\u017ea, privatizacija je izvr\u0161ena netransparentno i bez u?e\u0161?a lokalne uprave i sva preduze?e su ba?ena pod ste?aj, \u0161to nije slu?aj sa ostalim primorskim gradovima&#8221;. <img loading=\"lazy\" src=\"http:\/\/www.promjene.net\/mladi\/slike%20za%20vijesti\/koca.jpg\" alt=\"Ko?a Pavlovi?\" align=\"right\" height=\"150\" width=\"200\" \/><br \/>\nSli?no potvr?uje i portparol Pokreta za promjene Ko?a Pavlovi? &#8211; da je jedini dogovor sa dijelom albanskih partija da u Crnoj Gori ne bude politi?kih zatvorenika:<br \/>\n&#8220;Vezano za akciju &#8216;Orlov let&#8217; on je rekao ono \u0161to je poznati stav Pokreta za promjene od ranije. Radi se prosto o jednoj politi?koj motivisanoj akciji koja je unijela veliki razdor unutar same Malesije, radi se o zloupotrebi policije protiv gra?ana Crne Gore sa jedne strane i sa druge strane Crna Gora u ovome trenutku je jedna tu\u017ena zemlja u tom smislu da jo\u0161 uvijek ima zna?ajan broj ljudi koji su politi?ki zatvorenici u zatvorima Crne Gore&#8221;.<br \/>\nZa mjesec i po ?e se navr\u0161iti godina od po?etka su?enja 14-o?lanoj grupi Albanaca uhap\u0161enih u policijskoj akciji &#8220;Orlov let&#8221;, pod sumnjom da su planirali niz teroristi?kih akcija u reonu Malesije.<br \/>\n<img loading=\"lazy\" src=\"http:\/\/www.pravni.net\/images\/bmitric_5955_n.jpg\" alt=\"Blagota Mitri?\" align=\"left\" height=\"96\" width=\"80\" \/>Hap\u0161enje je pratila te\u0161ka tortura nad uhap\u0161enima koja nikada nije rasvijetljena. Kada je rije? o formalno pravnoj aboliciji profesor na Pravnom fakultetu Blagota Mitri? ka\u017ee da se radi o institutu koji je po Ustavu u nadle\u017enosti predsjednika Republike:<br \/>\n&#8220;To je jedan potpuno legalan i legitiman akt predsjednika Republike, ?e on mo\u017ee usred postupka da abolira lica optu\u017eena za krivi?na djela predvi?ena Krivi?kim zakonikom Crne Gore. A posljedice su takve da protiv aboliranog lica, koga abolira predsjednik Republike, ne mo\u017ee nikad vi\u0161e biti nastavljen proces niti podnijeta nekakva druga optu\u017enica povodom tog djela zbog koga je  aboliran. Mi smo u na\u0161oj praksi imali jedan takav slu?aj u vrijeme kada je gospodin Momir Bulatovi? bio predsjednik kada je abolirao jedno lice koje je bilo optu\u017eeno za utaju poreza ili tako ne\u0161to, abolirao ga je usred postupka, to lice je oslobo?eno i nikada vi\u0161e protiv njega nije ra?en krivi?ni postupak niti mo\u017ee&#8221;.<\/p>\n<p>Sr?an Jankovi?<br \/>\nwww.cafemontenegro.com<br \/>\n<strong>LIDERI FORCE I ALBANSKE ALTERNATIVE POZVALI SVOJE ?LANOVE DA GLASAJU ZA KANDIDATA PzP-a<\/strong><\/p>\n<p><a href=\"http:\/\/www.visit-ulcinj.com\/blog\/wp-content\/uploads\/2008\/01\/nazif-cungu.jpg\" title=\"nazif cungu\"><img loading=\"lazy\" src=\"http:\/\/www.visit-ulcinj.com\/blog\/wp-content\/uploads\/2008\/01\/nazif-cungu.thumbnail.jpg\" alt=\"nazif cungu\" align=\"left\" height=\"108\" width=\"128\" \/><\/a><strong>Cungu i Sini\u0161taj podr\u017eali Medojevi?a<\/strong><br \/>\nLideri Nove demokratske snage \u2013 Forca i Albanske alternative, Nazif Cungu i Vaselj Sini\u0161taj pozvali su ju?e bira?e i simpatizere da na predstoje?im predsjedni?kim izborima glasaju za Neboj\u0161u Medojevi?a, kandidata Pokreta za promjene. Oni su na konferenciji za novinare ocijenili da je aktuelna vlast odgovorna za mnogobrojne procese i pojave koje su negativno uticale na razvoj i perspektivu Albanaca u Crnoj Gori.<br \/>\n&#8211; Vlast godinama obe?ava pobolj\u0161anje statusa manjinskih naroda, ali se ova obe?anja djelimi?no realizuju, dok se u zadnje vrijeme ne po\u0161tuje nijedan sporazum ili opravdani zahtjev. Od svih naroda u Crnoj Gori, kod Albanaca je zabilje\u017een najve?i stepen migracije, \u0161to za posljedicu ima smanjenje broja u strukturi stanovni\u0161tva u Crnoj Gori &#8211; kazao je Cungu.<br \/>\nOn je naveo da je u Crnoj Gori na popisu iz 1991.godine Albanaca bilo sedam odsto, da bi 2003. godine taj procenat pao na pet odsto. Prema njegovim rije?ima, jo\u0161 indikativnija je ?injenica da je Ulcinj jedini primorski grad koji bilje\u017ei pad broja stanovnika. Cungu je istakao da se neprestano govori o potencijalima za razvoj i velikoj perspektivi, naro?ito za Ulcinj, ali na\u017ealost nema kapitalnih investicija koje bi potvrdile spremnost vlasti da pomogne u prevazila\u017eenju mnogobrojnih problema i stvaranju preduslova za razvoj.<a href=\"http:\/\/www.visit-ulcinj.com\/blog\/wp-content\/uploads\/2008\/03\/vasel-sinishtaj01.jpg\" title=\"vasel sinishtaj01\"><img loading=\"lazy\" src=\"http:\/\/www.visit-ulcinj.com\/blog\/wp-content\/uploads\/2008\/03\/vasel-sinishtaj01.thumbnail.jpg\" alt=\"vasel sinishtaj01\" align=\"right\" height=\"153\" width=\"174\" \/><\/a><br \/>\nLider Albanske alternative Vaselj Sini\u0161taj naglasio je da 18 godina za redom predug vremenski period da se vjeruje jednom ?ovjeku i jednoj politi?koj opciji i, praznim obe?anjima, posebno onim datim u predizbornim kampanjama?.<br \/>\n&#8211; Jo\u0161 nije rije\u0161eno pitanje punopravne op\u0161tine za Malesiju, jo\u0161 je na snazi Zakon o morskom dobru, koji posebno nanosi \u0161tetu Ulcinju, stvoreni su uslovi za nacionalizaciju plavskih planina i \u0161uma na \u0161tetu gra?ana tog kraja. Nastavlja se sa sumnjivom privatizacijom, a najdrasti?niji primjer je privatizacija ulcinjske Solane i dalje se odbijaju zahtjevi gra?ana \u0160ip?anika i Valdanosa za povra?aj zemlji\u0161ta, jo\u0161 nemamo odgovaraju?e investicije u Ulcinju, Barskoj krajini, Vladimiru, Tuzima, Malesiji, Plavu, Gusinju odnosno u albanskim etni?kim sredinama. Na ovaj na?in se direktno ili indirektno stvaraju uslovi za nesprije?avanje iseljavanja, istakao je Sini\u0161taj .<br \/>\n-Ako \u017eelimo da promijenimo odnos vlasti prema Albancima, nije dovoljno promijeniti samo jednu li?nost &#8211; moramo mijenjati sistem. To mo\u017eemo posti?i samo snagom datog glasa, zato pozivam bira?e da ovog puta svi damo glas kandidatu broj jedan na listi -kandidatu kome je Bog odredio broj i prvo mjesto -poru?io je Sini\u0161taj.<br \/>\nM.K<\/p>\n<p><span class=\"a\">www.dan.cg.yu\/<\/span><br \/>\n<strong><br \/>\nDPS: Obe?ao aboliciju za &#8220;Orlov let&#8221;<\/strong><\/p>\n<p>Predsjednik Pokreta za promjene Neboj\u0161a Medojevi? je, po svemu sude?i, obe?ao liderima Force i Albanske alternative da ?e, ukoliko ga podr\u017ee na predsjedni?kim izborima, osloboditi uhap\u0161ene u akciji Orlov let mimo sudskog postupka, saop\u0161teno je ju?e iz Demokratske partije socijalista.<br \/>\nPortparol DPS-a Rajko Kova?evi? kazao je da poziv lidera Force i Albanske alternative upu?uje na zaklju?ak da se razlozi za to mogu tra\u017eiti u onome \u0161to govore njihovi aktivisti na terenu.<br \/>\n(MINA)<\/p>\n<p><a href=\"http:\/\/www.visit-ulcinj.com\/blog\/wp-content\/uploads\/2008\/03\/medojevic.jpg\" title=\"Neboj\u0161a Medojevi?_ulcinj\"><img loading=\"lazy\" src=\"http:\/\/www.visit-ulcinj.com\/blog\/wp-content\/uploads\/2008\/03\/medojevic.thumbnail.jpg\" alt=\"Neboj\u0161a Medojevi?_ulcinj\" align=\"left\" height=\"159\" width=\"200\" \/><\/a><strong>NEBOJ\u0160A MEDOJEVI? OBE?AO DA ?E STVORITI USLOVE ZA POVRATAK SVIH RO\u017dAJACA<\/strong><br \/>\nHo?emo paso\u0161 a ne vize<br \/>\nPromjenom re\u017eima stvori?e se uslovi za bolji \u017eivot, otvaranje novih radnih mjesta, obezbje?ivanje stanova, kao \u0161to to rade svi ljudi u demokratskim i civilizovanim zemljama, kazao je sino? na tribini u Ro\u017eajama Neboj\u0161a Medojevi?, predsjedni?ki kandidat DPS-a.<br \/>\n&#8211; Ho?emo paso\u0161 a ne vize, ho?emo predsjednika koji mo\u017ee da ode i u Sarajevo, i da ga tamo do?ekaju majke stradalih u Srebrenici, majke \u017ertava \u017dete iz Sarajeva, i da mi ka\u017eu &#8220;ti ne mora\u0161 da se izvinjava\u0161, nego ti hvala \u0161to si u?inio 1991.godine&#8221; &#8211; naveo je Medojevi?.<br \/>\nOn je naglasio da ovo nijesu izbori za potpredsjednika dr\u017eave jer da jesu, kako je rekao, &#8220;i ja bih glasao za Filipa&#8221;.<br \/>\n-Kada postanem predsjednik stvori?u uslove za povratak svih onih Ro\u017eajaca i drugih gra?ana Crne Gore koji su proteklih 20 godina pobjegli od ratno &#8211; hu\u0161ka?ke politike i koji su svoj zavi?aj napustili zbog tra\u017eenja boljeg \u017eivota &#8211; kazao je Medojevi? i dodao da vi\u0161e nema biranja izme?u dva zla te da je vrijeme zla, ratova i podjela za nama.<br \/>\nOn je uvjeren da ?e se njegovoj pobjedi 6. aprila radovati svi u dr\u017eavi pa i &#8221; Vujanovi? jer ?e mu pasti kamen sa vrata, veliki teret i njima treba moja pobjeda i njima treba promjena u Crnoj Gori da se odreknu kartela da se odreknu svoje sramne pro\u0161losti&#8221;.<br \/>\nV.Ra.<\/p>\n<p><span class=\"a\">www.dan.cg.yu\/<\/span><\/p>\n","protected":false},"excerpt":{"rendered":"<p><img loading=\"lazy\" src=\"http:\/\/www.visit-ulcinj.com\/blog\/wp-content\/uploads\/2008\/03\/medojevic_cakuli.thumbnail.jpg\" alt=\"medojevic_cakuli\" align=\"left\" height=\"140\" width=\"140\" \/><\/p>\n","protected":false},"author":1,"featured_media":0,"comment_status":"open","ping_status":"closed","sticky":false,"template":"","format":"standard","meta":{"spay_email":"","jetpack_publicize_message":"","jetpack_is_tweetstorm":false,"jetpack_publicize_feature_enabled":true},"categories":[6,12],"tags":[],"jetpack_publicize_connections":[],"yoast_head":"<!-- This site is optimized with the Yoast SEO plugin v19.1 - https:\/\/yoast.com\/wordpress\/plugins\/seo\/ -->\n<title>Medojevi?ev dogovor sa albanskim partijama - Lajme nga Ulqini<\/title>\n<meta name=\"robots\" content=\"index, follow, max-snippet:-1, max-image-preview:large, max-video-preview:-1\" \/>\n<link rel=\"canonical\" href=\"https:\/\/www.visit-ulcinj.com\/blog\/2008\/03\/26\/medojevicev-dogovor-sa-albanskim-partijama\/\" \/>\n<meta property=\"og:locale\" content=\"en_US\" \/>\n<meta property=\"og:type\" content=\"article\" \/>\n<meta property=\"og:title\" content=\"Medojevi?ev dogovor sa albanskim partijama - Lajme nga Ulqini\" \/>\n<meta property=\"og:url\" content=\"https:\/\/www.visit-ulcinj.com\/blog\/2008\/03\/26\/medojevicev-dogovor-sa-albanskim-partijama\/\" \/>\n<meta property=\"og:site_name\" content=\"Lajme nga Ulqini\" \/>\n<meta property=\"article:published_time\" content=\"2008-03-26T05:38:31+00:00\" \/>\n<meta property=\"article:modified_time\" content=\"2008-03-26T06:54:43+00:00\" \/>\n<meta property=\"og:image\" content=\"http:\/\/www.visit-ulcinj.com\/blog\/wp-content\/uploads\/2008\/03\/medojevic_cakuli.thumbnail.jpg\" \/>\n<meta name=\"twitter:label1\" content=\"Written by\" \/>\n\t<meta name=\"twitter:data1\" content=\"ulqini\" \/>\n\t<meta name=\"twitter:label2\" content=\"Est. reading time\" \/>\n\t<meta name=\"twitter:data2\" content=\"8 minutes\" \/>\n<script type=\"application\/ld+json\" class=\"yoast-schema-graph\">{\"@context\":\"https:\/\/schema.org\",\"@graph\":[{\"@type\":\"WebSite\",\"@id\":\"https:\/\/www.visit-ulcinj.com\/blog\/#website\",\"url\":\"https:\/\/www.visit-ulcinj.com\/blog\/\",\"name\":\"Lajme nga Ulqini\",\"description\":\"Lajme,Vijesti,Ulqini,Ulqin,Crna Gora,Mali i Zi\",\"potentialAction\":[{\"@type\":\"SearchAction\",\"target\":{\"@type\":\"EntryPoint\",\"urlTemplate\":\"https:\/\/www.visit-ulcinj.com\/blog\/?s={search_term_string}\"},\"query-input\":\"required name=search_term_string\"}],\"inLanguage\":\"en-US\"},{\"@type\":\"ImageObject\",\"inLanguage\":\"en-US\",\"@id\":\"https:\/\/www.visit-ulcinj.com\/blog\/2008\/03\/26\/medojevicev-dogovor-sa-albanskim-partijama\/#primaryimage\",\"url\":\"http:\/\/www.visit-ulcinj.com\/blog\/wp-content\/uploads\/2008\/03\/medojevic_cakuli.thumbnail.jpg\",\"contentUrl\":\"http:\/\/www.visit-ulcinj.com\/blog\/wp-content\/uploads\/2008\/03\/medojevic_cakuli.thumbnail.jpg\"},{\"@type\":\"WebPage\",\"@id\":\"https:\/\/www.visit-ulcinj.com\/blog\/2008\/03\/26\/medojevicev-dogovor-sa-albanskim-partijama\/#webpage\",\"url\":\"https:\/\/www.visit-ulcinj.com\/blog\/2008\/03\/26\/medojevicev-dogovor-sa-albanskim-partijama\/\",\"name\":\"Medojevi?ev dogovor sa albanskim partijama - Lajme nga Ulqini\",\"isPartOf\":{\"@id\":\"https:\/\/www.visit-ulcinj.com\/blog\/#website\"},\"primaryImageOfPage\":{\"@id\":\"https:\/\/www.visit-ulcinj.com\/blog\/2008\/03\/26\/medojevicev-dogovor-sa-albanskim-partijama\/#primaryimage\"},\"datePublished\":\"2008-03-26T05:38:31+00:00\",\"dateModified\":\"2008-03-26T06:54:43+00:00\",\"author\":{\"@id\":\"https:\/\/www.visit-ulcinj.com\/blog\/#\/schema\/person\/dcab619c614d3038751c63bc2aadc06d\"},\"breadcrumb\":{\"@id\":\"https:\/\/www.visit-ulcinj.com\/blog\/2008\/03\/26\/medojevicev-dogovor-sa-albanskim-partijama\/#breadcrumb\"},\"inLanguage\":\"en-US\",\"potentialAction\":[{\"@type\":\"ReadAction\",\"target\":[\"https:\/\/www.visit-ulcinj.com\/blog\/2008\/03\/26\/medojevicev-dogovor-sa-albanskim-partijama\/\"]}]},{\"@type\":\"BreadcrumbList\",\"@id\":\"https:\/\/www.visit-ulcinj.com\/blog\/2008\/03\/26\/medojevicev-dogovor-sa-albanskim-partijama\/#breadcrumb\",\"itemListElement\":[{\"@type\":\"ListItem\",\"position\":1,\"name\":\"Medojevi?ev dogovor sa albanskim partijama\"}]},{\"@type\":\"Person\",\"@id\":\"https:\/\/www.visit-ulcinj.com\/blog\/#\/schema\/person\/dcab619c614d3038751c63bc2aadc06d\",\"name\":\"ulqini\",\"sameAs\":[\"http:\/\/www.visit-ulcinj.com\"],\"url\":\"https:\/\/www.visit-ulcinj.com\/blog\/author\/admin\/\"}]}<\/script>\n<!-- \/ Yoast SEO plugin. -->","yoast_head_json":{"title":"Medojevi?ev dogovor sa albanskim partijama - Lajme nga Ulqini","robots":{"index":"index","follow":"follow","max-snippet":"max-snippet:-1","max-image-preview":"max-image-preview:large","max-video-preview":"max-video-preview:-1"},"canonical":"https:\/\/www.visit-ulcinj.com\/blog\/2008\/03\/26\/medojevicev-dogovor-sa-albanskim-partijama\/","og_locale":"en_US","og_type":"article","og_title":"Medojevi?ev dogovor sa albanskim partijama - Lajme nga Ulqini","og_url":"https:\/\/www.visit-ulcinj.com\/blog\/2008\/03\/26\/medojevicev-dogovor-sa-albanskim-partijama\/","og_site_name":"Lajme nga Ulqini","article_published_time":"2008-03-26T05:38:31+00:00","article_modified_time":"2008-03-26T06:54:43+00:00","og_image":[{"url":"http:\/\/www.visit-ulcinj.com\/blog\/wp-content\/uploads\/2008\/03\/medojevic_cakuli.thumbnail.jpg"}],"twitter_misc":{"Written by":"ulqini","Est. reading time":"8 minutes"},"schema":{"@context":"https:\/\/schema.org","@graph":[{"@type":"WebSite","@id":"https:\/\/www.visit-ulcinj.com\/blog\/#website","url":"https:\/\/www.visit-ulcinj.com\/blog\/","name":"Lajme nga Ulqini","description":"Lajme,Vijesti,Ulqini,Ulqin,Crna Gora,Mali i Zi","potentialAction":[{"@type":"SearchAction","target":{"@type":"EntryPoint","urlTemplate":"https:\/\/www.visit-ulcinj.com\/blog\/?s={search_term_string}"},"query-input":"required name=search_term_string"}],"inLanguage":"en-US"},{"@type":"ImageObject","inLanguage":"en-US","@id":"https:\/\/www.visit-ulcinj.com\/blog\/2008\/03\/26\/medojevicev-dogovor-sa-albanskim-partijama\/#primaryimage","url":"http:\/\/www.visit-ulcinj.com\/blog\/wp-content\/uploads\/2008\/03\/medojevic_cakuli.thumbnail.jpg","contentUrl":"http:\/\/www.visit-ulcinj.com\/blog\/wp-content\/uploads\/2008\/03\/medojevic_cakuli.thumbnail.jpg"},{"@type":"WebPage","@id":"https:\/\/www.visit-ulcinj.com\/blog\/2008\/03\/26\/medojevicev-dogovor-sa-albanskim-partijama\/#webpage","url":"https:\/\/www.visit-ulcinj.com\/blog\/2008\/03\/26\/medojevicev-dogovor-sa-albanskim-partijama\/","name":"Medojevi?ev dogovor sa albanskim partijama - Lajme nga Ulqini","isPartOf":{"@id":"https:\/\/www.visit-ulcinj.com\/blog\/#website"},"primaryImageOfPage":{"@id":"https:\/\/www.visit-ulcinj.com\/blog\/2008\/03\/26\/medojevicev-dogovor-sa-albanskim-partijama\/#primaryimage"},"datePublished":"2008-03-26T05:38:31+00:00","dateModified":"2008-03-26T06:54:43+00:00","author":{"@id":"https:\/\/www.visit-ulcinj.com\/blog\/#\/schema\/person\/dcab619c614d3038751c63bc2aadc06d"},"breadcrumb":{"@id":"https:\/\/www.visit-ulcinj.com\/blog\/2008\/03\/26\/medojevicev-dogovor-sa-albanskim-partijama\/#breadcrumb"},"inLanguage":"en-US","potentialAction":[{"@type":"ReadAction","target":["https:\/\/www.visit-ulcinj.com\/blog\/2008\/03\/26\/medojevicev-dogovor-sa-albanskim-partijama\/"]}]},{"@type":"BreadcrumbList","@id":"https:\/\/www.visit-ulcinj.com\/blog\/2008\/03\/26\/medojevicev-dogovor-sa-albanskim-partijama\/#breadcrumb","itemListElement":[{"@type":"ListItem","position":1,"name":"Medojevi?ev dogovor sa albanskim partijama"}]},{"@type":"Person","@id":"https:\/\/www.visit-ulcinj.com\/blog\/#\/schema\/person\/dcab619c614d3038751c63bc2aadc06d","name":"ulqini","sameAs":["http:\/\/www.visit-ulcinj.com"],"url":"https:\/\/www.visit-ulcinj.com\/blog\/author\/admin\/"}]}},"jetpack_featured_media_url":"","jetpack_sharing_enabled":true,"jetpack_shortlink":"https:\/\/wp.me\/pe6lTn-gS","_links":{"self":[{"href":"https:\/\/www.visit-ulcinj.com\/blog\/wp-json\/wp\/v2\/posts\/1046"}],"collection":[{"href":"https:\/\/www.visit-ulcinj.com\/blog\/wp-json\/wp\/v2\/posts"}],"about":[{"href":"https:\/\/www.visit-ulcinj.com\/blog\/wp-json\/wp\/v2\/types\/post"}],"author":[{"embeddable":true,"href":"https:\/\/www.visit-ulcinj.com\/blog\/wp-json\/wp\/v2\/users\/1"}],"replies":[{"embeddable":true,"href":"https:\/\/www.visit-ulcinj.com\/blog\/wp-json\/wp\/v2\/comments?post=1046"}],"version-history":[{"count":0,"href":"https:\/\/www.visit-ulcinj.com\/blog\/wp-json\/wp\/v2\/posts\/1046\/revisions"}],"wp:attachment":[{"href":"https:\/\/www.visit-ulcinj.com\/blog\/wp-json\/wp\/v2\/media?parent=1046"}],"wp:term":[{"taxonomy":"category","embeddable":true,"href":"https:\/\/www.visit-ulcinj.com\/blog\/wp-json\/wp\/v2\/categories?post=1046"},{"taxonomy":"post_tag","embeddable":true,"href":"https:\/\/www.visit-ulcinj.com\/blog\/wp-json\/wp\/v2\/tags?post=1046"}],"curies":[{"name":"wp","href":"https:\/\/api.w.org\/{rel}","templated":true}]}}