{"id":104603,"date":"2017-04-24T22:54:41","date_gmt":"2017-04-24T21:54:41","guid":{"rendered":"http:\/\/www.visit-ulcinj.com\/blog\/?p=104603"},"modified":"2017-04-24T23:02:45","modified_gmt":"2017-04-24T22:02:45","slug":"hapet-ekspozita-familjet-fisnike-shqiptare-ne-koprin-venedikas-ne-ulqin","status":"publish","type":"post","link":"https:\/\/www.visit-ulcinj.com\/blog\/2017\/04\/24\/hapet-ekspozita-familjet-fisnike-shqiptare-ne-koprin-venedikas-ne-ulqin\/","title":{"rendered":"Hapet ekspozita \u201dFamiljet fisnike shqiptare n\u00eb Koprin Venedikas\u201d n\u00eb Ulqin"},"content":{"rendered":"<div class=\"entry-content\">\n<p><a href=\"http:\/\/www.visit-ulcinj.com\/blog\/wp-content\/uploads\/2017\/04\/Ftesa-Hapet-ekspozita-\u201dFamiljet-fisnike-shqiptare-n\u00eb-Koprin-Venedikas\u201d-n\u00eb-Ulqin.jpg\"><img loading=\"lazy\" class=\"alignleft wp-image-104604\" src=\"http:\/\/www.visit-ulcinj.com\/blog\/wp-content\/uploads\/2017\/04\/Ftesa-Hapet-ekspozita-\u201dFamiljet-fisnike-shqiptare-n\u00eb-Koprin-Venedikas\u201d-n\u00eb-Ulqin.jpg\" alt=\"\" width=\"508\" height=\"242\" srcset=\"https:\/\/www.visit-ulcinj.com\/blog\/wp-content\/uploads\/2017\/04\/Ftesa-Hapet-ekspozita-\u201dFamiljet-fisnike-shqiptare-n\u00eb-Koprin-Venedikas\u201d-n\u00eb-Ulqin.jpg 736w, https:\/\/www.visit-ulcinj.com\/blog\/wp-content\/uploads\/2017\/04\/Ftesa-Hapet-ekspozita-\u201dFamiljet-fisnike-shqiptare-n\u00eb-Koprin-Venedikas\u201d-n\u00eb-Ulqin-300x143.jpg 300w\" sizes=\"(max-width: 508px) 100vw, 508px\" \/><\/a>N\u00eb Galerin\u00eb e Qendr\u00ebs Kulturore t\u00eb Ulqinit do t\u00eb b\u00ebhet hapja e nj\u00eb ekspozite t\u00eb titulluar \u201cFamiljet fisnike shqiptare n\u00eb Koprin Venedikas\u201d.<\/p>\n<p>Ky eveniment organizohet nga shoqata \u201cLabeatet\u201d, n\u00eb bashk\u00ebpunim me shoqat\u00ebn \u201cIliria\u201d dhe drejtorin e Bibliotek\u00ebs Komb\u00ebtare n\u00eb Koper t\u00eb Sllovenis\u00eb, Peter Shoka.<\/p>\n<p>Si\u00e7 dihet, dy prej familjeve kryesore, n\u00eb \u201cKoprin Venedikas\u201d, familja Bruti dhe Bruni, t\u00eb cilat shquhen p\u00ebr kontributin e tyre t\u00eb ve\u00e7ant\u00eb, jan\u00eb me prejardhje ulqinake. Ekspozita do t\u00eb hapet m\u00eb dat\u00eb 25.04.2017, n\u00eb ora 20:00.<\/p>\n<p><strong><span id=\"fbPhotoSnowliftCaption\" class=\"fbPhotosPhotoCaption\" tabindex=\"0\" data-ft=\"{&quot;tn&quot;:&quot;K&quot;}\"><span class=\"hasCaption\">Ekspozita do t\u00eb realizohet me p\u00ebrkrahj\u00ebn e K\u00ebshillit Komb\u00ebtar t\u00eb Shqiptar\u00ebve n\u00eb Mal t\u00eb Zi dhe Organizat\u00ebs Turistike-Ulqin.<\/span><\/span><\/strong><span id=\"fbPhotoSnowliftTagList\" class=\"fbPhotoTagList\"><\/span><\/p>\n<p><a href=\"http:\/\/www.visit-ulcinj.com\/blog\/wp-content\/uploads\/2017\/04\/Hapet-ekspozita-\u201dFamiljet-fisnike-shqiptare-n\u00eb-Koprin-Venedikas\u201d-n\u00eb-Ulqin.jpg\"><img loading=\"lazy\" class=\"alignleft wp-image-104606\" src=\"http:\/\/www.visit-ulcinj.com\/blog\/wp-content\/uploads\/2017\/04\/Hapet-ekspozita-\u201dFamiljet-fisnike-shqiptare-n\u00eb-Koprin-Venedikas\u201d-n\u00eb-Ulqin.jpg\" alt=\"\" width=\"508\" height=\"625\" srcset=\"https:\/\/www.visit-ulcinj.com\/blog\/wp-content\/uploads\/2017\/04\/Hapet-ekspozita-\u201dFamiljet-fisnike-shqiptare-n\u00eb-Koprin-Venedikas\u201d-n\u00eb-Ulqin.jpg 434w, https:\/\/www.visit-ulcinj.com\/blog\/wp-content\/uploads\/2017\/04\/Hapet-ekspozita-\u201dFamiljet-fisnike-shqiptare-n\u00eb-Koprin-Venedikas\u201d-n\u00eb-Ulqin-244x300.jpg 244w\" sizes=\"(max-width: 508px) 100vw, 508px\" \/><\/a><\/p>\n<p>&nbsp;<\/p>\n<\/div>\n","protected":false},"excerpt":{"rendered":"<p>N\u00eb Galerin\u00eb e Qendr\u00ebs Kulturore t\u00eb Ulqinit do t\u00eb b\u00ebhet hapja e nj\u00eb ekspozite t\u00eb titulluar \u201cFamiljet fisnike shqiptare n\u00eb Koprin Venedikas\u201d. Ky eveniment organizohet nga shoqata \u201cLabeatet\u201d, n\u00eb bashk\u00ebpunim me shoqat\u00ebn \u201cIliria\u201d dhe drejtorin e Bibliotek\u00ebs Komb\u00ebtare n\u00eb Koper t\u00eb Sllovenis\u00eb, Peter Shoka. Si\u00e7 dihet, dy prej familjeve kryesore, n\u00eb \u201cKoprin Venedikas\u201d, familja Bruti [&hellip;]<\/p>\n","protected":false},"author":1,"featured_media":0,"comment_status":"closed","ping_status":"closed","sticky":false,"template":"","format":"standard","meta":{"spay_email":"","jetpack_publicize_message":"","jetpack_is_tweetstorm":false,"jetpack_publicize_feature_enabled":true},"categories":[6950],"tags":[],"jetpack_publicize_connections":[],"yoast_head":"<!-- This site is optimized with the Yoast SEO plugin v19.1 - https:\/\/yoast.com\/wordpress\/plugins\/seo\/ -->\n<title>Hapet ekspozita \u201dFamiljet fisnike shqiptare n\u00eb Koprin Venedikas\u201d n\u00eb Ulqin - Lajme nga Ulqini<\/title>\n<meta name=\"description\" content=\"N\u00eb Galerin\u00eb e Qendr\u00ebs Kulturore t\u00eb Ulqinit do t\u00eb b\u00ebhet hapja e nj\u00eb ekspozite t\u00eb titulluar \u201cFamiljet fisnike shqiptare n\u00eb Koprin Venedikas\u201d. Ky eveniment\" \/>\n<meta name=\"robots\" content=\"index, follow, max-snippet:-1, max-image-preview:large, max-video-preview:-1\" \/>\n<link rel=\"canonical\" href=\"https:\/\/www.visit-ulcinj.com\/blog\/2017\/04\/24\/hapet-ekspozita-familjet-fisnike-shqiptare-ne-koprin-venedikas-ne-ulqin\/\" \/>\n<meta property=\"og:locale\" content=\"en_US\" \/>\n<meta property=\"og:type\" content=\"article\" \/>\n<meta property=\"og:title\" content=\"Hapet ekspozita \u201dFamiljet fisnike shqiptare n\u00eb Koprin Venedikas\u201d n\u00eb Ulqin - Lajme nga Ulqini\" \/>\n<meta property=\"og:description\" content=\"N\u00eb Galerin\u00eb e Qendr\u00ebs Kulturore t\u00eb Ulqinit do t\u00eb b\u00ebhet hapja e nj\u00eb ekspozite t\u00eb titulluar \u201cFamiljet fisnike shqiptare n\u00eb Koprin Venedikas\u201d. Ky eveniment\" \/>\n<meta property=\"og:url\" content=\"https:\/\/www.visit-ulcinj.com\/blog\/2017\/04\/24\/hapet-ekspozita-familjet-fisnike-shqiptare-ne-koprin-venedikas-ne-ulqin\/\" \/>\n<meta property=\"og:site_name\" content=\"Lajme nga Ulqini\" \/>\n<meta property=\"article:published_time\" content=\"2017-04-24T21:54:41+00:00\" \/>\n<meta property=\"article:modified_time\" content=\"2017-04-24T22:02:45+00:00\" \/>\n<meta name=\"twitter:label1\" content=\"Written by\" \/>\n\t<meta name=\"twitter:data1\" content=\"ulqini\" \/>\n\t<meta name=\"twitter:label2\" content=\"Est. reading time\" \/>\n\t<meta name=\"twitter:data2\" content=\"1 minute\" \/>\n<script type=\"application\/ld+json\" class=\"yoast-schema-graph\">{\"@context\":\"https:\/\/schema.org\",\"@graph\":[{\"@type\":\"WebSite\",\"@id\":\"https:\/\/www.visit-ulcinj.com\/blog\/#website\",\"url\":\"https:\/\/www.visit-ulcinj.com\/blog\/\",\"name\":\"Lajme nga Ulqini\",\"description\":\"Lajme,Vijesti,Ulqini,Ulqin,Crna Gora,Mali i Zi\",\"potentialAction\":[{\"@type\":\"SearchAction\",\"target\":{\"@type\":\"EntryPoint\",\"urlTemplate\":\"https:\/\/www.visit-ulcinj.com\/blog\/?s={search_term_string}\"},\"query-input\":\"required name=search_term_string\"}],\"inLanguage\":\"en-US\"},{\"@type\":\"WebPage\",\"@id\":\"https:\/\/www.visit-ulcinj.com\/blog\/2017\/04\/24\/hapet-ekspozita-familjet-fisnike-shqiptare-ne-koprin-venedikas-ne-ulqin\/#webpage\",\"url\":\"https:\/\/www.visit-ulcinj.com\/blog\/2017\/04\/24\/hapet-ekspozita-familjet-fisnike-shqiptare-ne-koprin-venedikas-ne-ulqin\/\",\"name\":\"Hapet ekspozita \u201dFamiljet fisnike shqiptare n\u00eb Koprin Venedikas\u201d n\u00eb Ulqin - Lajme nga Ulqini\",\"isPartOf\":{\"@id\":\"https:\/\/www.visit-ulcinj.com\/blog\/#website\"},\"datePublished\":\"2017-04-24T21:54:41+00:00\",\"dateModified\":\"2017-04-24T22:02:45+00:00\",\"author\":{\"@id\":\"https:\/\/www.visit-ulcinj.com\/blog\/#\/schema\/person\/dcab619c614d3038751c63bc2aadc06d\"},\"description\":\"N\u00eb Galerin\u00eb e Qendr\u00ebs Kulturore t\u00eb Ulqinit do t\u00eb b\u00ebhet hapja e nj\u00eb ekspozite t\u00eb titulluar \u201cFamiljet fisnike shqiptare n\u00eb Koprin Venedikas\u201d. Ky eveniment\",\"breadcrumb\":{\"@id\":\"https:\/\/www.visit-ulcinj.com\/blog\/2017\/04\/24\/hapet-ekspozita-familjet-fisnike-shqiptare-ne-koprin-venedikas-ne-ulqin\/#breadcrumb\"},\"inLanguage\":\"en-US\",\"potentialAction\":[{\"@type\":\"ReadAction\",\"target\":[\"https:\/\/www.visit-ulcinj.com\/blog\/2017\/04\/24\/hapet-ekspozita-familjet-fisnike-shqiptare-ne-koprin-venedikas-ne-ulqin\/\"]}]},{\"@type\":\"BreadcrumbList\",\"@id\":\"https:\/\/www.visit-ulcinj.com\/blog\/2017\/04\/24\/hapet-ekspozita-familjet-fisnike-shqiptare-ne-koprin-venedikas-ne-ulqin\/#breadcrumb\",\"itemListElement\":[{\"@type\":\"ListItem\",\"position\":1,\"name\":\"Hapet ekspozita \u201dFamiljet fisnike shqiptare n\u00eb Koprin Venedikas\u201d n\u00eb Ulqin\"}]},{\"@type\":\"Person\",\"@id\":\"https:\/\/www.visit-ulcinj.com\/blog\/#\/schema\/person\/dcab619c614d3038751c63bc2aadc06d\",\"name\":\"ulqini\",\"sameAs\":[\"http:\/\/www.visit-ulcinj.com\"],\"url\":\"https:\/\/www.visit-ulcinj.com\/blog\/author\/admin\/\"}]}<\/script>\n<!-- \/ Yoast SEO plugin. -->","yoast_head_json":{"title":"Hapet ekspozita \u201dFamiljet fisnike shqiptare n\u00eb Koprin Venedikas\u201d n\u00eb Ulqin - Lajme nga Ulqini","description":"N\u00eb Galerin\u00eb e Qendr\u00ebs Kulturore t\u00eb Ulqinit do t\u00eb b\u00ebhet hapja e nj\u00eb ekspozite t\u00eb titulluar \u201cFamiljet fisnike shqiptare n\u00eb Koprin Venedikas\u201d. Ky eveniment","robots":{"index":"index","follow":"follow","max-snippet":"max-snippet:-1","max-image-preview":"max-image-preview:large","max-video-preview":"max-video-preview:-1"},"canonical":"https:\/\/www.visit-ulcinj.com\/blog\/2017\/04\/24\/hapet-ekspozita-familjet-fisnike-shqiptare-ne-koprin-venedikas-ne-ulqin\/","og_locale":"en_US","og_type":"article","og_title":"Hapet ekspozita \u201dFamiljet fisnike shqiptare n\u00eb Koprin Venedikas\u201d n\u00eb Ulqin - Lajme nga Ulqini","og_description":"N\u00eb Galerin\u00eb e Qendr\u00ebs Kulturore t\u00eb Ulqinit do t\u00eb b\u00ebhet hapja e nj\u00eb ekspozite t\u00eb titulluar \u201cFamiljet fisnike shqiptare n\u00eb Koprin Venedikas\u201d. Ky eveniment","og_url":"https:\/\/www.visit-ulcinj.com\/blog\/2017\/04\/24\/hapet-ekspozita-familjet-fisnike-shqiptare-ne-koprin-venedikas-ne-ulqin\/","og_site_name":"Lajme nga Ulqini","article_published_time":"2017-04-24T21:54:41+00:00","article_modified_time":"2017-04-24T22:02:45+00:00","twitter_misc":{"Written by":"ulqini","Est. reading time":"1 minute"},"schema":{"@context":"https:\/\/schema.org","@graph":[{"@type":"WebSite","@id":"https:\/\/www.visit-ulcinj.com\/blog\/#website","url":"https:\/\/www.visit-ulcinj.com\/blog\/","name":"Lajme nga Ulqini","description":"Lajme,Vijesti,Ulqini,Ulqin,Crna Gora,Mali i Zi","potentialAction":[{"@type":"SearchAction","target":{"@type":"EntryPoint","urlTemplate":"https:\/\/www.visit-ulcinj.com\/blog\/?s={search_term_string}"},"query-input":"required name=search_term_string"}],"inLanguage":"en-US"},{"@type":"WebPage","@id":"https:\/\/www.visit-ulcinj.com\/blog\/2017\/04\/24\/hapet-ekspozita-familjet-fisnike-shqiptare-ne-koprin-venedikas-ne-ulqin\/#webpage","url":"https:\/\/www.visit-ulcinj.com\/blog\/2017\/04\/24\/hapet-ekspozita-familjet-fisnike-shqiptare-ne-koprin-venedikas-ne-ulqin\/","name":"Hapet ekspozita \u201dFamiljet fisnike shqiptare n\u00eb Koprin Venedikas\u201d n\u00eb Ulqin - Lajme nga Ulqini","isPartOf":{"@id":"https:\/\/www.visit-ulcinj.com\/blog\/#website"},"datePublished":"2017-04-24T21:54:41+00:00","dateModified":"2017-04-24T22:02:45+00:00","author":{"@id":"https:\/\/www.visit-ulcinj.com\/blog\/#\/schema\/person\/dcab619c614d3038751c63bc2aadc06d"},"description":"N\u00eb Galerin\u00eb e Qendr\u00ebs Kulturore t\u00eb Ulqinit do t\u00eb b\u00ebhet hapja e nj\u00eb ekspozite t\u00eb titulluar \u201cFamiljet fisnike shqiptare n\u00eb Koprin Venedikas\u201d. Ky eveniment","breadcrumb":{"@id":"https:\/\/www.visit-ulcinj.com\/blog\/2017\/04\/24\/hapet-ekspozita-familjet-fisnike-shqiptare-ne-koprin-venedikas-ne-ulqin\/#breadcrumb"},"inLanguage":"en-US","potentialAction":[{"@type":"ReadAction","target":["https:\/\/www.visit-ulcinj.com\/blog\/2017\/04\/24\/hapet-ekspozita-familjet-fisnike-shqiptare-ne-koprin-venedikas-ne-ulqin\/"]}]},{"@type":"BreadcrumbList","@id":"https:\/\/www.visit-ulcinj.com\/blog\/2017\/04\/24\/hapet-ekspozita-familjet-fisnike-shqiptare-ne-koprin-venedikas-ne-ulqin\/#breadcrumb","itemListElement":[{"@type":"ListItem","position":1,"name":"Hapet ekspozita \u201dFamiljet fisnike shqiptare n\u00eb Koprin Venedikas\u201d n\u00eb Ulqin"}]},{"@type":"Person","@id":"https:\/\/www.visit-ulcinj.com\/blog\/#\/schema\/person\/dcab619c614d3038751c63bc2aadc06d","name":"ulqini","sameAs":["http:\/\/www.visit-ulcinj.com"],"url":"https:\/\/www.visit-ulcinj.com\/blog\/author\/admin\/"}]}},"jetpack_featured_media_url":"","jetpack_sharing_enabled":true,"jetpack_shortlink":"https:\/\/wp.me\/pe6lTn-rd9","_links":{"self":[{"href":"https:\/\/www.visit-ulcinj.com\/blog\/wp-json\/wp\/v2\/posts\/104603"}],"collection":[{"href":"https:\/\/www.visit-ulcinj.com\/blog\/wp-json\/wp\/v2\/posts"}],"about":[{"href":"https:\/\/www.visit-ulcinj.com\/blog\/wp-json\/wp\/v2\/types\/post"}],"author":[{"embeddable":true,"href":"https:\/\/www.visit-ulcinj.com\/blog\/wp-json\/wp\/v2\/users\/1"}],"replies":[{"embeddable":true,"href":"https:\/\/www.visit-ulcinj.com\/blog\/wp-json\/wp\/v2\/comments?post=104603"}],"version-history":[{"count":2,"href":"https:\/\/www.visit-ulcinj.com\/blog\/wp-json\/wp\/v2\/posts\/104603\/revisions"}],"predecessor-version":[{"id":104611,"href":"https:\/\/www.visit-ulcinj.com\/blog\/wp-json\/wp\/v2\/posts\/104603\/revisions\/104611"}],"wp:attachment":[{"href":"https:\/\/www.visit-ulcinj.com\/blog\/wp-json\/wp\/v2\/media?parent=104603"}],"wp:term":[{"taxonomy":"category","embeddable":true,"href":"https:\/\/www.visit-ulcinj.com\/blog\/wp-json\/wp\/v2\/categories?post=104603"},{"taxonomy":"post_tag","embeddable":true,"href":"https:\/\/www.visit-ulcinj.com\/blog\/wp-json\/wp\/v2\/tags?post=104603"}],"curies":[{"name":"wp","href":"https:\/\/api.w.org\/{rel}","templated":true}]}}