{"id":104621,"date":"2017-04-25T17:04:30","date_gmt":"2017-04-25T16:04:30","guid":{"rendered":"http:\/\/www.visit-ulcinj.com\/blog\/?p=104621"},"modified":"2017-04-25T17:04:30","modified_gmt":"2017-04-25T16:04:30","slug":"rama-duhen-20-vite-pushtet-per-ta-bere-shqiperine-si-mali-zi","status":"publish","type":"post","link":"https:\/\/www.visit-ulcinj.com\/blog\/2017\/04\/25\/rama-duhen-20-vite-pushtet-per-ta-bere-shqiperine-si-mali-zi\/","title":{"rendered":"Rama: M\u00eb duhen 20 vite pushtet p\u00ebr ta b\u00ebr\u00eb Shqip\u00ebrin\u00eb si Mali i Zi"},"content":{"rendered":"<div class=\"paragraph-holder vid-resp\">\n<p><a href=\"http:\/\/www.visit-ulcinj.com\/blog\/wp-content\/uploads\/2017\/04\/edi-rama-gjiri-llazit.jpg\"><img loading=\"lazy\" class=\"alignleft wp-image-104622\" src=\"http:\/\/www.visit-ulcinj.com\/blog\/wp-content\/uploads\/2017\/04\/edi-rama-gjiri-llazit.jpg\" alt=\"\" width=\"508\" height=\"285\" \/><\/a>Duhet besim p\u00ebr t\u00eb sjell\u00eb investitor\u00ebt e m\u00ebdhenj n\u00eb Shqip\u00ebri dhe i duhet shum\u00eb koh\u00eb nj\u00eb Kryeministri p\u00ebr t\u00eb qen\u00eb bind\u00ebs. K\u00ebshtu u shpreh Edi Rama duke sjell shembullin e Malit t\u00eb Zi, ku Kryeministri ka mbi 20 vite n\u00eb pushtet.<\/p>\n<p>Rama ishte sot n\u00eb inaugurimin e nisjes s\u00eb punimeve p\u00ebr kompleksin e par\u00eb turistik me 5 yje n\u00eb Gjirin e Lalzit. Gjat\u00eb fjal\u00ebs s\u00eb tij ai tregoi edhe nj\u00eb bised\u00eb me Kryeministrin e Malit t\u00eb Zi.<\/p>\n<p>\u201cM\u00eb ka mbetur n\u00eb mendje nj\u00eb bisede me Kryeministrin e Malit t\u00eb zi. E kam pyetur homologun tim n\u00eb shtetin fqinj p\u00ebr strategjin\u00eb e nd\u00ebrtimeve cil\u00ebsore q\u00eb e kthyen Malin e Zi n\u00eb nj\u00eb destinacion atraktiv n\u00eb Mesdhe. M\u00eb tha mos harro q\u00eb jam Kryeminist\u00ebr prej 20 e kusur vitesh. M\u00eb jan\u00eb dashur 10 vite p\u00ebr struktur\u00ebn e par\u00eb. Pasi ka ardhur e para \u00ebsht\u00eb krijuar bindja. Pra \u00ebsht\u00eb \u00e7\u00ebshtje besimi p\u00ebr nj\u00eb investitor sepse ka nj\u00eb mij\u00eb e nj\u00eb arsye p\u00ebr t\u00eb paragjykuar vendin ton\u00eb dhe duhet guxim m\u00eb vete. Fakti \u00ebsht\u00eb se sot ne jemi n\u00eb rrug\u00eb p\u00ebr \u00e7elur nj\u00eb sezon t\u00eb ri\u2026\u201d, u shpreh kryeministri Rama.<\/p>\n<p>Bota Sot<\/p>\n<\/div>\n","protected":false},"excerpt":{"rendered":"<p>Duhet besim p\u00ebr t\u00eb sjell\u00eb investitor\u00ebt e m\u00ebdhenj n\u00eb Shqip\u00ebri dhe i duhet shum\u00eb koh\u00eb nj\u00eb Kryeministri p\u00ebr t\u00eb qen\u00eb bind\u00ebs. K\u00ebshtu u shpreh Edi Rama duke sjell shembullin e Malit t\u00eb Zi, ku Kryeministri ka mbi 20 vite n\u00eb pushtet. Rama ishte sot n\u00eb inaugurimin e nisjes s\u00eb punimeve p\u00ebr kompleksin e par\u00eb turistik [&hellip;]<\/p>\n","protected":false},"author":1,"featured_media":0,"comment_status":"closed","ping_status":"closed","sticky":false,"template":"","format":"standard","meta":{"spay_email":"","jetpack_publicize_message":"","jetpack_is_tweetstorm":false,"jetpack_publicize_feature_enabled":true},"categories":[14],"tags":[],"jetpack_publicize_connections":[],"yoast_head":"<!-- This site is optimized with the Yoast SEO plugin v19.1 - https:\/\/yoast.com\/wordpress\/plugins\/seo\/ -->\n<title>Rama: M\u00eb duhen 20 vite pushtet p\u00ebr ta b\u00ebr\u00eb Shqip\u00ebrin\u00eb si Mali i Zi - Lajme nga Ulqini<\/title>\n<meta name=\"description\" content=\"Duhet besim p\u00ebr t\u00eb sjell\u00eb investitor\u00ebt e m\u00ebdhenj n\u00eb Shqip\u00ebri dhe i duhet shum\u00eb koh\u00eb nj\u00eb Kryeministri p\u00ebr t\u00eb qen\u00eb bind\u00ebs. K\u00ebshtu u shpreh Edi Rama duke\" \/>\n<meta name=\"robots\" content=\"index, follow, max-snippet:-1, max-image-preview:large, max-video-preview:-1\" \/>\n<link rel=\"canonical\" href=\"https:\/\/www.visit-ulcinj.com\/blog\/2017\/04\/25\/rama-duhen-20-vite-pushtet-per-ta-bere-shqiperine-si-mali-zi\/\" \/>\n<meta property=\"og:locale\" content=\"en_US\" \/>\n<meta property=\"og:type\" content=\"article\" \/>\n<meta property=\"og:title\" content=\"Rama: M\u00eb duhen 20 vite pushtet p\u00ebr ta b\u00ebr\u00eb Shqip\u00ebrin\u00eb si Mali i Zi - Lajme nga Ulqini\" \/>\n<meta property=\"og:description\" content=\"Duhet besim p\u00ebr t\u00eb sjell\u00eb investitor\u00ebt e m\u00ebdhenj n\u00eb Shqip\u00ebri dhe i duhet shum\u00eb koh\u00eb nj\u00eb Kryeministri p\u00ebr t\u00eb qen\u00eb bind\u00ebs. K\u00ebshtu u shpreh Edi Rama duke\" \/>\n<meta property=\"og:url\" content=\"https:\/\/www.visit-ulcinj.com\/blog\/2017\/04\/25\/rama-duhen-20-vite-pushtet-per-ta-bere-shqiperine-si-mali-zi\/\" \/>\n<meta property=\"og:site_name\" content=\"Lajme nga Ulqini\" \/>\n<meta property=\"article:published_time\" content=\"2017-04-25T16:04:30+00:00\" \/>\n<meta property=\"og:image\" content=\"http:\/\/www.visit-ulcinj.com\/blog\/wp-content\/uploads\/2017\/04\/edi-rama-gjiri-llazit.jpg\" \/>\n<meta name=\"twitter:label1\" content=\"Written by\" \/>\n\t<meta name=\"twitter:data1\" content=\"ulqini\" \/>\n\t<meta name=\"twitter:label2\" content=\"Est. reading time\" \/>\n\t<meta name=\"twitter:data2\" content=\"1 minute\" \/>\n<script type=\"application\/ld+json\" class=\"yoast-schema-graph\">{\"@context\":\"https:\/\/schema.org\",\"@graph\":[{\"@type\":\"WebSite\",\"@id\":\"https:\/\/www.visit-ulcinj.com\/blog\/#website\",\"url\":\"https:\/\/www.visit-ulcinj.com\/blog\/\",\"name\":\"Lajme nga Ulqini\",\"description\":\"Lajme,Vijesti,Ulqini,Ulqin,Crna Gora,Mali i Zi\",\"potentialAction\":[{\"@type\":\"SearchAction\",\"target\":{\"@type\":\"EntryPoint\",\"urlTemplate\":\"https:\/\/www.visit-ulcinj.com\/blog\/?s={search_term_string}\"},\"query-input\":\"required name=search_term_string\"}],\"inLanguage\":\"en-US\"},{\"@type\":\"ImageObject\",\"inLanguage\":\"en-US\",\"@id\":\"https:\/\/www.visit-ulcinj.com\/blog\/2017\/04\/25\/rama-duhen-20-vite-pushtet-per-ta-bere-shqiperine-si-mali-zi\/#primaryimage\",\"url\":\"http:\/\/www.visit-ulcinj.com\/blog\/wp-content\/uploads\/2017\/04\/edi-rama-gjiri-llazit.jpg\",\"contentUrl\":\"http:\/\/www.visit-ulcinj.com\/blog\/wp-content\/uploads\/2017\/04\/edi-rama-gjiri-llazit.jpg\"},{\"@type\":\"WebPage\",\"@id\":\"https:\/\/www.visit-ulcinj.com\/blog\/2017\/04\/25\/rama-duhen-20-vite-pushtet-per-ta-bere-shqiperine-si-mali-zi\/#webpage\",\"url\":\"https:\/\/www.visit-ulcinj.com\/blog\/2017\/04\/25\/rama-duhen-20-vite-pushtet-per-ta-bere-shqiperine-si-mali-zi\/\",\"name\":\"Rama: M\u00eb duhen 20 vite pushtet p\u00ebr ta b\u00ebr\u00eb Shqip\u00ebrin\u00eb si Mali i Zi - Lajme nga Ulqini\",\"isPartOf\":{\"@id\":\"https:\/\/www.visit-ulcinj.com\/blog\/#website\"},\"primaryImageOfPage\":{\"@id\":\"https:\/\/www.visit-ulcinj.com\/blog\/2017\/04\/25\/rama-duhen-20-vite-pushtet-per-ta-bere-shqiperine-si-mali-zi\/#primaryimage\"},\"datePublished\":\"2017-04-25T16:04:30+00:00\",\"dateModified\":\"2017-04-25T16:04:30+00:00\",\"author\":{\"@id\":\"https:\/\/www.visit-ulcinj.com\/blog\/#\/schema\/person\/dcab619c614d3038751c63bc2aadc06d\"},\"description\":\"Duhet besim p\u00ebr t\u00eb sjell\u00eb investitor\u00ebt e m\u00ebdhenj n\u00eb Shqip\u00ebri dhe i duhet shum\u00eb koh\u00eb nj\u00eb Kryeministri p\u00ebr t\u00eb qen\u00eb bind\u00ebs. K\u00ebshtu u shpreh Edi Rama duke\",\"breadcrumb\":{\"@id\":\"https:\/\/www.visit-ulcinj.com\/blog\/2017\/04\/25\/rama-duhen-20-vite-pushtet-per-ta-bere-shqiperine-si-mali-zi\/#breadcrumb\"},\"inLanguage\":\"en-US\",\"potentialAction\":[{\"@type\":\"ReadAction\",\"target\":[\"https:\/\/www.visit-ulcinj.com\/blog\/2017\/04\/25\/rama-duhen-20-vite-pushtet-per-ta-bere-shqiperine-si-mali-zi\/\"]}]},{\"@type\":\"BreadcrumbList\",\"@id\":\"https:\/\/www.visit-ulcinj.com\/blog\/2017\/04\/25\/rama-duhen-20-vite-pushtet-per-ta-bere-shqiperine-si-mali-zi\/#breadcrumb\",\"itemListElement\":[{\"@type\":\"ListItem\",\"position\":1,\"name\":\"Rama: M\u00eb duhen 20 vite pushtet p\u00ebr ta b\u00ebr\u00eb Shqip\u00ebrin\u00eb si Mali i Zi\"}]},{\"@type\":\"Person\",\"@id\":\"https:\/\/www.visit-ulcinj.com\/blog\/#\/schema\/person\/dcab619c614d3038751c63bc2aadc06d\",\"name\":\"ulqini\",\"sameAs\":[\"http:\/\/www.visit-ulcinj.com\"],\"url\":\"https:\/\/www.visit-ulcinj.com\/blog\/author\/admin\/\"}]}<\/script>\n<!-- \/ Yoast SEO plugin. -->","yoast_head_json":{"title":"Rama: M\u00eb duhen 20 vite pushtet p\u00ebr ta b\u00ebr\u00eb Shqip\u00ebrin\u00eb si Mali i Zi - Lajme nga Ulqini","description":"Duhet besim p\u00ebr t\u00eb sjell\u00eb investitor\u00ebt e m\u00ebdhenj n\u00eb Shqip\u00ebri dhe i duhet shum\u00eb koh\u00eb nj\u00eb Kryeministri p\u00ebr t\u00eb qen\u00eb bind\u00ebs. K\u00ebshtu u shpreh Edi Rama duke","robots":{"index":"index","follow":"follow","max-snippet":"max-snippet:-1","max-image-preview":"max-image-preview:large","max-video-preview":"max-video-preview:-1"},"canonical":"https:\/\/www.visit-ulcinj.com\/blog\/2017\/04\/25\/rama-duhen-20-vite-pushtet-per-ta-bere-shqiperine-si-mali-zi\/","og_locale":"en_US","og_type":"article","og_title":"Rama: M\u00eb duhen 20 vite pushtet p\u00ebr ta b\u00ebr\u00eb Shqip\u00ebrin\u00eb si Mali i Zi - Lajme nga Ulqini","og_description":"Duhet besim p\u00ebr t\u00eb sjell\u00eb investitor\u00ebt e m\u00ebdhenj n\u00eb Shqip\u00ebri dhe i duhet shum\u00eb koh\u00eb nj\u00eb Kryeministri p\u00ebr t\u00eb qen\u00eb bind\u00ebs. K\u00ebshtu u shpreh Edi Rama duke","og_url":"https:\/\/www.visit-ulcinj.com\/blog\/2017\/04\/25\/rama-duhen-20-vite-pushtet-per-ta-bere-shqiperine-si-mali-zi\/","og_site_name":"Lajme nga Ulqini","article_published_time":"2017-04-25T16:04:30+00:00","og_image":[{"url":"http:\/\/www.visit-ulcinj.com\/blog\/wp-content\/uploads\/2017\/04\/edi-rama-gjiri-llazit.jpg"}],"twitter_misc":{"Written by":"ulqini","Est. reading time":"1 minute"},"schema":{"@context":"https:\/\/schema.org","@graph":[{"@type":"WebSite","@id":"https:\/\/www.visit-ulcinj.com\/blog\/#website","url":"https:\/\/www.visit-ulcinj.com\/blog\/","name":"Lajme nga Ulqini","description":"Lajme,Vijesti,Ulqini,Ulqin,Crna Gora,Mali i Zi","potentialAction":[{"@type":"SearchAction","target":{"@type":"EntryPoint","urlTemplate":"https:\/\/www.visit-ulcinj.com\/blog\/?s={search_term_string}"},"query-input":"required name=search_term_string"}],"inLanguage":"en-US"},{"@type":"ImageObject","inLanguage":"en-US","@id":"https:\/\/www.visit-ulcinj.com\/blog\/2017\/04\/25\/rama-duhen-20-vite-pushtet-per-ta-bere-shqiperine-si-mali-zi\/#primaryimage","url":"http:\/\/www.visit-ulcinj.com\/blog\/wp-content\/uploads\/2017\/04\/edi-rama-gjiri-llazit.jpg","contentUrl":"http:\/\/www.visit-ulcinj.com\/blog\/wp-content\/uploads\/2017\/04\/edi-rama-gjiri-llazit.jpg"},{"@type":"WebPage","@id":"https:\/\/www.visit-ulcinj.com\/blog\/2017\/04\/25\/rama-duhen-20-vite-pushtet-per-ta-bere-shqiperine-si-mali-zi\/#webpage","url":"https:\/\/www.visit-ulcinj.com\/blog\/2017\/04\/25\/rama-duhen-20-vite-pushtet-per-ta-bere-shqiperine-si-mali-zi\/","name":"Rama: M\u00eb duhen 20 vite pushtet p\u00ebr ta b\u00ebr\u00eb Shqip\u00ebrin\u00eb si Mali i Zi - Lajme nga Ulqini","isPartOf":{"@id":"https:\/\/www.visit-ulcinj.com\/blog\/#website"},"primaryImageOfPage":{"@id":"https:\/\/www.visit-ulcinj.com\/blog\/2017\/04\/25\/rama-duhen-20-vite-pushtet-per-ta-bere-shqiperine-si-mali-zi\/#primaryimage"},"datePublished":"2017-04-25T16:04:30+00:00","dateModified":"2017-04-25T16:04:30+00:00","author":{"@id":"https:\/\/www.visit-ulcinj.com\/blog\/#\/schema\/person\/dcab619c614d3038751c63bc2aadc06d"},"description":"Duhet besim p\u00ebr t\u00eb sjell\u00eb investitor\u00ebt e m\u00ebdhenj n\u00eb Shqip\u00ebri dhe i duhet shum\u00eb koh\u00eb nj\u00eb Kryeministri p\u00ebr t\u00eb qen\u00eb bind\u00ebs. K\u00ebshtu u shpreh Edi Rama duke","breadcrumb":{"@id":"https:\/\/www.visit-ulcinj.com\/blog\/2017\/04\/25\/rama-duhen-20-vite-pushtet-per-ta-bere-shqiperine-si-mali-zi\/#breadcrumb"},"inLanguage":"en-US","potentialAction":[{"@type":"ReadAction","target":["https:\/\/www.visit-ulcinj.com\/blog\/2017\/04\/25\/rama-duhen-20-vite-pushtet-per-ta-bere-shqiperine-si-mali-zi\/"]}]},{"@type":"BreadcrumbList","@id":"https:\/\/www.visit-ulcinj.com\/blog\/2017\/04\/25\/rama-duhen-20-vite-pushtet-per-ta-bere-shqiperine-si-mali-zi\/#breadcrumb","itemListElement":[{"@type":"ListItem","position":1,"name":"Rama: M\u00eb duhen 20 vite pushtet p\u00ebr ta b\u00ebr\u00eb Shqip\u00ebrin\u00eb si Mali i Zi"}]},{"@type":"Person","@id":"https:\/\/www.visit-ulcinj.com\/blog\/#\/schema\/person\/dcab619c614d3038751c63bc2aadc06d","name":"ulqini","sameAs":["http:\/\/www.visit-ulcinj.com"],"url":"https:\/\/www.visit-ulcinj.com\/blog\/author\/admin\/"}]}},"jetpack_featured_media_url":"","jetpack_sharing_enabled":true,"jetpack_shortlink":"https:\/\/wp.me\/pe6lTn-rdr","_links":{"self":[{"href":"https:\/\/www.visit-ulcinj.com\/blog\/wp-json\/wp\/v2\/posts\/104621"}],"collection":[{"href":"https:\/\/www.visit-ulcinj.com\/blog\/wp-json\/wp\/v2\/posts"}],"about":[{"href":"https:\/\/www.visit-ulcinj.com\/blog\/wp-json\/wp\/v2\/types\/post"}],"author":[{"embeddable":true,"href":"https:\/\/www.visit-ulcinj.com\/blog\/wp-json\/wp\/v2\/users\/1"}],"replies":[{"embeddable":true,"href":"https:\/\/www.visit-ulcinj.com\/blog\/wp-json\/wp\/v2\/comments?post=104621"}],"version-history":[{"count":1,"href":"https:\/\/www.visit-ulcinj.com\/blog\/wp-json\/wp\/v2\/posts\/104621\/revisions"}],"predecessor-version":[{"id":104623,"href":"https:\/\/www.visit-ulcinj.com\/blog\/wp-json\/wp\/v2\/posts\/104621\/revisions\/104623"}],"wp:attachment":[{"href":"https:\/\/www.visit-ulcinj.com\/blog\/wp-json\/wp\/v2\/media?parent=104621"}],"wp:term":[{"taxonomy":"category","embeddable":true,"href":"https:\/\/www.visit-ulcinj.com\/blog\/wp-json\/wp\/v2\/categories?post=104621"},{"taxonomy":"post_tag","embeddable":true,"href":"https:\/\/www.visit-ulcinj.com\/blog\/wp-json\/wp\/v2\/tags?post=104621"}],"curies":[{"name":"wp","href":"https:\/\/api.w.org\/{rel}","templated":true}]}}