{"id":104629,"date":"2017-04-26T14:19:35","date_gmt":"2017-04-26T13:19:35","guid":{"rendered":"http:\/\/www.visit-ulcinj.com\/blog\/?p=104629"},"modified":"2017-04-27T14:42:16","modified_gmt":"2017-04-27T13:42:16","slug":"nika-bardhi-largohet-nga-zyra-pas-27-vitesh-e-perzen-cungu","status":"publish","type":"post","link":"https:\/\/www.visit-ulcinj.com\/blog\/2017\/04\/26\/nika-bardhi-largohet-nga-zyra-pas-27-vitesh-e-perzen-cungu\/","title":{"rendered":"Nika: Bardhi largohet nga zyra pas 27 vitesh, e perzen Cungu"},"content":{"rendered":"<p><strong><em><a href=\"http:\/\/www.visit-ulcinj.com\/blog\/wp-content\/uploads\/2013\/11\/Nazif-Cungu.jpg\"><img loading=\"lazy\" class=\"alignleft wp-image-76085\" src=\"http:\/\/www.visit-ulcinj.com\/blog\/wp-content\/uploads\/2013\/11\/Nazif-Cungu.jpg\" alt=\"\" width=\"508\" height=\"309\" srcset=\"https:\/\/www.visit-ulcinj.com\/blog\/wp-content\/uploads\/2013\/11\/Nazif-Cungu.jpg 519w, https:\/\/www.visit-ulcinj.com\/blog\/wp-content\/uploads\/2013\/11\/Nazif-Cungu-300x182.jpg 300w\" sizes=\"(max-width: 508px) 100vw, 508px\" \/><\/a>Shkruan\u00a0 Muhamet Nika<\/em><\/strong><\/p>\n<p><strong>Cungu perze Bardhin nga zyra n\u00eb komun\u00eb?!<\/strong><\/p>\n<p>Me\u00a0 nj\u00eb rregullore \u201c t\u00eb pa shkruar \u201c Kuvendi i Ulqinit \u00a0klubeve t\u00eb partive parlamentare\u00a0 q\u00eb kan\u00eb\u00a0 \u00a0m\u00eb\u00a0 s\u00eb paku 2 k\u00ebshilltar\u00eb\u00a0 u siguron zyre pune. \u00a0K\u00ebshtu\u00a0 edhe LD n\u00eb MZ n\u00eb Ulqin, nga koha kur kjo parti\u00a0 kish\u00a0 jo\u00a0 2,\u00a0 por 22 k\u00ebshilltar\u00eb e deri \u00a0m\u00eb\u00a0 sot\u00a0 mban\u00eb nj\u00eb zyre n\u00eb komun\u00eb.<\/p>\n<p>Kjo \u00a0asaj \u201c i takoi \u201c edhe at\u00ebher\u00eb \u00a0kur\u00a0\u00a0 nuk kish fare k\u00ebshilltar\u00eb n\u00eb komun\u00eb. Po edhe tashti\u00a0 q\u00eb ka nj\u00eb k\u00ebshilltar\u00a0 n\u00eb kuad\u00ebr t\u00eb koalicionit me Gjek\u00ebn.<\/p>\n<p><a href=\"http:\/\/www.visit-ulcinj.com\/blog\/wp-content\/uploads\/2017\/04\/Bardhi-largohet-nga-zyra-pas-27-vitesh-e-perzen-Cungu.jpg\"><img loading=\"lazy\" class=\"alignleft wp-image-104630\" src=\"http:\/\/www.visit-ulcinj.com\/blog\/wp-content\/uploads\/2017\/04\/Bardhi-largohet-nga-zyra-pas-27-vitesh-e-perzen-Cungu.jpg\" alt=\"\" width=\"508\" height=\"509\" srcset=\"https:\/\/www.visit-ulcinj.com\/blog\/wp-content\/uploads\/2017\/04\/Bardhi-largohet-nga-zyra-pas-27-vitesh-e-perzen-Cungu.jpg 456w, https:\/\/www.visit-ulcinj.com\/blog\/wp-content\/uploads\/2017\/04\/Bardhi-largohet-nga-zyra-pas-27-vitesh-e-perzen-Cungu-150x150.jpg 150w, https:\/\/www.visit-ulcinj.com\/blog\/wp-content\/uploads\/2017\/04\/Bardhi-largohet-nga-zyra-pas-27-vitesh-e-perzen-Cungu-300x300.jpg 300w\" sizes=\"(max-width: 508px) 100vw, 508px\" \/><\/a><\/p>\n<p>K\u00ebtyre dit\u00ebve merret \u00a0vesh se kryetari i Komun\u00ebs\u00a0 Cungu , \u00a0i urdh\u00ebron Bardhit,\u00a0 t\u00eb l\u00ebshoj\u00eb zyr\u00ebn dhe\u00a0 pik\u00ebrisht \u00a0tani kah fundi i mandatit q\u00eb \u00ebsht\u00eb disi e \u00e7uditshme , pasi \u201c demek\u00a0 ende\u00a0 funksionon\u201d koalicioni\u00a0 i gjer\u00eb \u201c i tyre.<\/p>\n<p>Mbaj mend\u00a0 q\u00eb n\u00eb fillim t\u00eb k\u00ebsaj p\u00ebrb\u00ebrje\u00a0 parlamentare \u2013 pas zgjedhjeve t\u00eb fundit, kur si shef i sh\u00ebrbimit\u00a0 p\u00ebr pun\u00eb t\u00eb p\u00ebrgjithshme\u00a0 m u desh\u00a0 t\u00eb thyej zyr\u00ebn\u00a0 e PPD-s\u00eb, Ali Rexh\u00ebs, me dhun\u00eb\u00a0 pasi e kish uzurpuar\u00a0 at\u00eb me forc\u00eb jasht\u00eb vendimit t\u00eb k\u00ebshillit drejtues\u00a0 t\u00eb partis\u00eb dhe rregullores s\u00eb pa shkruar&#8230;, t\u2019i kem th\u00ebn\u00eb\u00a0 at\u00ebher\u00eb Cungut,\u201d \u00e7far\u00eb t\u00eb b\u00ebjm\u00eb me Bardhin sepse as atij nuk i takon zyre p\u00ebr parti n\u00eb komun\u00eb?\u201d \u00a0&#8230;.Dhe a t\u00eb b\u00ebjm\u00eb\u00a0 nj\u00eb rrug\u00eb e dy pun\u00eb?! Nd\u00ebrsa p\u00ebrgjigja\u00a0 e tij \u00a0n\u00eb k\u00ebt\u00eb ish\u00a0 e shkurt\u00ebr , por \u00a0shum\u00eb e qart\u00eb dhe sarkastike: \u201d Jo sepse na duhet &#8230;.?!!!\u201d<\/p>\n<p>P\u00ebr hir\u00a0 t\u00eb s\u00eb v\u00ebrtet\u00ebs, \u00a0duhet t\u00eb thuhet se \u00a0k\u00ebshilltari i vet\u00ebm i LD n\u00eb MZ n\u00eb parlament t\u00eb Ulqinit, \u00a0q\u00eb i bie t\u00eb jet\u00eb Hajredin Kova\u00e7i \u00a0ishte \u00a0deklaruar \u00a0haptas , por jo me zhurm\u00eb&#8230;.,\u00a0 se nuk e p\u00ebrkrah\u00a0 pun\u00ebn e koalicionit t\u00eb gjer\u00eb ?! Dhe q\u00eb v\u00ebrtetohet se \u00a0shpesh her\u00eb\u00a0 p\u00ebr votime ky\u00e7e , \u00a0ai del jasht\u00eb \u00a0sall\u00ebs\u00a0 dhe val\u00ebve me celularin\u00a0 e tij?!!!<\/p>\n<p>Nd\u00ebrsa\u00a0 nga ana e tjet\u00ebr\u00a0 edhe krye shefi i\u00a0 policis\u00eb komunale si kuad\u00ebr i Bardhit, Saubih Mehmeti, \u00a0u\u00a0 shpreh\u00a0 p\u00ebr\u00a0 gazet\u00eb\u00a0 me nj\u00eb deklarat\u00eb \u00a0tep\u00ebr \u00a0t\u00eb \u00e7uditshme\u00a0 ose\u00a0 q\u00eb\u00a0 un\u00eb nuk arrita ta kuptoj se si edhe ai, \u201cnuk\u00a0 ka koalicion me Forc\u00eb&#8230;\u201d?!Por\u00a0 edhe p\u00ebr kundrejt\u00a0 k\u00ebsaj , si kuad\u00ebr &#8230;, ka \u00a0\u201c bashk\u00ebpunimin \u00a0shum\u00eb t\u00eb mir\u00eb dhe korrekt\u00a0 me Cungun &#8230;\u201d. E\u00a0 si \u00ebsht\u00eb\u00a0 e mundur\u00a0 nj\u00eb\u00a0 gj\u00eb e till\u00eb , un\u00eb \u00a0\u00a0nuk arrij ta marr vesh\u201d?!<\/p>\n<p><a href=\"http:\/\/www.visit-ulcinj.com\/blog\/wp-content\/uploads\/2009\/03\/mehmet-bardhi.jpg\"><img loading=\"lazy\" class=\"alignleft wp-image-12681\" src=\"http:\/\/www.visit-ulcinj.com\/blog\/wp-content\/uploads\/2009\/03\/mehmet-bardhi.jpg\" alt=\"\" width=\"508\" height=\"459\" srcset=\"https:\/\/www.visit-ulcinj.com\/blog\/wp-content\/uploads\/2009\/03\/mehmet-bardhi.jpg 624w, https:\/\/www.visit-ulcinj.com\/blog\/wp-content\/uploads\/2009\/03\/mehmet-bardhi-300x271.jpg 300w\" sizes=\"(max-width: 508px) 100vw, 508px\" \/><\/a><\/p>\n<p><strong><em>\u00a0<\/em><\/strong><\/p>\n","protected":false},"excerpt":{"rendered":"<p>Shkruan\u00a0 Muhamet Nika Cungu perze Bardhin nga zyra n\u00eb komun\u00eb?! Me\u00a0 nj\u00eb rregullore \u201c t\u00eb pa shkruar \u201c Kuvendi i Ulqinit \u00a0klubeve t\u00eb partive parlamentare\u00a0 q\u00eb kan\u00eb\u00a0 \u00a0m\u00eb\u00a0 s\u00eb paku 2 k\u00ebshilltar\u00eb\u00a0 u siguron zyre pune. \u00a0K\u00ebshtu\u00a0 edhe LD n\u00eb MZ n\u00eb Ulqin, nga koha kur kjo parti\u00a0 kish\u00a0 jo\u00a0 2,\u00a0 por 22 k\u00ebshilltar\u00eb e [&hellip;]<\/p>\n","protected":false},"author":1,"featured_media":0,"comment_status":"closed","ping_status":"closed","sticky":false,"template":"","format":"standard","meta":{"spay_email":"","jetpack_publicize_message":"","jetpack_is_tweetstorm":false,"jetpack_publicize_feature_enabled":true},"categories":[1,14249],"tags":[],"jetpack_publicize_connections":[],"yoast_head":"<!-- This site is optimized with the Yoast SEO plugin v19.1 - https:\/\/yoast.com\/wordpress\/plugins\/seo\/ -->\n<title>Nika: Bardhi largohet nga zyra pas 27 vitesh, e perzen Cungu - Lajme nga Ulqini<\/title>\n<meta name=\"description\" content=\"Shkruan\u00a0 Muhamet Nika Cungu perze Bardhin nga zyra n\u00eb komun\u00eb?! Me\u00a0 nj\u00eb rregullore \u201c t\u00eb pa shkruar \u201c Kuvendi i Ulqinit \u00a0klubeve t\u00eb partive parlamentare\u00a0 q\u00eb\" \/>\n<meta name=\"robots\" content=\"index, follow, max-snippet:-1, max-image-preview:large, max-video-preview:-1\" \/>\n<link rel=\"canonical\" href=\"https:\/\/www.visit-ulcinj.com\/blog\/2017\/04\/26\/nika-bardhi-largohet-nga-zyra-pas-27-vitesh-e-perzen-cungu\/\" \/>\n<meta property=\"og:locale\" content=\"en_US\" \/>\n<meta property=\"og:type\" content=\"article\" \/>\n<meta property=\"og:title\" content=\"Nika: Bardhi largohet nga zyra pas 27 vitesh, e perzen Cungu - Lajme nga Ulqini\" \/>\n<meta property=\"og:description\" content=\"Shkruan\u00a0 Muhamet Nika Cungu perze Bardhin nga zyra n\u00eb komun\u00eb?! Me\u00a0 nj\u00eb rregullore \u201c t\u00eb pa shkruar \u201c Kuvendi i Ulqinit \u00a0klubeve t\u00eb partive parlamentare\u00a0 q\u00eb\" \/>\n<meta property=\"og:url\" content=\"https:\/\/www.visit-ulcinj.com\/blog\/2017\/04\/26\/nika-bardhi-largohet-nga-zyra-pas-27-vitesh-e-perzen-cungu\/\" \/>\n<meta property=\"og:site_name\" content=\"Lajme nga Ulqini\" \/>\n<meta property=\"article:published_time\" content=\"2017-04-26T13:19:35+00:00\" \/>\n<meta property=\"article:modified_time\" content=\"2017-04-27T13:42:16+00:00\" \/>\n<meta property=\"og:image\" content=\"http:\/\/www.visit-ulcinj.com\/blog\/wp-content\/uploads\/2013\/11\/Nazif-Cungu.jpg\" \/>\n<meta name=\"twitter:label1\" content=\"Written by\" \/>\n\t<meta name=\"twitter:data1\" content=\"ulqini\" \/>\n\t<meta name=\"twitter:label2\" content=\"Est. reading time\" \/>\n\t<meta name=\"twitter:data2\" content=\"2 minutes\" \/>\n<script type=\"application\/ld+json\" class=\"yoast-schema-graph\">{\"@context\":\"https:\/\/schema.org\",\"@graph\":[{\"@type\":\"WebSite\",\"@id\":\"https:\/\/www.visit-ulcinj.com\/blog\/#website\",\"url\":\"https:\/\/www.visit-ulcinj.com\/blog\/\",\"name\":\"Lajme nga Ulqini\",\"description\":\"Lajme,Vijesti,Ulqini,Ulqin,Crna Gora,Mali i Zi\",\"potentialAction\":[{\"@type\":\"SearchAction\",\"target\":{\"@type\":\"EntryPoint\",\"urlTemplate\":\"https:\/\/www.visit-ulcinj.com\/blog\/?s={search_term_string}\"},\"query-input\":\"required name=search_term_string\"}],\"inLanguage\":\"en-US\"},{\"@type\":\"ImageObject\",\"inLanguage\":\"en-US\",\"@id\":\"https:\/\/www.visit-ulcinj.com\/blog\/2017\/04\/26\/nika-bardhi-largohet-nga-zyra-pas-27-vitesh-e-perzen-cungu\/#primaryimage\",\"url\":\"https:\/\/www.visit-ulcinj.com\/blog\/wp-content\/uploads\/2013\/11\/Nazif-Cungu.jpg\",\"contentUrl\":\"https:\/\/www.visit-ulcinj.com\/blog\/wp-content\/uploads\/2013\/11\/Nazif-Cungu.jpg\",\"width\":519,\"height\":316},{\"@type\":\"WebPage\",\"@id\":\"https:\/\/www.visit-ulcinj.com\/blog\/2017\/04\/26\/nika-bardhi-largohet-nga-zyra-pas-27-vitesh-e-perzen-cungu\/#webpage\",\"url\":\"https:\/\/www.visit-ulcinj.com\/blog\/2017\/04\/26\/nika-bardhi-largohet-nga-zyra-pas-27-vitesh-e-perzen-cungu\/\",\"name\":\"Nika: Bardhi largohet nga zyra pas 27 vitesh, e perzen Cungu - Lajme nga Ulqini\",\"isPartOf\":{\"@id\":\"https:\/\/www.visit-ulcinj.com\/blog\/#website\"},\"primaryImageOfPage\":{\"@id\":\"https:\/\/www.visit-ulcinj.com\/blog\/2017\/04\/26\/nika-bardhi-largohet-nga-zyra-pas-27-vitesh-e-perzen-cungu\/#primaryimage\"},\"datePublished\":\"2017-04-26T13:19:35+00:00\",\"dateModified\":\"2017-04-27T13:42:16+00:00\",\"author\":{\"@id\":\"https:\/\/www.visit-ulcinj.com\/blog\/#\/schema\/person\/dcab619c614d3038751c63bc2aadc06d\"},\"description\":\"Shkruan\u00a0 Muhamet Nika Cungu perze Bardhin nga zyra n\u00eb komun\u00eb?! Me\u00a0 nj\u00eb rregullore \u201c t\u00eb pa shkruar \u201c Kuvendi i Ulqinit \u00a0klubeve t\u00eb partive parlamentare\u00a0 q\u00eb\",\"breadcrumb\":{\"@id\":\"https:\/\/www.visit-ulcinj.com\/blog\/2017\/04\/26\/nika-bardhi-largohet-nga-zyra-pas-27-vitesh-e-perzen-cungu\/#breadcrumb\"},\"inLanguage\":\"en-US\",\"potentialAction\":[{\"@type\":\"ReadAction\",\"target\":[\"https:\/\/www.visit-ulcinj.com\/blog\/2017\/04\/26\/nika-bardhi-largohet-nga-zyra-pas-27-vitesh-e-perzen-cungu\/\"]}]},{\"@type\":\"BreadcrumbList\",\"@id\":\"https:\/\/www.visit-ulcinj.com\/blog\/2017\/04\/26\/nika-bardhi-largohet-nga-zyra-pas-27-vitesh-e-perzen-cungu\/#breadcrumb\",\"itemListElement\":[{\"@type\":\"ListItem\",\"position\":1,\"name\":\"Nika: Bardhi largohet nga zyra pas 27 vitesh, e perzen Cungu\"}]},{\"@type\":\"Person\",\"@id\":\"https:\/\/www.visit-ulcinj.com\/blog\/#\/schema\/person\/dcab619c614d3038751c63bc2aadc06d\",\"name\":\"ulqini\",\"sameAs\":[\"http:\/\/www.visit-ulcinj.com\"],\"url\":\"https:\/\/www.visit-ulcinj.com\/blog\/author\/admin\/\"}]}<\/script>\n<!-- \/ Yoast SEO plugin. -->","yoast_head_json":{"title":"Nika: Bardhi largohet nga zyra pas 27 vitesh, e perzen Cungu - Lajme nga Ulqini","description":"Shkruan\u00a0 Muhamet Nika Cungu perze Bardhin nga zyra n\u00eb komun\u00eb?! Me\u00a0 nj\u00eb rregullore \u201c t\u00eb pa shkruar \u201c Kuvendi i Ulqinit \u00a0klubeve t\u00eb partive parlamentare\u00a0 q\u00eb","robots":{"index":"index","follow":"follow","max-snippet":"max-snippet:-1","max-image-preview":"max-image-preview:large","max-video-preview":"max-video-preview:-1"},"canonical":"https:\/\/www.visit-ulcinj.com\/blog\/2017\/04\/26\/nika-bardhi-largohet-nga-zyra-pas-27-vitesh-e-perzen-cungu\/","og_locale":"en_US","og_type":"article","og_title":"Nika: Bardhi largohet nga zyra pas 27 vitesh, e perzen Cungu - Lajme nga Ulqini","og_description":"Shkruan\u00a0 Muhamet Nika Cungu perze Bardhin nga zyra n\u00eb komun\u00eb?! Me\u00a0 nj\u00eb rregullore \u201c t\u00eb pa shkruar \u201c Kuvendi i Ulqinit \u00a0klubeve t\u00eb partive parlamentare\u00a0 q\u00eb","og_url":"https:\/\/www.visit-ulcinj.com\/blog\/2017\/04\/26\/nika-bardhi-largohet-nga-zyra-pas-27-vitesh-e-perzen-cungu\/","og_site_name":"Lajme nga Ulqini","article_published_time":"2017-04-26T13:19:35+00:00","article_modified_time":"2017-04-27T13:42:16+00:00","og_image":[{"url":"http:\/\/www.visit-ulcinj.com\/blog\/wp-content\/uploads\/2013\/11\/Nazif-Cungu.jpg"}],"twitter_misc":{"Written by":"ulqini","Est. reading time":"2 minutes"},"schema":{"@context":"https:\/\/schema.org","@graph":[{"@type":"WebSite","@id":"https:\/\/www.visit-ulcinj.com\/blog\/#website","url":"https:\/\/www.visit-ulcinj.com\/blog\/","name":"Lajme nga Ulqini","description":"Lajme,Vijesti,Ulqini,Ulqin,Crna Gora,Mali i Zi","potentialAction":[{"@type":"SearchAction","target":{"@type":"EntryPoint","urlTemplate":"https:\/\/www.visit-ulcinj.com\/blog\/?s={search_term_string}"},"query-input":"required name=search_term_string"}],"inLanguage":"en-US"},{"@type":"ImageObject","inLanguage":"en-US","@id":"https:\/\/www.visit-ulcinj.com\/blog\/2017\/04\/26\/nika-bardhi-largohet-nga-zyra-pas-27-vitesh-e-perzen-cungu\/#primaryimage","url":"https:\/\/www.visit-ulcinj.com\/blog\/wp-content\/uploads\/2013\/11\/Nazif-Cungu.jpg","contentUrl":"https:\/\/www.visit-ulcinj.com\/blog\/wp-content\/uploads\/2013\/11\/Nazif-Cungu.jpg","width":519,"height":316},{"@type":"WebPage","@id":"https:\/\/www.visit-ulcinj.com\/blog\/2017\/04\/26\/nika-bardhi-largohet-nga-zyra-pas-27-vitesh-e-perzen-cungu\/#webpage","url":"https:\/\/www.visit-ulcinj.com\/blog\/2017\/04\/26\/nika-bardhi-largohet-nga-zyra-pas-27-vitesh-e-perzen-cungu\/","name":"Nika: Bardhi largohet nga zyra pas 27 vitesh, e perzen Cungu - Lajme nga Ulqini","isPartOf":{"@id":"https:\/\/www.visit-ulcinj.com\/blog\/#website"},"primaryImageOfPage":{"@id":"https:\/\/www.visit-ulcinj.com\/blog\/2017\/04\/26\/nika-bardhi-largohet-nga-zyra-pas-27-vitesh-e-perzen-cungu\/#primaryimage"},"datePublished":"2017-04-26T13:19:35+00:00","dateModified":"2017-04-27T13:42:16+00:00","author":{"@id":"https:\/\/www.visit-ulcinj.com\/blog\/#\/schema\/person\/dcab619c614d3038751c63bc2aadc06d"},"description":"Shkruan\u00a0 Muhamet Nika Cungu perze Bardhin nga zyra n\u00eb komun\u00eb?! Me\u00a0 nj\u00eb rregullore \u201c t\u00eb pa shkruar \u201c Kuvendi i Ulqinit \u00a0klubeve t\u00eb partive parlamentare\u00a0 q\u00eb","breadcrumb":{"@id":"https:\/\/www.visit-ulcinj.com\/blog\/2017\/04\/26\/nika-bardhi-largohet-nga-zyra-pas-27-vitesh-e-perzen-cungu\/#breadcrumb"},"inLanguage":"en-US","potentialAction":[{"@type":"ReadAction","target":["https:\/\/www.visit-ulcinj.com\/blog\/2017\/04\/26\/nika-bardhi-largohet-nga-zyra-pas-27-vitesh-e-perzen-cungu\/"]}]},{"@type":"BreadcrumbList","@id":"https:\/\/www.visit-ulcinj.com\/blog\/2017\/04\/26\/nika-bardhi-largohet-nga-zyra-pas-27-vitesh-e-perzen-cungu\/#breadcrumb","itemListElement":[{"@type":"ListItem","position":1,"name":"Nika: Bardhi largohet nga zyra pas 27 vitesh, e perzen Cungu"}]},{"@type":"Person","@id":"https:\/\/www.visit-ulcinj.com\/blog\/#\/schema\/person\/dcab619c614d3038751c63bc2aadc06d","name":"ulqini","sameAs":["http:\/\/www.visit-ulcinj.com"],"url":"https:\/\/www.visit-ulcinj.com\/blog\/author\/admin\/"}]}},"jetpack_featured_media_url":"","jetpack_sharing_enabled":true,"jetpack_shortlink":"https:\/\/wp.me\/pe6lTn-rdz","_links":{"self":[{"href":"https:\/\/www.visit-ulcinj.com\/blog\/wp-json\/wp\/v2\/posts\/104629"}],"collection":[{"href":"https:\/\/www.visit-ulcinj.com\/blog\/wp-json\/wp\/v2\/posts"}],"about":[{"href":"https:\/\/www.visit-ulcinj.com\/blog\/wp-json\/wp\/v2\/types\/post"}],"author":[{"embeddable":true,"href":"https:\/\/www.visit-ulcinj.com\/blog\/wp-json\/wp\/v2\/users\/1"}],"replies":[{"embeddable":true,"href":"https:\/\/www.visit-ulcinj.com\/blog\/wp-json\/wp\/v2\/comments?post=104629"}],"version-history":[{"count":1,"href":"https:\/\/www.visit-ulcinj.com\/blog\/wp-json\/wp\/v2\/posts\/104629\/revisions"}],"predecessor-version":[{"id":104631,"href":"https:\/\/www.visit-ulcinj.com\/blog\/wp-json\/wp\/v2\/posts\/104629\/revisions\/104631"}],"wp:attachment":[{"href":"https:\/\/www.visit-ulcinj.com\/blog\/wp-json\/wp\/v2\/media?parent=104629"}],"wp:term":[{"taxonomy":"category","embeddable":true,"href":"https:\/\/www.visit-ulcinj.com\/blog\/wp-json\/wp\/v2\/categories?post=104629"},{"taxonomy":"post_tag","embeddable":true,"href":"https:\/\/www.visit-ulcinj.com\/blog\/wp-json\/wp\/v2\/tags?post=104629"}],"curies":[{"name":"wp","href":"https:\/\/api.w.org\/{rel}","templated":true}]}}