{"id":104665,"date":"2017-04-27T17:58:05","date_gmt":"2017-04-27T16:58:05","guid":{"rendered":"http:\/\/www.visit-ulcinj.com\/blog\/?p=104665"},"modified":"2017-04-27T17:58:05","modified_gmt":"2017-04-27T16:58:05","slug":"opstina-tuzi-od-septembra-sljedece-godine-samostalna","status":"publish","type":"post","link":"https:\/\/www.visit-ulcinj.com\/blog\/2017\/04\/27\/opstina-tuzi-od-septembra-sljedece-godine-samostalna\/","title":{"rendered":"Op\u0161tina Tuzi od septembra sljede\u0107e godine samostalna"},"content":{"rendered":"<p><a href=\"http:\/\/www.visit-ulcinj.com\/blog\/wp-content\/uploads\/2017\/04\/OPSTINA-TUZI-SKUPSTINA-CG.jpg\"><img loading=\"lazy\" class=\"alignleft wp-image-104666\" src=\"http:\/\/www.visit-ulcinj.com\/blog\/wp-content\/uploads\/2017\/04\/OPSTINA-TUZI-SKUPSTINA-CG.jpg\" alt=\"\" width=\"508\" height=\"313\" srcset=\"https:\/\/www.visit-ulcinj.com\/blog\/wp-content\/uploads\/2017\/04\/OPSTINA-TUZI-SKUPSTINA-CG.jpg 900w, https:\/\/www.visit-ulcinj.com\/blog\/wp-content\/uploads\/2017\/04\/OPSTINA-TUZI-SKUPSTINA-CG-300x185.jpg 300w, https:\/\/www.visit-ulcinj.com\/blog\/wp-content\/uploads\/2017\/04\/OPSTINA-TUZI-SKUPSTINA-CG-768x474.jpg 768w\" sizes=\"(max-width: 508px) 100vw, 508px\" \/><\/a>Crnogorski parlament usvojio je danas izmjene Zakona o teritorijalnoj organizaciji Crne Gore, kojim je predvi\u0111eno da Tuzi bude samostalna op\u0161tina.<\/p>\n<p>Zakon \u0107e se, kako je obrazlo\u017eeno, primjenjivati od 1. septembra sljede\u0107e godine.<\/p>\n<p>Radi nesmetanog funkcionisanja novoosnovane op\u0161tine predvi\u0111a se formiranje organizacionog odbora. U odboru \u0107e biti\u00a0po tri predstavnika op\u0161tine u kojoj je do\u0161lo do teritorijalne promjene i novoosnovane op\u0161tine i jedan predstavnik resornog Ministarstva.<\/p>\n<p>Njegov zadatak je da predlo\u017ei na\u010din ure\u0111enja odnosa izme\u0111u op\u0161tina, teritorijalno razgrani\u010denje, podjelu imovine i druge aktivnosti radi stvaranja uslova za po\u010detak rada novoosnovane op\u0161tine.<\/p>\n<p>Zakonom se precizira rok za raspisivanje prvih izbora za skup\u0161tinu novoosnovane op\u0161tine koji raspisuje predsjednik Crne Gore.<\/p>\n<p>Poslanici su usvojili izmjene Zakona o osnovama obavje\u0161tajno bezbjednosnog sektora koji \u0107e, kako je obrazlo\u017eeno, doprinijeti unapre\u0111enju saradnje i koordinacije bezbjednosnih slu\u017ebi Crne Gore u borbi protiv terorizma, organizovanog kriminala, nedozvoljene trgovine narkotika, ilegalnih migracija i drugih krivi\u010dnih djela.<\/p>\n<p>Zakonskim izmjenama predvi\u0111eno je da Vije\u0107e za nacionalnu bezbjednost priprema i dostavlja Vladi nacionalnu listu pravnih ili fizi\u010dkih osoba ozna\u010denih kao teroristi, teroristi\u010dke organizacije ili njihovi finanasijeri.<\/p>\n<p>Poslanici su usvojili izmjene Zakona o slobodnom pristupu informacijama koji propisuje obavezu uspostavljanja Portala otvorenog formata kao podsistema portala E-uprave na kojem \u0107e organi vlasti proaktivno objavljivati informacije kojima je, po re\u017eimu slobodnog pristupa informacijama, pristup dozvoljen.<\/p>\n<p>Usvojen je i Zakon o zdravstvenoj inspekciji kojim je predvi\u0111eno posebno stru\u010dno usavr\u0161avanje, zbog specifi\u010dnosti i sadr\u017eine inspekcijskog nadzora u oblasti uzimanja i presa\u0111ivanja tkiva, \u0107elija i organa i obezbje\u0111ivanja krvi za transfuziju.<\/p>\n<p>Poslanici su razmatrali godi\u0161nje izvje\u0161taje Za\u0161titnika ljudskih prava i sloboda i o radu Sudskog savjeta i stanju u sudstvu.<\/p>\n<p>Izvor: CDM<\/p>\n<p><a href=\"http:\/\/www.visit-ulcinj.com\/blog\/wp-content\/uploads\/2017\/04\/KOMUNA-E-PLOT-E-TUZIT.jpg\"><img loading=\"lazy\" class=\"alignleft wp-image-104662\" src=\"http:\/\/www.visit-ulcinj.com\/blog\/wp-content\/uploads\/2017\/04\/KOMUNA-E-PLOT-E-TUZIT.jpg\" alt=\"\" width=\"508\" height=\"285\" srcset=\"https:\/\/www.visit-ulcinj.com\/blog\/wp-content\/uploads\/2017\/04\/KOMUNA-E-PLOT-E-TUZIT.jpg 960w, https:\/\/www.visit-ulcinj.com\/blog\/wp-content\/uploads\/2017\/04\/KOMUNA-E-PLOT-E-TUZIT-300x168.jpg 300w, https:\/\/www.visit-ulcinj.com\/blog\/wp-content\/uploads\/2017\/04\/KOMUNA-E-PLOT-E-TUZIT-768x431.jpg 768w\" sizes=\"(max-width: 508px) 100vw, 508px\" \/><\/a><\/p>\n","protected":false},"excerpt":{"rendered":"<p>Crnogorski parlament usvojio je danas izmjene Zakona o teritorijalnoj organizaciji Crne Gore, kojim je predvi\u0111eno da Tuzi bude samostalna op\u0161tina. Zakon \u0107e se, kako je obrazlo\u017eeno, primjenjivati od 1. septembra sljede\u0107e godine. Radi nesmetanog funkcionisanja novoosnovane op\u0161tine predvi\u0111a se formiranje organizacionog odbora. U odboru \u0107e biti\u00a0po tri predstavnika op\u0161tine u kojoj je do\u0161lo do teritorijalne [&hellip;]<\/p>\n","protected":false},"author":1,"featured_media":0,"comment_status":"closed","ping_status":"closed","sticky":false,"template":"","format":"standard","meta":{"spay_email":"","jetpack_publicize_message":"","jetpack_is_tweetstorm":false,"jetpack_publicize_feature_enabled":true},"categories":[8337],"tags":[],"jetpack_publicize_connections":[],"yoast_head":"<!-- This site is optimized with the Yoast SEO plugin v19.1 - https:\/\/yoast.com\/wordpress\/plugins\/seo\/ -->\n<title>Op\u0161tina Tuzi od septembra sljede\u0107e godine samostalna - Lajme nga Ulqini<\/title>\n<meta name=\"description\" content=\"Crnogorski parlament usvojio je danas izmjene Zakona o teritorijalnoj organizaciji Crne Gore, kojim je predvi\u0111eno da Tuzi bude samostalna op\u0161tina. Zakon\" \/>\n<meta name=\"robots\" content=\"index, follow, max-snippet:-1, max-image-preview:large, max-video-preview:-1\" \/>\n<link rel=\"canonical\" href=\"https:\/\/www.visit-ulcinj.com\/blog\/2017\/04\/27\/opstina-tuzi-od-septembra-sljedece-godine-samostalna\/\" \/>\n<meta property=\"og:locale\" content=\"en_US\" \/>\n<meta property=\"og:type\" content=\"article\" \/>\n<meta property=\"og:title\" content=\"Op\u0161tina Tuzi od septembra sljede\u0107e godine samostalna - Lajme nga Ulqini\" \/>\n<meta property=\"og:description\" content=\"Crnogorski parlament usvojio je danas izmjene Zakona o teritorijalnoj organizaciji Crne Gore, kojim je predvi\u0111eno da Tuzi bude samostalna op\u0161tina. Zakon\" \/>\n<meta property=\"og:url\" content=\"https:\/\/www.visit-ulcinj.com\/blog\/2017\/04\/27\/opstina-tuzi-od-septembra-sljedece-godine-samostalna\/\" \/>\n<meta property=\"og:site_name\" content=\"Lajme nga Ulqini\" \/>\n<meta property=\"article:published_time\" content=\"2017-04-27T16:58:05+00:00\" \/>\n<meta property=\"og:image\" content=\"http:\/\/www.visit-ulcinj.com\/blog\/wp-content\/uploads\/2017\/04\/OPSTINA-TUZI-SKUPSTINA-CG.jpg\" \/>\n<meta name=\"twitter:label1\" content=\"Written by\" \/>\n\t<meta name=\"twitter:data1\" content=\"ulqini\" \/>\n\t<meta name=\"twitter:label2\" content=\"Est. reading time\" \/>\n\t<meta name=\"twitter:data2\" content=\"2 minutes\" \/>\n<script type=\"application\/ld+json\" class=\"yoast-schema-graph\">{\"@context\":\"https:\/\/schema.org\",\"@graph\":[{\"@type\":\"WebSite\",\"@id\":\"https:\/\/www.visit-ulcinj.com\/blog\/#website\",\"url\":\"https:\/\/www.visit-ulcinj.com\/blog\/\",\"name\":\"Lajme nga Ulqini\",\"description\":\"Lajme,Vijesti,Ulqini,Ulqin,Crna Gora,Mali i Zi\",\"potentialAction\":[{\"@type\":\"SearchAction\",\"target\":{\"@type\":\"EntryPoint\",\"urlTemplate\":\"https:\/\/www.visit-ulcinj.com\/blog\/?s={search_term_string}\"},\"query-input\":\"required name=search_term_string\"}],\"inLanguage\":\"en-US\"},{\"@type\":\"ImageObject\",\"inLanguage\":\"en-US\",\"@id\":\"https:\/\/www.visit-ulcinj.com\/blog\/2017\/04\/27\/opstina-tuzi-od-septembra-sljedece-godine-samostalna\/#primaryimage\",\"url\":\"https:\/\/www.visit-ulcinj.com\/blog\/wp-content\/uploads\/2017\/04\/OPSTINA-TUZI-SKUPSTINA-CG.jpg\",\"contentUrl\":\"https:\/\/www.visit-ulcinj.com\/blog\/wp-content\/uploads\/2017\/04\/OPSTINA-TUZI-SKUPSTINA-CG.jpg\",\"width\":900,\"height\":555},{\"@type\":\"WebPage\",\"@id\":\"https:\/\/www.visit-ulcinj.com\/blog\/2017\/04\/27\/opstina-tuzi-od-septembra-sljedece-godine-samostalna\/#webpage\",\"url\":\"https:\/\/www.visit-ulcinj.com\/blog\/2017\/04\/27\/opstina-tuzi-od-septembra-sljedece-godine-samostalna\/\",\"name\":\"Op\u0161tina Tuzi od septembra sljede\u0107e godine samostalna - Lajme nga Ulqini\",\"isPartOf\":{\"@id\":\"https:\/\/www.visit-ulcinj.com\/blog\/#website\"},\"primaryImageOfPage\":{\"@id\":\"https:\/\/www.visit-ulcinj.com\/blog\/2017\/04\/27\/opstina-tuzi-od-septembra-sljedece-godine-samostalna\/#primaryimage\"},\"datePublished\":\"2017-04-27T16:58:05+00:00\",\"dateModified\":\"2017-04-27T16:58:05+00:00\",\"author\":{\"@id\":\"https:\/\/www.visit-ulcinj.com\/blog\/#\/schema\/person\/dcab619c614d3038751c63bc2aadc06d\"},\"description\":\"Crnogorski parlament usvojio je danas izmjene Zakona o teritorijalnoj organizaciji Crne Gore, kojim je predvi\u0111eno da Tuzi bude samostalna op\u0161tina. Zakon\",\"breadcrumb\":{\"@id\":\"https:\/\/www.visit-ulcinj.com\/blog\/2017\/04\/27\/opstina-tuzi-od-septembra-sljedece-godine-samostalna\/#breadcrumb\"},\"inLanguage\":\"en-US\",\"potentialAction\":[{\"@type\":\"ReadAction\",\"target\":[\"https:\/\/www.visit-ulcinj.com\/blog\/2017\/04\/27\/opstina-tuzi-od-septembra-sljedece-godine-samostalna\/\"]}]},{\"@type\":\"BreadcrumbList\",\"@id\":\"https:\/\/www.visit-ulcinj.com\/blog\/2017\/04\/27\/opstina-tuzi-od-septembra-sljedece-godine-samostalna\/#breadcrumb\",\"itemListElement\":[{\"@type\":\"ListItem\",\"position\":1,\"name\":\"Op\u0161tina Tuzi od septembra sljede\u0107e godine samostalna\"}]},{\"@type\":\"Person\",\"@id\":\"https:\/\/www.visit-ulcinj.com\/blog\/#\/schema\/person\/dcab619c614d3038751c63bc2aadc06d\",\"name\":\"ulqini\",\"sameAs\":[\"http:\/\/www.visit-ulcinj.com\"],\"url\":\"https:\/\/www.visit-ulcinj.com\/blog\/author\/admin\/\"}]}<\/script>\n<!-- \/ Yoast SEO plugin. -->","yoast_head_json":{"title":"Op\u0161tina Tuzi od septembra sljede\u0107e godine samostalna - Lajme nga Ulqini","description":"Crnogorski parlament usvojio je danas izmjene Zakona o teritorijalnoj organizaciji Crne Gore, kojim je predvi\u0111eno da Tuzi bude samostalna op\u0161tina. Zakon","robots":{"index":"index","follow":"follow","max-snippet":"max-snippet:-1","max-image-preview":"max-image-preview:large","max-video-preview":"max-video-preview:-1"},"canonical":"https:\/\/www.visit-ulcinj.com\/blog\/2017\/04\/27\/opstina-tuzi-od-septembra-sljedece-godine-samostalna\/","og_locale":"en_US","og_type":"article","og_title":"Op\u0161tina Tuzi od septembra sljede\u0107e godine samostalna - Lajme nga Ulqini","og_description":"Crnogorski parlament usvojio je danas izmjene Zakona o teritorijalnoj organizaciji Crne Gore, kojim je predvi\u0111eno da Tuzi bude samostalna op\u0161tina. Zakon","og_url":"https:\/\/www.visit-ulcinj.com\/blog\/2017\/04\/27\/opstina-tuzi-od-septembra-sljedece-godine-samostalna\/","og_site_name":"Lajme nga Ulqini","article_published_time":"2017-04-27T16:58:05+00:00","og_image":[{"url":"http:\/\/www.visit-ulcinj.com\/blog\/wp-content\/uploads\/2017\/04\/OPSTINA-TUZI-SKUPSTINA-CG.jpg"}],"twitter_misc":{"Written by":"ulqini","Est. reading time":"2 minutes"},"schema":{"@context":"https:\/\/schema.org","@graph":[{"@type":"WebSite","@id":"https:\/\/www.visit-ulcinj.com\/blog\/#website","url":"https:\/\/www.visit-ulcinj.com\/blog\/","name":"Lajme nga Ulqini","description":"Lajme,Vijesti,Ulqini,Ulqin,Crna Gora,Mali i Zi","potentialAction":[{"@type":"SearchAction","target":{"@type":"EntryPoint","urlTemplate":"https:\/\/www.visit-ulcinj.com\/blog\/?s={search_term_string}"},"query-input":"required name=search_term_string"}],"inLanguage":"en-US"},{"@type":"ImageObject","inLanguage":"en-US","@id":"https:\/\/www.visit-ulcinj.com\/blog\/2017\/04\/27\/opstina-tuzi-od-septembra-sljedece-godine-samostalna\/#primaryimage","url":"https:\/\/www.visit-ulcinj.com\/blog\/wp-content\/uploads\/2017\/04\/OPSTINA-TUZI-SKUPSTINA-CG.jpg","contentUrl":"https:\/\/www.visit-ulcinj.com\/blog\/wp-content\/uploads\/2017\/04\/OPSTINA-TUZI-SKUPSTINA-CG.jpg","width":900,"height":555},{"@type":"WebPage","@id":"https:\/\/www.visit-ulcinj.com\/blog\/2017\/04\/27\/opstina-tuzi-od-septembra-sljedece-godine-samostalna\/#webpage","url":"https:\/\/www.visit-ulcinj.com\/blog\/2017\/04\/27\/opstina-tuzi-od-septembra-sljedece-godine-samostalna\/","name":"Op\u0161tina Tuzi od septembra sljede\u0107e godine samostalna - Lajme nga Ulqini","isPartOf":{"@id":"https:\/\/www.visit-ulcinj.com\/blog\/#website"},"primaryImageOfPage":{"@id":"https:\/\/www.visit-ulcinj.com\/blog\/2017\/04\/27\/opstina-tuzi-od-septembra-sljedece-godine-samostalna\/#primaryimage"},"datePublished":"2017-04-27T16:58:05+00:00","dateModified":"2017-04-27T16:58:05+00:00","author":{"@id":"https:\/\/www.visit-ulcinj.com\/blog\/#\/schema\/person\/dcab619c614d3038751c63bc2aadc06d"},"description":"Crnogorski parlament usvojio je danas izmjene Zakona o teritorijalnoj organizaciji Crne Gore, kojim je predvi\u0111eno da Tuzi bude samostalna op\u0161tina. Zakon","breadcrumb":{"@id":"https:\/\/www.visit-ulcinj.com\/blog\/2017\/04\/27\/opstina-tuzi-od-septembra-sljedece-godine-samostalna\/#breadcrumb"},"inLanguage":"en-US","potentialAction":[{"@type":"ReadAction","target":["https:\/\/www.visit-ulcinj.com\/blog\/2017\/04\/27\/opstina-tuzi-od-septembra-sljedece-godine-samostalna\/"]}]},{"@type":"BreadcrumbList","@id":"https:\/\/www.visit-ulcinj.com\/blog\/2017\/04\/27\/opstina-tuzi-od-septembra-sljedece-godine-samostalna\/#breadcrumb","itemListElement":[{"@type":"ListItem","position":1,"name":"Op\u0161tina Tuzi od septembra sljede\u0107e godine samostalna"}]},{"@type":"Person","@id":"https:\/\/www.visit-ulcinj.com\/blog\/#\/schema\/person\/dcab619c614d3038751c63bc2aadc06d","name":"ulqini","sameAs":["http:\/\/www.visit-ulcinj.com"],"url":"https:\/\/www.visit-ulcinj.com\/blog\/author\/admin\/"}]}},"jetpack_featured_media_url":"","jetpack_sharing_enabled":true,"jetpack_shortlink":"https:\/\/wp.me\/pe6lTn-re9","_links":{"self":[{"href":"https:\/\/www.visit-ulcinj.com\/blog\/wp-json\/wp\/v2\/posts\/104665"}],"collection":[{"href":"https:\/\/www.visit-ulcinj.com\/blog\/wp-json\/wp\/v2\/posts"}],"about":[{"href":"https:\/\/www.visit-ulcinj.com\/blog\/wp-json\/wp\/v2\/types\/post"}],"author":[{"embeddable":true,"href":"https:\/\/www.visit-ulcinj.com\/blog\/wp-json\/wp\/v2\/users\/1"}],"replies":[{"embeddable":true,"href":"https:\/\/www.visit-ulcinj.com\/blog\/wp-json\/wp\/v2\/comments?post=104665"}],"version-history":[{"count":1,"href":"https:\/\/www.visit-ulcinj.com\/blog\/wp-json\/wp\/v2\/posts\/104665\/revisions"}],"predecessor-version":[{"id":104667,"href":"https:\/\/www.visit-ulcinj.com\/blog\/wp-json\/wp\/v2\/posts\/104665\/revisions\/104667"}],"wp:attachment":[{"href":"https:\/\/www.visit-ulcinj.com\/blog\/wp-json\/wp\/v2\/media?parent=104665"}],"wp:term":[{"taxonomy":"category","embeddable":true,"href":"https:\/\/www.visit-ulcinj.com\/blog\/wp-json\/wp\/v2\/categories?post=104665"},{"taxonomy":"post_tag","embeddable":true,"href":"https:\/\/www.visit-ulcinj.com\/blog\/wp-json\/wp\/v2\/tags?post=104665"}],"curies":[{"name":"wp","href":"https:\/\/api.w.org\/{rel}","templated":true}]}}