{"id":104675,"date":"2017-04-28T13:55:37","date_gmt":"2017-04-28T12:55:37","guid":{"rendered":"http:\/\/www.visit-ulcinj.com\/blog\/?p=104675"},"modified":"2017-04-28T14:01:57","modified_gmt":"2017-04-28T13:01:57","slug":"kuvendi-i-malit-te-zi-pritet-te-votoje-per-anetaresim-ne-nato","status":"publish","type":"post","link":"https:\/\/www.visit-ulcinj.com\/blog\/2017\/04\/28\/kuvendi-i-malit-te-zi-pritet-te-votoje-per-anetaresim-ne-nato\/","title":{"rendered":"Kuvendi i Malit t\u00eb Zi pritet t\u00eb votoj\u00eb p\u00ebr an\u00ebtar\u00ebsim n\u00eb NATO &#8211; LIVE"},"content":{"rendered":"<div class=\"body-container\">\n<div class=\"row\">\n<div class=\"col-xs-12 col-sm-12 col-md-10 col-lg-10 pull-right\">\n<div class=\"row\">\n<div class=\"col-xs-12 col-sm-12 col-md-8 col-lg-8 pull-left bottom-offset content-offset\">\n<div>\n<div class=\"wsw\">\n<p><a href=\"http:\/\/www.visit-ulcinj.com\/blog\/wp-content\/uploads\/2017\/04\/OPSTINA-TUZI-SKUPSTINA-CG.jpg\"><img loading=\"lazy\" class=\"alignleft wp-image-104666\" src=\"http:\/\/www.visit-ulcinj.com\/blog\/wp-content\/uploads\/2017\/04\/OPSTINA-TUZI-SKUPSTINA-CG.jpg\" alt=\"\" width=\"508\" height=\"313\" srcset=\"https:\/\/www.visit-ulcinj.com\/blog\/wp-content\/uploads\/2017\/04\/OPSTINA-TUZI-SKUPSTINA-CG.jpg 900w, https:\/\/www.visit-ulcinj.com\/blog\/wp-content\/uploads\/2017\/04\/OPSTINA-TUZI-SKUPSTINA-CG-300x185.jpg 300w, https:\/\/www.visit-ulcinj.com\/blog\/wp-content\/uploads\/2017\/04\/OPSTINA-TUZI-SKUPSTINA-CG-768x474.jpg 768w\" sizes=\"(max-width: 508px) 100vw, 508px\" \/><\/a><strong><a href=\"http:\/\/www.rtcg.me\/tv\/tv-uzivo.html\">LIVE NGA PARLAMENTI I N\u00cb CETINJE<\/a><\/strong><\/p>\n<p>Parlamenti i Malit t\u00eb Zi sot pritet ta ratifikoj marr\u00ebveshjen p\u00ebr an\u00ebtar\u00ebsim n\u00eb NATO, duke e b\u00ebr\u00eb nj\u00eb kthes\u00eb historike kah per\u00ebndimi, megjith\u00eb protestat nga aleati tradicional Rusia dhe opozita malazeze proruse.<\/p>\n<p>Partit\u00eb opozitare kan\u00eb th\u00ebn\u00eb se do ta bojkotojn\u00eb seanc\u00ebn e sotme parlamentare.<\/p>\n<p>Disa qindra mb\u00ebshtet\u00ebs t\u00eb opozit\u00ebs jan\u00eb tubuar af\u00ebr nd\u00ebrtes\u00ebs s\u00eb parlamentit n\u00eb Podgoric\u00eb duke brohorutir \u201ctradhti\u201d dhe \u201chajna\u201d, derisa ligjv\u00ebn\u00ebsit nga koalicioni i partive n\u00eb qeveri kan\u00eb ardhur n\u00eb parlament.<\/p>\n<p>Zyrtar\u00ebt konsiderojn\u00eb se an\u00ebtar\u00ebsimi n\u00eb NATO do t\u00eb sjell stabilitet dhe p\u00ebrfitime ekonomike p\u00ebr Malin e Zi, me 645 mij\u00eb banor\u00eb.<\/p>\n<p>Pas ratifikimit t\u00eb pritur n\u00eb Parlamentin e Malit t\u00eb Zi pritet q\u00eb ky vend t\u00eb b\u00ebhet an\u00ebtar i plotfuqish\u00ebm i aleanc\u00ebs veriatlantike, n\u00eb samitin e NATO-s m\u00eb 25 maj.<\/p>\n<p><strong>Radio Evropa e Lir\u00eb \u00a9 2017 RFE\/RL<\/strong><\/p>\n<p><strong><a href=\"http:\/\/www.rtcg.me\/tv\/tv-uzivo.html\">LIVE NGA PARLAMENTI I N\u00cb CETINJE<\/a><\/strong><\/p>\n<p>&nbsp;<\/p>\n<\/div>\n<\/div>\n<\/div>\n<\/div>\n<\/div>\n<\/div>\n<\/div>\n","protected":false},"excerpt":{"rendered":"<p>LIVE NGA PARLAMENTI I N\u00cb CETINJE Parlamenti i Malit t\u00eb Zi sot pritet ta ratifikoj marr\u00ebveshjen p\u00ebr an\u00ebtar\u00ebsim n\u00eb NATO, duke e b\u00ebr\u00eb nj\u00eb kthes\u00eb historike kah per\u00ebndimi, megjith\u00eb protestat nga aleati tradicional Rusia dhe opozita malazeze proruse. Partit\u00eb opozitare kan\u00eb th\u00ebn\u00eb se do ta bojkotojn\u00eb seanc\u00ebn e sotme parlamentare. Disa qindra mb\u00ebshtet\u00ebs t\u00eb opozit\u00ebs [&hellip;]<\/p>\n","protected":false},"author":1,"featured_media":0,"comment_status":"closed","ping_status":"closed","sticky":false,"template":"","format":"standard","meta":{"spay_email":"","jetpack_publicize_message":"","jetpack_is_tweetstorm":false,"jetpack_publicize_feature_enabled":true},"categories":[1],"tags":[],"jetpack_publicize_connections":[],"yoast_head":"<!-- This site is optimized with the Yoast SEO plugin v19.1 - https:\/\/yoast.com\/wordpress\/plugins\/seo\/ -->\n<title>Kuvendi i Malit t\u00eb Zi pritet t\u00eb votoj\u00eb p\u00ebr an\u00ebtar\u00ebsim n\u00eb NATO - LIVE - Lajme nga Ulqini<\/title>\n<meta name=\"description\" content=\"LIVE NGA PARLAMENTI I N\u00cb CETINJE Parlamenti i Malit t\u00eb Zi sot pritet ta ratifikoj marr\u00ebveshjen p\u00ebr an\u00ebtar\u00ebsim n\u00eb NATO, duke e b\u00ebr\u00eb nj\u00eb kthes\u00eb historike\" \/>\n<meta name=\"robots\" content=\"index, follow, max-snippet:-1, max-image-preview:large, max-video-preview:-1\" \/>\n<link rel=\"canonical\" href=\"https:\/\/www.visit-ulcinj.com\/blog\/2017\/04\/28\/kuvendi-i-malit-te-zi-pritet-te-votoje-per-anetaresim-ne-nato\/\" \/>\n<meta property=\"og:locale\" content=\"en_US\" \/>\n<meta property=\"og:type\" content=\"article\" \/>\n<meta property=\"og:title\" content=\"Kuvendi i Malit t\u00eb Zi pritet t\u00eb votoj\u00eb p\u00ebr an\u00ebtar\u00ebsim n\u00eb NATO - LIVE - Lajme nga Ulqini\" \/>\n<meta property=\"og:description\" content=\"LIVE NGA PARLAMENTI I N\u00cb CETINJE Parlamenti i Malit t\u00eb Zi sot pritet ta ratifikoj marr\u00ebveshjen p\u00ebr an\u00ebtar\u00ebsim n\u00eb NATO, duke e b\u00ebr\u00eb nj\u00eb kthes\u00eb historike\" \/>\n<meta property=\"og:url\" content=\"https:\/\/www.visit-ulcinj.com\/blog\/2017\/04\/28\/kuvendi-i-malit-te-zi-pritet-te-votoje-per-anetaresim-ne-nato\/\" \/>\n<meta property=\"og:site_name\" content=\"Lajme nga Ulqini\" \/>\n<meta property=\"article:published_time\" content=\"2017-04-28T12:55:37+00:00\" \/>\n<meta property=\"article:modified_time\" content=\"2017-04-28T13:01:57+00:00\" \/>\n<meta property=\"og:image\" content=\"http:\/\/www.visit-ulcinj.com\/blog\/wp-content\/uploads\/2017\/04\/OPSTINA-TUZI-SKUPSTINA-CG.jpg\" \/>\n<meta name=\"twitter:label1\" content=\"Written by\" \/>\n\t<meta name=\"twitter:data1\" content=\"ulqini\" \/>\n\t<meta name=\"twitter:label2\" content=\"Est. reading time\" \/>\n\t<meta name=\"twitter:data2\" content=\"1 minute\" \/>\n<script type=\"application\/ld+json\" class=\"yoast-schema-graph\">{\"@context\":\"https:\/\/schema.org\",\"@graph\":[{\"@type\":\"WebSite\",\"@id\":\"https:\/\/www.visit-ulcinj.com\/blog\/#website\",\"url\":\"https:\/\/www.visit-ulcinj.com\/blog\/\",\"name\":\"Lajme nga Ulqini\",\"description\":\"Lajme,Vijesti,Ulqini,Ulqin,Crna Gora,Mali i Zi\",\"potentialAction\":[{\"@type\":\"SearchAction\",\"target\":{\"@type\":\"EntryPoint\",\"urlTemplate\":\"https:\/\/www.visit-ulcinj.com\/blog\/?s={search_term_string}\"},\"query-input\":\"required name=search_term_string\"}],\"inLanguage\":\"en-US\"},{\"@type\":\"ImageObject\",\"inLanguage\":\"en-US\",\"@id\":\"https:\/\/www.visit-ulcinj.com\/blog\/2017\/04\/28\/kuvendi-i-malit-te-zi-pritet-te-votoje-per-anetaresim-ne-nato\/#primaryimage\",\"url\":\"https:\/\/www.visit-ulcinj.com\/blog\/wp-content\/uploads\/2017\/04\/OPSTINA-TUZI-SKUPSTINA-CG.jpg\",\"contentUrl\":\"https:\/\/www.visit-ulcinj.com\/blog\/wp-content\/uploads\/2017\/04\/OPSTINA-TUZI-SKUPSTINA-CG.jpg\",\"width\":900,\"height\":555},{\"@type\":\"WebPage\",\"@id\":\"https:\/\/www.visit-ulcinj.com\/blog\/2017\/04\/28\/kuvendi-i-malit-te-zi-pritet-te-votoje-per-anetaresim-ne-nato\/#webpage\",\"url\":\"https:\/\/www.visit-ulcinj.com\/blog\/2017\/04\/28\/kuvendi-i-malit-te-zi-pritet-te-votoje-per-anetaresim-ne-nato\/\",\"name\":\"Kuvendi i Malit t\u00eb Zi pritet t\u00eb votoj\u00eb p\u00ebr an\u00ebtar\u00ebsim n\u00eb NATO - LIVE - Lajme nga Ulqini\",\"isPartOf\":{\"@id\":\"https:\/\/www.visit-ulcinj.com\/blog\/#website\"},\"primaryImageOfPage\":{\"@id\":\"https:\/\/www.visit-ulcinj.com\/blog\/2017\/04\/28\/kuvendi-i-malit-te-zi-pritet-te-votoje-per-anetaresim-ne-nato\/#primaryimage\"},\"datePublished\":\"2017-04-28T12:55:37+00:00\",\"dateModified\":\"2017-04-28T13:01:57+00:00\",\"author\":{\"@id\":\"https:\/\/www.visit-ulcinj.com\/blog\/#\/schema\/person\/dcab619c614d3038751c63bc2aadc06d\"},\"description\":\"LIVE NGA PARLAMENTI I N\u00cb CETINJE Parlamenti i Malit t\u00eb Zi sot pritet ta ratifikoj marr\u00ebveshjen p\u00ebr an\u00ebtar\u00ebsim n\u00eb NATO, duke e b\u00ebr\u00eb nj\u00eb kthes\u00eb historike\",\"breadcrumb\":{\"@id\":\"https:\/\/www.visit-ulcinj.com\/blog\/2017\/04\/28\/kuvendi-i-malit-te-zi-pritet-te-votoje-per-anetaresim-ne-nato\/#breadcrumb\"},\"inLanguage\":\"en-US\",\"potentialAction\":[{\"@type\":\"ReadAction\",\"target\":[\"https:\/\/www.visit-ulcinj.com\/blog\/2017\/04\/28\/kuvendi-i-malit-te-zi-pritet-te-votoje-per-anetaresim-ne-nato\/\"]}]},{\"@type\":\"BreadcrumbList\",\"@id\":\"https:\/\/www.visit-ulcinj.com\/blog\/2017\/04\/28\/kuvendi-i-malit-te-zi-pritet-te-votoje-per-anetaresim-ne-nato\/#breadcrumb\",\"itemListElement\":[{\"@type\":\"ListItem\",\"position\":1,\"name\":\"Kuvendi i Malit t\u00eb Zi pritet t\u00eb votoj\u00eb p\u00ebr an\u00ebtar\u00ebsim n\u00eb NATO &#8211; LIVE\"}]},{\"@type\":\"Person\",\"@id\":\"https:\/\/www.visit-ulcinj.com\/blog\/#\/schema\/person\/dcab619c614d3038751c63bc2aadc06d\",\"name\":\"ulqini\",\"sameAs\":[\"http:\/\/www.visit-ulcinj.com\"],\"url\":\"https:\/\/www.visit-ulcinj.com\/blog\/author\/admin\/\"}]}<\/script>\n<!-- \/ Yoast SEO plugin. -->","yoast_head_json":{"title":"Kuvendi i Malit t\u00eb Zi pritet t\u00eb votoj\u00eb p\u00ebr an\u00ebtar\u00ebsim n\u00eb NATO - LIVE - Lajme nga Ulqini","description":"LIVE NGA PARLAMENTI I N\u00cb CETINJE Parlamenti i Malit t\u00eb Zi sot pritet ta ratifikoj marr\u00ebveshjen p\u00ebr an\u00ebtar\u00ebsim n\u00eb NATO, duke e b\u00ebr\u00eb nj\u00eb kthes\u00eb historike","robots":{"index":"index","follow":"follow","max-snippet":"max-snippet:-1","max-image-preview":"max-image-preview:large","max-video-preview":"max-video-preview:-1"},"canonical":"https:\/\/www.visit-ulcinj.com\/blog\/2017\/04\/28\/kuvendi-i-malit-te-zi-pritet-te-votoje-per-anetaresim-ne-nato\/","og_locale":"en_US","og_type":"article","og_title":"Kuvendi i Malit t\u00eb Zi pritet t\u00eb votoj\u00eb p\u00ebr an\u00ebtar\u00ebsim n\u00eb NATO - LIVE - Lajme nga Ulqini","og_description":"LIVE NGA PARLAMENTI I N\u00cb CETINJE Parlamenti i Malit t\u00eb Zi sot pritet ta ratifikoj marr\u00ebveshjen p\u00ebr an\u00ebtar\u00ebsim n\u00eb NATO, duke e b\u00ebr\u00eb nj\u00eb kthes\u00eb historike","og_url":"https:\/\/www.visit-ulcinj.com\/blog\/2017\/04\/28\/kuvendi-i-malit-te-zi-pritet-te-votoje-per-anetaresim-ne-nato\/","og_site_name":"Lajme nga Ulqini","article_published_time":"2017-04-28T12:55:37+00:00","article_modified_time":"2017-04-28T13:01:57+00:00","og_image":[{"url":"http:\/\/www.visit-ulcinj.com\/blog\/wp-content\/uploads\/2017\/04\/OPSTINA-TUZI-SKUPSTINA-CG.jpg"}],"twitter_misc":{"Written by":"ulqini","Est. reading time":"1 minute"},"schema":{"@context":"https:\/\/schema.org","@graph":[{"@type":"WebSite","@id":"https:\/\/www.visit-ulcinj.com\/blog\/#website","url":"https:\/\/www.visit-ulcinj.com\/blog\/","name":"Lajme nga Ulqini","description":"Lajme,Vijesti,Ulqini,Ulqin,Crna Gora,Mali i Zi","potentialAction":[{"@type":"SearchAction","target":{"@type":"EntryPoint","urlTemplate":"https:\/\/www.visit-ulcinj.com\/blog\/?s={search_term_string}"},"query-input":"required name=search_term_string"}],"inLanguage":"en-US"},{"@type":"ImageObject","inLanguage":"en-US","@id":"https:\/\/www.visit-ulcinj.com\/blog\/2017\/04\/28\/kuvendi-i-malit-te-zi-pritet-te-votoje-per-anetaresim-ne-nato\/#primaryimage","url":"https:\/\/www.visit-ulcinj.com\/blog\/wp-content\/uploads\/2017\/04\/OPSTINA-TUZI-SKUPSTINA-CG.jpg","contentUrl":"https:\/\/www.visit-ulcinj.com\/blog\/wp-content\/uploads\/2017\/04\/OPSTINA-TUZI-SKUPSTINA-CG.jpg","width":900,"height":555},{"@type":"WebPage","@id":"https:\/\/www.visit-ulcinj.com\/blog\/2017\/04\/28\/kuvendi-i-malit-te-zi-pritet-te-votoje-per-anetaresim-ne-nato\/#webpage","url":"https:\/\/www.visit-ulcinj.com\/blog\/2017\/04\/28\/kuvendi-i-malit-te-zi-pritet-te-votoje-per-anetaresim-ne-nato\/","name":"Kuvendi i Malit t\u00eb Zi pritet t\u00eb votoj\u00eb p\u00ebr an\u00ebtar\u00ebsim n\u00eb NATO - LIVE - Lajme nga Ulqini","isPartOf":{"@id":"https:\/\/www.visit-ulcinj.com\/blog\/#website"},"primaryImageOfPage":{"@id":"https:\/\/www.visit-ulcinj.com\/blog\/2017\/04\/28\/kuvendi-i-malit-te-zi-pritet-te-votoje-per-anetaresim-ne-nato\/#primaryimage"},"datePublished":"2017-04-28T12:55:37+00:00","dateModified":"2017-04-28T13:01:57+00:00","author":{"@id":"https:\/\/www.visit-ulcinj.com\/blog\/#\/schema\/person\/dcab619c614d3038751c63bc2aadc06d"},"description":"LIVE NGA PARLAMENTI I N\u00cb CETINJE Parlamenti i Malit t\u00eb Zi sot pritet ta ratifikoj marr\u00ebveshjen p\u00ebr an\u00ebtar\u00ebsim n\u00eb NATO, duke e b\u00ebr\u00eb nj\u00eb kthes\u00eb historike","breadcrumb":{"@id":"https:\/\/www.visit-ulcinj.com\/blog\/2017\/04\/28\/kuvendi-i-malit-te-zi-pritet-te-votoje-per-anetaresim-ne-nato\/#breadcrumb"},"inLanguage":"en-US","potentialAction":[{"@type":"ReadAction","target":["https:\/\/www.visit-ulcinj.com\/blog\/2017\/04\/28\/kuvendi-i-malit-te-zi-pritet-te-votoje-per-anetaresim-ne-nato\/"]}]},{"@type":"BreadcrumbList","@id":"https:\/\/www.visit-ulcinj.com\/blog\/2017\/04\/28\/kuvendi-i-malit-te-zi-pritet-te-votoje-per-anetaresim-ne-nato\/#breadcrumb","itemListElement":[{"@type":"ListItem","position":1,"name":"Kuvendi i Malit t\u00eb Zi pritet t\u00eb votoj\u00eb p\u00ebr an\u00ebtar\u00ebsim n\u00eb NATO &#8211; LIVE"}]},{"@type":"Person","@id":"https:\/\/www.visit-ulcinj.com\/blog\/#\/schema\/person\/dcab619c614d3038751c63bc2aadc06d","name":"ulqini","sameAs":["http:\/\/www.visit-ulcinj.com"],"url":"https:\/\/www.visit-ulcinj.com\/blog\/author\/admin\/"}]}},"jetpack_featured_media_url":"","jetpack_sharing_enabled":true,"jetpack_shortlink":"https:\/\/wp.me\/pe6lTn-rej","_links":{"self":[{"href":"https:\/\/www.visit-ulcinj.com\/blog\/wp-json\/wp\/v2\/posts\/104675"}],"collection":[{"href":"https:\/\/www.visit-ulcinj.com\/blog\/wp-json\/wp\/v2\/posts"}],"about":[{"href":"https:\/\/www.visit-ulcinj.com\/blog\/wp-json\/wp\/v2\/types\/post"}],"author":[{"embeddable":true,"href":"https:\/\/www.visit-ulcinj.com\/blog\/wp-json\/wp\/v2\/users\/1"}],"replies":[{"embeddable":true,"href":"https:\/\/www.visit-ulcinj.com\/blog\/wp-json\/wp\/v2\/comments?post=104675"}],"version-history":[{"count":4,"href":"https:\/\/www.visit-ulcinj.com\/blog\/wp-json\/wp\/v2\/posts\/104675\/revisions"}],"predecessor-version":[{"id":104680,"href":"https:\/\/www.visit-ulcinj.com\/blog\/wp-json\/wp\/v2\/posts\/104675\/revisions\/104680"}],"wp:attachment":[{"href":"https:\/\/www.visit-ulcinj.com\/blog\/wp-json\/wp\/v2\/media?parent=104675"}],"wp:term":[{"taxonomy":"category","embeddable":true,"href":"https:\/\/www.visit-ulcinj.com\/blog\/wp-json\/wp\/v2\/categories?post=104675"},{"taxonomy":"post_tag","embeddable":true,"href":"https:\/\/www.visit-ulcinj.com\/blog\/wp-json\/wp\/v2\/tags?post=104675"}],"curies":[{"name":"wp","href":"https:\/\/api.w.org\/{rel}","templated":true}]}}