{"id":104681,"date":"2017-04-28T14:06:40","date_gmt":"2017-04-28T13:06:40","guid":{"rendered":"http:\/\/www.visit-ulcinj.com\/blog\/?p=104681"},"modified":"2017-04-28T14:30:58","modified_gmt":"2017-04-28T13:30:58","slug":"historike-tuzi-shpallet-komune-vete-e-dyta-pas-ulqinit","status":"publish","type":"post","link":"https:\/\/www.visit-ulcinj.com\/blog\/2017\/04\/28\/historike-tuzi-shpallet-komune-vete-e-dyta-pas-ulqinit\/","title":{"rendered":"Historike, Tuzi shpallet komun\u00eb m\u00eb vete. E dyta pas Ulqinit &#8211; Video"},"content":{"rendered":"<p><span class=\"arial14 \"><a href=\"http:\/\/www.visit-ulcinj.com\/blog\/wp-content\/uploads\/2017\/04\/KOMUNA-TUZI.jpg\"><img loading=\"lazy\" class=\"alignleft wp-image-104682\" src=\"http:\/\/www.visit-ulcinj.com\/blog\/wp-content\/uploads\/2017\/04\/KOMUNA-TUZI.jpg\" alt=\"\" width=\"508\" height=\"305\" srcset=\"https:\/\/www.visit-ulcinj.com\/blog\/wp-content\/uploads\/2017\/04\/KOMUNA-TUZI.jpg 442w, https:\/\/www.visit-ulcinj.com\/blog\/wp-content\/uploads\/2017\/04\/KOMUNA-TUZI-300x180.jpg 300w\" sizes=\"(max-width: 508px) 100vw, 508px\" \/><\/a>Parlamenti i Malit t\u00eb Zi, n\u00eb nj\u00eb votim historik p\u00ebr shqiptar\u00ebt atje, ka votuar pasditen e s\u00eb enjtes p\u00ebr shpalljen e Tuzit, komun\u00eb me t\u00eb drejta t\u00eb plota. Ishte nj\u00eb e drejt\u00eb q\u00eb shqiptar\u00ebt e Tuzit e k\u00ebrkonin prej 27 vitesh dhe q\u00eb u ishte mohuar.<\/span><\/p>\n<p><span class=\"arial14 linkszi \">Ky lajm b\u00ebhet i ditur p\u00ebr Top Channel nga deputeti shqiptar n\u00eb Parlamentin e Malit t\u00eb Zi, Nik Gjeloshaj.<\/span><\/p>\n<p>N\u00eb votim kan\u00eb marr\u00eb pjes\u00eb 42 deputet\u00eb, nga 81 q\u00eb ka Parlamenti, dhe me 42 voto pro Tuzi shpallet Komun\u00eb.<\/p>\n<p>N\u00eb votim nuk ka marr\u00eb pjes\u00eb opozita serbe dhe koalicioni \u201c\u00c7elsi\u201d, nj\u00eb formacion me disa parti malazeze, por sipas deputetit shqiptar n\u00eb Parlamentin malazez, Nik Gjeloshaj ajo q\u00eb nuk pritej ishte mosmarrja pjes\u00eb n\u00eb votim e deputetit shqiptar, Dritan Abazovi\u00e7, q\u00eb \u00ebsht\u00eb pjes\u00eb e koalicionit \u201c\u00c7elsi\u201d.<\/p>\n<p>Projektligji p\u00ebr Tuzin Komun\u00eb \u00ebsht\u00eb votuar nga Partia Demokracia Sociale e Milo Gjukanovi\u00e7it, q\u00eb ka shumic\u00ebn n\u00eb Parlament dhe koalicioni i partive shqiptare \u201cForca\u201d dhe \u201cAlternativa Shqiptare\u201d e \u201cUDSH\u201d.<\/p>\n<p>Tuzi varej nga Bashkia e Podgoric\u00ebs dhe, prej m\u00eb shum\u00eb se nj\u00eb \u00e7erekshekulli, popullsia shqiptare dhe faktori politik shqiptar n\u00eb Mal t\u00eb Zi k\u00ebrkonin q\u00eb t\u00eb ishin nj\u00eb komun\u00eb m\u00eb vete me t\u00eb drejta t\u00eb plota. Tashm\u00eb pas Ulqinit, Tuzi \u00ebsht\u00eb komuna e dyt\u00eb me shumic\u00eb shqiptare n\u00eb territorin e Malit t\u00eb Zi.<\/p>\n<!--YouTube Error: bad URL entered-->\n","protected":false},"excerpt":{"rendered":"<p>Parlamenti i Malit t\u00eb Zi, n\u00eb nj\u00eb votim historik p\u00ebr shqiptar\u00ebt atje, ka votuar pasditen e s\u00eb enjtes p\u00ebr shpalljen e Tuzit, komun\u00eb me t\u00eb drejta t\u00eb plota. Ishte nj\u00eb e drejt\u00eb q\u00eb shqiptar\u00ebt e Tuzit e k\u00ebrkonin prej 27 vitesh dhe q\u00eb u ishte mohuar. Ky lajm b\u00ebhet i ditur p\u00ebr Top Channel nga [&hellip;]<\/p>\n","protected":false},"author":1,"featured_media":0,"comment_status":"closed","ping_status":"closed","sticky":false,"template":"","format":"standard","meta":{"spay_email":"","jetpack_publicize_message":"","jetpack_is_tweetstorm":false,"jetpack_publicize_feature_enabled":true},"categories":[12],"tags":[],"jetpack_publicize_connections":[],"yoast_head":"<!-- This site is optimized with the Yoast SEO plugin v19.1 - https:\/\/yoast.com\/wordpress\/plugins\/seo\/ -->\n<title>Historike, Tuzi shpallet komun\u00eb m\u00eb vete. E dyta pas Ulqinit - Video - Lajme nga Ulqini<\/title>\n<meta name=\"description\" content=\"Parlamenti i Malit t\u00eb Zi, n\u00eb nj\u00eb votim historik p\u00ebr shqiptar\u00ebt atje, ka votuar pasditen e s\u00eb enjtes p\u00ebr shpalljen e Tuzit, komun\u00eb me t\u00eb drejta t\u00eb plota.\" \/>\n<meta name=\"robots\" content=\"index, follow, max-snippet:-1, max-image-preview:large, max-video-preview:-1\" \/>\n<link rel=\"canonical\" href=\"https:\/\/www.visit-ulcinj.com\/blog\/2017\/04\/28\/historike-tuzi-shpallet-komune-vete-e-dyta-pas-ulqinit\/\" \/>\n<meta property=\"og:locale\" content=\"en_US\" \/>\n<meta property=\"og:type\" content=\"article\" \/>\n<meta property=\"og:title\" content=\"Historike, Tuzi shpallet komun\u00eb m\u00eb vete. E dyta pas Ulqinit - Video - Lajme nga Ulqini\" \/>\n<meta property=\"og:description\" content=\"Parlamenti i Malit t\u00eb Zi, n\u00eb nj\u00eb votim historik p\u00ebr shqiptar\u00ebt atje, ka votuar pasditen e s\u00eb enjtes p\u00ebr shpalljen e Tuzit, komun\u00eb me t\u00eb drejta t\u00eb plota.\" \/>\n<meta property=\"og:url\" content=\"https:\/\/www.visit-ulcinj.com\/blog\/2017\/04\/28\/historike-tuzi-shpallet-komune-vete-e-dyta-pas-ulqinit\/\" \/>\n<meta property=\"og:site_name\" content=\"Lajme nga Ulqini\" \/>\n<meta property=\"article:published_time\" content=\"2017-04-28T13:06:40+00:00\" \/>\n<meta property=\"article:modified_time\" content=\"2017-04-28T13:30:58+00:00\" \/>\n<meta property=\"og:image\" content=\"http:\/\/www.visit-ulcinj.com\/blog\/wp-content\/uploads\/2017\/04\/KOMUNA-TUZI.jpg\" \/>\n<meta name=\"twitter:label1\" content=\"Written by\" \/>\n\t<meta name=\"twitter:data1\" content=\"ulqini\" \/>\n\t<meta name=\"twitter:label2\" content=\"Est. reading time\" \/>\n\t<meta name=\"twitter:data2\" content=\"1 minute\" \/>\n<script type=\"application\/ld+json\" class=\"yoast-schema-graph\">{\"@context\":\"https:\/\/schema.org\",\"@graph\":[{\"@type\":\"WebSite\",\"@id\":\"https:\/\/www.visit-ulcinj.com\/blog\/#website\",\"url\":\"https:\/\/www.visit-ulcinj.com\/blog\/\",\"name\":\"Lajme nga Ulqini\",\"description\":\"Lajme,Vijesti,Ulqini,Ulqin,Crna Gora,Mali i Zi\",\"potentialAction\":[{\"@type\":\"SearchAction\",\"target\":{\"@type\":\"EntryPoint\",\"urlTemplate\":\"https:\/\/www.visit-ulcinj.com\/blog\/?s={search_term_string}\"},\"query-input\":\"required name=search_term_string\"}],\"inLanguage\":\"en-US\"},{\"@type\":\"ImageObject\",\"inLanguage\":\"en-US\",\"@id\":\"https:\/\/www.visit-ulcinj.com\/blog\/2017\/04\/28\/historike-tuzi-shpallet-komune-vete-e-dyta-pas-ulqinit\/#primaryimage\",\"url\":\"https:\/\/www.visit-ulcinj.com\/blog\/wp-content\/uploads\/2017\/04\/KOMUNA-TUZI.jpg\",\"contentUrl\":\"https:\/\/www.visit-ulcinj.com\/blog\/wp-content\/uploads\/2017\/04\/KOMUNA-TUZI.jpg\",\"width\":442,\"height\":265},{\"@type\":\"WebPage\",\"@id\":\"https:\/\/www.visit-ulcinj.com\/blog\/2017\/04\/28\/historike-tuzi-shpallet-komune-vete-e-dyta-pas-ulqinit\/#webpage\",\"url\":\"https:\/\/www.visit-ulcinj.com\/blog\/2017\/04\/28\/historike-tuzi-shpallet-komune-vete-e-dyta-pas-ulqinit\/\",\"name\":\"Historike, Tuzi shpallet komun\u00eb m\u00eb vete. E dyta pas Ulqinit - Video - Lajme nga Ulqini\",\"isPartOf\":{\"@id\":\"https:\/\/www.visit-ulcinj.com\/blog\/#website\"},\"primaryImageOfPage\":{\"@id\":\"https:\/\/www.visit-ulcinj.com\/blog\/2017\/04\/28\/historike-tuzi-shpallet-komune-vete-e-dyta-pas-ulqinit\/#primaryimage\"},\"datePublished\":\"2017-04-28T13:06:40+00:00\",\"dateModified\":\"2017-04-28T13:30:58+00:00\",\"author\":{\"@id\":\"https:\/\/www.visit-ulcinj.com\/blog\/#\/schema\/person\/dcab619c614d3038751c63bc2aadc06d\"},\"description\":\"Parlamenti i Malit t\u00eb Zi, n\u00eb nj\u00eb votim historik p\u00ebr shqiptar\u00ebt atje, ka votuar pasditen e s\u00eb enjtes p\u00ebr shpalljen e Tuzit, komun\u00eb me t\u00eb drejta t\u00eb plota.\",\"breadcrumb\":{\"@id\":\"https:\/\/www.visit-ulcinj.com\/blog\/2017\/04\/28\/historike-tuzi-shpallet-komune-vete-e-dyta-pas-ulqinit\/#breadcrumb\"},\"inLanguage\":\"en-US\",\"potentialAction\":[{\"@type\":\"ReadAction\",\"target\":[\"https:\/\/www.visit-ulcinj.com\/blog\/2017\/04\/28\/historike-tuzi-shpallet-komune-vete-e-dyta-pas-ulqinit\/\"]}]},{\"@type\":\"BreadcrumbList\",\"@id\":\"https:\/\/www.visit-ulcinj.com\/blog\/2017\/04\/28\/historike-tuzi-shpallet-komune-vete-e-dyta-pas-ulqinit\/#breadcrumb\",\"itemListElement\":[{\"@type\":\"ListItem\",\"position\":1,\"name\":\"Historike, Tuzi shpallet komun\u00eb m\u00eb vete. E dyta pas Ulqinit &#8211; Video\"}]},{\"@type\":\"Person\",\"@id\":\"https:\/\/www.visit-ulcinj.com\/blog\/#\/schema\/person\/dcab619c614d3038751c63bc2aadc06d\",\"name\":\"ulqini\",\"sameAs\":[\"http:\/\/www.visit-ulcinj.com\"],\"url\":\"https:\/\/www.visit-ulcinj.com\/blog\/author\/admin\/\"}]}<\/script>\n<!-- \/ Yoast SEO plugin. -->","yoast_head_json":{"title":"Historike, Tuzi shpallet komun\u00eb m\u00eb vete. E dyta pas Ulqinit - Video - Lajme nga Ulqini","description":"Parlamenti i Malit t\u00eb Zi, n\u00eb nj\u00eb votim historik p\u00ebr shqiptar\u00ebt atje, ka votuar pasditen e s\u00eb enjtes p\u00ebr shpalljen e Tuzit, komun\u00eb me t\u00eb drejta t\u00eb plota.","robots":{"index":"index","follow":"follow","max-snippet":"max-snippet:-1","max-image-preview":"max-image-preview:large","max-video-preview":"max-video-preview:-1"},"canonical":"https:\/\/www.visit-ulcinj.com\/blog\/2017\/04\/28\/historike-tuzi-shpallet-komune-vete-e-dyta-pas-ulqinit\/","og_locale":"en_US","og_type":"article","og_title":"Historike, Tuzi shpallet komun\u00eb m\u00eb vete. E dyta pas Ulqinit - Video - Lajme nga Ulqini","og_description":"Parlamenti i Malit t\u00eb Zi, n\u00eb nj\u00eb votim historik p\u00ebr shqiptar\u00ebt atje, ka votuar pasditen e s\u00eb enjtes p\u00ebr shpalljen e Tuzit, komun\u00eb me t\u00eb drejta t\u00eb plota.","og_url":"https:\/\/www.visit-ulcinj.com\/blog\/2017\/04\/28\/historike-tuzi-shpallet-komune-vete-e-dyta-pas-ulqinit\/","og_site_name":"Lajme nga Ulqini","article_published_time":"2017-04-28T13:06:40+00:00","article_modified_time":"2017-04-28T13:30:58+00:00","og_image":[{"url":"http:\/\/www.visit-ulcinj.com\/blog\/wp-content\/uploads\/2017\/04\/KOMUNA-TUZI.jpg"}],"twitter_misc":{"Written by":"ulqini","Est. reading time":"1 minute"},"schema":{"@context":"https:\/\/schema.org","@graph":[{"@type":"WebSite","@id":"https:\/\/www.visit-ulcinj.com\/blog\/#website","url":"https:\/\/www.visit-ulcinj.com\/blog\/","name":"Lajme nga Ulqini","description":"Lajme,Vijesti,Ulqini,Ulqin,Crna Gora,Mali i Zi","potentialAction":[{"@type":"SearchAction","target":{"@type":"EntryPoint","urlTemplate":"https:\/\/www.visit-ulcinj.com\/blog\/?s={search_term_string}"},"query-input":"required name=search_term_string"}],"inLanguage":"en-US"},{"@type":"ImageObject","inLanguage":"en-US","@id":"https:\/\/www.visit-ulcinj.com\/blog\/2017\/04\/28\/historike-tuzi-shpallet-komune-vete-e-dyta-pas-ulqinit\/#primaryimage","url":"https:\/\/www.visit-ulcinj.com\/blog\/wp-content\/uploads\/2017\/04\/KOMUNA-TUZI.jpg","contentUrl":"https:\/\/www.visit-ulcinj.com\/blog\/wp-content\/uploads\/2017\/04\/KOMUNA-TUZI.jpg","width":442,"height":265},{"@type":"WebPage","@id":"https:\/\/www.visit-ulcinj.com\/blog\/2017\/04\/28\/historike-tuzi-shpallet-komune-vete-e-dyta-pas-ulqinit\/#webpage","url":"https:\/\/www.visit-ulcinj.com\/blog\/2017\/04\/28\/historike-tuzi-shpallet-komune-vete-e-dyta-pas-ulqinit\/","name":"Historike, Tuzi shpallet komun\u00eb m\u00eb vete. E dyta pas Ulqinit - Video - Lajme nga Ulqini","isPartOf":{"@id":"https:\/\/www.visit-ulcinj.com\/blog\/#website"},"primaryImageOfPage":{"@id":"https:\/\/www.visit-ulcinj.com\/blog\/2017\/04\/28\/historike-tuzi-shpallet-komune-vete-e-dyta-pas-ulqinit\/#primaryimage"},"datePublished":"2017-04-28T13:06:40+00:00","dateModified":"2017-04-28T13:30:58+00:00","author":{"@id":"https:\/\/www.visit-ulcinj.com\/blog\/#\/schema\/person\/dcab619c614d3038751c63bc2aadc06d"},"description":"Parlamenti i Malit t\u00eb Zi, n\u00eb nj\u00eb votim historik p\u00ebr shqiptar\u00ebt atje, ka votuar pasditen e s\u00eb enjtes p\u00ebr shpalljen e Tuzit, komun\u00eb me t\u00eb drejta t\u00eb plota.","breadcrumb":{"@id":"https:\/\/www.visit-ulcinj.com\/blog\/2017\/04\/28\/historike-tuzi-shpallet-komune-vete-e-dyta-pas-ulqinit\/#breadcrumb"},"inLanguage":"en-US","potentialAction":[{"@type":"ReadAction","target":["https:\/\/www.visit-ulcinj.com\/blog\/2017\/04\/28\/historike-tuzi-shpallet-komune-vete-e-dyta-pas-ulqinit\/"]}]},{"@type":"BreadcrumbList","@id":"https:\/\/www.visit-ulcinj.com\/blog\/2017\/04\/28\/historike-tuzi-shpallet-komune-vete-e-dyta-pas-ulqinit\/#breadcrumb","itemListElement":[{"@type":"ListItem","position":1,"name":"Historike, Tuzi shpallet komun\u00eb m\u00eb vete. E dyta pas Ulqinit &#8211; Video"}]},{"@type":"Person","@id":"https:\/\/www.visit-ulcinj.com\/blog\/#\/schema\/person\/dcab619c614d3038751c63bc2aadc06d","name":"ulqini","sameAs":["http:\/\/www.visit-ulcinj.com"],"url":"https:\/\/www.visit-ulcinj.com\/blog\/author\/admin\/"}]}},"jetpack_featured_media_url":"","jetpack_sharing_enabled":true,"jetpack_shortlink":"https:\/\/wp.me\/pe6lTn-rep","_links":{"self":[{"href":"https:\/\/www.visit-ulcinj.com\/blog\/wp-json\/wp\/v2\/posts\/104681"}],"collection":[{"href":"https:\/\/www.visit-ulcinj.com\/blog\/wp-json\/wp\/v2\/posts"}],"about":[{"href":"https:\/\/www.visit-ulcinj.com\/blog\/wp-json\/wp\/v2\/types\/post"}],"author":[{"embeddable":true,"href":"https:\/\/www.visit-ulcinj.com\/blog\/wp-json\/wp\/v2\/users\/1"}],"replies":[{"embeddable":true,"href":"https:\/\/www.visit-ulcinj.com\/blog\/wp-json\/wp\/v2\/comments?post=104681"}],"version-history":[{"count":2,"href":"https:\/\/www.visit-ulcinj.com\/blog\/wp-json\/wp\/v2\/posts\/104681\/revisions"}],"predecessor-version":[{"id":104684,"href":"https:\/\/www.visit-ulcinj.com\/blog\/wp-json\/wp\/v2\/posts\/104681\/revisions\/104684"}],"wp:attachment":[{"href":"https:\/\/www.visit-ulcinj.com\/blog\/wp-json\/wp\/v2\/media?parent=104681"}],"wp:term":[{"taxonomy":"category","embeddable":true,"href":"https:\/\/www.visit-ulcinj.com\/blog\/wp-json\/wp\/v2\/categories?post=104681"},{"taxonomy":"post_tag","embeddable":true,"href":"https:\/\/www.visit-ulcinj.com\/blog\/wp-json\/wp\/v2\/tags?post=104681"}],"curies":[{"name":"wp","href":"https:\/\/api.w.org\/{rel}","templated":true}]}}