{"id":104685,"date":"2017-04-28T20:22:43","date_gmt":"2017-04-28T19:22:43","guid":{"rendered":"http:\/\/www.visit-ulcinj.com\/blog\/?p=104685"},"modified":"2017-04-29T13:27:48","modified_gmt":"2017-04-29T12:27:48","slug":"ministri-i-malit-te-zi-ljumoviq-dhe-ministri-shala-bejn-shqiponjen","status":"publish","type":"post","link":"https:\/\/www.visit-ulcinj.com\/blog\/2017\/04\/28\/ministri-i-malit-te-zi-ljumoviq-dhe-ministri-shala-bejn-shqiponjen\/","title":{"rendered":"Ministri i Malit t\u00eb Zi Ljumoviq dhe ministri Shala, b\u00ebjn shqiponj\u00ebn"},"content":{"rendered":"<p><strong><a href=\"http:\/\/www.visit-ulcinj.com\/blog\/wp-content\/uploads\/2017\/04\/Ferhat-Dinosha-Janko-Ljumoviq-Kujtim-Shala.jpg\"><img loading=\"lazy\" class=\"alignleft wp-image-104686\" src=\"http:\/\/www.visit-ulcinj.com\/blog\/wp-content\/uploads\/2017\/04\/Ferhat-Dinosha-Janko-Ljumoviq-Kujtim-Shala.jpg\" alt=\"\" width=\"508\" height=\"408\" srcset=\"https:\/\/www.visit-ulcinj.com\/blog\/wp-content\/uploads\/2017\/04\/Ferhat-Dinosha-Janko-Ljumoviq-Kujtim-Shala.jpg 600w, https:\/\/www.visit-ulcinj.com\/blog\/wp-content\/uploads\/2017\/04\/Ferhat-Dinosha-Janko-Ljumoviq-Kujtim-Shala-300x241.jpg 300w\" sizes=\"(max-width: 508px) 100vw, 508px\" \/><\/a>Ministrat e kultur\u00ebs s\u00eb dy vendeve, Janko Ljumoviq dhe Kujtim Shala, t\u00eb shoq\u00ebruar edhe nga ambasadori i Malit t\u00eb Zi n\u00eb Kosov\u00eb, Ferhat Dinosha, vizituan Parkun Arkeologjik \u201cUlpiana\u201d, t\u00eb parin e k\u00ebtij lloji n\u00eb Kosov\u00eb, ku u njoftuan p\u00ebr s\u00eb afrimi me gjetjet e shumta arkeologjike n\u00eb k\u00ebt\u00eb vend.<\/strong><\/p>\n<p>N\u00eb vazhd\u00ebn e vizit\u00ebs zyrtare n\u00eb Kosov\u00eb dhe pas n\u00ebnshkrimit t\u00eb marr\u00ebveshjes p\u00ebr bashk\u00ebpunim kulturor nd\u00ebrmjet Qeveris\u00eb s\u00eb Kosov\u00ebs dhe asaj t\u00eb Malit t\u00eb Zi, ministrat e kultur\u00ebs s\u00eb dy vendeve, Janko Ljumoviq dhe Kujtim Shala, t\u00eb shoq\u00ebruar edhe nga ambasadori i Malit t\u00eb Zi n\u00eb Kosov\u00eb, Ferhat Dinosha, vizituan Parkun Arkeologjik \u201cUlpiana\u201d, t\u00eb parin e k\u00ebtij lloji n\u00eb Kosov\u00eb, ku u njoftuan p\u00ebr s\u00eb afrimi me gjetjet e shumta arkeologjike n\u00eb k\u00ebt\u00eb vend dhe me vlerat q\u00eb p\u00ebrfaq\u00ebson ky park p\u00ebr trash\u00ebgimin\u00eb kulture t\u00eb Kosov\u00ebs, shkruan KultPlus.<\/p>\n<p>T\u00eb dy ministrat me bashkimin e duarve kan\u00eb b\u00ebr\u00eb shqiponj\u00ebn .<\/p>\n<p><strong><a href=\"http:\/\/www.visit-ulcinj.com\/blog\/wp-content\/uploads\/2017\/04\/Ferhat-Dinosha-Janko-Ljumoviq-Kujtim-Shala-.jpg\"><img loading=\"lazy\" class=\"alignleft wp-image-104708\" src=\"http:\/\/www.visit-ulcinj.com\/blog\/wp-content\/uploads\/2017\/04\/Ferhat-Dinosha-Janko-Ljumoviq-Kujtim-Shala-.jpg\" alt=\"\" width=\"508\" height=\"243\" srcset=\"https:\/\/www.visit-ulcinj.com\/blog\/wp-content\/uploads\/2017\/04\/Ferhat-Dinosha-Janko-Ljumoviq-Kujtim-Shala-.jpg 702w, https:\/\/www.visit-ulcinj.com\/blog\/wp-content\/uploads\/2017\/04\/Ferhat-Dinosha-Janko-Ljumoviq-Kujtim-Shala--300x144.jpg 300w\" sizes=\"(max-width: 508px) 100vw, 508px\" \/><\/a><\/strong><\/p>\n","protected":false},"excerpt":{"rendered":"<p>Ministrat e kultur\u00ebs s\u00eb dy vendeve, Janko Ljumoviq dhe Kujtim Shala, t\u00eb shoq\u00ebruar edhe nga ambasadori i Malit t\u00eb Zi n\u00eb Kosov\u00eb, Ferhat Dinosha, vizituan Parkun Arkeologjik \u201cUlpiana\u201d, t\u00eb parin e k\u00ebtij lloji n\u00eb Kosov\u00eb, ku u njoftuan p\u00ebr s\u00eb afrimi me gjetjet e shumta arkeologjike n\u00eb k\u00ebt\u00eb vend. N\u00eb vazhd\u00ebn e vizit\u00ebs zyrtare n\u00eb [&hellip;]<\/p>\n","protected":false},"author":1,"featured_media":0,"comment_status":"closed","ping_status":"closed","sticky":false,"template":"","format":"standard","meta":{"spay_email":"","jetpack_publicize_message":"","jetpack_is_tweetstorm":false,"jetpack_publicize_feature_enabled":true},"categories":[1,14],"tags":[],"jetpack_publicize_connections":[],"yoast_head":"<!-- This site is optimized with the Yoast SEO plugin v19.1 - https:\/\/yoast.com\/wordpress\/plugins\/seo\/ -->\n<title>Ministri i Malit t\u00eb Zi Ljumoviq dhe ministri Shala, b\u00ebjn shqiponj\u00ebn - Lajme nga Ulqini<\/title>\n<meta name=\"description\" content=\"Ministrat e kultur\u00ebs s\u00eb dy vendeve, Janko Ljumoviq dhe Kujtim Shala, t\u00eb shoq\u00ebruar edhe nga ambasadori i Malit t\u00eb Zi n\u00eb Kosov\u00eb, Ferhat Dinosha, vizituan\" \/>\n<meta name=\"robots\" content=\"index, follow, max-snippet:-1, max-image-preview:large, max-video-preview:-1\" \/>\n<link rel=\"canonical\" href=\"https:\/\/www.visit-ulcinj.com\/blog\/2017\/04\/28\/ministri-i-malit-te-zi-ljumoviq-dhe-ministri-shala-bejn-shqiponjen\/\" \/>\n<meta property=\"og:locale\" content=\"en_US\" \/>\n<meta property=\"og:type\" content=\"article\" \/>\n<meta property=\"og:title\" content=\"Ministri i Malit t\u00eb Zi Ljumoviq dhe ministri Shala, b\u00ebjn shqiponj\u00ebn - Lajme nga Ulqini\" \/>\n<meta property=\"og:description\" content=\"Ministrat e kultur\u00ebs s\u00eb dy vendeve, Janko Ljumoviq dhe Kujtim Shala, t\u00eb shoq\u00ebruar edhe nga ambasadori i Malit t\u00eb Zi n\u00eb Kosov\u00eb, Ferhat Dinosha, vizituan\" \/>\n<meta property=\"og:url\" content=\"https:\/\/www.visit-ulcinj.com\/blog\/2017\/04\/28\/ministri-i-malit-te-zi-ljumoviq-dhe-ministri-shala-bejn-shqiponjen\/\" \/>\n<meta property=\"og:site_name\" content=\"Lajme nga Ulqini\" \/>\n<meta property=\"article:published_time\" content=\"2017-04-28T19:22:43+00:00\" \/>\n<meta property=\"article:modified_time\" content=\"2017-04-29T12:27:48+00:00\" \/>\n<meta property=\"og:image\" content=\"http:\/\/www.visit-ulcinj.com\/blog\/wp-content\/uploads\/2017\/04\/Ferhat-Dinosha-Janko-Ljumoviq-Kujtim-Shala.jpg\" \/>\n<meta name=\"twitter:label1\" content=\"Written by\" \/>\n\t<meta name=\"twitter:data1\" content=\"ulqini\" \/>\n\t<meta name=\"twitter:label2\" content=\"Est. reading time\" \/>\n\t<meta name=\"twitter:data2\" content=\"1 minute\" \/>\n<script type=\"application\/ld+json\" class=\"yoast-schema-graph\">{\"@context\":\"https:\/\/schema.org\",\"@graph\":[{\"@type\":\"WebSite\",\"@id\":\"https:\/\/www.visit-ulcinj.com\/blog\/#website\",\"url\":\"https:\/\/www.visit-ulcinj.com\/blog\/\",\"name\":\"Lajme nga Ulqini\",\"description\":\"Lajme,Vijesti,Ulqini,Ulqin,Crna Gora,Mali i Zi\",\"potentialAction\":[{\"@type\":\"SearchAction\",\"target\":{\"@type\":\"EntryPoint\",\"urlTemplate\":\"https:\/\/www.visit-ulcinj.com\/blog\/?s={search_term_string}\"},\"query-input\":\"required name=search_term_string\"}],\"inLanguage\":\"en-US\"},{\"@type\":\"ImageObject\",\"inLanguage\":\"en-US\",\"@id\":\"https:\/\/www.visit-ulcinj.com\/blog\/2017\/04\/28\/ministri-i-malit-te-zi-ljumoviq-dhe-ministri-shala-bejn-shqiponjen\/#primaryimage\",\"url\":\"https:\/\/www.visit-ulcinj.com\/blog\/wp-content\/uploads\/2017\/04\/Ferhat-Dinosha-Janko-Ljumoviq-Kujtim-Shala.jpg\",\"contentUrl\":\"https:\/\/www.visit-ulcinj.com\/blog\/wp-content\/uploads\/2017\/04\/Ferhat-Dinosha-Janko-Ljumoviq-Kujtim-Shala.jpg\",\"width\":600,\"height\":482},{\"@type\":\"WebPage\",\"@id\":\"https:\/\/www.visit-ulcinj.com\/blog\/2017\/04\/28\/ministri-i-malit-te-zi-ljumoviq-dhe-ministri-shala-bejn-shqiponjen\/#webpage\",\"url\":\"https:\/\/www.visit-ulcinj.com\/blog\/2017\/04\/28\/ministri-i-malit-te-zi-ljumoviq-dhe-ministri-shala-bejn-shqiponjen\/\",\"name\":\"Ministri i Malit t\u00eb Zi Ljumoviq dhe ministri Shala, b\u00ebjn shqiponj\u00ebn - Lajme nga Ulqini\",\"isPartOf\":{\"@id\":\"https:\/\/www.visit-ulcinj.com\/blog\/#website\"},\"primaryImageOfPage\":{\"@id\":\"https:\/\/www.visit-ulcinj.com\/blog\/2017\/04\/28\/ministri-i-malit-te-zi-ljumoviq-dhe-ministri-shala-bejn-shqiponjen\/#primaryimage\"},\"datePublished\":\"2017-04-28T19:22:43+00:00\",\"dateModified\":\"2017-04-29T12:27:48+00:00\",\"author\":{\"@id\":\"https:\/\/www.visit-ulcinj.com\/blog\/#\/schema\/person\/dcab619c614d3038751c63bc2aadc06d\"},\"description\":\"Ministrat e kultur\u00ebs s\u00eb dy vendeve, Janko Ljumoviq dhe Kujtim Shala, t\u00eb shoq\u00ebruar edhe nga ambasadori i Malit t\u00eb Zi n\u00eb Kosov\u00eb, Ferhat Dinosha, vizituan\",\"breadcrumb\":{\"@id\":\"https:\/\/www.visit-ulcinj.com\/blog\/2017\/04\/28\/ministri-i-malit-te-zi-ljumoviq-dhe-ministri-shala-bejn-shqiponjen\/#breadcrumb\"},\"inLanguage\":\"en-US\",\"potentialAction\":[{\"@type\":\"ReadAction\",\"target\":[\"https:\/\/www.visit-ulcinj.com\/blog\/2017\/04\/28\/ministri-i-malit-te-zi-ljumoviq-dhe-ministri-shala-bejn-shqiponjen\/\"]}]},{\"@type\":\"BreadcrumbList\",\"@id\":\"https:\/\/www.visit-ulcinj.com\/blog\/2017\/04\/28\/ministri-i-malit-te-zi-ljumoviq-dhe-ministri-shala-bejn-shqiponjen\/#breadcrumb\",\"itemListElement\":[{\"@type\":\"ListItem\",\"position\":1,\"name\":\"Ministri i Malit t\u00eb Zi Ljumoviq dhe ministri Shala, b\u00ebjn shqiponj\u00ebn\"}]},{\"@type\":\"Person\",\"@id\":\"https:\/\/www.visit-ulcinj.com\/blog\/#\/schema\/person\/dcab619c614d3038751c63bc2aadc06d\",\"name\":\"ulqini\",\"sameAs\":[\"http:\/\/www.visit-ulcinj.com\"],\"url\":\"https:\/\/www.visit-ulcinj.com\/blog\/author\/admin\/\"}]}<\/script>\n<!-- \/ Yoast SEO plugin. -->","yoast_head_json":{"title":"Ministri i Malit t\u00eb Zi Ljumoviq dhe ministri Shala, b\u00ebjn shqiponj\u00ebn - Lajme nga Ulqini","description":"Ministrat e kultur\u00ebs s\u00eb dy vendeve, Janko Ljumoviq dhe Kujtim Shala, t\u00eb shoq\u00ebruar edhe nga ambasadori i Malit t\u00eb Zi n\u00eb Kosov\u00eb, Ferhat Dinosha, vizituan","robots":{"index":"index","follow":"follow","max-snippet":"max-snippet:-1","max-image-preview":"max-image-preview:large","max-video-preview":"max-video-preview:-1"},"canonical":"https:\/\/www.visit-ulcinj.com\/blog\/2017\/04\/28\/ministri-i-malit-te-zi-ljumoviq-dhe-ministri-shala-bejn-shqiponjen\/","og_locale":"en_US","og_type":"article","og_title":"Ministri i Malit t\u00eb Zi Ljumoviq dhe ministri Shala, b\u00ebjn shqiponj\u00ebn - Lajme nga Ulqini","og_description":"Ministrat e kultur\u00ebs s\u00eb dy vendeve, Janko Ljumoviq dhe Kujtim Shala, t\u00eb shoq\u00ebruar edhe nga ambasadori i Malit t\u00eb Zi n\u00eb Kosov\u00eb, Ferhat Dinosha, vizituan","og_url":"https:\/\/www.visit-ulcinj.com\/blog\/2017\/04\/28\/ministri-i-malit-te-zi-ljumoviq-dhe-ministri-shala-bejn-shqiponjen\/","og_site_name":"Lajme nga Ulqini","article_published_time":"2017-04-28T19:22:43+00:00","article_modified_time":"2017-04-29T12:27:48+00:00","og_image":[{"url":"http:\/\/www.visit-ulcinj.com\/blog\/wp-content\/uploads\/2017\/04\/Ferhat-Dinosha-Janko-Ljumoviq-Kujtim-Shala.jpg"}],"twitter_misc":{"Written by":"ulqini","Est. reading time":"1 minute"},"schema":{"@context":"https:\/\/schema.org","@graph":[{"@type":"WebSite","@id":"https:\/\/www.visit-ulcinj.com\/blog\/#website","url":"https:\/\/www.visit-ulcinj.com\/blog\/","name":"Lajme nga Ulqini","description":"Lajme,Vijesti,Ulqini,Ulqin,Crna Gora,Mali i Zi","potentialAction":[{"@type":"SearchAction","target":{"@type":"EntryPoint","urlTemplate":"https:\/\/www.visit-ulcinj.com\/blog\/?s={search_term_string}"},"query-input":"required name=search_term_string"}],"inLanguage":"en-US"},{"@type":"ImageObject","inLanguage":"en-US","@id":"https:\/\/www.visit-ulcinj.com\/blog\/2017\/04\/28\/ministri-i-malit-te-zi-ljumoviq-dhe-ministri-shala-bejn-shqiponjen\/#primaryimage","url":"https:\/\/www.visit-ulcinj.com\/blog\/wp-content\/uploads\/2017\/04\/Ferhat-Dinosha-Janko-Ljumoviq-Kujtim-Shala.jpg","contentUrl":"https:\/\/www.visit-ulcinj.com\/blog\/wp-content\/uploads\/2017\/04\/Ferhat-Dinosha-Janko-Ljumoviq-Kujtim-Shala.jpg","width":600,"height":482},{"@type":"WebPage","@id":"https:\/\/www.visit-ulcinj.com\/blog\/2017\/04\/28\/ministri-i-malit-te-zi-ljumoviq-dhe-ministri-shala-bejn-shqiponjen\/#webpage","url":"https:\/\/www.visit-ulcinj.com\/blog\/2017\/04\/28\/ministri-i-malit-te-zi-ljumoviq-dhe-ministri-shala-bejn-shqiponjen\/","name":"Ministri i Malit t\u00eb Zi Ljumoviq dhe ministri Shala, b\u00ebjn shqiponj\u00ebn - Lajme nga Ulqini","isPartOf":{"@id":"https:\/\/www.visit-ulcinj.com\/blog\/#website"},"primaryImageOfPage":{"@id":"https:\/\/www.visit-ulcinj.com\/blog\/2017\/04\/28\/ministri-i-malit-te-zi-ljumoviq-dhe-ministri-shala-bejn-shqiponjen\/#primaryimage"},"datePublished":"2017-04-28T19:22:43+00:00","dateModified":"2017-04-29T12:27:48+00:00","author":{"@id":"https:\/\/www.visit-ulcinj.com\/blog\/#\/schema\/person\/dcab619c614d3038751c63bc2aadc06d"},"description":"Ministrat e kultur\u00ebs s\u00eb dy vendeve, Janko Ljumoviq dhe Kujtim Shala, t\u00eb shoq\u00ebruar edhe nga ambasadori i Malit t\u00eb Zi n\u00eb Kosov\u00eb, Ferhat Dinosha, vizituan","breadcrumb":{"@id":"https:\/\/www.visit-ulcinj.com\/blog\/2017\/04\/28\/ministri-i-malit-te-zi-ljumoviq-dhe-ministri-shala-bejn-shqiponjen\/#breadcrumb"},"inLanguage":"en-US","potentialAction":[{"@type":"ReadAction","target":["https:\/\/www.visit-ulcinj.com\/blog\/2017\/04\/28\/ministri-i-malit-te-zi-ljumoviq-dhe-ministri-shala-bejn-shqiponjen\/"]}]},{"@type":"BreadcrumbList","@id":"https:\/\/www.visit-ulcinj.com\/blog\/2017\/04\/28\/ministri-i-malit-te-zi-ljumoviq-dhe-ministri-shala-bejn-shqiponjen\/#breadcrumb","itemListElement":[{"@type":"ListItem","position":1,"name":"Ministri i Malit t\u00eb Zi Ljumoviq dhe ministri Shala, b\u00ebjn shqiponj\u00ebn"}]},{"@type":"Person","@id":"https:\/\/www.visit-ulcinj.com\/blog\/#\/schema\/person\/dcab619c614d3038751c63bc2aadc06d","name":"ulqini","sameAs":["http:\/\/www.visit-ulcinj.com"],"url":"https:\/\/www.visit-ulcinj.com\/blog\/author\/admin\/"}]}},"jetpack_featured_media_url":"","jetpack_sharing_enabled":true,"jetpack_shortlink":"https:\/\/wp.me\/pe6lTn-ret","_links":{"self":[{"href":"https:\/\/www.visit-ulcinj.com\/blog\/wp-json\/wp\/v2\/posts\/104685"}],"collection":[{"href":"https:\/\/www.visit-ulcinj.com\/blog\/wp-json\/wp\/v2\/posts"}],"about":[{"href":"https:\/\/www.visit-ulcinj.com\/blog\/wp-json\/wp\/v2\/types\/post"}],"author":[{"embeddable":true,"href":"https:\/\/www.visit-ulcinj.com\/blog\/wp-json\/wp\/v2\/users\/1"}],"replies":[{"embeddable":true,"href":"https:\/\/www.visit-ulcinj.com\/blog\/wp-json\/wp\/v2\/comments?post=104685"}],"version-history":[{"count":3,"href":"https:\/\/www.visit-ulcinj.com\/blog\/wp-json\/wp\/v2\/posts\/104685\/revisions"}],"predecessor-version":[{"id":104709,"href":"https:\/\/www.visit-ulcinj.com\/blog\/wp-json\/wp\/v2\/posts\/104685\/revisions\/104709"}],"wp:attachment":[{"href":"https:\/\/www.visit-ulcinj.com\/blog\/wp-json\/wp\/v2\/media?parent=104685"}],"wp:term":[{"taxonomy":"category","embeddable":true,"href":"https:\/\/www.visit-ulcinj.com\/blog\/wp-json\/wp\/v2\/categories?post=104685"},{"taxonomy":"post_tag","embeddable":true,"href":"https:\/\/www.visit-ulcinj.com\/blog\/wp-json\/wp\/v2\/tags?post=104685"}],"curies":[{"name":"wp","href":"https:\/\/api.w.org\/{rel}","templated":true}]}}