{"id":104689,"date":"2017-04-28T20:31:31","date_gmt":"2017-04-28T19:31:31","guid":{"rendered":"http:\/\/www.visit-ulcinj.com\/blog\/?p=104689"},"modified":"2017-04-28T20:31:31","modified_gmt":"2017-04-28T19:31:31","slug":"ceinje-mali-i-zi-ratifikon-anetaresimin-ne-nato-levizje-historike-video","status":"publish","type":"post","link":"https:\/\/www.visit-ulcinj.com\/blog\/2017\/04\/28\/ceinje-mali-i-zi-ratifikon-anetaresimin-ne-nato-levizje-historike-video\/","title":{"rendered":"Ceinje: Mali i Zi ratifikon an\u00ebtar\u00ebsimin n\u00eb NATO, L\u00ebvizje historike &#8211; Video"},"content":{"rendered":"<p><span class=\"arial14 \"><strong><a href=\"http:\/\/www.visit-ulcinj.com\/blog\/wp-content\/uploads\/2017\/04\/Ceinje-Mali-i-Zi-ratifikon-an\u00ebtar\u00ebsimin-n\u00eb-NATO.jpg\"><img loading=\"lazy\" class=\"alignleft wp-image-104690\" src=\"http:\/\/www.visit-ulcinj.com\/blog\/wp-content\/uploads\/2017\/04\/Ceinje-Mali-i-Zi-ratifikon-an\u00ebtar\u00ebsimin-n\u00eb-NATO.jpg\" alt=\"\" width=\"508\" height=\"338\" srcset=\"https:\/\/www.visit-ulcinj.com\/blog\/wp-content\/uploads\/2017\/04\/Ceinje-Mali-i-Zi-ratifikon-an\u00ebtar\u00ebsimin-n\u00eb-NATO.jpg 800w, https:\/\/www.visit-ulcinj.com\/blog\/wp-content\/uploads\/2017\/04\/Ceinje-Mali-i-Zi-ratifikon-an\u00ebtar\u00ebsimin-n\u00eb-NATO-300x200.jpg 300w, https:\/\/www.visit-ulcinj.com\/blog\/wp-content\/uploads\/2017\/04\/Ceinje-Mali-i-Zi-ratifikon-an\u00ebtar\u00ebsimin-n\u00eb-NATO-768x512.jpg 768w\" sizes=\"(max-width: 508px) 100vw, 508px\" \/><\/a>Parlamenti malazez miratoi k\u00ebt\u00eb t\u00eb premte an\u00ebtar\u00ebsimin e vendit ballkanik n\u00eb aleanc\u00ebn ushtarake NATO, n\u00eb nj\u00eb kthim historik drejt Per\u00ebndimit dhe mes protestave t\u00eb shumta nga Rusia dhe opozita proruse n\u00eb vend.<\/strong><\/span><\/p>\n<p><span class=\"arial14 linkszi \">Ligjv\u00ebn\u00ebsit votuan unanimisht, 46 pro dhe asnj\u00eb kund\u00ebr, n\u00eb ish-kryeqytetin Cetinje, aty ku gjendet edhe selia e Presidenc\u00ebs s\u00eb Malit t\u00eb Zi, p\u00ebr t\u00eb ratifikuar Traktatin e pranimit n\u00eb aleanc\u00ebs ushtarake per\u00ebndimore. Pas votimit, deputet\u00ebt u ngrit\u00ebn n\u00eb k\u00ebmb\u00eb dhe duartrokit\u00ebn mes brohoritjeve vendimin historik.<\/p>\n<p>Parlamenti malazez ka 81 an\u00ebtar\u00eb, por ligjv\u00ebn\u00ebsit e opozit\u00ebs proruse e bojkotuan k\u00ebt\u00eb seanc\u00eb. Disa qindra mb\u00ebshtet\u00ebs t\u00eb opozit\u00ebs u mblodh\u00ebn pran\u00eb bashkis\u00eb p\u00ebrpara votimit.<\/p>\n<p>Mali i Zi ka nj\u00eb ushtri t\u00eb vog\u00ebl prej rreth 2.000 trupash, por zot\u00ebron nj\u00eb pozicion strategjik gjeografik, gj\u00eb q\u00eb i jep NATO-s kontrollin e plot\u00eb t\u00eb daljes n\u00eb detin Adriatik. Edhe vendet e tjera me dalje n\u00eb Adriatik, &#8211; Shqip\u00ebria, Kroacia dhe Italia, &#8211; jan\u00eb gjithashtu pjes\u00eb e aleanc\u00ebs.<\/p>\n<p>Rusia \u00ebsht\u00eb irrituar s\u00eb tep\u00ebrmi nga zgjerimi i NATO-s n\u00eb Mal t\u00eb Zi, nj\u00eb zon\u00eb interesi historik p\u00ebr Mosk\u00ebn. Vet\u00ebm pak koh\u00eb m\u00eb par\u00eb, Mali i Zi akuzoi zyrtarisht Rusin\u00eb se fshihej pas p\u00ebrpjekjes s\u00eb d\u00ebshtuar p\u00ebr grusht shteti n\u00eb tetor, q\u00eb pretendohet se kishte p\u00ebr synim rr\u00ebzimin e qeveris\u00eb s\u00eb ish-kryeministrit Djukanovi\u00e7 dhe pengimin e an\u00ebtar\u00ebsimit t\u00eb vendit fqinj n\u00eb NATO. Por Kremlini e ka hedhur posht\u00eb k\u00ebt\u00eb akuz\u00eb.<\/p>\n<p>Kryeministri aktual, Dusko Markovi\u00e7 u ka th\u00ebn\u00eb ligjv\u00ebn\u00ebse se an\u00ebtar\u00ebsimi n\u00eb NATO ishte nj\u00eb garanci p\u00ebr sigurin\u00eb n\u00eb t\u00eb ardhmen e Malit t\u00eb Zi, progresin ekonomik dhe stabilitetin rajonal.<\/p>\n<p>\u201cKy Parlament dhe an\u00ebtar\u00ebt e tij kan\u00eb privilegjin historik p\u00ebr t\u00eb marr\u00eb nj\u00eb vendim q\u00eb do t\u00eb mbahet mend p\u00ebr sa koh\u00eb q\u00eb t\u00eb ket\u00eb nj\u00eb Mal t\u00eb Zi dhe malazez\u00eb\u201d, tha Markovi\u00e7. \u201cKjo dit\u00eb do t\u00eb sh\u00ebnohet si nj\u00eb nd\u00ebr m\u00eb t\u00eb shk\u00eblqyerat n\u00eb historin\u00eb ton\u00eb\u201d.<\/p>\n<p>\/ Top Channel <\/span><\/p>\n<!--YouTube Error: bad URL entered-->\n","protected":false},"excerpt":{"rendered":"<p>Parlamenti malazez miratoi k\u00ebt\u00eb t\u00eb premte an\u00ebtar\u00ebsimin e vendit ballkanik n\u00eb aleanc\u00ebn ushtarake NATO, n\u00eb nj\u00eb kthim historik drejt Per\u00ebndimit dhe mes protestave t\u00eb shumta nga Rusia dhe opozita proruse n\u00eb vend. Ligjv\u00ebn\u00ebsit votuan unanimisht, 46 pro dhe asnj\u00eb kund\u00ebr, n\u00eb ish-kryeqytetin Cetinje, aty ku gjendet edhe selia e Presidenc\u00ebs s\u00eb Malit t\u00eb Zi, p\u00ebr [&hellip;]<\/p>\n","protected":false},"author":1,"featured_media":0,"comment_status":"closed","ping_status":"closed","sticky":false,"template":"","format":"standard","meta":{"spay_email":"","jetpack_publicize_message":"","jetpack_is_tweetstorm":false,"jetpack_publicize_feature_enabled":true},"categories":[7],"tags":[],"jetpack_publicize_connections":[],"yoast_head":"<!-- This site is optimized with the Yoast SEO plugin v19.1 - https:\/\/yoast.com\/wordpress\/plugins\/seo\/ -->\n<title>Ceinje: Mali i Zi ratifikon an\u00ebtar\u00ebsimin n\u00eb NATO, L\u00ebvizje historike - Video - Lajme nga Ulqini<\/title>\n<meta name=\"description\" content=\"Parlamenti malazez miratoi k\u00ebt\u00eb t\u00eb premte an\u00ebtar\u00ebsimin e vendit ballkanik n\u00eb aleanc\u00ebn ushtarake NATO, n\u00eb nj\u00eb kthim historik drejt Per\u00ebndimit dhe mes\" \/>\n<meta name=\"robots\" content=\"index, follow, max-snippet:-1, max-image-preview:large, max-video-preview:-1\" \/>\n<link rel=\"canonical\" href=\"https:\/\/www.visit-ulcinj.com\/blog\/2017\/04\/28\/ceinje-mali-i-zi-ratifikon-anetaresimin-ne-nato-levizje-historike-video\/\" \/>\n<meta property=\"og:locale\" content=\"en_US\" \/>\n<meta property=\"og:type\" content=\"article\" \/>\n<meta property=\"og:title\" content=\"Ceinje: Mali i Zi ratifikon an\u00ebtar\u00ebsimin n\u00eb NATO, L\u00ebvizje historike - Video - Lajme nga Ulqini\" \/>\n<meta property=\"og:description\" content=\"Parlamenti malazez miratoi k\u00ebt\u00eb t\u00eb premte an\u00ebtar\u00ebsimin e vendit ballkanik n\u00eb aleanc\u00ebn ushtarake NATO, n\u00eb nj\u00eb kthim historik drejt Per\u00ebndimit dhe mes\" \/>\n<meta property=\"og:url\" content=\"https:\/\/www.visit-ulcinj.com\/blog\/2017\/04\/28\/ceinje-mali-i-zi-ratifikon-anetaresimin-ne-nato-levizje-historike-video\/\" \/>\n<meta property=\"og:site_name\" content=\"Lajme nga Ulqini\" \/>\n<meta property=\"article:published_time\" content=\"2017-04-28T19:31:31+00:00\" \/>\n<meta name=\"twitter:label1\" content=\"Written by\" \/>\n\t<meta name=\"twitter:data1\" content=\"ulqini\" \/>\n\t<meta name=\"twitter:label2\" content=\"Est. reading time\" \/>\n\t<meta name=\"twitter:data2\" content=\"2 minutes\" \/>\n<script type=\"application\/ld+json\" class=\"yoast-schema-graph\">{\"@context\":\"https:\/\/schema.org\",\"@graph\":[{\"@type\":\"WebSite\",\"@id\":\"https:\/\/www.visit-ulcinj.com\/blog\/#website\",\"url\":\"https:\/\/www.visit-ulcinj.com\/blog\/\",\"name\":\"Lajme nga Ulqini\",\"description\":\"Lajme,Vijesti,Ulqini,Ulqin,Crna Gora,Mali i Zi\",\"potentialAction\":[{\"@type\":\"SearchAction\",\"target\":{\"@type\":\"EntryPoint\",\"urlTemplate\":\"https:\/\/www.visit-ulcinj.com\/blog\/?s={search_term_string}\"},\"query-input\":\"required name=search_term_string\"}],\"inLanguage\":\"en-US\"},{\"@type\":\"WebPage\",\"@id\":\"https:\/\/www.visit-ulcinj.com\/blog\/2017\/04\/28\/ceinje-mali-i-zi-ratifikon-anetaresimin-ne-nato-levizje-historike-video\/#webpage\",\"url\":\"https:\/\/www.visit-ulcinj.com\/blog\/2017\/04\/28\/ceinje-mali-i-zi-ratifikon-anetaresimin-ne-nato-levizje-historike-video\/\",\"name\":\"Ceinje: Mali i Zi ratifikon an\u00ebtar\u00ebsimin n\u00eb NATO, L\u00ebvizje historike - Video - Lajme nga Ulqini\",\"isPartOf\":{\"@id\":\"https:\/\/www.visit-ulcinj.com\/blog\/#website\"},\"datePublished\":\"2017-04-28T19:31:31+00:00\",\"dateModified\":\"2017-04-28T19:31:31+00:00\",\"author\":{\"@id\":\"https:\/\/www.visit-ulcinj.com\/blog\/#\/schema\/person\/dcab619c614d3038751c63bc2aadc06d\"},\"description\":\"Parlamenti malazez miratoi k\u00ebt\u00eb t\u00eb premte an\u00ebtar\u00ebsimin e vendit ballkanik n\u00eb aleanc\u00ebn ushtarake NATO, n\u00eb nj\u00eb kthim historik drejt Per\u00ebndimit dhe mes\",\"breadcrumb\":{\"@id\":\"https:\/\/www.visit-ulcinj.com\/blog\/2017\/04\/28\/ceinje-mali-i-zi-ratifikon-anetaresimin-ne-nato-levizje-historike-video\/#breadcrumb\"},\"inLanguage\":\"en-US\",\"potentialAction\":[{\"@type\":\"ReadAction\",\"target\":[\"https:\/\/www.visit-ulcinj.com\/blog\/2017\/04\/28\/ceinje-mali-i-zi-ratifikon-anetaresimin-ne-nato-levizje-historike-video\/\"]}]},{\"@type\":\"BreadcrumbList\",\"@id\":\"https:\/\/www.visit-ulcinj.com\/blog\/2017\/04\/28\/ceinje-mali-i-zi-ratifikon-anetaresimin-ne-nato-levizje-historike-video\/#breadcrumb\",\"itemListElement\":[{\"@type\":\"ListItem\",\"position\":1,\"name\":\"Ceinje: Mali i Zi ratifikon an\u00ebtar\u00ebsimin n\u00eb NATO, L\u00ebvizje historike &#8211; Video\"}]},{\"@type\":\"Person\",\"@id\":\"https:\/\/www.visit-ulcinj.com\/blog\/#\/schema\/person\/dcab619c614d3038751c63bc2aadc06d\",\"name\":\"ulqini\",\"sameAs\":[\"http:\/\/www.visit-ulcinj.com\"],\"url\":\"https:\/\/www.visit-ulcinj.com\/blog\/author\/admin\/\"}]}<\/script>\n<!-- \/ Yoast SEO plugin. -->","yoast_head_json":{"title":"Ceinje: Mali i Zi ratifikon an\u00ebtar\u00ebsimin n\u00eb NATO, L\u00ebvizje historike - Video - Lajme nga Ulqini","description":"Parlamenti malazez miratoi k\u00ebt\u00eb t\u00eb premte an\u00ebtar\u00ebsimin e vendit ballkanik n\u00eb aleanc\u00ebn ushtarake NATO, n\u00eb nj\u00eb kthim historik drejt Per\u00ebndimit dhe mes","robots":{"index":"index","follow":"follow","max-snippet":"max-snippet:-1","max-image-preview":"max-image-preview:large","max-video-preview":"max-video-preview:-1"},"canonical":"https:\/\/www.visit-ulcinj.com\/blog\/2017\/04\/28\/ceinje-mali-i-zi-ratifikon-anetaresimin-ne-nato-levizje-historike-video\/","og_locale":"en_US","og_type":"article","og_title":"Ceinje: Mali i Zi ratifikon an\u00ebtar\u00ebsimin n\u00eb NATO, L\u00ebvizje historike - Video - Lajme nga Ulqini","og_description":"Parlamenti malazez miratoi k\u00ebt\u00eb t\u00eb premte an\u00ebtar\u00ebsimin e vendit ballkanik n\u00eb aleanc\u00ebn ushtarake NATO, n\u00eb nj\u00eb kthim historik drejt Per\u00ebndimit dhe mes","og_url":"https:\/\/www.visit-ulcinj.com\/blog\/2017\/04\/28\/ceinje-mali-i-zi-ratifikon-anetaresimin-ne-nato-levizje-historike-video\/","og_site_name":"Lajme nga Ulqini","article_published_time":"2017-04-28T19:31:31+00:00","twitter_misc":{"Written by":"ulqini","Est. reading time":"2 minutes"},"schema":{"@context":"https:\/\/schema.org","@graph":[{"@type":"WebSite","@id":"https:\/\/www.visit-ulcinj.com\/blog\/#website","url":"https:\/\/www.visit-ulcinj.com\/blog\/","name":"Lajme nga Ulqini","description":"Lajme,Vijesti,Ulqini,Ulqin,Crna Gora,Mali i Zi","potentialAction":[{"@type":"SearchAction","target":{"@type":"EntryPoint","urlTemplate":"https:\/\/www.visit-ulcinj.com\/blog\/?s={search_term_string}"},"query-input":"required name=search_term_string"}],"inLanguage":"en-US"},{"@type":"WebPage","@id":"https:\/\/www.visit-ulcinj.com\/blog\/2017\/04\/28\/ceinje-mali-i-zi-ratifikon-anetaresimin-ne-nato-levizje-historike-video\/#webpage","url":"https:\/\/www.visit-ulcinj.com\/blog\/2017\/04\/28\/ceinje-mali-i-zi-ratifikon-anetaresimin-ne-nato-levizje-historike-video\/","name":"Ceinje: Mali i Zi ratifikon an\u00ebtar\u00ebsimin n\u00eb NATO, L\u00ebvizje historike - Video - Lajme nga Ulqini","isPartOf":{"@id":"https:\/\/www.visit-ulcinj.com\/blog\/#website"},"datePublished":"2017-04-28T19:31:31+00:00","dateModified":"2017-04-28T19:31:31+00:00","author":{"@id":"https:\/\/www.visit-ulcinj.com\/blog\/#\/schema\/person\/dcab619c614d3038751c63bc2aadc06d"},"description":"Parlamenti malazez miratoi k\u00ebt\u00eb t\u00eb premte an\u00ebtar\u00ebsimin e vendit ballkanik n\u00eb aleanc\u00ebn ushtarake NATO, n\u00eb nj\u00eb kthim historik drejt Per\u00ebndimit dhe mes","breadcrumb":{"@id":"https:\/\/www.visit-ulcinj.com\/blog\/2017\/04\/28\/ceinje-mali-i-zi-ratifikon-anetaresimin-ne-nato-levizje-historike-video\/#breadcrumb"},"inLanguage":"en-US","potentialAction":[{"@type":"ReadAction","target":["https:\/\/www.visit-ulcinj.com\/blog\/2017\/04\/28\/ceinje-mali-i-zi-ratifikon-anetaresimin-ne-nato-levizje-historike-video\/"]}]},{"@type":"BreadcrumbList","@id":"https:\/\/www.visit-ulcinj.com\/blog\/2017\/04\/28\/ceinje-mali-i-zi-ratifikon-anetaresimin-ne-nato-levizje-historike-video\/#breadcrumb","itemListElement":[{"@type":"ListItem","position":1,"name":"Ceinje: Mali i Zi ratifikon an\u00ebtar\u00ebsimin n\u00eb NATO, L\u00ebvizje historike &#8211; Video"}]},{"@type":"Person","@id":"https:\/\/www.visit-ulcinj.com\/blog\/#\/schema\/person\/dcab619c614d3038751c63bc2aadc06d","name":"ulqini","sameAs":["http:\/\/www.visit-ulcinj.com"],"url":"https:\/\/www.visit-ulcinj.com\/blog\/author\/admin\/"}]}},"jetpack_featured_media_url":"","jetpack_sharing_enabled":true,"jetpack_shortlink":"https:\/\/wp.me\/pe6lTn-rex","_links":{"self":[{"href":"https:\/\/www.visit-ulcinj.com\/blog\/wp-json\/wp\/v2\/posts\/104689"}],"collection":[{"href":"https:\/\/www.visit-ulcinj.com\/blog\/wp-json\/wp\/v2\/posts"}],"about":[{"href":"https:\/\/www.visit-ulcinj.com\/blog\/wp-json\/wp\/v2\/types\/post"}],"author":[{"embeddable":true,"href":"https:\/\/www.visit-ulcinj.com\/blog\/wp-json\/wp\/v2\/users\/1"}],"replies":[{"embeddable":true,"href":"https:\/\/www.visit-ulcinj.com\/blog\/wp-json\/wp\/v2\/comments?post=104689"}],"version-history":[{"count":1,"href":"https:\/\/www.visit-ulcinj.com\/blog\/wp-json\/wp\/v2\/posts\/104689\/revisions"}],"predecessor-version":[{"id":104691,"href":"https:\/\/www.visit-ulcinj.com\/blog\/wp-json\/wp\/v2\/posts\/104689\/revisions\/104691"}],"wp:attachment":[{"href":"https:\/\/www.visit-ulcinj.com\/blog\/wp-json\/wp\/v2\/media?parent=104689"}],"wp:term":[{"taxonomy":"category","embeddable":true,"href":"https:\/\/www.visit-ulcinj.com\/blog\/wp-json\/wp\/v2\/categories?post=104689"},{"taxonomy":"post_tag","embeddable":true,"href":"https:\/\/www.visit-ulcinj.com\/blog\/wp-json\/wp\/v2\/tags?post=104689"}],"curies":[{"name":"wp","href":"https:\/\/api.w.org\/{rel}","templated":true}]}}