{"id":104695,"date":"2017-04-28T21:22:19","date_gmt":"2017-04-28T20:22:19","guid":{"rendered":"http:\/\/www.visit-ulcinj.com\/blog\/?p=104695"},"modified":"2017-04-28T21:22:19","modified_gmt":"2017-04-28T20:22:19","slug":"ulcinjska-rivijera-belvi-olimpik-idu-pod-zakup","status":"publish","type":"post","link":"https:\/\/www.visit-ulcinj.com\/blog\/2017\/04\/28\/ulcinjska-rivijera-belvi-olimpik-idu-pod-zakup\/","title":{"rendered":"Ulcinjska rivijera: Belvi i Olimpik idu pod zakup"},"content":{"rendered":"<p><strong><a href=\"http:\/\/www.visit-ulcinj.com\/blog\/wp-content\/uploads\/2017\/04\/Ulcinjska-rivijera-Belvi-i-Olimpik-idu-pod-zakup.jpg\"><img loading=\"lazy\" class=\"alignleft wp-image-104696\" src=\"http:\/\/www.visit-ulcinj.com\/blog\/wp-content\/uploads\/2017\/04\/Ulcinjska-rivijera-Belvi-i-Olimpik-idu-pod-zakup.jpg\" alt=\"\" width=\"508\" height=\"319\" srcset=\"https:\/\/www.visit-ulcinj.com\/blog\/wp-content\/uploads\/2017\/04\/Ulcinjska-rivijera-Belvi-i-Olimpik-idu-pod-zakup.jpg 560w, https:\/\/www.visit-ulcinj.com\/blog\/wp-content\/uploads\/2017\/04\/Ulcinjska-rivijera-Belvi-i-Olimpik-idu-pod-zakup-300x189.jpg 300w\" sizes=\"(max-width: 508px) 100vw, 508px\" \/><\/a>Skup\u0161tina akcionara Hotelsko-turisti\u010dkog preduze\u0107a Ulcinjska rivijera donijela je ju\u010de voljom ve\u0107inskih vlasnika, dr\u017eavnih fondova i Vlade, odluku o izdavanju u dugoro\u010dni zakup dijela imovine.<\/strong><span id=\"more-136142\"><\/span><\/p>\n<p><span class=\"credits__author\"> <strong>Autori: <a href=\"http:\/\/www.vijesti.me\/autori\/azra-adrovic-24894\/profil\">Azra Adrovi\u0107<\/a>, <a href=\"http:\/\/www.vijesti.me\/autori\/milorad-milosevic-58\/profil\">Milorad Milo\u0161evi\u0107<\/a> <\/strong><\/span><\/p>\n<p>Predstavnici Udru\u017eenja akcionara Ulcinjske rivijere najavili su tu\u017ebu i da \u0107e pred Privrednim sudom osporiti ovu odluku jer smatraju da je suprotna zakonu i Statutu kompanije.<\/p>\n<p>Izvr\u0161ni direkor HTP-a Ulcinjska rivijera <strong>Radomir Zec,<\/strong> kazao je da je firma Karisma Hotels&amp;Resorts, s kojom godinama pregovaraju, odlu\u010dna da zakupi hotele Olimpik, Belvi i auto kamp Neptun i da na tom prostoru izgradi luksuzan rizort kakav Crna Gora nema.<\/p>\n<p>Ova investicija uklju\u010duje rekonstrukciju, gradnju novih objekata, bazena i kafi\u0107a i to u prirodnom ambijentu. Nijedno drvo ne smije da se takne, naveo je Zec.<\/p>\n<p>Manjinski akcionari, njih ne\u0161to vi\u0161e od 15 odsto, kazali su da ne vide beneficije koje bi im dugoro\u010dni zakup donio. Poru\u010dili su da se osje\u0107aju diskrimisanim od Vlade.<\/p>\n<p><em>\u201cMi smo za privatizaciju. Podr\u017eali bismo i zakup kad bi se znali uslovi. Ovakva va\u0161a odluka je ni\u0161tava, kontra zakona i kontra Statuta. Nemamo konkretne podatke o investiciji, niti elaborat, ve\u0107 samo lo\u0161e dosada\u0161nje iskustvo sa Tenderskom komisijom.\u00a0<\/em><em>Tra\u017eimo argumente za ponudu o zakupu, a ne samo dato obe\u0107anje da \u0107e vrijednost akcija kompanije rasti. Pa ako \u0107e rasti za\u0161to ih vi ne kupujete?\u201d<\/em>, pitao je predstavnike ve\u0107inskog vlasnika <strong>Miroslav Jeli\u010di\u0107<\/strong>, predsjednik Udru\u017eenja akcionara HTP Ulcinjska rivijera.<\/p>\n<p>Akcionari se ju\u010de nijesu bavili pismom turoperatora Kovotour plus kojim su na vi\u0161e dr\u017eavnih adresa dan uo\u010di skup\u0161tine izra\u017eene privatizacione namjere.<\/p>\n<p>\u010cesi, dvodecenijski partneri Ulcinjske rivijere, su upozorili da \u0107e u slu\u010daju gubitka crnogorskog tr\u017ei\u0161ta i otkazivanja saradnje zbog izdavanja u zakup imovine, tra\u017eiti naknadu \u0161tete putem me\u0111unarodne arbitra\u017ee.<\/p>\n<p>Zec je rekao da je \u010de\u0161ka ponuda stigla kasno, a predstavnik Udru\u017eenja <strong>Tripko Krgovi\u0107<\/strong> odgovorio mu je <em>\u201cda Vlada nije nikada pozvala investitore za izra\u017eavanje interesovanja\u201d.<\/em><\/p>\n<p>Predstavnici Vlade kazali su da ovom odlukom Ulcinj i Crna Gora mogu samo da profitiraju i naglasili da je ovo samo prvi korak ka ostvarenju cilja i da sada slijedi prikupljanje potrebne dokumentacije za raspisivanje tendera.<\/p>\n<p>Manjinski akcionari su ranije predlo\u017eili da se izradi studija slu\u010daja za pet oblika privatizacije prodaju kontrolnog paketa akcija, prodaja manjinskog paketa, dokapitalizacija putem emisije za unaprijed poznatog kupca, segmentiranje na dva dru\u0161tva Ada Bojana i ostatak preduze\u0107a koji bi i\u0161ao u prodaju ili dokapitalizaciju.<\/p>\n<p><strong>Ne\u0107e tra\u017eiti isplatu uloga<\/strong><\/p>\n<p>Ako bi 15 odsto nesaglasnih akcionara Ulcinjske rivijere, koji su ju\u010de glasali protiv sporne odluke o izdavanju dijela imovine u zakup, u roku od 30 dana zatra\u017eili isplatu vlasni\u010dkog uloga, ulcinjska kompanija bi do\u0161la u bezizlaznu situaciju jer bi morala da isplati oko 2,5 miliona eura. <em>\u201cVjerovatno ne\u0107emo to zahtijevati jer bi to kompaniju odvelo u ste\u010daj\u201d<\/em>, kazao je \u201cVijestima\u201d Jeli\u010di\u0107 i ponovio da \u0107e ju\u010dera\u0161nju odluku osporiti pred sudom.<\/p>\n<p><strong>Izvor: Vijesti Online<\/strong><\/p>\n","protected":false},"excerpt":{"rendered":"<p>Skup\u0161tina akcionara Hotelsko-turisti\u010dkog preduze\u0107a Ulcinjska rivijera donijela je ju\u010de voljom ve\u0107inskih vlasnika, dr\u017eavnih fondova i Vlade, odluku o izdavanju u dugoro\u010dni zakup dijela imovine. Autori: Azra Adrovi\u0107, Milorad Milo\u0161evi\u0107 Predstavnici Udru\u017eenja akcionara Ulcinjske rivijere najavili su tu\u017ebu i da \u0107e pred Privrednim sudom osporiti ovu odluku jer smatraju da je suprotna zakonu i Statutu kompanije. [&hellip;]<\/p>\n","protected":false},"author":1,"featured_media":0,"comment_status":"closed","ping_status":"closed","sticky":false,"template":"","format":"standard","meta":{"spay_email":"","jetpack_publicize_message":"","jetpack_is_tweetstorm":false,"jetpack_publicize_feature_enabled":true},"categories":[8337],"tags":[],"jetpack_publicize_connections":[],"yoast_head":"<!-- This site is optimized with the Yoast SEO plugin v19.1 - https:\/\/yoast.com\/wordpress\/plugins\/seo\/ -->\n<title>Ulcinjska rivijera: Belvi i Olimpik idu pod zakup - Lajme nga Ulqini<\/title>\n<meta name=\"description\" content=\"Skup\u0161tina akcionara Hotelsko-turisti\u010dkog preduze\u0107a Ulcinjska rivijera donijela je ju\u010de voljom ve\u0107inskih vlasnika, dr\u017eavnih fondova i Vlade, odluku o\" \/>\n<meta name=\"robots\" content=\"index, follow, max-snippet:-1, max-image-preview:large, max-video-preview:-1\" \/>\n<link rel=\"canonical\" href=\"https:\/\/www.visit-ulcinj.com\/blog\/2017\/04\/28\/ulcinjska-rivijera-belvi-olimpik-idu-pod-zakup\/\" \/>\n<meta property=\"og:locale\" content=\"en_US\" \/>\n<meta property=\"og:type\" content=\"article\" \/>\n<meta property=\"og:title\" content=\"Ulcinjska rivijera: Belvi i Olimpik idu pod zakup - Lajme nga Ulqini\" \/>\n<meta property=\"og:description\" content=\"Skup\u0161tina akcionara Hotelsko-turisti\u010dkog preduze\u0107a Ulcinjska rivijera donijela je ju\u010de voljom ve\u0107inskih vlasnika, dr\u017eavnih fondova i Vlade, odluku o\" \/>\n<meta property=\"og:url\" content=\"https:\/\/www.visit-ulcinj.com\/blog\/2017\/04\/28\/ulcinjska-rivijera-belvi-olimpik-idu-pod-zakup\/\" \/>\n<meta property=\"og:site_name\" content=\"Lajme nga Ulqini\" \/>\n<meta property=\"article:published_time\" content=\"2017-04-28T20:22:19+00:00\" \/>\n<meta property=\"og:image\" content=\"http:\/\/www.visit-ulcinj.com\/blog\/wp-content\/uploads\/2017\/04\/Ulcinjska-rivijera-Belvi-i-Olimpik-idu-pod-zakup.jpg\" \/>\n<meta name=\"twitter:label1\" content=\"Written by\" \/>\n\t<meta name=\"twitter:data1\" content=\"ulqini\" \/>\n\t<meta name=\"twitter:label2\" content=\"Est. reading time\" \/>\n\t<meta name=\"twitter:data2\" content=\"3 minutes\" \/>\n<script type=\"application\/ld+json\" class=\"yoast-schema-graph\">{\"@context\":\"https:\/\/schema.org\",\"@graph\":[{\"@type\":\"WebSite\",\"@id\":\"https:\/\/www.visit-ulcinj.com\/blog\/#website\",\"url\":\"https:\/\/www.visit-ulcinj.com\/blog\/\",\"name\":\"Lajme nga Ulqini\",\"description\":\"Lajme,Vijesti,Ulqini,Ulqin,Crna Gora,Mali i Zi\",\"potentialAction\":[{\"@type\":\"SearchAction\",\"target\":{\"@type\":\"EntryPoint\",\"urlTemplate\":\"https:\/\/www.visit-ulcinj.com\/blog\/?s={search_term_string}\"},\"query-input\":\"required name=search_term_string\"}],\"inLanguage\":\"en-US\"},{\"@type\":\"ImageObject\",\"inLanguage\":\"en-US\",\"@id\":\"https:\/\/www.visit-ulcinj.com\/blog\/2017\/04\/28\/ulcinjska-rivijera-belvi-olimpik-idu-pod-zakup\/#primaryimage\",\"url\":\"https:\/\/www.visit-ulcinj.com\/blog\/wp-content\/uploads\/2017\/04\/Ulcinjska-rivijera-Belvi-i-Olimpik-idu-pod-zakup.jpg\",\"contentUrl\":\"https:\/\/www.visit-ulcinj.com\/blog\/wp-content\/uploads\/2017\/04\/Ulcinjska-rivijera-Belvi-i-Olimpik-idu-pod-zakup.jpg\",\"width\":560,\"height\":352},{\"@type\":\"WebPage\",\"@id\":\"https:\/\/www.visit-ulcinj.com\/blog\/2017\/04\/28\/ulcinjska-rivijera-belvi-olimpik-idu-pod-zakup\/#webpage\",\"url\":\"https:\/\/www.visit-ulcinj.com\/blog\/2017\/04\/28\/ulcinjska-rivijera-belvi-olimpik-idu-pod-zakup\/\",\"name\":\"Ulcinjska rivijera: Belvi i Olimpik idu pod zakup - Lajme nga Ulqini\",\"isPartOf\":{\"@id\":\"https:\/\/www.visit-ulcinj.com\/blog\/#website\"},\"primaryImageOfPage\":{\"@id\":\"https:\/\/www.visit-ulcinj.com\/blog\/2017\/04\/28\/ulcinjska-rivijera-belvi-olimpik-idu-pod-zakup\/#primaryimage\"},\"datePublished\":\"2017-04-28T20:22:19+00:00\",\"dateModified\":\"2017-04-28T20:22:19+00:00\",\"author\":{\"@id\":\"https:\/\/www.visit-ulcinj.com\/blog\/#\/schema\/person\/dcab619c614d3038751c63bc2aadc06d\"},\"description\":\"Skup\u0161tina akcionara Hotelsko-turisti\u010dkog preduze\u0107a Ulcinjska rivijera donijela je ju\u010de voljom ve\u0107inskih vlasnika, dr\u017eavnih fondova i Vlade, odluku o\",\"breadcrumb\":{\"@id\":\"https:\/\/www.visit-ulcinj.com\/blog\/2017\/04\/28\/ulcinjska-rivijera-belvi-olimpik-idu-pod-zakup\/#breadcrumb\"},\"inLanguage\":\"en-US\",\"potentialAction\":[{\"@type\":\"ReadAction\",\"target\":[\"https:\/\/www.visit-ulcinj.com\/blog\/2017\/04\/28\/ulcinjska-rivijera-belvi-olimpik-idu-pod-zakup\/\"]}]},{\"@type\":\"BreadcrumbList\",\"@id\":\"https:\/\/www.visit-ulcinj.com\/blog\/2017\/04\/28\/ulcinjska-rivijera-belvi-olimpik-idu-pod-zakup\/#breadcrumb\",\"itemListElement\":[{\"@type\":\"ListItem\",\"position\":1,\"name\":\"Ulcinjska rivijera: Belvi i Olimpik idu pod zakup\"}]},{\"@type\":\"Person\",\"@id\":\"https:\/\/www.visit-ulcinj.com\/blog\/#\/schema\/person\/dcab619c614d3038751c63bc2aadc06d\",\"name\":\"ulqini\",\"sameAs\":[\"http:\/\/www.visit-ulcinj.com\"],\"url\":\"https:\/\/www.visit-ulcinj.com\/blog\/author\/admin\/\"}]}<\/script>\n<!-- \/ Yoast SEO plugin. -->","yoast_head_json":{"title":"Ulcinjska rivijera: Belvi i Olimpik idu pod zakup - Lajme nga Ulqini","description":"Skup\u0161tina akcionara Hotelsko-turisti\u010dkog preduze\u0107a Ulcinjska rivijera donijela je ju\u010de voljom ve\u0107inskih vlasnika, dr\u017eavnih fondova i Vlade, odluku o","robots":{"index":"index","follow":"follow","max-snippet":"max-snippet:-1","max-image-preview":"max-image-preview:large","max-video-preview":"max-video-preview:-1"},"canonical":"https:\/\/www.visit-ulcinj.com\/blog\/2017\/04\/28\/ulcinjska-rivijera-belvi-olimpik-idu-pod-zakup\/","og_locale":"en_US","og_type":"article","og_title":"Ulcinjska rivijera: Belvi i Olimpik idu pod zakup - Lajme nga Ulqini","og_description":"Skup\u0161tina akcionara Hotelsko-turisti\u010dkog preduze\u0107a Ulcinjska rivijera donijela je ju\u010de voljom ve\u0107inskih vlasnika, dr\u017eavnih fondova i Vlade, odluku o","og_url":"https:\/\/www.visit-ulcinj.com\/blog\/2017\/04\/28\/ulcinjska-rivijera-belvi-olimpik-idu-pod-zakup\/","og_site_name":"Lajme nga Ulqini","article_published_time":"2017-04-28T20:22:19+00:00","og_image":[{"url":"http:\/\/www.visit-ulcinj.com\/blog\/wp-content\/uploads\/2017\/04\/Ulcinjska-rivijera-Belvi-i-Olimpik-idu-pod-zakup.jpg"}],"twitter_misc":{"Written by":"ulqini","Est. reading time":"3 minutes"},"schema":{"@context":"https:\/\/schema.org","@graph":[{"@type":"WebSite","@id":"https:\/\/www.visit-ulcinj.com\/blog\/#website","url":"https:\/\/www.visit-ulcinj.com\/blog\/","name":"Lajme nga Ulqini","description":"Lajme,Vijesti,Ulqini,Ulqin,Crna Gora,Mali i Zi","potentialAction":[{"@type":"SearchAction","target":{"@type":"EntryPoint","urlTemplate":"https:\/\/www.visit-ulcinj.com\/blog\/?s={search_term_string}"},"query-input":"required name=search_term_string"}],"inLanguage":"en-US"},{"@type":"ImageObject","inLanguage":"en-US","@id":"https:\/\/www.visit-ulcinj.com\/blog\/2017\/04\/28\/ulcinjska-rivijera-belvi-olimpik-idu-pod-zakup\/#primaryimage","url":"https:\/\/www.visit-ulcinj.com\/blog\/wp-content\/uploads\/2017\/04\/Ulcinjska-rivijera-Belvi-i-Olimpik-idu-pod-zakup.jpg","contentUrl":"https:\/\/www.visit-ulcinj.com\/blog\/wp-content\/uploads\/2017\/04\/Ulcinjska-rivijera-Belvi-i-Olimpik-idu-pod-zakup.jpg","width":560,"height":352},{"@type":"WebPage","@id":"https:\/\/www.visit-ulcinj.com\/blog\/2017\/04\/28\/ulcinjska-rivijera-belvi-olimpik-idu-pod-zakup\/#webpage","url":"https:\/\/www.visit-ulcinj.com\/blog\/2017\/04\/28\/ulcinjska-rivijera-belvi-olimpik-idu-pod-zakup\/","name":"Ulcinjska rivijera: Belvi i Olimpik idu pod zakup - Lajme nga Ulqini","isPartOf":{"@id":"https:\/\/www.visit-ulcinj.com\/blog\/#website"},"primaryImageOfPage":{"@id":"https:\/\/www.visit-ulcinj.com\/blog\/2017\/04\/28\/ulcinjska-rivijera-belvi-olimpik-idu-pod-zakup\/#primaryimage"},"datePublished":"2017-04-28T20:22:19+00:00","dateModified":"2017-04-28T20:22:19+00:00","author":{"@id":"https:\/\/www.visit-ulcinj.com\/blog\/#\/schema\/person\/dcab619c614d3038751c63bc2aadc06d"},"description":"Skup\u0161tina akcionara Hotelsko-turisti\u010dkog preduze\u0107a Ulcinjska rivijera donijela je ju\u010de voljom ve\u0107inskih vlasnika, dr\u017eavnih fondova i Vlade, odluku o","breadcrumb":{"@id":"https:\/\/www.visit-ulcinj.com\/blog\/2017\/04\/28\/ulcinjska-rivijera-belvi-olimpik-idu-pod-zakup\/#breadcrumb"},"inLanguage":"en-US","potentialAction":[{"@type":"ReadAction","target":["https:\/\/www.visit-ulcinj.com\/blog\/2017\/04\/28\/ulcinjska-rivijera-belvi-olimpik-idu-pod-zakup\/"]}]},{"@type":"BreadcrumbList","@id":"https:\/\/www.visit-ulcinj.com\/blog\/2017\/04\/28\/ulcinjska-rivijera-belvi-olimpik-idu-pod-zakup\/#breadcrumb","itemListElement":[{"@type":"ListItem","position":1,"name":"Ulcinjska rivijera: Belvi i Olimpik idu pod zakup"}]},{"@type":"Person","@id":"https:\/\/www.visit-ulcinj.com\/blog\/#\/schema\/person\/dcab619c614d3038751c63bc2aadc06d","name":"ulqini","sameAs":["http:\/\/www.visit-ulcinj.com"],"url":"https:\/\/www.visit-ulcinj.com\/blog\/author\/admin\/"}]}},"jetpack_featured_media_url":"","jetpack_sharing_enabled":true,"jetpack_shortlink":"https:\/\/wp.me\/pe6lTn-reD","_links":{"self":[{"href":"https:\/\/www.visit-ulcinj.com\/blog\/wp-json\/wp\/v2\/posts\/104695"}],"collection":[{"href":"https:\/\/www.visit-ulcinj.com\/blog\/wp-json\/wp\/v2\/posts"}],"about":[{"href":"https:\/\/www.visit-ulcinj.com\/blog\/wp-json\/wp\/v2\/types\/post"}],"author":[{"embeddable":true,"href":"https:\/\/www.visit-ulcinj.com\/blog\/wp-json\/wp\/v2\/users\/1"}],"replies":[{"embeddable":true,"href":"https:\/\/www.visit-ulcinj.com\/blog\/wp-json\/wp\/v2\/comments?post=104695"}],"version-history":[{"count":1,"href":"https:\/\/www.visit-ulcinj.com\/blog\/wp-json\/wp\/v2\/posts\/104695\/revisions"}],"predecessor-version":[{"id":104697,"href":"https:\/\/www.visit-ulcinj.com\/blog\/wp-json\/wp\/v2\/posts\/104695\/revisions\/104697"}],"wp:attachment":[{"href":"https:\/\/www.visit-ulcinj.com\/blog\/wp-json\/wp\/v2\/media?parent=104695"}],"wp:term":[{"taxonomy":"category","embeddable":true,"href":"https:\/\/www.visit-ulcinj.com\/blog\/wp-json\/wp\/v2\/categories?post=104695"},{"taxonomy":"post_tag","embeddable":true,"href":"https:\/\/www.visit-ulcinj.com\/blog\/wp-json\/wp\/v2\/tags?post=104695"}],"curies":[{"name":"wp","href":"https:\/\/api.w.org\/{rel}","templated":true}]}}