{"id":1047,"date":"2008-03-26T01:11:06","date_gmt":"2008-03-26T06:11:06","guid":{"rendered":"http:\/\/www.visit-ulcinj.com\/blog\/2008\/03\/26\/ulcinjska-forcane-vjerujemo-vise-dps-u\/"},"modified":"2008-03-27T01:40:00","modified_gmt":"2008-03-27T06:40:00","slug":"ulcinjska-forcane-vjerujemo-vise-dps-u","status":"publish","type":"post","link":"https:\/\/www.visit-ulcinj.com\/blog\/2008\/03\/26\/ulcinjska-forcane-vjerujemo-vise-dps-u\/","title":{"rendered":"Nova Demokratska Snaga Forca i Albanska Alternativa podr\u017eavaju Neboj\u0161u Medojevi?a"},"content":{"rendered":"<p><a href=\"http:\/\/www.visit-ulcinj.com\/blog\/wp-content\/uploads\/2008\/01\/forca-e-re-demokratike.gif\" title=\"Forca e re demokratike\"><img loading=\"lazy\" src=\"http:\/\/www.visit-ulcinj.com\/blog\/wp-content\/uploads\/2008\/01\/forca-e-re-demokratike.thumbnail.gif\" alt=\"Forca e re demokratike\" align=\"left\" height=\"128\" width=\"128\" \/><\/a><a href=\"http:\/\/forcaere.org\/content\/view\/178\/lang,me\/\" title=\"ulcinj,ulqini,ulqin,montenegro\" target=\"_blank\">Nova Demokratska Snaga Forca <\/a>i Albanska Alternativa podr\u017eavaju Neboj\u0161u Medojevi?a za kandidata za Predsjednika Crne Gore na predsjedni?kim izborima koje ?e se odr\u017eati 6 aprila 2008.Ovo su na zajedni?koj konferenciji za medije Force i Albanske Alternative odr\u017eanoj danas u sjedi\u0161tu Force u Ulcinju izjavlili ?elnici ovih dviju politi?kih subjekata.Novinarima su se obratili Predsjednik Force G. Nazif Cungu i Predsjedni Albanske Alternative i Poslanik u Parlamentu G.Vasel Sini\u0161taj.<br \/>\nNezadovoljni stepenom demokratizacije politi?ke scene u Crnoj Gori u periodu vladavine DPS-a sa koalicionim partnerima, nezadovoljni stepenom decentralizacije i primjenom medjunarodnih konvencija o za\u0161titi ljudskih prava, ubijedjeni smo da je vrijeme za promjene na politi?koj sceni Crne Gore.<br \/>\nAktivno u?e\u0161?e albanaca u politi?kim zbivanjima u Crnoj Gori, naro?ito tokom stvaranja nove dr\u017eave, je dobra osnova na kojoj treba da se nastavi na\u0161 doprinos daljoj demokratizaciji i decentralizaciji.<br \/>\nOd svih naroda u Crnoj Gori, kod albanaca je zabilje\u017een najve?i stepen migracije, \u0161to za posljedicu ima smanjenje broja albanaca u strukturi stanovni\u0161tva u Crnoj Gori. Po popisu stanovni\u0161tva iz 1991.g. albanaca je bilo 7% da bi na popisu iz 2003.g. taj procenat pao na 5,03%.<br \/>\nJo\u0161 indikativnija je ?injenica da je Ulcinj jedini primorski grad koji bilje\u017ei pad broja stanovnika.<br \/>\nAktuelna vlast u Crnoj Gori, godinama oba?ava pobolj\u0161anje statusa manjinskih naroda, ali se ova obe?anja djelimi?no realizuju dok se u zadnje vrijeme ne po\u0161tuje nijedan sporazum ili opravdani zahtjev.<br \/>\nZa oblasti u kojima su natranjeni albanci, neprestano se govori o potencijalima za razvoj i velikoj perspektivi, naro?ito za Ulcinj, ali na\u017ealost nema kapitalnih investicija koje bi potvrdile spremnost vlasti da pomogne u prevazila\u017eenju mnogobrojnih problema i stvaranju preduslova za razvoj.<br \/>\nAktuelna vlast je odgovorna za mnogobrojne procese i pojave koje su negativno uticale ne razvoj i perspektivu albanaca u Crnoj Gori, a naro?ito:<\/p>\n<blockquote>\n<ul>\n<li>a netransparentni proces privatizacije koji nije obezbjedjivao u?e\u0161?e lokalne uprave i za nedovoljne investicije koje bi obezbjedile ekonomski razvoj i zapo\u0161ljavanje za razliku od drugih primorskih op\u0161tina.<\/li>\n<\/ul>\n<\/blockquote>\n<blockquote>\n<ul>\n<li>Aktuelna vlast je odgovorna za nezakonito odre?ivanje linije razgrani?enja zone morskog dobra na teritoriji Op\u0161tine Ulcinj i za usvajanje Prostornog Plana posebne namjene za morsko dobro, ?ime se Ulcinju i njegovim \u017eiteljima oduzima ustavno pravo da planiraju prostor i na kojem \u017eive ubiraju prihode koji im pripadaju.<\/li>\n<\/ul>\n<\/blockquote>\n<blockquote>\n<ul>\n<li>Aktuelna vlast je odgovorna za politi?ke prepreke tokom procesa vra?anja imovine na osnovu zakona, kako u Ulcinju tako i u Malesiji ( podsje?am da je gospodin ?ukanovi? na jednoj promociji na hotelu Albatros obe?ao vra?anje imovine u Valdanosu ali se ovo nije desilo),<\/li>\n<\/ul>\n<\/blockquote>\n<blockquote>\n<ul>\n<li>Aktuelna vlast je odgovorna za neostvarivanje ranijih obe?anja da ?e Malesiji tj. Tuzima biti vra?en status samostalne op\u0161tine,<\/li>\n<\/ul>\n<\/blockquote>\n<blockquote>\n<ul>\n<li>Aktuelna vlast je odgovorna za policijsku torturu uhap\u0161enih u akciji \u201eOrlov let\u201c kao i za dugo trajanje sudskog procesa, Aktuelna vlast je odgovorna za usvajanje Prostornog Plana RCG tokom kojeg nijesu uzete u obzir primjedbe vi\u0161e od 700 gra?ana Ulcinja, ?ime se daje legitimnost Planu Posebne namjene za Morsko Dobro, za devastaciju prostora i izmjernu etni?ke strukture stanovni\u0161tva.<\/li>\n<\/ul>\n<\/blockquote>\n<p>Ubije?eni da je vrijeme za promjene, GO Nove Demokratrske snage \u2013 FORCA, i GO Albanske Alternative jednoglasno su usvojile Odluku o podr\u0161ci gospodinu Neboj\u0161i Medojevi?u za Predsjednika Crne Gore te pozivamo na\u0161e bira?e da nam se pridru\u017ee i glasaju Medojevi?a zaokru\u017eivanjem broja 1 na listi?u..<br \/>\nAlbanska Alternativa  &amp; Nova Demokratska Snaga FORCA<br \/>\nVasel Sinishtaj  &amp; Nazif Cungu<\/p>\n<p align=\"center\">\u00a9 2008 <a href=\"http:\/\/forcaere.org\/content\/view\/178\/lang,me\/\" title=\"ulcinj,ulqini,ulqin,montenegro\" target=\"_blank\">Forca e Re Demokratike<\/a><\/p>\n<p><a href=\"http:\/\/www.visit-ulcinj.com\/blog\/wp-content\/uploads\/2008\/03\/cungu-sinishtaj.jpg\" title=\"cungu-sinishtaj\"><img loading=\"lazy\" src=\"http:\/\/www.visit-ulcinj.com\/blog\/wp-content\/uploads\/2008\/03\/cungu-sinishtaj.thumbnail.jpg\" alt=\"cungu-sinishtaj\" align=\"left\" height=\"160\" width=\"200\" \/><\/a>Ulcinj (MINA) &#8211; Ulcinjska Forca nazvala je ju?e jeftinom manipulacijom i neistinom izjavu portparola DPS-a Rajka Kova?evi?a da je kandidat PzP-a Neboj\u0161a Medojevi? obe?ao aboliranje uhap\u0161enih u akciji &#8220;Orlov let&#8221; u zamjenu za podr\u0161ku na predsjedni?kim izborima.<br \/>\nKova?evi? je u ponedjeljak ocijenio da je Medojevi? &#8220;po svemu sude?i, obe?ao liderima Force i Albanske alternative da ?e, ako ga podr\u017ee na predsjedni?kim izborima, osloboditi uhap\u0161ene u akciji Orlov let mimo sudskog postupka&#8221;.<br \/>\n&#8220;Reagovanje argumentom po svemu sude?i, jeftine su manipulacije i neistine. Tra\u017eimo da se sudski proces \u0161to prije i pravedno okon?a, jer je dosada\u0161nji samo pokazao propuste policije i tu\u017eila\u0161tva i nemo? sudstva&#8221;, saop\u0161teno je iz Force.<br \/>\nIz te stranke poru?uju da &#8220;nijesu zainteresovani za ru\u0161enje sudske vlasti, nego, naprotiv, za njeno ja?anje, nezavisnost i nepristrasnost, jer su to temelji demokratije koju vlast nije u stanju ili ne \u017eeli da uspostavi&#8221;.<br \/>\n&#8220;To \u0161to podr\u017eavamo Medojevi?a nije zbog njegovih, nego zbog Vujanovi?evih obe?anja. Vi\u0161e od 17 godina vlast do?e pred izbore i obe?a upravo ono \u0161to nam poslije izbora oduzima&#8221;, ka\u017ee se u saop\u0161tenju.<img loading=\"lazy\" src=\"http:\/\/www.dpscg.org\/images\/stories\/licnosti\/rajko-kovacevic.jpg\" alt=\"Rajka Kova?evi?a\" align=\"right\" height=\"112\" width=\"80\" \/><br \/>\nForca optu\u017euje vlast da je osiroma\u0161ila Ulcinj oduzev\u0161i obalu preko Morskog dobra, Valdanos preko Vojske, \u0160ip?anik preko Planta\u017ea, kao i da je sva preduze?a &#8220;uvela pod ste?aj&#8221;.<br \/>\nU saop\u0161tenju se isti?e da Forca razumije &#8220;paniku Kova?evi?a&#8221; i vlasti koja je ra?unala na albanske glasove.<br \/>\n&#8220;Morate da se pomirite sa ?injenicom da nemate na\u0161u podr\u0161ku i da va\u0161em kandidatu vi\u0161e ne vjerujemo&#8221;, poru?uju iz te stranke.<br \/>\n(MINA)<\/p>\n","protected":false},"excerpt":{"rendered":"<p><img loading=\"lazy\" src=\"http:\/\/www.visit-ulcinj.com\/blog\/wp-content\/uploads\/2008\/01\/forca-e-re-demokratike.thumbnail.gif\" alt=\"Forca e re demokratike\" align=\"left\" height=\"140\" width=\"140\" \/><\/p>\n","protected":false},"author":1,"featured_media":0,"comment_status":"open","ping_status":"closed","sticky":false,"template":"","format":"standard","meta":{"spay_email":"","jetpack_publicize_message":"","jetpack_is_tweetstorm":false,"jetpack_publicize_feature_enabled":true},"categories":[6,12],"tags":[],"jetpack_publicize_connections":[],"yoast_head":"<!-- This site is optimized with the Yoast SEO plugin v19.1 - https:\/\/yoast.com\/wordpress\/plugins\/seo\/ -->\n<title>Nova Demokratska Snaga Forca i Albanska Alternativa podr\u017eavaju Neboj\u0161u Medojevi?a - Lajme nga Ulqini<\/title>\n<meta name=\"robots\" content=\"index, follow, max-snippet:-1, max-image-preview:large, max-video-preview:-1\" \/>\n<link rel=\"canonical\" href=\"https:\/\/www.visit-ulcinj.com\/blog\/2008\/03\/26\/ulcinjska-forcane-vjerujemo-vise-dps-u\/\" \/>\n<meta property=\"og:locale\" content=\"en_US\" \/>\n<meta property=\"og:type\" content=\"article\" \/>\n<meta property=\"og:title\" content=\"Nova Demokratska Snaga Forca i Albanska Alternativa podr\u017eavaju Neboj\u0161u Medojevi?a - Lajme nga Ulqini\" \/>\n<meta property=\"og:url\" content=\"https:\/\/www.visit-ulcinj.com\/blog\/2008\/03\/26\/ulcinjska-forcane-vjerujemo-vise-dps-u\/\" \/>\n<meta property=\"og:site_name\" content=\"Lajme nga Ulqini\" \/>\n<meta property=\"article:published_time\" content=\"2008-03-26T06:11:06+00:00\" \/>\n<meta property=\"article:modified_time\" content=\"2008-03-27T06:40:00+00:00\" \/>\n<meta property=\"og:image\" content=\"http:\/\/www.visit-ulcinj.com\/blog\/wp-content\/uploads\/2008\/01\/forca-e-re-demokratike.thumbnail.gif\" \/>\n<meta name=\"twitter:label1\" content=\"Written by\" \/>\n\t<meta name=\"twitter:data1\" content=\"ulqini\" \/>\n\t<meta name=\"twitter:label2\" content=\"Est. reading time\" \/>\n\t<meta name=\"twitter:data2\" content=\"4 minutes\" \/>\n<script type=\"application\/ld+json\" class=\"yoast-schema-graph\">{\"@context\":\"https:\/\/schema.org\",\"@graph\":[{\"@type\":\"WebSite\",\"@id\":\"https:\/\/www.visit-ulcinj.com\/blog\/#website\",\"url\":\"https:\/\/www.visit-ulcinj.com\/blog\/\",\"name\":\"Lajme nga Ulqini\",\"description\":\"Lajme,Vijesti,Ulqini,Ulqin,Crna Gora,Mali i Zi\",\"potentialAction\":[{\"@type\":\"SearchAction\",\"target\":{\"@type\":\"EntryPoint\",\"urlTemplate\":\"https:\/\/www.visit-ulcinj.com\/blog\/?s={search_term_string}\"},\"query-input\":\"required name=search_term_string\"}],\"inLanguage\":\"en-US\"},{\"@type\":\"ImageObject\",\"inLanguage\":\"en-US\",\"@id\":\"https:\/\/www.visit-ulcinj.com\/blog\/2008\/03\/26\/ulcinjska-forcane-vjerujemo-vise-dps-u\/#primaryimage\",\"url\":\"http:\/\/www.visit-ulcinj.com\/blog\/wp-content\/uploads\/2008\/01\/forca-e-re-demokratike.thumbnail.gif\",\"contentUrl\":\"http:\/\/www.visit-ulcinj.com\/blog\/wp-content\/uploads\/2008\/01\/forca-e-re-demokratike.thumbnail.gif\"},{\"@type\":\"WebPage\",\"@id\":\"https:\/\/www.visit-ulcinj.com\/blog\/2008\/03\/26\/ulcinjska-forcane-vjerujemo-vise-dps-u\/#webpage\",\"url\":\"https:\/\/www.visit-ulcinj.com\/blog\/2008\/03\/26\/ulcinjska-forcane-vjerujemo-vise-dps-u\/\",\"name\":\"Nova Demokratska Snaga Forca i Albanska Alternativa podr\u017eavaju Neboj\u0161u Medojevi?a - Lajme nga Ulqini\",\"isPartOf\":{\"@id\":\"https:\/\/www.visit-ulcinj.com\/blog\/#website\"},\"primaryImageOfPage\":{\"@id\":\"https:\/\/www.visit-ulcinj.com\/blog\/2008\/03\/26\/ulcinjska-forcane-vjerujemo-vise-dps-u\/#primaryimage\"},\"datePublished\":\"2008-03-26T06:11:06+00:00\",\"dateModified\":\"2008-03-27T06:40:00+00:00\",\"author\":{\"@id\":\"https:\/\/www.visit-ulcinj.com\/blog\/#\/schema\/person\/dcab619c614d3038751c63bc2aadc06d\"},\"breadcrumb\":{\"@id\":\"https:\/\/www.visit-ulcinj.com\/blog\/2008\/03\/26\/ulcinjska-forcane-vjerujemo-vise-dps-u\/#breadcrumb\"},\"inLanguage\":\"en-US\",\"potentialAction\":[{\"@type\":\"ReadAction\",\"target\":[\"https:\/\/www.visit-ulcinj.com\/blog\/2008\/03\/26\/ulcinjska-forcane-vjerujemo-vise-dps-u\/\"]}]},{\"@type\":\"BreadcrumbList\",\"@id\":\"https:\/\/www.visit-ulcinj.com\/blog\/2008\/03\/26\/ulcinjska-forcane-vjerujemo-vise-dps-u\/#breadcrumb\",\"itemListElement\":[{\"@type\":\"ListItem\",\"position\":1,\"name\":\"Nova Demokratska Snaga Forca i Albanska Alternativa podr\u017eavaju Neboj\u0161u Medojevi?a\"}]},{\"@type\":\"Person\",\"@id\":\"https:\/\/www.visit-ulcinj.com\/blog\/#\/schema\/person\/dcab619c614d3038751c63bc2aadc06d\",\"name\":\"ulqini\",\"sameAs\":[\"http:\/\/www.visit-ulcinj.com\"],\"url\":\"https:\/\/www.visit-ulcinj.com\/blog\/author\/admin\/\"}]}<\/script>\n<!-- \/ Yoast SEO plugin. -->","yoast_head_json":{"title":"Nova Demokratska Snaga Forca i Albanska Alternativa podr\u017eavaju Neboj\u0161u Medojevi?a - Lajme nga Ulqini","robots":{"index":"index","follow":"follow","max-snippet":"max-snippet:-1","max-image-preview":"max-image-preview:large","max-video-preview":"max-video-preview:-1"},"canonical":"https:\/\/www.visit-ulcinj.com\/blog\/2008\/03\/26\/ulcinjska-forcane-vjerujemo-vise-dps-u\/","og_locale":"en_US","og_type":"article","og_title":"Nova Demokratska Snaga Forca i Albanska Alternativa podr\u017eavaju Neboj\u0161u Medojevi?a - Lajme nga Ulqini","og_url":"https:\/\/www.visit-ulcinj.com\/blog\/2008\/03\/26\/ulcinjska-forcane-vjerujemo-vise-dps-u\/","og_site_name":"Lajme nga Ulqini","article_published_time":"2008-03-26T06:11:06+00:00","article_modified_time":"2008-03-27T06:40:00+00:00","og_image":[{"url":"http:\/\/www.visit-ulcinj.com\/blog\/wp-content\/uploads\/2008\/01\/forca-e-re-demokratike.thumbnail.gif"}],"twitter_misc":{"Written by":"ulqini","Est. reading time":"4 minutes"},"schema":{"@context":"https:\/\/schema.org","@graph":[{"@type":"WebSite","@id":"https:\/\/www.visit-ulcinj.com\/blog\/#website","url":"https:\/\/www.visit-ulcinj.com\/blog\/","name":"Lajme nga Ulqini","description":"Lajme,Vijesti,Ulqini,Ulqin,Crna Gora,Mali i Zi","potentialAction":[{"@type":"SearchAction","target":{"@type":"EntryPoint","urlTemplate":"https:\/\/www.visit-ulcinj.com\/blog\/?s={search_term_string}"},"query-input":"required name=search_term_string"}],"inLanguage":"en-US"},{"@type":"ImageObject","inLanguage":"en-US","@id":"https:\/\/www.visit-ulcinj.com\/blog\/2008\/03\/26\/ulcinjska-forcane-vjerujemo-vise-dps-u\/#primaryimage","url":"http:\/\/www.visit-ulcinj.com\/blog\/wp-content\/uploads\/2008\/01\/forca-e-re-demokratike.thumbnail.gif","contentUrl":"http:\/\/www.visit-ulcinj.com\/blog\/wp-content\/uploads\/2008\/01\/forca-e-re-demokratike.thumbnail.gif"},{"@type":"WebPage","@id":"https:\/\/www.visit-ulcinj.com\/blog\/2008\/03\/26\/ulcinjska-forcane-vjerujemo-vise-dps-u\/#webpage","url":"https:\/\/www.visit-ulcinj.com\/blog\/2008\/03\/26\/ulcinjska-forcane-vjerujemo-vise-dps-u\/","name":"Nova Demokratska Snaga Forca i Albanska Alternativa podr\u017eavaju Neboj\u0161u Medojevi?a - Lajme nga Ulqini","isPartOf":{"@id":"https:\/\/www.visit-ulcinj.com\/blog\/#website"},"primaryImageOfPage":{"@id":"https:\/\/www.visit-ulcinj.com\/blog\/2008\/03\/26\/ulcinjska-forcane-vjerujemo-vise-dps-u\/#primaryimage"},"datePublished":"2008-03-26T06:11:06+00:00","dateModified":"2008-03-27T06:40:00+00:00","author":{"@id":"https:\/\/www.visit-ulcinj.com\/blog\/#\/schema\/person\/dcab619c614d3038751c63bc2aadc06d"},"breadcrumb":{"@id":"https:\/\/www.visit-ulcinj.com\/blog\/2008\/03\/26\/ulcinjska-forcane-vjerujemo-vise-dps-u\/#breadcrumb"},"inLanguage":"en-US","potentialAction":[{"@type":"ReadAction","target":["https:\/\/www.visit-ulcinj.com\/blog\/2008\/03\/26\/ulcinjska-forcane-vjerujemo-vise-dps-u\/"]}]},{"@type":"BreadcrumbList","@id":"https:\/\/www.visit-ulcinj.com\/blog\/2008\/03\/26\/ulcinjska-forcane-vjerujemo-vise-dps-u\/#breadcrumb","itemListElement":[{"@type":"ListItem","position":1,"name":"Nova Demokratska Snaga Forca i Albanska Alternativa podr\u017eavaju Neboj\u0161u Medojevi?a"}]},{"@type":"Person","@id":"https:\/\/www.visit-ulcinj.com\/blog\/#\/schema\/person\/dcab619c614d3038751c63bc2aadc06d","name":"ulqini","sameAs":["http:\/\/www.visit-ulcinj.com"],"url":"https:\/\/www.visit-ulcinj.com\/blog\/author\/admin\/"}]}},"jetpack_featured_media_url":"","jetpack_sharing_enabled":true,"jetpack_shortlink":"https:\/\/wp.me\/pe6lTn-gT","_links":{"self":[{"href":"https:\/\/www.visit-ulcinj.com\/blog\/wp-json\/wp\/v2\/posts\/1047"}],"collection":[{"href":"https:\/\/www.visit-ulcinj.com\/blog\/wp-json\/wp\/v2\/posts"}],"about":[{"href":"https:\/\/www.visit-ulcinj.com\/blog\/wp-json\/wp\/v2\/types\/post"}],"author":[{"embeddable":true,"href":"https:\/\/www.visit-ulcinj.com\/blog\/wp-json\/wp\/v2\/users\/1"}],"replies":[{"embeddable":true,"href":"https:\/\/www.visit-ulcinj.com\/blog\/wp-json\/wp\/v2\/comments?post=1047"}],"version-history":[{"count":0,"href":"https:\/\/www.visit-ulcinj.com\/blog\/wp-json\/wp\/v2\/posts\/1047\/revisions"}],"wp:attachment":[{"href":"https:\/\/www.visit-ulcinj.com\/blog\/wp-json\/wp\/v2\/media?parent=1047"}],"wp:term":[{"taxonomy":"category","embeddable":true,"href":"https:\/\/www.visit-ulcinj.com\/blog\/wp-json\/wp\/v2\/categories?post=1047"},{"taxonomy":"post_tag","embeddable":true,"href":"https:\/\/www.visit-ulcinj.com\/blog\/wp-json\/wp\/v2\/tags?post=1047"}],"curies":[{"name":"wp","href":"https:\/\/api.w.org\/{rel}","templated":true}]}}