{"id":104702,"date":"2017-04-28T21:42:20","date_gmt":"2017-04-28T20:42:20","guid":{"rendered":"http:\/\/www.visit-ulcinj.com\/blog\/?p=104702"},"modified":"2017-04-28T21:49:44","modified_gmt":"2017-04-28T20:49:44","slug":"kovotour-cesi-zele-da-kupe-ulcinjsku-rivijeru","status":"publish","type":"post","link":"https:\/\/www.visit-ulcinj.com\/blog\/2017\/04\/28\/kovotour-cesi-zele-da-kupe-ulcinjsku-rivijeru\/","title":{"rendered":"Kovotour: \u010cesi \u017eele da kupe Ulcinjsku rivijeru"},"content":{"rendered":"<p><a href=\"http:\/\/www.visit-ulcinj.com\/blog\/wp-content\/uploads\/2017\/04\/Kovotour-plus-Jiri-Hajek-ulcinj.jpg\"><img loading=\"lazy\" class=\"alignleft wp-image-104703\" src=\"http:\/\/www.visit-ulcinj.com\/blog\/wp-content\/uploads\/2017\/04\/Kovotour-plus-Jiri-Hajek-ulcinj.jpg\" alt=\"\" width=\"508\" height=\"301\" \/><\/a>Dan uo\u010di Skup\u0161tine akcionara Ulcinjske rivijere iz \u010ce\u0161ke je stiglo pismo o privatizacionim namjerama tur-operatora <strong>Kovotour plus<\/strong> koji 20 godina dovodi turiste u Crnu Goru.<span id=\"more-136065\"><\/span><\/p>\n<p>Na dana\u0161njoj Skup\u0161tini, akcionari \u0107e raspravljati o dugoro\u010dnom zakupu dijela imovine i mogu\u0107im modalitetima privatizacije Ulcinjske rivijere. Intresovanje za zakup pokazala je kompanija<br \/>\n<strong>Karisma Hotels&amp;Resorts.<\/strong><\/p>\n<p>Generalni direktor Kovotour plusa <strong>Jiri Hajek<\/strong> uputio je pismo ministru turizma i odr\u017eivog razvoja Pavlu Radulovi\u0107u, direktoru Fonda PIO <strong>Du\u0161anu Perovi\u0107u<\/strong>, direktorici Fonda za obe\u0161te\u0107enje <strong>\u0110or\u0111ini Laki\u0107<\/strong>, direktorici Zavoda za zapo\u0161ljavanje <strong>Vukici Jeli\u0107<\/strong>, direktoru Investiciono-razvojnog fonda <strong>Zoranu Vuk\u010devi\u0107u<\/strong> i predstavnicima malih akcionara.<\/p>\n<p>On je pozvao vlasnike da daju \u0161ansu razvoju Ulcinjske rivijere, a koja zaslu\u017euje ve\u0107i rast i pove\u0107anu pa\u017enju, kroz saradnju sa \u010de\u0161kom kompanijom i ostalim partnerima, kao i kroz dalju mogu\u0107u formu saradnje sa prodajom akcija, dokapitalizacijom itd.<\/p>\n<p>Hajek je naveo da je iznana\u0111en infomacijama da se priprema davanje u zakup cijele Ulcinjske rivijere strancima na 30 godina.<\/p>\n<p><em>\u201cTo bi zna\u010dilo tihu privatizaciju i kraj svake saradnje sa na\u0161om kompanijom. Za na\u0161u kompaniju to zna\u010di gubitak godi\u0161njeg prometa u visini nekoliko miliona eura, a s obizom na dugogodi\u0161nje ugovore sa Ulcinjskom rivijerom to bi zna\u010dilo finansijski gubitak desetina miliona eura\u201d<\/em>, istakao je Hajek.<\/p>\n<p>On je dodao da su sa time povezani i ostali finansijski gubici iz razloga povrede dobrog imena firme, kao i iz razloga gubitka tr\u017ei\u0161ta i osuje\u0107enih investicija.<\/p>\n<p>On je apelovao na ministra i akcionare da preispitaju proces i pripremano davanje u zakup Ulcinjske rivijere, \u0161to bi zna\u010dilo tihu privatizaciju.<\/p>\n<p><em>\u201cU slu\u010daju da na\u0161a kompanija ima gubitke zbog otkazivanja saradnje sa Ulcinjskom rivijerom, tra\u017ei\u0107emo naknadu \u0161tete putem Me\u0111unarodne arbitra\u017ee\u201d,<\/em> upozorio je Hajek.<\/p>\n<p>Kovotour plus s.r.o. najve\u0107i srednjoevropski turoperator koji goste dovodi Crnu Goru. Tokom 20 godina, su organizovali odmor u Crnoj Gori pola miliona klijenata iz \u010ce\u0161ke, Slova\u010dke, Poljske\u2026<\/p>\n<p><strong>Izvor: \u00a9 Bankar.me Copyright 2017<\/strong><\/p>\n<p><a href=\"http:\/\/www.visit-ulcinj.com\/blog\/wp-content\/uploads\/2017\/04\/Kovotour-plus-Ulcinj.jpg\"><img loading=\"lazy\" class=\"alignleft wp-image-104706\" src=\"http:\/\/www.visit-ulcinj.com\/blog\/wp-content\/uploads\/2017\/04\/Kovotour-plus-Ulcinj.jpg\" alt=\"\" width=\"508\" height=\"286\" srcset=\"https:\/\/www.visit-ulcinj.com\/blog\/wp-content\/uploads\/2017\/04\/Kovotour-plus-Ulcinj.jpg 999w, https:\/\/www.visit-ulcinj.com\/blog\/wp-content\/uploads\/2017\/04\/Kovotour-plus-Ulcinj-300x169.jpg 300w, https:\/\/www.visit-ulcinj.com\/blog\/wp-content\/uploads\/2017\/04\/Kovotour-plus-Ulcinj-768x432.jpg 768w\" sizes=\"(max-width: 508px) 100vw, 508px\" \/><\/a><\/p>\n<p>&nbsp;<\/p>\n","protected":false},"excerpt":{"rendered":"<p>Dan uo\u010di Skup\u0161tine akcionara Ulcinjske rivijere iz \u010ce\u0161ke je stiglo pismo o privatizacionim namjerama tur-operatora Kovotour plus koji 20 godina dovodi turiste u Crnu Goru. Na dana\u0161njoj Skup\u0161tini, akcionari \u0107e raspravljati o dugoro\u010dnom zakupu dijela imovine i mogu\u0107im modalitetima privatizacije Ulcinjske rivijere. Intresovanje za zakup pokazala je kompanija Karisma Hotels&amp;Resorts. Generalni direktor Kovotour plusa Jiri [&hellip;]<\/p>\n","protected":false},"author":1,"featured_media":0,"comment_status":"closed","ping_status":"closed","sticky":false,"template":"","format":"standard","meta":{"spay_email":"","jetpack_publicize_message":"","jetpack_is_tweetstorm":false,"jetpack_publicize_feature_enabled":true},"categories":[6950],"tags":[],"jetpack_publicize_connections":[],"yoast_head":"<!-- This site is optimized with the Yoast SEO plugin v19.1 - https:\/\/yoast.com\/wordpress\/plugins\/seo\/ -->\n<title>Kovotour: \u010cesi \u017eele da kupe Ulcinjsku rivijeru - Lajme nga Ulqini<\/title>\n<meta name=\"description\" content=\"Dan uo\u010di Skup\u0161tine akcionara Ulcinjske rivijere iz \u010ce\u0161ke je stiglo pismo o privatizacionim namjerama tur-operatora Kovotour plus koji 20 godina dovodi\" \/>\n<meta name=\"robots\" content=\"index, follow, max-snippet:-1, max-image-preview:large, max-video-preview:-1\" \/>\n<link rel=\"canonical\" href=\"https:\/\/www.visit-ulcinj.com\/blog\/2017\/04\/28\/kovotour-cesi-zele-da-kupe-ulcinjsku-rivijeru\/\" \/>\n<meta property=\"og:locale\" content=\"en_US\" \/>\n<meta property=\"og:type\" content=\"article\" \/>\n<meta property=\"og:title\" content=\"Kovotour: \u010cesi \u017eele da kupe Ulcinjsku rivijeru - Lajme nga Ulqini\" \/>\n<meta property=\"og:description\" content=\"Dan uo\u010di Skup\u0161tine akcionara Ulcinjske rivijere iz \u010ce\u0161ke je stiglo pismo o privatizacionim namjerama tur-operatora Kovotour plus koji 20 godina dovodi\" \/>\n<meta property=\"og:url\" content=\"https:\/\/www.visit-ulcinj.com\/blog\/2017\/04\/28\/kovotour-cesi-zele-da-kupe-ulcinjsku-rivijeru\/\" \/>\n<meta property=\"og:site_name\" content=\"Lajme nga Ulqini\" \/>\n<meta property=\"article:published_time\" content=\"2017-04-28T20:42:20+00:00\" \/>\n<meta property=\"article:modified_time\" content=\"2017-04-28T20:49:44+00:00\" \/>\n<meta property=\"og:image\" content=\"http:\/\/www.visit-ulcinj.com\/blog\/wp-content\/uploads\/2017\/04\/Kovotour-plus-Jiri-Hajek-ulcinj.jpg\" \/>\n<meta name=\"twitter:label1\" content=\"Written by\" \/>\n\t<meta name=\"twitter:data1\" content=\"ulqini\" \/>\n\t<meta name=\"twitter:label2\" content=\"Est. reading time\" \/>\n\t<meta name=\"twitter:data2\" content=\"2 minutes\" \/>\n<script type=\"application\/ld+json\" class=\"yoast-schema-graph\">{\"@context\":\"https:\/\/schema.org\",\"@graph\":[{\"@type\":\"WebSite\",\"@id\":\"https:\/\/www.visit-ulcinj.com\/blog\/#website\",\"url\":\"https:\/\/www.visit-ulcinj.com\/blog\/\",\"name\":\"Lajme nga Ulqini\",\"description\":\"Lajme,Vijesti,Ulqini,Ulqin,Crna Gora,Mali i Zi\",\"potentialAction\":[{\"@type\":\"SearchAction\",\"target\":{\"@type\":\"EntryPoint\",\"urlTemplate\":\"https:\/\/www.visit-ulcinj.com\/blog\/?s={search_term_string}\"},\"query-input\":\"required name=search_term_string\"}],\"inLanguage\":\"en-US\"},{\"@type\":\"ImageObject\",\"inLanguage\":\"en-US\",\"@id\":\"https:\/\/www.visit-ulcinj.com\/blog\/2017\/04\/28\/kovotour-cesi-zele-da-kupe-ulcinjsku-rivijeru\/#primaryimage\",\"url\":\"http:\/\/www.visit-ulcinj.com\/blog\/wp-content\/uploads\/2017\/04\/Kovotour-plus-Jiri-Hajek-ulcinj.jpg\",\"contentUrl\":\"http:\/\/www.visit-ulcinj.com\/blog\/wp-content\/uploads\/2017\/04\/Kovotour-plus-Jiri-Hajek-ulcinj.jpg\"},{\"@type\":\"WebPage\",\"@id\":\"https:\/\/www.visit-ulcinj.com\/blog\/2017\/04\/28\/kovotour-cesi-zele-da-kupe-ulcinjsku-rivijeru\/#webpage\",\"url\":\"https:\/\/www.visit-ulcinj.com\/blog\/2017\/04\/28\/kovotour-cesi-zele-da-kupe-ulcinjsku-rivijeru\/\",\"name\":\"Kovotour: \u010cesi \u017eele da kupe Ulcinjsku rivijeru - Lajme nga Ulqini\",\"isPartOf\":{\"@id\":\"https:\/\/www.visit-ulcinj.com\/blog\/#website\"},\"primaryImageOfPage\":{\"@id\":\"https:\/\/www.visit-ulcinj.com\/blog\/2017\/04\/28\/kovotour-cesi-zele-da-kupe-ulcinjsku-rivijeru\/#primaryimage\"},\"datePublished\":\"2017-04-28T20:42:20+00:00\",\"dateModified\":\"2017-04-28T20:49:44+00:00\",\"author\":{\"@id\":\"https:\/\/www.visit-ulcinj.com\/blog\/#\/schema\/person\/dcab619c614d3038751c63bc2aadc06d\"},\"description\":\"Dan uo\u010di Skup\u0161tine akcionara Ulcinjske rivijere iz \u010ce\u0161ke je stiglo pismo o privatizacionim namjerama tur-operatora Kovotour plus koji 20 godina dovodi\",\"breadcrumb\":{\"@id\":\"https:\/\/www.visit-ulcinj.com\/blog\/2017\/04\/28\/kovotour-cesi-zele-da-kupe-ulcinjsku-rivijeru\/#breadcrumb\"},\"inLanguage\":\"en-US\",\"potentialAction\":[{\"@type\":\"ReadAction\",\"target\":[\"https:\/\/www.visit-ulcinj.com\/blog\/2017\/04\/28\/kovotour-cesi-zele-da-kupe-ulcinjsku-rivijeru\/\"]}]},{\"@type\":\"BreadcrumbList\",\"@id\":\"https:\/\/www.visit-ulcinj.com\/blog\/2017\/04\/28\/kovotour-cesi-zele-da-kupe-ulcinjsku-rivijeru\/#breadcrumb\",\"itemListElement\":[{\"@type\":\"ListItem\",\"position\":1,\"name\":\"Kovotour: \u010cesi \u017eele da kupe Ulcinjsku rivijeru\"}]},{\"@type\":\"Person\",\"@id\":\"https:\/\/www.visit-ulcinj.com\/blog\/#\/schema\/person\/dcab619c614d3038751c63bc2aadc06d\",\"name\":\"ulqini\",\"sameAs\":[\"http:\/\/www.visit-ulcinj.com\"],\"url\":\"https:\/\/www.visit-ulcinj.com\/blog\/author\/admin\/\"}]}<\/script>\n<!-- \/ Yoast SEO plugin. -->","yoast_head_json":{"title":"Kovotour: \u010cesi \u017eele da kupe Ulcinjsku rivijeru - Lajme nga Ulqini","description":"Dan uo\u010di Skup\u0161tine akcionara Ulcinjske rivijere iz \u010ce\u0161ke je stiglo pismo o privatizacionim namjerama tur-operatora Kovotour plus koji 20 godina dovodi","robots":{"index":"index","follow":"follow","max-snippet":"max-snippet:-1","max-image-preview":"max-image-preview:large","max-video-preview":"max-video-preview:-1"},"canonical":"https:\/\/www.visit-ulcinj.com\/blog\/2017\/04\/28\/kovotour-cesi-zele-da-kupe-ulcinjsku-rivijeru\/","og_locale":"en_US","og_type":"article","og_title":"Kovotour: \u010cesi \u017eele da kupe Ulcinjsku rivijeru - Lajme nga Ulqini","og_description":"Dan uo\u010di Skup\u0161tine akcionara Ulcinjske rivijere iz \u010ce\u0161ke je stiglo pismo o privatizacionim namjerama tur-operatora Kovotour plus koji 20 godina dovodi","og_url":"https:\/\/www.visit-ulcinj.com\/blog\/2017\/04\/28\/kovotour-cesi-zele-da-kupe-ulcinjsku-rivijeru\/","og_site_name":"Lajme nga Ulqini","article_published_time":"2017-04-28T20:42:20+00:00","article_modified_time":"2017-04-28T20:49:44+00:00","og_image":[{"url":"http:\/\/www.visit-ulcinj.com\/blog\/wp-content\/uploads\/2017\/04\/Kovotour-plus-Jiri-Hajek-ulcinj.jpg"}],"twitter_misc":{"Written by":"ulqini","Est. reading time":"2 minutes"},"schema":{"@context":"https:\/\/schema.org","@graph":[{"@type":"WebSite","@id":"https:\/\/www.visit-ulcinj.com\/blog\/#website","url":"https:\/\/www.visit-ulcinj.com\/blog\/","name":"Lajme nga Ulqini","description":"Lajme,Vijesti,Ulqini,Ulqin,Crna Gora,Mali i Zi","potentialAction":[{"@type":"SearchAction","target":{"@type":"EntryPoint","urlTemplate":"https:\/\/www.visit-ulcinj.com\/blog\/?s={search_term_string}"},"query-input":"required name=search_term_string"}],"inLanguage":"en-US"},{"@type":"ImageObject","inLanguage":"en-US","@id":"https:\/\/www.visit-ulcinj.com\/blog\/2017\/04\/28\/kovotour-cesi-zele-da-kupe-ulcinjsku-rivijeru\/#primaryimage","url":"http:\/\/www.visit-ulcinj.com\/blog\/wp-content\/uploads\/2017\/04\/Kovotour-plus-Jiri-Hajek-ulcinj.jpg","contentUrl":"http:\/\/www.visit-ulcinj.com\/blog\/wp-content\/uploads\/2017\/04\/Kovotour-plus-Jiri-Hajek-ulcinj.jpg"},{"@type":"WebPage","@id":"https:\/\/www.visit-ulcinj.com\/blog\/2017\/04\/28\/kovotour-cesi-zele-da-kupe-ulcinjsku-rivijeru\/#webpage","url":"https:\/\/www.visit-ulcinj.com\/blog\/2017\/04\/28\/kovotour-cesi-zele-da-kupe-ulcinjsku-rivijeru\/","name":"Kovotour: \u010cesi \u017eele da kupe Ulcinjsku rivijeru - Lajme nga Ulqini","isPartOf":{"@id":"https:\/\/www.visit-ulcinj.com\/blog\/#website"},"primaryImageOfPage":{"@id":"https:\/\/www.visit-ulcinj.com\/blog\/2017\/04\/28\/kovotour-cesi-zele-da-kupe-ulcinjsku-rivijeru\/#primaryimage"},"datePublished":"2017-04-28T20:42:20+00:00","dateModified":"2017-04-28T20:49:44+00:00","author":{"@id":"https:\/\/www.visit-ulcinj.com\/blog\/#\/schema\/person\/dcab619c614d3038751c63bc2aadc06d"},"description":"Dan uo\u010di Skup\u0161tine akcionara Ulcinjske rivijere iz \u010ce\u0161ke je stiglo pismo o privatizacionim namjerama tur-operatora Kovotour plus koji 20 godina dovodi","breadcrumb":{"@id":"https:\/\/www.visit-ulcinj.com\/blog\/2017\/04\/28\/kovotour-cesi-zele-da-kupe-ulcinjsku-rivijeru\/#breadcrumb"},"inLanguage":"en-US","potentialAction":[{"@type":"ReadAction","target":["https:\/\/www.visit-ulcinj.com\/blog\/2017\/04\/28\/kovotour-cesi-zele-da-kupe-ulcinjsku-rivijeru\/"]}]},{"@type":"BreadcrumbList","@id":"https:\/\/www.visit-ulcinj.com\/blog\/2017\/04\/28\/kovotour-cesi-zele-da-kupe-ulcinjsku-rivijeru\/#breadcrumb","itemListElement":[{"@type":"ListItem","position":1,"name":"Kovotour: \u010cesi \u017eele da kupe Ulcinjsku rivijeru"}]},{"@type":"Person","@id":"https:\/\/www.visit-ulcinj.com\/blog\/#\/schema\/person\/dcab619c614d3038751c63bc2aadc06d","name":"ulqini","sameAs":["http:\/\/www.visit-ulcinj.com"],"url":"https:\/\/www.visit-ulcinj.com\/blog\/author\/admin\/"}]}},"jetpack_featured_media_url":"","jetpack_sharing_enabled":true,"jetpack_shortlink":"https:\/\/wp.me\/pe6lTn-reK","_links":{"self":[{"href":"https:\/\/www.visit-ulcinj.com\/blog\/wp-json\/wp\/v2\/posts\/104702"}],"collection":[{"href":"https:\/\/www.visit-ulcinj.com\/blog\/wp-json\/wp\/v2\/posts"}],"about":[{"href":"https:\/\/www.visit-ulcinj.com\/blog\/wp-json\/wp\/v2\/types\/post"}],"author":[{"embeddable":true,"href":"https:\/\/www.visit-ulcinj.com\/blog\/wp-json\/wp\/v2\/users\/1"}],"replies":[{"embeddable":true,"href":"https:\/\/www.visit-ulcinj.com\/blog\/wp-json\/wp\/v2\/comments?post=104702"}],"version-history":[{"count":3,"href":"https:\/\/www.visit-ulcinj.com\/blog\/wp-json\/wp\/v2\/posts\/104702\/revisions"}],"predecessor-version":[{"id":104707,"href":"https:\/\/www.visit-ulcinj.com\/blog\/wp-json\/wp\/v2\/posts\/104702\/revisions\/104707"}],"wp:attachment":[{"href":"https:\/\/www.visit-ulcinj.com\/blog\/wp-json\/wp\/v2\/media?parent=104702"}],"wp:term":[{"taxonomy":"category","embeddable":true,"href":"https:\/\/www.visit-ulcinj.com\/blog\/wp-json\/wp\/v2\/categories?post=104702"},{"taxonomy":"post_tag","embeddable":true,"href":"https:\/\/www.visit-ulcinj.com\/blog\/wp-json\/wp\/v2\/tags?post=104702"}],"curies":[{"name":"wp","href":"https:\/\/api.w.org\/{rel}","templated":true}]}}