{"id":104710,"date":"2017-04-28T22:56:57","date_gmt":"2017-04-28T21:56:57","guid":{"rendered":"http:\/\/www.visit-ulcinj.com\/blog\/?p=104710"},"modified":"2017-04-29T20:03:20","modified_gmt":"2017-04-29T19:03:20","slug":"krejt-kosova-ne-ulqin-per-festen-e-1-majit","status":"publish","type":"post","link":"https:\/\/www.visit-ulcinj.com\/blog\/2017\/04\/28\/krejt-kosova-ne-ulqin-per-festen-e-1-majit\/","title":{"rendered":"Krejt Kosova n\u00eb Ulqin, p\u00ebr fest\u00ebn e 1 Majit"},"content":{"rendered":"<p><strong><a href=\"http:\/\/www.visit-ulcinj.com\/blog\/wp-content\/uploads\/2017\/04\/Krejt-Kosova-n\u00eb-Ulqin-p\u00ebr-fest\u00ebn-e-1-Majit.jpg\"><img loading=\"lazy\" class=\"alignleft wp-image-104711\" src=\"http:\/\/www.visit-ulcinj.com\/blog\/wp-content\/uploads\/2017\/04\/Krejt-Kosova-n\u00eb-Ulqin-p\u00ebr-fest\u00ebn-e-1-Majit.jpg\" alt=\"\" width=\"508\" height=\"285\" srcset=\"https:\/\/www.visit-ulcinj.com\/blog\/wp-content\/uploads\/2017\/04\/Krejt-Kosova-n\u00eb-Ulqin-p\u00ebr-fest\u00ebn-e-1-Majit.jpg 960w, https:\/\/www.visit-ulcinj.com\/blog\/wp-content\/uploads\/2017\/04\/Krejt-Kosova-n\u00eb-Ulqin-p\u00ebr-fest\u00ebn-e-1-Majit-300x168.jpg 300w, https:\/\/www.visit-ulcinj.com\/blog\/wp-content\/uploads\/2017\/04\/Krejt-Kosova-n\u00eb-Ulqin-p\u00ebr-fest\u00ebn-e-1-Majit-768x431.jpg 768w\" sizes=\"(max-width: 508px) 100vw, 508px\" \/><\/a>Tashm\u00eb \u00ebsht\u00eb b\u00ebr\u00eb tradit\u00eb q\u00eb kosovar\u00ebt p\u00ebr fest\u00ebn e 1 Majit, t\u00eb b\u00ebjn\u00eb pushim t\u00eb shkurt\u00ebr n\u00eb ndonj\u00ebrin nga vendet fqinje, kryesisht n\u00eb Shqip\u00ebri ose Mal t\u00eb Zi.<\/strong><\/p>\n<p>Ulqini \u00ebsht\u00eb nj\u00eb nga destinacionet, sidomos p\u00ebr prishtinasit. Atje p\u00ebr fest\u00ebn e 1 Majit, tash e disa vite b\u00ebjn\u00eb organizime edhe kafiteri t\u00eb njohura nga Prishtina, sikurse \u00ebsht\u00eb Bamboo, shkruan gazetametro.net.<\/p>\n<p>Nd\u00ebras, ky 1 Maj, duket t\u00eb jet\u00eb lidhur shum\u00eb mir\u00eb edhe me fundjav\u00ebn. T\u00eb gjith\u00eb ata q\u00eb sot jan\u00eb nisur p\u00ebr pushim, mund t\u2019i shfryt\u00ebzojn\u00eb kat\u00ebr dit\u00eb, ngase edhe t\u00eb h\u00ebn\u00ebn \u00ebsht\u00eb pushim p\u00ebr t\u00eb gjith\u00eb sektorin publik. \/<strong>gazetametro.net<\/strong><\/p>\n<p><a href=\"http:\/\/www.visit-ulcinj.com\/blog\/wp-content\/uploads\/2017\/04\/MayFest2017-Bamboo-Beach-Ulqin.jpg\"><img loading=\"lazy\" class=\"alignleft wp-image-104762\" src=\"http:\/\/www.visit-ulcinj.com\/blog\/wp-content\/uploads\/2017\/04\/MayFest2017-Bamboo-Beach-Ulqin.jpg\" alt=\"\" width=\"508\" height=\"246\" \/><\/a><\/p>\n","protected":false},"excerpt":{"rendered":"<p>Tashm\u00eb \u00ebsht\u00eb b\u00ebr\u00eb tradit\u00eb q\u00eb kosovar\u00ebt p\u00ebr fest\u00ebn e 1 Majit, t\u00eb b\u00ebjn\u00eb pushim t\u00eb shkurt\u00ebr n\u00eb ndonj\u00ebrin nga vendet fqinje, kryesisht n\u00eb Shqip\u00ebri ose Mal t\u00eb Zi. Ulqini \u00ebsht\u00eb nj\u00eb nga destinacionet, sidomos p\u00ebr prishtinasit. Atje p\u00ebr fest\u00ebn e 1 Majit, tash e disa vite b\u00ebjn\u00eb organizime edhe kafiteri t\u00eb njohura nga Prishtina, sikurse [&hellip;]<\/p>\n","protected":false},"author":1,"featured_media":0,"comment_status":"closed","ping_status":"closed","sticky":false,"template":"","format":"standard","meta":{"spay_email":"","jetpack_publicize_message":"","jetpack_is_tweetstorm":false,"jetpack_publicize_feature_enabled":true},"categories":[1],"tags":[],"jetpack_publicize_connections":[],"yoast_head":"<!-- This site is optimized with the Yoast SEO plugin v19.1 - https:\/\/yoast.com\/wordpress\/plugins\/seo\/ -->\n<title>Krejt Kosova n\u00eb Ulqin, p\u00ebr fest\u00ebn e 1 Majit - Lajme nga Ulqini<\/title>\n<meta name=\"description\" content=\"Tashm\u00eb \u00ebsht\u00eb b\u00ebr\u00eb tradit\u00eb q\u00eb kosovar\u00ebt p\u00ebr fest\u00ebn e 1 Majit, t\u00eb b\u00ebjn\u00eb pushim t\u00eb shkurt\u00ebr n\u00eb ndonj\u00ebrin nga vendet fqinje, kryesisht n\u00eb Shqip\u00ebri ose Mal t\u00eb\" \/>\n<meta name=\"robots\" content=\"index, follow, max-snippet:-1, max-image-preview:large, max-video-preview:-1\" \/>\n<link rel=\"canonical\" href=\"https:\/\/www.visit-ulcinj.com\/blog\/2017\/04\/28\/krejt-kosova-ne-ulqin-per-festen-e-1-majit\/\" \/>\n<meta property=\"og:locale\" content=\"en_US\" \/>\n<meta property=\"og:type\" content=\"article\" \/>\n<meta property=\"og:title\" content=\"Krejt Kosova n\u00eb Ulqin, p\u00ebr fest\u00ebn e 1 Majit - Lajme nga Ulqini\" \/>\n<meta property=\"og:description\" content=\"Tashm\u00eb \u00ebsht\u00eb b\u00ebr\u00eb tradit\u00eb q\u00eb kosovar\u00ebt p\u00ebr fest\u00ebn e 1 Majit, t\u00eb b\u00ebjn\u00eb pushim t\u00eb shkurt\u00ebr n\u00eb ndonj\u00ebrin nga vendet fqinje, kryesisht n\u00eb Shqip\u00ebri ose Mal t\u00eb\" \/>\n<meta property=\"og:url\" content=\"https:\/\/www.visit-ulcinj.com\/blog\/2017\/04\/28\/krejt-kosova-ne-ulqin-per-festen-e-1-majit\/\" \/>\n<meta property=\"og:site_name\" content=\"Lajme nga Ulqini\" \/>\n<meta property=\"article:published_time\" content=\"2017-04-28T21:56:57+00:00\" \/>\n<meta property=\"article:modified_time\" content=\"2017-04-29T19:03:20+00:00\" \/>\n<meta property=\"og:image\" content=\"http:\/\/www.visit-ulcinj.com\/blog\/wp-content\/uploads\/2017\/04\/MayFest2017-Bamboo-Beach-Ulqin.jpg\" \/>\n<meta name=\"twitter:label1\" content=\"Written by\" \/>\n\t<meta name=\"twitter:data1\" content=\"ulqini\" \/>\n\t<meta name=\"twitter:label2\" content=\"Est. reading time\" \/>\n\t<meta name=\"twitter:data2\" content=\"1 minute\" \/>\n<script type=\"application\/ld+json\" class=\"yoast-schema-graph\">{\"@context\":\"https:\/\/schema.org\",\"@graph\":[{\"@type\":\"WebSite\",\"@id\":\"https:\/\/www.visit-ulcinj.com\/blog\/#website\",\"url\":\"https:\/\/www.visit-ulcinj.com\/blog\/\",\"name\":\"Lajme nga Ulqini\",\"description\":\"Lajme,Vijesti,Ulqini,Ulqin,Crna Gora,Mali i Zi\",\"potentialAction\":[{\"@type\":\"SearchAction\",\"target\":{\"@type\":\"EntryPoint\",\"urlTemplate\":\"https:\/\/www.visit-ulcinj.com\/blog\/?s={search_term_string}\"},\"query-input\":\"required name=search_term_string\"}],\"inLanguage\":\"en-US\"},{\"@type\":\"ImageObject\",\"inLanguage\":\"en-US\",\"@id\":\"https:\/\/www.visit-ulcinj.com\/blog\/2017\/04\/28\/krejt-kosova-ne-ulqin-per-festen-e-1-majit\/#primaryimage\",\"url\":\"http:\/\/www.visit-ulcinj.com\/blog\/wp-content\/uploads\/2017\/04\/MayFest2017-Bamboo-Beach-Ulqin.jpg\",\"contentUrl\":\"http:\/\/www.visit-ulcinj.com\/blog\/wp-content\/uploads\/2017\/04\/MayFest2017-Bamboo-Beach-Ulqin.jpg\"},{\"@type\":\"WebPage\",\"@id\":\"https:\/\/www.visit-ulcinj.com\/blog\/2017\/04\/28\/krejt-kosova-ne-ulqin-per-festen-e-1-majit\/#webpage\",\"url\":\"https:\/\/www.visit-ulcinj.com\/blog\/2017\/04\/28\/krejt-kosova-ne-ulqin-per-festen-e-1-majit\/\",\"name\":\"Krejt Kosova n\u00eb Ulqin, p\u00ebr fest\u00ebn e 1 Majit - Lajme nga Ulqini\",\"isPartOf\":{\"@id\":\"https:\/\/www.visit-ulcinj.com\/blog\/#website\"},\"primaryImageOfPage\":{\"@id\":\"https:\/\/www.visit-ulcinj.com\/blog\/2017\/04\/28\/krejt-kosova-ne-ulqin-per-festen-e-1-majit\/#primaryimage\"},\"datePublished\":\"2017-04-28T21:56:57+00:00\",\"dateModified\":\"2017-04-29T19:03:20+00:00\",\"author\":{\"@id\":\"https:\/\/www.visit-ulcinj.com\/blog\/#\/schema\/person\/dcab619c614d3038751c63bc2aadc06d\"},\"description\":\"Tashm\u00eb \u00ebsht\u00eb b\u00ebr\u00eb tradit\u00eb q\u00eb kosovar\u00ebt p\u00ebr fest\u00ebn e 1 Majit, t\u00eb b\u00ebjn\u00eb pushim t\u00eb shkurt\u00ebr n\u00eb ndonj\u00ebrin nga vendet fqinje, kryesisht n\u00eb Shqip\u00ebri ose Mal t\u00eb\",\"breadcrumb\":{\"@id\":\"https:\/\/www.visit-ulcinj.com\/blog\/2017\/04\/28\/krejt-kosova-ne-ulqin-per-festen-e-1-majit\/#breadcrumb\"},\"inLanguage\":\"en-US\",\"potentialAction\":[{\"@type\":\"ReadAction\",\"target\":[\"https:\/\/www.visit-ulcinj.com\/blog\/2017\/04\/28\/krejt-kosova-ne-ulqin-per-festen-e-1-majit\/\"]}]},{\"@type\":\"BreadcrumbList\",\"@id\":\"https:\/\/www.visit-ulcinj.com\/blog\/2017\/04\/28\/krejt-kosova-ne-ulqin-per-festen-e-1-majit\/#breadcrumb\",\"itemListElement\":[{\"@type\":\"ListItem\",\"position\":1,\"name\":\"Krejt Kosova n\u00eb Ulqin, p\u00ebr fest\u00ebn e 1 Majit\"}]},{\"@type\":\"Person\",\"@id\":\"https:\/\/www.visit-ulcinj.com\/blog\/#\/schema\/person\/dcab619c614d3038751c63bc2aadc06d\",\"name\":\"ulqini\",\"sameAs\":[\"http:\/\/www.visit-ulcinj.com\"],\"url\":\"https:\/\/www.visit-ulcinj.com\/blog\/author\/admin\/\"}]}<\/script>\n<!-- \/ Yoast SEO plugin. -->","yoast_head_json":{"title":"Krejt Kosova n\u00eb Ulqin, p\u00ebr fest\u00ebn e 1 Majit - Lajme nga Ulqini","description":"Tashm\u00eb \u00ebsht\u00eb b\u00ebr\u00eb tradit\u00eb q\u00eb kosovar\u00ebt p\u00ebr fest\u00ebn e 1 Majit, t\u00eb b\u00ebjn\u00eb pushim t\u00eb shkurt\u00ebr n\u00eb ndonj\u00ebrin nga vendet fqinje, kryesisht n\u00eb Shqip\u00ebri ose Mal t\u00eb","robots":{"index":"index","follow":"follow","max-snippet":"max-snippet:-1","max-image-preview":"max-image-preview:large","max-video-preview":"max-video-preview:-1"},"canonical":"https:\/\/www.visit-ulcinj.com\/blog\/2017\/04\/28\/krejt-kosova-ne-ulqin-per-festen-e-1-majit\/","og_locale":"en_US","og_type":"article","og_title":"Krejt Kosova n\u00eb Ulqin, p\u00ebr fest\u00ebn e 1 Majit - Lajme nga Ulqini","og_description":"Tashm\u00eb \u00ebsht\u00eb b\u00ebr\u00eb tradit\u00eb q\u00eb kosovar\u00ebt p\u00ebr fest\u00ebn e 1 Majit, t\u00eb b\u00ebjn\u00eb pushim t\u00eb shkurt\u00ebr n\u00eb ndonj\u00ebrin nga vendet fqinje, kryesisht n\u00eb Shqip\u00ebri ose Mal t\u00eb","og_url":"https:\/\/www.visit-ulcinj.com\/blog\/2017\/04\/28\/krejt-kosova-ne-ulqin-per-festen-e-1-majit\/","og_site_name":"Lajme nga Ulqini","article_published_time":"2017-04-28T21:56:57+00:00","article_modified_time":"2017-04-29T19:03:20+00:00","og_image":[{"url":"http:\/\/www.visit-ulcinj.com\/blog\/wp-content\/uploads\/2017\/04\/MayFest2017-Bamboo-Beach-Ulqin.jpg"}],"twitter_misc":{"Written by":"ulqini","Est. reading time":"1 minute"},"schema":{"@context":"https:\/\/schema.org","@graph":[{"@type":"WebSite","@id":"https:\/\/www.visit-ulcinj.com\/blog\/#website","url":"https:\/\/www.visit-ulcinj.com\/blog\/","name":"Lajme nga Ulqini","description":"Lajme,Vijesti,Ulqini,Ulqin,Crna Gora,Mali i Zi","potentialAction":[{"@type":"SearchAction","target":{"@type":"EntryPoint","urlTemplate":"https:\/\/www.visit-ulcinj.com\/blog\/?s={search_term_string}"},"query-input":"required name=search_term_string"}],"inLanguage":"en-US"},{"@type":"ImageObject","inLanguage":"en-US","@id":"https:\/\/www.visit-ulcinj.com\/blog\/2017\/04\/28\/krejt-kosova-ne-ulqin-per-festen-e-1-majit\/#primaryimage","url":"http:\/\/www.visit-ulcinj.com\/blog\/wp-content\/uploads\/2017\/04\/MayFest2017-Bamboo-Beach-Ulqin.jpg","contentUrl":"http:\/\/www.visit-ulcinj.com\/blog\/wp-content\/uploads\/2017\/04\/MayFest2017-Bamboo-Beach-Ulqin.jpg"},{"@type":"WebPage","@id":"https:\/\/www.visit-ulcinj.com\/blog\/2017\/04\/28\/krejt-kosova-ne-ulqin-per-festen-e-1-majit\/#webpage","url":"https:\/\/www.visit-ulcinj.com\/blog\/2017\/04\/28\/krejt-kosova-ne-ulqin-per-festen-e-1-majit\/","name":"Krejt Kosova n\u00eb Ulqin, p\u00ebr fest\u00ebn e 1 Majit - Lajme nga Ulqini","isPartOf":{"@id":"https:\/\/www.visit-ulcinj.com\/blog\/#website"},"primaryImageOfPage":{"@id":"https:\/\/www.visit-ulcinj.com\/blog\/2017\/04\/28\/krejt-kosova-ne-ulqin-per-festen-e-1-majit\/#primaryimage"},"datePublished":"2017-04-28T21:56:57+00:00","dateModified":"2017-04-29T19:03:20+00:00","author":{"@id":"https:\/\/www.visit-ulcinj.com\/blog\/#\/schema\/person\/dcab619c614d3038751c63bc2aadc06d"},"description":"Tashm\u00eb \u00ebsht\u00eb b\u00ebr\u00eb tradit\u00eb q\u00eb kosovar\u00ebt p\u00ebr fest\u00ebn e 1 Majit, t\u00eb b\u00ebjn\u00eb pushim t\u00eb shkurt\u00ebr n\u00eb ndonj\u00ebrin nga vendet fqinje, kryesisht n\u00eb Shqip\u00ebri ose Mal t\u00eb","breadcrumb":{"@id":"https:\/\/www.visit-ulcinj.com\/blog\/2017\/04\/28\/krejt-kosova-ne-ulqin-per-festen-e-1-majit\/#breadcrumb"},"inLanguage":"en-US","potentialAction":[{"@type":"ReadAction","target":["https:\/\/www.visit-ulcinj.com\/blog\/2017\/04\/28\/krejt-kosova-ne-ulqin-per-festen-e-1-majit\/"]}]},{"@type":"BreadcrumbList","@id":"https:\/\/www.visit-ulcinj.com\/blog\/2017\/04\/28\/krejt-kosova-ne-ulqin-per-festen-e-1-majit\/#breadcrumb","itemListElement":[{"@type":"ListItem","position":1,"name":"Krejt Kosova n\u00eb Ulqin, p\u00ebr fest\u00ebn e 1 Majit"}]},{"@type":"Person","@id":"https:\/\/www.visit-ulcinj.com\/blog\/#\/schema\/person\/dcab619c614d3038751c63bc2aadc06d","name":"ulqini","sameAs":["http:\/\/www.visit-ulcinj.com"],"url":"https:\/\/www.visit-ulcinj.com\/blog\/author\/admin\/"}]}},"jetpack_featured_media_url":"","jetpack_sharing_enabled":true,"jetpack_shortlink":"https:\/\/wp.me\/pe6lTn-reS","_links":{"self":[{"href":"https:\/\/www.visit-ulcinj.com\/blog\/wp-json\/wp\/v2\/posts\/104710"}],"collection":[{"href":"https:\/\/www.visit-ulcinj.com\/blog\/wp-json\/wp\/v2\/posts"}],"about":[{"href":"https:\/\/www.visit-ulcinj.com\/blog\/wp-json\/wp\/v2\/types\/post"}],"author":[{"embeddable":true,"href":"https:\/\/www.visit-ulcinj.com\/blog\/wp-json\/wp\/v2\/users\/1"}],"replies":[{"embeddable":true,"href":"https:\/\/www.visit-ulcinj.com\/blog\/wp-json\/wp\/v2\/comments?post=104710"}],"version-history":[{"count":2,"href":"https:\/\/www.visit-ulcinj.com\/blog\/wp-json\/wp\/v2\/posts\/104710\/revisions"}],"predecessor-version":[{"id":104763,"href":"https:\/\/www.visit-ulcinj.com\/blog\/wp-json\/wp\/v2\/posts\/104710\/revisions\/104763"}],"wp:attachment":[{"href":"https:\/\/www.visit-ulcinj.com\/blog\/wp-json\/wp\/v2\/media?parent=104710"}],"wp:term":[{"taxonomy":"category","embeddable":true,"href":"https:\/\/www.visit-ulcinj.com\/blog\/wp-json\/wp\/v2\/categories?post=104710"},{"taxonomy":"post_tag","embeddable":true,"href":"https:\/\/www.visit-ulcinj.com\/blog\/wp-json\/wp\/v2\/tags?post=104710"}],"curies":[{"name":"wp","href":"https:\/\/api.w.org\/{rel}","templated":true}]}}