{"id":104717,"date":"2017-04-29T13:05:27","date_gmt":"2017-04-29T12:05:27","guid":{"rendered":"http:\/\/www.visit-ulcinj.com\/blog\/?p=104717"},"modified":"2017-04-29T13:10:34","modified_gmt":"2017-04-29T12:10:34","slug":"ulqini-qyteti-unik-qe-nuk-ka-porton-e-vete","status":"publish","type":"post","link":"https:\/\/www.visit-ulcinj.com\/blog\/2017\/04\/29\/ulqini-qyteti-unik-qe-nuk-ka-porton-e-vete\/","title":{"rendered":"Ulqini qyteti unik q\u00eb nuk ka Porton e vet\u00eb"},"content":{"rendered":"<div><a href=\"http:\/\/www.visit-ulcinj.com\/blog\/wp-content\/uploads\/2017\/04\/Ulqini-qyteti-unik-q\u00eb-nuk-ka-Porton-e-vet\u00eb-Ancona-Italy.jpg\"><img loading=\"lazy\" class=\"alignleft wp-image-104721\" src=\"http:\/\/www.visit-ulcinj.com\/blog\/wp-content\/uploads\/2017\/04\/Ulqini-qyteti-unik-q\u00eb-nuk-ka-Porton-e-vet\u00eb-Ancona-Italy.jpg\" alt=\"\" width=\"508\" height=\"225\" srcset=\"https:\/\/www.visit-ulcinj.com\/blog\/wp-content\/uploads\/2017\/04\/Ulqini-qyteti-unik-q\u00eb-nuk-ka-Porton-e-vet\u00eb-Ancona-Italy.jpg 866w, https:\/\/www.visit-ulcinj.com\/blog\/wp-content\/uploads\/2017\/04\/Ulqini-qyteti-unik-q\u00eb-nuk-ka-Porton-e-vet\u00eb-Ancona-Italy-300x133.jpg 300w, https:\/\/www.visit-ulcinj.com\/blog\/wp-content\/uploads\/2017\/04\/Ulqini-qyteti-unik-q\u00eb-nuk-ka-Porton-e-vet\u00eb-Ancona-Italy-768x341.jpg 768w\" sizes=\"(max-width: 508px) 100vw, 508px\" \/><\/a>Ulqini ka pozicion t\u00eb favorsh\u00ebm bregdetar duke e b\u00ebr\u00eb vendin ton\u00eb, p\u00ebr shekuj me radh\u00eb nj\u00eb pik\u00ebsynim t\u00eb shteteve t\u00eb huaja, t\u00eb cilat nga q\u00ebllimi p\u00ebr t\u00eb pasur nj\u00eb pozicion ky\u00e7 n\u00eb Ballkan, p\u00ebrdor\u00ebn t\u00eb gjitha mjetet p\u00ebr ta zot\u00ebruar Detin Adriatik, si dete q\u00eb luajn\u00eb nj\u00eb rol t\u00eb r\u00ebnd\u00ebsish\u00ebm tregtar p\u00ebr lidhjen e Lindjes me Per\u00ebndimin.<\/div>\n<div>N\u00eb k\u00ebt\u00eb luft\u00eb p\u00ebr ekzistenc\u00eb, p\u00ebr mbrojtjen e bregdetit, p\u00ebr t\u00eb zhvilluar tregtin\u00eb, p\u00ebr t\u00eb jetuar, lindi dhe u zhvillua detaria e popullit ton\u00eb, gjithnj\u00eb mes luftrave nga brenda dhe jasht\u00eb, pa patur qet\u00ebsi, duke mos u rritur asnj\u00ebher\u00eb si qytet\u00eb me Portin Detar q\u00eb Ulqinit i takon.<\/div>\n<div><a href=\"http:\/\/www.visit-ulcinj.com\/blog\/wp-content\/uploads\/2017\/04\/Ankona.jpg\"><img loading=\"lazy\" class=\"alignleft wp-image-104718\" src=\"http:\/\/www.visit-ulcinj.com\/blog\/wp-content\/uploads\/2017\/04\/Ankona.jpg\" alt=\"\" width=\"508\" height=\"339\" \/><\/a><\/div>\n<div><\/div>\n<div><\/div>\n<div><strong>Duke u bazuar n\u00eb analizat e Naim Flamurit, ai b\u00ebn diferenc\u00ebn dhe ngjashm\u00ebrin e qytetit t\u00eb Ankon\u00ebs n\u00eb Itali dhe Ulqinit n\u00eb Mal t\u00eb Zi ku thuhet:<\/strong><\/div>\n<div>&#8220;te dy keto vende jane buzz adriatikut, njera ball tokes italis\u00eb, ma i vogel sesa Ulqini ka portin detar ku vijn e shkojn AnijeT e m&#8217;dhaja&#8230;kurse ky ball tokes JONNN ku flassin Shqyp as Barkat e vogel skan Liman!??? si shpjegohet kjo&#8230;<br \/>\nQE SI ESHTE E MUNDUR QE PORTI LIMANI TE MOLJA MADHE MU TE MURET E KALAS ULQINIT, E NDERTUEM MU PER KETE QELLIM ME GJITHA PARAMETRAT NDERKOMTARE, KU KANN ANKORU ANIJET E MEDHA DERI TEK VITET E 70 HUMBI LINJET DETARE&#8230;E ULQINI ME HUMBJEN E LINJEVE DETARE&#8230;ZHDUKET NGA FAQA E PORTEVE&#8230;, SHUHET, VENITET, ZHDERGJET, ZVENITET NE HUMBJEN E HORIZONTEVE PER BREZAT E METEJM. PA PORT DETIT ULQINI NUK ESHTE ULQIN&#8221;<strong> thuhet n\u00eb faqen e Facebookut <a id=\"js_1t1\" class=\"_hli\" href=\"https:\/\/www.facebook.com\/nflamuri\" data-hovercard=\"\/ajax\/hovercard\/user.php?id=100000192240691\" data-hovercard-prefer-more-content-show=\"1\">Naim Flamuri.<\/a><\/strong><\/div>\n<div><\/div>\n<div><a href=\"http:\/\/www.visit-ulcinj.com\/blog\/wp-content\/uploads\/2017\/04\/ulqini-1.jpg\"><img loading=\"lazy\" class=\"alignleft wp-image-104719\" src=\"http:\/\/www.visit-ulcinj.com\/blog\/wp-content\/uploads\/2017\/04\/ulqini-1.jpg\" alt=\"\" width=\"508\" height=\"327\" srcset=\"https:\/\/www.visit-ulcinj.com\/blog\/wp-content\/uploads\/2017\/04\/ulqini-1.jpg 575w, https:\/\/www.visit-ulcinj.com\/blog\/wp-content\/uploads\/2017\/04\/ulqini-1-300x193.jpg 300w\" sizes=\"(max-width: 508px) 100vw, 508px\" \/><\/a><\/div>\n<p>&nbsp;<\/p>\n<p>Ky qytet \u00ebsht\u00eb nga m\u00eb t\u00eb bukurit e unik\u00ebt dhe p\u00ebr k\u00ebt\u00eb arsye \u00ebsht\u00eb quajtur me emrin &#8220;Ulqini Florini&#8221;.<\/p>\n<p>N\u00eb fakt m\u00eb shum\u00eb se 520 mij\u00eb turist\u00eb nga 174 vende kan\u00eb vizituar vitin e kaluar k\u00ebt\u00eb qytet dhe k\u00ebt\u00eb vit pritet nj\u00eb rritje m\u00eb e madhe. .<\/p>\n<p>Nuk duhet t\u00eb l\u00ebm\u00eb pa p\u00ebrmendur edhe plazhet e bukura t\u00eb Ulqinit, t\u00eb cil\u00ebt konsiderohen si m\u00eb t\u00eb ve\u00e7ant\u00ebt e Malit t\u00eb Zi.<\/p>\n<p><a href=\"http:\/\/www.visit-ulcinj.com\/blog\/wp-content\/uploads\/2017\/04\/Ulqini-qytet-detar-mesjetar.jpg\"><img loading=\"lazy\" class=\"alignleft wp-image-104720\" src=\"http:\/\/www.visit-ulcinj.com\/blog\/wp-content\/uploads\/2017\/04\/Ulqini-qytet-detar-mesjetar.jpg\" alt=\"\" width=\"508\" height=\"639\" srcset=\"https:\/\/www.visit-ulcinj.com\/blog\/wp-content\/uploads\/2017\/04\/Ulqini-qytet-detar-mesjetar.jpg 392w, https:\/\/www.visit-ulcinj.com\/blog\/wp-content\/uploads\/2017\/04\/Ulqini-qytet-detar-mesjetar-239x300.jpg 239w\" sizes=\"(max-width: 508px) 100vw, 508px\" \/><\/a><\/p>\n<p>Mirpo kjo nuk mjafton. Ulqinit i duhet nj\u00eb Porto q\u00eb e pati n\u00eb koh\u00ebn mesjetare ku kalor\u00ebsi gjerman Arnold fon Harf, n\u00eb vitin 1496, duke kaluar n\u00ebp\u00ebr t\u00eb gjith\u00eb bregdetin shqiptar nga <span class=\"highlight selected\">Ulqini<\/span> n\u00eb Durr\u00ebs dhe n\u00eb ishullin e Sazanit e p\u00ebrshkruan Ulqinin shum\u00eb af\u00ebr nj\u00ebri tjetrit me nj\u00eb Porto q\u00eb u prit q\u00eb n\u00eb at\u00eb koh\u00eb t\u00eb behet realitet.<\/p>\n<div><strong>Pelegrin gjerman Arnold fon Harf gjat\u00eb udh\u00ebtimit t\u00eb tij n\u00eb Shqip\u00ebri, n\u00eb vitin 1496 shkruan:<\/strong><\/div>\n<p>\u201cNga Ulqini n\u00eb Durr\u00ebs udh\u00ebtuam n\u00eb nj\u00eb det t\u00eb keq rreth 70 milje&#8230;n\u00eb breg t\u00eb detit kan\u00eb ndaluar 15 anije me vela, nd\u00ebrsa n\u00eb breg sheh disa anije t\u00eb vjetra, t\u00eb mbytura disa vite m\u00eb par\u00eb.<br \/>\nN\u00eb k\u00ebt\u00eb periudh\u00eb flota detare e popullit ton\u00eb u nda n\u00eb dy pjes\u00eb:<br \/>\nPjesa m\u00eb e madhe n\u00eb Kotorr e Budv\u00eb n\u00eb veri dhe Parg\u00eb e ishuj n\u00eb jug, n\u00ebn flamurin Venecian, pjesa m\u00eb e vog\u00ebl, n\u00eb Ulqin n\u00eb veri dhe n\u00eb jug, n\u00eb Himar\u00eb, n\u00ebn flamurin turk.<\/p>\n<p>Petro Roza, konsulli Venecian, q\u00eb ndiqte \u00e7do hap t\u00eb flot\u00ebs vendase, ia referon senatit gjendjen n\u00eb k\u00ebt\u00eb m\u00ebnyr\u00eb: \u201c Ulqinak\u00ebt jan\u00eb gjithmon\u00eb p\u00ebr t\u2019u pasur frik\u00eb, por do t\u00eb jen\u00eb m\u00eb t\u00eb rreziksh\u00ebm n\u00ebse nuk merren masa t\u00eb forta kund\u00ebr tyre. Duhet zhdukur nj\u00ebher\u00eb e mir\u00eb kjo \u201cInfame nido di ladroni\u201d, (\u00e7erdhe e posht\u00ebr hajdut\u00ebsh).<\/p>\n<div><strong>Po ky konsull n\u00eb letr\u00ebn e tij t\u00eb dat\u00ebs 30.06.1707, njoftonte Republik\u00ebn se Flota Ulqinake dhe ajo Durrsake numuronin 250 anije t\u00eb m\u00ebdha e t\u00eb vogla&#8230;.Por kjo \u00ebsht\u00eb histori tjet\u00ebr<br \/>\n<\/strong><\/div>\n<p>&nbsp;<\/p>\n","protected":false},"excerpt":{"rendered":"<p>Ulqini ka pozicion t\u00eb favorsh\u00ebm bregdetar duke e b\u00ebr\u00eb vendin ton\u00eb, p\u00ebr shekuj me radh\u00eb nj\u00eb pik\u00ebsynim t\u00eb shteteve t\u00eb huaja, t\u00eb cilat nga q\u00ebllimi p\u00ebr t\u00eb pasur nj\u00eb pozicion ky\u00e7 n\u00eb Ballkan, p\u00ebrdor\u00ebn t\u00eb gjitha mjetet p\u00ebr ta zot\u00ebruar Detin Adriatik, si dete q\u00eb luajn\u00eb nj\u00eb rol t\u00eb r\u00ebnd\u00ebsish\u00ebm tregtar p\u00ebr lidhjen e Lindjes [&hellip;]<\/p>\n","protected":false},"author":1,"featured_media":0,"comment_status":"closed","ping_status":"closed","sticky":false,"template":"","format":"standard","meta":{"spay_email":"","jetpack_publicize_message":"","jetpack_is_tweetstorm":false,"jetpack_publicize_feature_enabled":true},"categories":[13],"tags":[],"jetpack_publicize_connections":[],"yoast_head":"<!-- This site is optimized with the Yoast SEO plugin v19.1 - https:\/\/yoast.com\/wordpress\/plugins\/seo\/ -->\n<title>Ulqini qyteti unik q\u00eb nuk ka Porton e vet\u00eb - Lajme nga Ulqini<\/title>\n<meta name=\"description\" content=\"Ulqini ka pozicion t\u00eb favorsh\u00ebm bregdetar duke e b\u00ebr\u00eb vendin ton\u00eb, p\u00ebr shekuj me radh\u00eb nj\u00eb pik\u00ebsynim t\u00eb shteteve t\u00eb huaja, t\u00eb cilat nga q\u00ebllimi p\u00ebr t\u00eb\" \/>\n<meta name=\"robots\" content=\"index, follow, max-snippet:-1, max-image-preview:large, max-video-preview:-1\" \/>\n<link rel=\"canonical\" href=\"https:\/\/www.visit-ulcinj.com\/blog\/2017\/04\/29\/ulqini-qyteti-unik-qe-nuk-ka-porton-e-vete\/\" \/>\n<meta property=\"og:locale\" content=\"en_US\" \/>\n<meta property=\"og:type\" content=\"article\" \/>\n<meta property=\"og:title\" content=\"Ulqini qyteti unik q\u00eb nuk ka Porton e vet\u00eb - Lajme nga Ulqini\" \/>\n<meta property=\"og:description\" content=\"Ulqini ka pozicion t\u00eb favorsh\u00ebm bregdetar duke e b\u00ebr\u00eb vendin ton\u00eb, p\u00ebr shekuj me radh\u00eb nj\u00eb pik\u00ebsynim t\u00eb shteteve t\u00eb huaja, t\u00eb cilat nga q\u00ebllimi p\u00ebr t\u00eb\" \/>\n<meta property=\"og:url\" content=\"https:\/\/www.visit-ulcinj.com\/blog\/2017\/04\/29\/ulqini-qyteti-unik-qe-nuk-ka-porton-e-vete\/\" \/>\n<meta property=\"og:site_name\" content=\"Lajme nga Ulqini\" \/>\n<meta property=\"article:published_time\" content=\"2017-04-29T12:05:27+00:00\" \/>\n<meta property=\"article:modified_time\" content=\"2017-04-29T12:10:34+00:00\" \/>\n<meta property=\"og:image\" content=\"http:\/\/www.visit-ulcinj.com\/blog\/wp-content\/uploads\/2017\/04\/Ankona.jpg\" \/>\n<meta name=\"twitter:label1\" content=\"Written by\" \/>\n\t<meta name=\"twitter:data1\" content=\"ulqini\" \/>\n\t<meta name=\"twitter:label2\" content=\"Est. reading time\" \/>\n\t<meta name=\"twitter:data2\" content=\"3 minutes\" \/>\n<script type=\"application\/ld+json\" class=\"yoast-schema-graph\">{\"@context\":\"https:\/\/schema.org\",\"@graph\":[{\"@type\":\"WebSite\",\"@id\":\"https:\/\/www.visit-ulcinj.com\/blog\/#website\",\"url\":\"https:\/\/www.visit-ulcinj.com\/blog\/\",\"name\":\"Lajme nga Ulqini\",\"description\":\"Lajme,Vijesti,Ulqini,Ulqin,Crna Gora,Mali i Zi\",\"potentialAction\":[{\"@type\":\"SearchAction\",\"target\":{\"@type\":\"EntryPoint\",\"urlTemplate\":\"https:\/\/www.visit-ulcinj.com\/blog\/?s={search_term_string}\"},\"query-input\":\"required name=search_term_string\"}],\"inLanguage\":\"en-US\"},{\"@type\":\"ImageObject\",\"inLanguage\":\"en-US\",\"@id\":\"https:\/\/www.visit-ulcinj.com\/blog\/2017\/04\/29\/ulqini-qyteti-unik-qe-nuk-ka-porton-e-vete\/#primaryimage\",\"url\":\"http:\/\/www.visit-ulcinj.com\/blog\/wp-content\/uploads\/2017\/04\/Ankona.jpg\",\"contentUrl\":\"http:\/\/www.visit-ulcinj.com\/blog\/wp-content\/uploads\/2017\/04\/Ankona.jpg\"},{\"@type\":\"WebPage\",\"@id\":\"https:\/\/www.visit-ulcinj.com\/blog\/2017\/04\/29\/ulqini-qyteti-unik-qe-nuk-ka-porton-e-vete\/#webpage\",\"url\":\"https:\/\/www.visit-ulcinj.com\/blog\/2017\/04\/29\/ulqini-qyteti-unik-qe-nuk-ka-porton-e-vete\/\",\"name\":\"Ulqini qyteti unik q\u00eb nuk ka Porton e vet\u00eb - Lajme nga Ulqini\",\"isPartOf\":{\"@id\":\"https:\/\/www.visit-ulcinj.com\/blog\/#website\"},\"primaryImageOfPage\":{\"@id\":\"https:\/\/www.visit-ulcinj.com\/blog\/2017\/04\/29\/ulqini-qyteti-unik-qe-nuk-ka-porton-e-vete\/#primaryimage\"},\"datePublished\":\"2017-04-29T12:05:27+00:00\",\"dateModified\":\"2017-04-29T12:10:34+00:00\",\"author\":{\"@id\":\"https:\/\/www.visit-ulcinj.com\/blog\/#\/schema\/person\/dcab619c614d3038751c63bc2aadc06d\"},\"description\":\"Ulqini ka pozicion t\u00eb favorsh\u00ebm bregdetar duke e b\u00ebr\u00eb vendin ton\u00eb, p\u00ebr shekuj me radh\u00eb nj\u00eb pik\u00ebsynim t\u00eb shteteve t\u00eb huaja, t\u00eb cilat nga q\u00ebllimi p\u00ebr t\u00eb\",\"breadcrumb\":{\"@id\":\"https:\/\/www.visit-ulcinj.com\/blog\/2017\/04\/29\/ulqini-qyteti-unik-qe-nuk-ka-porton-e-vete\/#breadcrumb\"},\"inLanguage\":\"en-US\",\"potentialAction\":[{\"@type\":\"ReadAction\",\"target\":[\"https:\/\/www.visit-ulcinj.com\/blog\/2017\/04\/29\/ulqini-qyteti-unik-qe-nuk-ka-porton-e-vete\/\"]}]},{\"@type\":\"BreadcrumbList\",\"@id\":\"https:\/\/www.visit-ulcinj.com\/blog\/2017\/04\/29\/ulqini-qyteti-unik-qe-nuk-ka-porton-e-vete\/#breadcrumb\",\"itemListElement\":[{\"@type\":\"ListItem\",\"position\":1,\"name\":\"Ulqini qyteti unik q\u00eb nuk ka Porton e vet\u00eb\"}]},{\"@type\":\"Person\",\"@id\":\"https:\/\/www.visit-ulcinj.com\/blog\/#\/schema\/person\/dcab619c614d3038751c63bc2aadc06d\",\"name\":\"ulqini\",\"sameAs\":[\"http:\/\/www.visit-ulcinj.com\"],\"url\":\"https:\/\/www.visit-ulcinj.com\/blog\/author\/admin\/\"}]}<\/script>\n<!-- \/ Yoast SEO plugin. -->","yoast_head_json":{"title":"Ulqini qyteti unik q\u00eb nuk ka Porton e vet\u00eb - Lajme nga Ulqini","description":"Ulqini ka pozicion t\u00eb favorsh\u00ebm bregdetar duke e b\u00ebr\u00eb vendin ton\u00eb, p\u00ebr shekuj me radh\u00eb nj\u00eb pik\u00ebsynim t\u00eb shteteve t\u00eb huaja, t\u00eb cilat nga q\u00ebllimi p\u00ebr t\u00eb","robots":{"index":"index","follow":"follow","max-snippet":"max-snippet:-1","max-image-preview":"max-image-preview:large","max-video-preview":"max-video-preview:-1"},"canonical":"https:\/\/www.visit-ulcinj.com\/blog\/2017\/04\/29\/ulqini-qyteti-unik-qe-nuk-ka-porton-e-vete\/","og_locale":"en_US","og_type":"article","og_title":"Ulqini qyteti unik q\u00eb nuk ka Porton e vet\u00eb - Lajme nga Ulqini","og_description":"Ulqini ka pozicion t\u00eb favorsh\u00ebm bregdetar duke e b\u00ebr\u00eb vendin ton\u00eb, p\u00ebr shekuj me radh\u00eb nj\u00eb pik\u00ebsynim t\u00eb shteteve t\u00eb huaja, t\u00eb cilat nga q\u00ebllimi p\u00ebr t\u00eb","og_url":"https:\/\/www.visit-ulcinj.com\/blog\/2017\/04\/29\/ulqini-qyteti-unik-qe-nuk-ka-porton-e-vete\/","og_site_name":"Lajme nga Ulqini","article_published_time":"2017-04-29T12:05:27+00:00","article_modified_time":"2017-04-29T12:10:34+00:00","og_image":[{"url":"http:\/\/www.visit-ulcinj.com\/blog\/wp-content\/uploads\/2017\/04\/Ankona.jpg"}],"twitter_misc":{"Written by":"ulqini","Est. reading time":"3 minutes"},"schema":{"@context":"https:\/\/schema.org","@graph":[{"@type":"WebSite","@id":"https:\/\/www.visit-ulcinj.com\/blog\/#website","url":"https:\/\/www.visit-ulcinj.com\/blog\/","name":"Lajme nga Ulqini","description":"Lajme,Vijesti,Ulqini,Ulqin,Crna Gora,Mali i Zi","potentialAction":[{"@type":"SearchAction","target":{"@type":"EntryPoint","urlTemplate":"https:\/\/www.visit-ulcinj.com\/blog\/?s={search_term_string}"},"query-input":"required name=search_term_string"}],"inLanguage":"en-US"},{"@type":"ImageObject","inLanguage":"en-US","@id":"https:\/\/www.visit-ulcinj.com\/blog\/2017\/04\/29\/ulqini-qyteti-unik-qe-nuk-ka-porton-e-vete\/#primaryimage","url":"http:\/\/www.visit-ulcinj.com\/blog\/wp-content\/uploads\/2017\/04\/Ankona.jpg","contentUrl":"http:\/\/www.visit-ulcinj.com\/blog\/wp-content\/uploads\/2017\/04\/Ankona.jpg"},{"@type":"WebPage","@id":"https:\/\/www.visit-ulcinj.com\/blog\/2017\/04\/29\/ulqini-qyteti-unik-qe-nuk-ka-porton-e-vete\/#webpage","url":"https:\/\/www.visit-ulcinj.com\/blog\/2017\/04\/29\/ulqini-qyteti-unik-qe-nuk-ka-porton-e-vete\/","name":"Ulqini qyteti unik q\u00eb nuk ka Porton e vet\u00eb - Lajme nga Ulqini","isPartOf":{"@id":"https:\/\/www.visit-ulcinj.com\/blog\/#website"},"primaryImageOfPage":{"@id":"https:\/\/www.visit-ulcinj.com\/blog\/2017\/04\/29\/ulqini-qyteti-unik-qe-nuk-ka-porton-e-vete\/#primaryimage"},"datePublished":"2017-04-29T12:05:27+00:00","dateModified":"2017-04-29T12:10:34+00:00","author":{"@id":"https:\/\/www.visit-ulcinj.com\/blog\/#\/schema\/person\/dcab619c614d3038751c63bc2aadc06d"},"description":"Ulqini ka pozicion t\u00eb favorsh\u00ebm bregdetar duke e b\u00ebr\u00eb vendin ton\u00eb, p\u00ebr shekuj me radh\u00eb nj\u00eb pik\u00ebsynim t\u00eb shteteve t\u00eb huaja, t\u00eb cilat nga q\u00ebllimi p\u00ebr t\u00eb","breadcrumb":{"@id":"https:\/\/www.visit-ulcinj.com\/blog\/2017\/04\/29\/ulqini-qyteti-unik-qe-nuk-ka-porton-e-vete\/#breadcrumb"},"inLanguage":"en-US","potentialAction":[{"@type":"ReadAction","target":["https:\/\/www.visit-ulcinj.com\/blog\/2017\/04\/29\/ulqini-qyteti-unik-qe-nuk-ka-porton-e-vete\/"]}]},{"@type":"BreadcrumbList","@id":"https:\/\/www.visit-ulcinj.com\/blog\/2017\/04\/29\/ulqini-qyteti-unik-qe-nuk-ka-porton-e-vete\/#breadcrumb","itemListElement":[{"@type":"ListItem","position":1,"name":"Ulqini qyteti unik q\u00eb nuk ka Porton e vet\u00eb"}]},{"@type":"Person","@id":"https:\/\/www.visit-ulcinj.com\/blog\/#\/schema\/person\/dcab619c614d3038751c63bc2aadc06d","name":"ulqini","sameAs":["http:\/\/www.visit-ulcinj.com"],"url":"https:\/\/www.visit-ulcinj.com\/blog\/author\/admin\/"}]}},"jetpack_featured_media_url":"","jetpack_sharing_enabled":true,"jetpack_shortlink":"https:\/\/wp.me\/pe6lTn-reZ","_links":{"self":[{"href":"https:\/\/www.visit-ulcinj.com\/blog\/wp-json\/wp\/v2\/posts\/104717"}],"collection":[{"href":"https:\/\/www.visit-ulcinj.com\/blog\/wp-json\/wp\/v2\/posts"}],"about":[{"href":"https:\/\/www.visit-ulcinj.com\/blog\/wp-json\/wp\/v2\/types\/post"}],"author":[{"embeddable":true,"href":"https:\/\/www.visit-ulcinj.com\/blog\/wp-json\/wp\/v2\/users\/1"}],"replies":[{"embeddable":true,"href":"https:\/\/www.visit-ulcinj.com\/blog\/wp-json\/wp\/v2\/comments?post=104717"}],"version-history":[{"count":3,"href":"https:\/\/www.visit-ulcinj.com\/blog\/wp-json\/wp\/v2\/posts\/104717\/revisions"}],"predecessor-version":[{"id":104724,"href":"https:\/\/www.visit-ulcinj.com\/blog\/wp-json\/wp\/v2\/posts\/104717\/revisions\/104724"}],"wp:attachment":[{"href":"https:\/\/www.visit-ulcinj.com\/blog\/wp-json\/wp\/v2\/media?parent=104717"}],"wp:term":[{"taxonomy":"category","embeddable":true,"href":"https:\/\/www.visit-ulcinj.com\/blog\/wp-json\/wp\/v2\/categories?post=104717"},{"taxonomy":"post_tag","embeddable":true,"href":"https:\/\/www.visit-ulcinj.com\/blog\/wp-json\/wp\/v2\/tags?post=104717"}],"curies":[{"name":"wp","href":"https:\/\/api.w.org\/{rel}","templated":true}]}}