{"id":104725,"date":"2017-04-29T13:25:31","date_gmt":"2017-04-29T12:25:31","guid":{"rendered":"http:\/\/www.visit-ulcinj.com\/blog\/?p=104725"},"modified":"2017-04-29T14:17:47","modified_gmt":"2017-04-29T13:17:47","slug":"vazhdojne-perpjekjet-per-revitalizimin-dhe-rikonstruimin-e-beledijes-dhe-shtepise-se-pashes","status":"publish","type":"post","link":"https:\/\/www.visit-ulcinj.com\/blog\/2017\/04\/29\/vazhdojne-perpjekjet-per-revitalizimin-dhe-rikonstruimin-e-beledijes-dhe-shtepise-se-pashes\/","title":{"rendered":"Vazhdojn\u00eb p\u00ebrpjekjet p\u00ebr revitalizimin dhe rikonstruimin e \u201cBeledijes\u201d dhe \u201cSht\u00ebpis\u00eb s\u00eb Pash\u00ebs\u201d"},"content":{"rendered":"<p><a href=\"http:\/\/www.visit-ulcinj.com\/blog\/wp-content\/uploads\/2017\/04\/P\u00ebrpjekjet-p\u00ebr-revitalizimin-dhe-rikonstruimin-e-\u201cBeledijes\u201d-dhe-\u201cSht\u00ebpis\u00eb-s\u00eb-Pash\u00ebs\u201dULQIN.jpg\"><img loading=\"lazy\" class=\"alignleft wp-image-104726\" src=\"http:\/\/www.visit-ulcinj.com\/blog\/wp-content\/uploads\/2017\/04\/P\u00ebrpjekjet-p\u00ebr-revitalizimin-dhe-rikonstruimin-e-\u201cBeledijes\u201d-dhe-\u201cSht\u00ebpis\u00eb-s\u00eb-Pash\u00ebs\u201dULQIN.jpg\" alt=\"\" width=\"508\" height=\"381\" srcset=\"https:\/\/www.visit-ulcinj.com\/blog\/wp-content\/uploads\/2017\/04\/P\u00ebrpjekjet-p\u00ebr-revitalizimin-dhe-rikonstruimin-e-\u201cBeledijes\u201d-dhe-\u201cSht\u00ebpis\u00eb-s\u00eb-Pash\u00ebs\u201dULQIN.jpg 960w, https:\/\/www.visit-ulcinj.com\/blog\/wp-content\/uploads\/2017\/04\/P\u00ebrpjekjet-p\u00ebr-revitalizimin-dhe-rikonstruimin-e-\u201cBeledijes\u201d-dhe-\u201cSht\u00ebpis\u00eb-s\u00eb-Pash\u00ebs\u201dULQIN-300x225.jpg 300w, https:\/\/www.visit-ulcinj.com\/blog\/wp-content\/uploads\/2017\/04\/P\u00ebrpjekjet-p\u00ebr-revitalizimin-dhe-rikonstruimin-e-\u201cBeledijes\u201d-dhe-\u201cSht\u00ebpis\u00eb-s\u00eb-Pash\u00ebs\u201dULQIN-768x576.jpg 768w\" sizes=\"(max-width: 508px) 100vw, 508px\" \/><\/a>Mbr\u00ebm\u00eb me 28.04.2017 n\u00eb Qendr\u00ebn p\u00ebr kultur\u00eb t\u00eb Ulqinit, Bashk\u00ebsia islame e Ulqinit, Qendra p\u00ebr kultur dhe Bashkimi i krijuesve shqiptar\u00eb n\u00eb Malin e Zi, kan\u00eb organizuar nj\u00eb \u201cTryez\u00eb t\u00eb rumbullakt\u00eb\u201d p\u00ebr revitalizimin dhe rikonstruimin e \u201cBeledijes\u201d dhe \u201cSht\u00ebpis\u00eb s\u00eb Pash\u00ebs\u201d.<br \/>\nK\u00ebto dy objekte kan\u00eb nj\u00eb r\u00ebnd\u00ebsi t\u00eb ve\u00e7ant\u00eb p\u00ebr qytetin ton\u00eb, mir\u00ebpo, sipas vendimit e Entit Republikan p\u00ebr mbrojtjen e momenteve t\u00eb kultur\u00ebs nga Cetina, kan\u00eb qen\u00eb t\u00eb kategorizuar n\u00eb grupin e dyt\u00eb t\u00eb p\u00ebrmendor\u00ebve t\u00eb trash\u00ebgimis\u00eb ton\u00eb. K\u00ebto dy objekte kan\u00eb nj\u00eb vler\u00eb kulturo &#8211; historike t\u00eb madhe p\u00ebr qytetin ton\u00eb, por edhe p\u00ebr popullat\u00ebn n\u00eb p\u00ebrgjith\u00ebsi.<br \/>\nPrandaj, edhe diskutimet e panelist\u00ebve Kryeimamit ef. Ali Bardhit, Dr. Nail Drag\u00ebs dhe arkitektes e njohur z. Suada Ismailaga ishin nj\u00eb apel organeve kompetente t\u00eb Komun\u00ebs p\u00ebr ndihm\u00eb dhe p\u00ebr ndarjen e mjeteve p\u00ebr rind\u00ebrtimin e k\u00ebtyre objekteve.<br \/>\nP\u00ebr informat\u00eb lexues\u00ebve , k\u00ebto objekte jan\u00eb sot n\u00eb gjendje t\u00eb mjerueshme, jan\u00eb total t\u00eb shkat\u00ebrruara.<br \/>\nObjektet e trash\u00ebgimis\u00eb ton\u00eb i kemi l\u00ebn\u00eb shum\u00eb pas dore, duke filluar prej \u201cBeledije\u201d, \u201cSht\u00ebpis\u00eb s\u00eb Pas\u00ebs\u201d, si edhe t\u00eb \u201cSht\u00ebpis\u00eb e familjes Zec\u201d n\u00eb Ran\u00eb, e cila \u00ebsht\u00eb dhuruar Komun\u00ebs, pastaj Krojet t\u00eb shumta, n\u00eb ve\u00e7anti ai i Xhamis\u00eb s\u00eb Pash\u00ebs, Hamami i Xhamis\u00eb s\u00eb Pash\u00ebs, dhe \u00c7arshia e vjet\u00ebr.<br \/>\nPrandaj, nj\u00eb inicijativ\u00eb e till\u00eb \u00ebsht\u00eb e mir\u00ebpritur dhe e p\u00ebrsh\u00ebndetur nga t\u00eb gjith\u00eb ne. P\u00ebrkrahja e organeve dhe institucioneve publike ka nj\u00eb r\u00ebnd\u00ebsi t\u00eb madhe, pasi q\u00eb k\u00ebto objekte mund t\u00eb vehen n\u00eb sh\u00ebrbim t\u00eb turizmit , por edhe p\u00ebr nevoja t\u00eb ndryshme, fetare a po shoq\u00ebrore n\u00eb p\u00ebrgjith\u00ebsi.<br \/>\nN\u00eb mbr\u00ebmje ishin prezent edhe studentet e arkeologjis\u00eb nga Viena, t\u00eb cil\u00ebt jan\u00eb duke b\u00ebr\u00eb nj\u00eb Projekt p\u00ebr kategorizimin e Kalas\u00eb ton\u00eb p\u00ebr ky\u00e7jen e saj n\u00eb Unesco. \u00cbsht\u00eb kjo nj\u00eb inicijativ\u00eb e Shoqat\u00ebs Shqiptaro Amerikane n\u00eb krye me zotri Cafo BOG\u00cbN, nj\u00eb ndihm\u00eb e madhe e jasht\u00ebzakonshme e k\u00ebtij entuzijasti t\u00eb rall\u00eb. \u00cbsht\u00eb kjo nj\u00eb vazhdimsi i Simpozijumit mbajtur n\u00eb hotelin \u201cMediteran\u201d t\u00eb dedikuar Kalas\u00eb ton\u00eb, qytetit ton\u00eb.<\/p>\n<p><strong>Nga <a id=\"js_4g0\" class=\"_hli\" href=\"https:\/\/www.facebook.com\/ismet.karamanaga\" data-hovercard=\"\/ajax\/hovercard\/user.php?id=1359492972\" data-hovercard-prefer-more-content-show=\"1\">Ismet Karamanaga <\/a>Facebook<\/strong><\/p>\n\n\t\t<style type=\"text\/css\">\n\t\t\t#gallery-1 {\n\t\t\t\tmargin: auto;\n\t\t\t}\n\t\t\t#gallery-1 .gallery-item {\n\t\t\t\tfloat: left;\n\t\t\t\tmargin-top: 10px;\n\t\t\t\ttext-align: center;\n\t\t\t\twidth: 33%;\n\t\t\t}\n\t\t\t#gallery-1 img {\n\t\t\t\tborder: 2px solid #cfcfcf;\n\t\t\t}\n\t\t\t#gallery-1 .gallery-caption {\n\t\t\t\tmargin-left: 0;\n\t\t\t}\n\t\t\t\/* see gallery_shortcode() in wp-includes\/media.php *\/\n\t\t<\/style>\n\t\t<div id='gallery-1' class='gallery galleryid-104725 gallery-columns-3 gallery-size-thumbnail'><dl class='gallery-item'>\n\t\t\t<dt class='gallery-icon landscape'>\n\t\t\t\t<a href='https:\/\/www.visit-ulcinj.com\/blog\/2017\/04\/29\/vazhdojne-perpjekjet-per-revitalizimin-dhe-rikonstruimin-e-beledijes-dhe-shtepise-se-pashes\/perpjekjet-per-revitalizimin-dhe-rikonstruimin-e-beledijes-dhe-shtepise-se-pashesulqin-1\/'><img width=\"150\" height=\"150\" src=\"https:\/\/www.visit-ulcinj.com\/blog\/wp-content\/uploads\/2017\/04\/P\u00ebrpjekjet-p\u00ebr-revitalizimin-dhe-rikonstruimin-e-\u201cBeledijes\u201d-dhe-\u201cSht\u00ebpis\u00eb-s\u00eb-Pash\u00ebs\u201dULQIN-1-150x150.jpg\" class=\"attachment-thumbnail size-thumbnail\" alt=\"\" loading=\"lazy\" \/><\/a>\n\t\t\t<\/dt><\/dl><dl class='gallery-item'>\n\t\t\t<dt class='gallery-icon landscape'>\n\t\t\t\t<a href='https:\/\/www.visit-ulcinj.com\/blog\/2017\/04\/29\/vazhdojne-perpjekjet-per-revitalizimin-dhe-rikonstruimin-e-beledijes-dhe-shtepise-se-pashes\/perpjekjet-per-revitalizimin-dhe-rikonstruimin-e-beledijes-dhe-shtepise-se-pashesulqin-2\/'><img width=\"150\" height=\"150\" src=\"https:\/\/www.visit-ulcinj.com\/blog\/wp-content\/uploads\/2017\/04\/P\u00ebrpjekjet-p\u00ebr-revitalizimin-dhe-rikonstruimin-e-\u201cBeledijes\u201d-dhe-\u201cSht\u00ebpis\u00eb-s\u00eb-Pash\u00ebs\u201dULQIN-2-150x150.jpg\" class=\"attachment-thumbnail size-thumbnail\" alt=\"\" loading=\"lazy\" \/><\/a>\n\t\t\t<\/dt><\/dl><dl class='gallery-item'>\n\t\t\t<dt class='gallery-icon landscape'>\n\t\t\t\t<a href='https:\/\/www.visit-ulcinj.com\/blog\/2017\/04\/29\/vazhdojne-perpjekjet-per-revitalizimin-dhe-rikonstruimin-e-beledijes-dhe-shtepise-se-pashes\/perpjekjet-per-revitalizimin-dhe-rikonstruimin-e-beledijes-dhe-shtepise-se-pashesulqin-4\/'><img width=\"150\" height=\"150\" src=\"https:\/\/www.visit-ulcinj.com\/blog\/wp-content\/uploads\/2017\/04\/P\u00ebrpjekjet-p\u00ebr-revitalizimin-dhe-rikonstruimin-e-\u201cBeledijes\u201d-dhe-\u201cSht\u00ebpis\u00eb-s\u00eb-Pash\u00ebs\u201dULQIN-4-150x150.jpg\" class=\"attachment-thumbnail size-thumbnail\" alt=\"\" loading=\"lazy\" \/><\/a>\n\t\t\t<\/dt><\/dl><br style=\"clear: both\" \/><dl class='gallery-item'>\n\t\t\t<dt class='gallery-icon landscape'>\n\t\t\t\t<a href='https:\/\/www.visit-ulcinj.com\/blog\/2017\/04\/29\/vazhdojne-perpjekjet-per-revitalizimin-dhe-rikonstruimin-e-beledijes-dhe-shtepise-se-pashes\/perpjekjet-per-revitalizimin-dhe-rikonstruimin-e-beledijes-dhe-shtepise-se-pashesulqin-5\/'><img width=\"150\" height=\"150\" src=\"https:\/\/www.visit-ulcinj.com\/blog\/wp-content\/uploads\/2017\/04\/P\u00ebrpjekjet-p\u00ebr-revitalizimin-dhe-rikonstruimin-e-\u201cBeledijes\u201d-dhe-\u201cSht\u00ebpis\u00eb-s\u00eb-Pash\u00ebs\u201dULQIN-5-150x150.jpg\" class=\"attachment-thumbnail size-thumbnail\" alt=\"\" loading=\"lazy\" \/><\/a>\n\t\t\t<\/dt><\/dl><dl class='gallery-item'>\n\t\t\t<dt class='gallery-icon landscape'>\n\t\t\t\t<a href='https:\/\/www.visit-ulcinj.com\/blog\/2017\/04\/29\/vazhdojne-perpjekjet-per-revitalizimin-dhe-rikonstruimin-e-beledijes-dhe-shtepise-se-pashes\/perpjekjet-per-revitalizimin-dhe-rikonstruimin-e-beledijes-dhe-shtepise-se-pashesulqin-6\/'><img width=\"150\" height=\"150\" src=\"https:\/\/www.visit-ulcinj.com\/blog\/wp-content\/uploads\/2017\/04\/P\u00ebrpjekjet-p\u00ebr-revitalizimin-dhe-rikonstruimin-e-\u201cBeledijes\u201d-dhe-\u201cSht\u00ebpis\u00eb-s\u00eb-Pash\u00ebs\u201dULQIN-6-150x150.jpg\" class=\"attachment-thumbnail size-thumbnail\" alt=\"\" loading=\"lazy\" \/><\/a>\n\t\t\t<\/dt><\/dl>\n\t\t\t<br style='clear: both' \/>\n\t\t<\/div>\n\n","protected":false},"excerpt":{"rendered":"<p>Mbr\u00ebm\u00eb me 28.04.2017 n\u00eb Qendr\u00ebn p\u00ebr kultur\u00eb t\u00eb Ulqinit, Bashk\u00ebsia islame e Ulqinit, Qendra p\u00ebr kultur dhe Bashkimi i krijuesve shqiptar\u00eb n\u00eb Malin e Zi, kan\u00eb organizuar nj\u00eb \u201cTryez\u00eb t\u00eb rumbullakt\u00eb\u201d p\u00ebr revitalizimin dhe rikonstruimin e \u201cBeledijes\u201d dhe \u201cSht\u00ebpis\u00eb s\u00eb Pash\u00ebs\u201d. K\u00ebto dy objekte kan\u00eb nj\u00eb r\u00ebnd\u00ebsi t\u00eb ve\u00e7ant\u00eb p\u00ebr qytetin ton\u00eb, mir\u00ebpo, sipas vendimit [&hellip;]<\/p>\n","protected":false},"author":1,"featured_media":0,"comment_status":"closed","ping_status":"closed","sticky":false,"template":"","format":"standard","meta":{"spay_email":"","jetpack_publicize_message":"","jetpack_is_tweetstorm":false,"jetpack_publicize_feature_enabled":true},"categories":[10,1],"tags":[],"jetpack_publicize_connections":[],"yoast_head":"<!-- This site is optimized with the Yoast SEO plugin v19.1 - https:\/\/yoast.com\/wordpress\/plugins\/seo\/ -->\n<title>Vazhdojn\u00eb p\u00ebrpjekjet p\u00ebr revitalizimin dhe rikonstruimin e \u201cBeledijes\u201d dhe \u201cSht\u00ebpis\u00eb s\u00eb Pash\u00ebs\u201d - Lajme nga Ulqini<\/title>\n<meta name=\"description\" content=\"Mbr\u00ebm\u00eb me 28.04.2017 n\u00eb Qendr\u00ebn p\u00ebr kultur\u00eb t\u00eb Ulqinit, Bashk\u00ebsia islame e Ulqinit, Qendra p\u00ebr kultur dhe Bashkimi i krijuesve shqiptar\u00eb n\u00eb Malin e Zi,\" \/>\n<meta name=\"robots\" content=\"index, follow, max-snippet:-1, max-image-preview:large, max-video-preview:-1\" \/>\n<link rel=\"canonical\" href=\"https:\/\/www.visit-ulcinj.com\/blog\/2017\/04\/29\/vazhdojne-perpjekjet-per-revitalizimin-dhe-rikonstruimin-e-beledijes-dhe-shtepise-se-pashes\/\" \/>\n<meta property=\"og:locale\" content=\"en_US\" \/>\n<meta property=\"og:type\" content=\"article\" \/>\n<meta property=\"og:title\" content=\"Vazhdojn\u00eb p\u00ebrpjekjet p\u00ebr revitalizimin dhe rikonstruimin e \u201cBeledijes\u201d dhe \u201cSht\u00ebpis\u00eb s\u00eb Pash\u00ebs\u201d - Lajme nga Ulqini\" \/>\n<meta property=\"og:description\" content=\"Mbr\u00ebm\u00eb me 28.04.2017 n\u00eb Qendr\u00ebn p\u00ebr kultur\u00eb t\u00eb Ulqinit, Bashk\u00ebsia islame e Ulqinit, Qendra p\u00ebr kultur dhe Bashkimi i krijuesve shqiptar\u00eb n\u00eb Malin e Zi,\" \/>\n<meta property=\"og:url\" content=\"https:\/\/www.visit-ulcinj.com\/blog\/2017\/04\/29\/vazhdojne-perpjekjet-per-revitalizimin-dhe-rikonstruimin-e-beledijes-dhe-shtepise-se-pashes\/\" \/>\n<meta property=\"og:site_name\" content=\"Lajme nga Ulqini\" \/>\n<meta property=\"article:published_time\" content=\"2017-04-29T12:25:31+00:00\" \/>\n<meta property=\"article:modified_time\" content=\"2017-04-29T13:17:47+00:00\" \/>\n<meta property=\"og:image\" content=\"https:\/\/www.visit-ulcinj.com\/blog\/wp-content\/uploads\/2017\/04\/P\u00ebrpjekjet-p\u00ebr-revitalizimin-dhe-rikonstruimin-e-\u201cBeledijes\u201d-dhe-\u201cSht\u00ebpis\u00eb-s\u00eb-Pash\u00ebs\u201dULQIN-1-150x150.jpg\" \/>\n<meta name=\"twitter:label1\" content=\"Written by\" \/>\n\t<meta name=\"twitter:data1\" content=\"ulqini\" \/>\n\t<meta name=\"twitter:label2\" content=\"Est. reading time\" \/>\n\t<meta name=\"twitter:data2\" content=\"2 minutes\" \/>\n<script type=\"application\/ld+json\" class=\"yoast-schema-graph\">{\"@context\":\"https:\/\/schema.org\",\"@graph\":[{\"@type\":\"WebSite\",\"@id\":\"https:\/\/www.visit-ulcinj.com\/blog\/#website\",\"url\":\"https:\/\/www.visit-ulcinj.com\/blog\/\",\"name\":\"Lajme nga Ulqini\",\"description\":\"Lajme,Vijesti,Ulqini,Ulqin,Crna Gora,Mali i Zi\",\"potentialAction\":[{\"@type\":\"SearchAction\",\"target\":{\"@type\":\"EntryPoint\",\"urlTemplate\":\"https:\/\/www.visit-ulcinj.com\/blog\/?s={search_term_string}\"},\"query-input\":\"required name=search_term_string\"}],\"inLanguage\":\"en-US\"},{\"@type\":\"WebPage\",\"@id\":\"https:\/\/www.visit-ulcinj.com\/blog\/2017\/04\/29\/vazhdojne-perpjekjet-per-revitalizimin-dhe-rikonstruimin-e-beledijes-dhe-shtepise-se-pashes\/#webpage\",\"url\":\"https:\/\/www.visit-ulcinj.com\/blog\/2017\/04\/29\/vazhdojne-perpjekjet-per-revitalizimin-dhe-rikonstruimin-e-beledijes-dhe-shtepise-se-pashes\/\",\"name\":\"Vazhdojn\u00eb p\u00ebrpjekjet p\u00ebr revitalizimin dhe rikonstruimin e \u201cBeledijes\u201d dhe \u201cSht\u00ebpis\u00eb s\u00eb Pash\u00ebs\u201d - Lajme nga Ulqini\",\"isPartOf\":{\"@id\":\"https:\/\/www.visit-ulcinj.com\/blog\/#website\"},\"datePublished\":\"2017-04-29T12:25:31+00:00\",\"dateModified\":\"2017-04-29T13:17:47+00:00\",\"author\":{\"@id\":\"https:\/\/www.visit-ulcinj.com\/blog\/#\/schema\/person\/dcab619c614d3038751c63bc2aadc06d\"},\"description\":\"Mbr\u00ebm\u00eb me 28.04.2017 n\u00eb Qendr\u00ebn p\u00ebr kultur\u00eb t\u00eb Ulqinit, Bashk\u00ebsia islame e Ulqinit, Qendra p\u00ebr kultur dhe Bashkimi i krijuesve shqiptar\u00eb n\u00eb Malin e Zi,\",\"breadcrumb\":{\"@id\":\"https:\/\/www.visit-ulcinj.com\/blog\/2017\/04\/29\/vazhdojne-perpjekjet-per-revitalizimin-dhe-rikonstruimin-e-beledijes-dhe-shtepise-se-pashes\/#breadcrumb\"},\"inLanguage\":\"en-US\",\"potentialAction\":[{\"@type\":\"ReadAction\",\"target\":[\"https:\/\/www.visit-ulcinj.com\/blog\/2017\/04\/29\/vazhdojne-perpjekjet-per-revitalizimin-dhe-rikonstruimin-e-beledijes-dhe-shtepise-se-pashes\/\"]}]},{\"@type\":\"BreadcrumbList\",\"@id\":\"https:\/\/www.visit-ulcinj.com\/blog\/2017\/04\/29\/vazhdojne-perpjekjet-per-revitalizimin-dhe-rikonstruimin-e-beledijes-dhe-shtepise-se-pashes\/#breadcrumb\",\"itemListElement\":[{\"@type\":\"ListItem\",\"position\":1,\"name\":\"Vazhdojn\u00eb p\u00ebrpjekjet p\u00ebr revitalizimin dhe rikonstruimin e \u201cBeledijes\u201d dhe \u201cSht\u00ebpis\u00eb s\u00eb Pash\u00ebs\u201d\"}]},{\"@type\":\"Person\",\"@id\":\"https:\/\/www.visit-ulcinj.com\/blog\/#\/schema\/person\/dcab619c614d3038751c63bc2aadc06d\",\"name\":\"ulqini\",\"sameAs\":[\"http:\/\/www.visit-ulcinj.com\"],\"url\":\"https:\/\/www.visit-ulcinj.com\/blog\/author\/admin\/\"}]}<\/script>\n<!-- \/ Yoast SEO plugin. -->","yoast_head_json":{"title":"Vazhdojn\u00eb p\u00ebrpjekjet p\u00ebr revitalizimin dhe rikonstruimin e \u201cBeledijes\u201d dhe \u201cSht\u00ebpis\u00eb s\u00eb Pash\u00ebs\u201d - Lajme nga Ulqini","description":"Mbr\u00ebm\u00eb me 28.04.2017 n\u00eb Qendr\u00ebn p\u00ebr kultur\u00eb t\u00eb Ulqinit, Bashk\u00ebsia islame e Ulqinit, Qendra p\u00ebr kultur dhe Bashkimi i krijuesve shqiptar\u00eb n\u00eb Malin e Zi,","robots":{"index":"index","follow":"follow","max-snippet":"max-snippet:-1","max-image-preview":"max-image-preview:large","max-video-preview":"max-video-preview:-1"},"canonical":"https:\/\/www.visit-ulcinj.com\/blog\/2017\/04\/29\/vazhdojne-perpjekjet-per-revitalizimin-dhe-rikonstruimin-e-beledijes-dhe-shtepise-se-pashes\/","og_locale":"en_US","og_type":"article","og_title":"Vazhdojn\u00eb p\u00ebrpjekjet p\u00ebr revitalizimin dhe rikonstruimin e \u201cBeledijes\u201d dhe \u201cSht\u00ebpis\u00eb s\u00eb Pash\u00ebs\u201d - Lajme nga Ulqini","og_description":"Mbr\u00ebm\u00eb me 28.04.2017 n\u00eb Qendr\u00ebn p\u00ebr kultur\u00eb t\u00eb Ulqinit, Bashk\u00ebsia islame e Ulqinit, Qendra p\u00ebr kultur dhe Bashkimi i krijuesve shqiptar\u00eb n\u00eb Malin e Zi,","og_url":"https:\/\/www.visit-ulcinj.com\/blog\/2017\/04\/29\/vazhdojne-perpjekjet-per-revitalizimin-dhe-rikonstruimin-e-beledijes-dhe-shtepise-se-pashes\/","og_site_name":"Lajme nga Ulqini","article_published_time":"2017-04-29T12:25:31+00:00","article_modified_time":"2017-04-29T13:17:47+00:00","og_image":[{"url":"https:\/\/www.visit-ulcinj.com\/blog\/wp-content\/uploads\/2017\/04\/P\u00ebrpjekjet-p\u00ebr-revitalizimin-dhe-rikonstruimin-e-\u201cBeledijes\u201d-dhe-\u201cSht\u00ebpis\u00eb-s\u00eb-Pash\u00ebs\u201dULQIN-1-150x150.jpg"}],"twitter_misc":{"Written by":"ulqini","Est. reading time":"2 minutes"},"schema":{"@context":"https:\/\/schema.org","@graph":[{"@type":"WebSite","@id":"https:\/\/www.visit-ulcinj.com\/blog\/#website","url":"https:\/\/www.visit-ulcinj.com\/blog\/","name":"Lajme nga Ulqini","description":"Lajme,Vijesti,Ulqini,Ulqin,Crna Gora,Mali i Zi","potentialAction":[{"@type":"SearchAction","target":{"@type":"EntryPoint","urlTemplate":"https:\/\/www.visit-ulcinj.com\/blog\/?s={search_term_string}"},"query-input":"required name=search_term_string"}],"inLanguage":"en-US"},{"@type":"WebPage","@id":"https:\/\/www.visit-ulcinj.com\/blog\/2017\/04\/29\/vazhdojne-perpjekjet-per-revitalizimin-dhe-rikonstruimin-e-beledijes-dhe-shtepise-se-pashes\/#webpage","url":"https:\/\/www.visit-ulcinj.com\/blog\/2017\/04\/29\/vazhdojne-perpjekjet-per-revitalizimin-dhe-rikonstruimin-e-beledijes-dhe-shtepise-se-pashes\/","name":"Vazhdojn\u00eb p\u00ebrpjekjet p\u00ebr revitalizimin dhe rikonstruimin e \u201cBeledijes\u201d dhe \u201cSht\u00ebpis\u00eb s\u00eb Pash\u00ebs\u201d - Lajme nga Ulqini","isPartOf":{"@id":"https:\/\/www.visit-ulcinj.com\/blog\/#website"},"datePublished":"2017-04-29T12:25:31+00:00","dateModified":"2017-04-29T13:17:47+00:00","author":{"@id":"https:\/\/www.visit-ulcinj.com\/blog\/#\/schema\/person\/dcab619c614d3038751c63bc2aadc06d"},"description":"Mbr\u00ebm\u00eb me 28.04.2017 n\u00eb Qendr\u00ebn p\u00ebr kultur\u00eb t\u00eb Ulqinit, Bashk\u00ebsia islame e Ulqinit, Qendra p\u00ebr kultur dhe Bashkimi i krijuesve shqiptar\u00eb n\u00eb Malin e Zi,","breadcrumb":{"@id":"https:\/\/www.visit-ulcinj.com\/blog\/2017\/04\/29\/vazhdojne-perpjekjet-per-revitalizimin-dhe-rikonstruimin-e-beledijes-dhe-shtepise-se-pashes\/#breadcrumb"},"inLanguage":"en-US","potentialAction":[{"@type":"ReadAction","target":["https:\/\/www.visit-ulcinj.com\/blog\/2017\/04\/29\/vazhdojne-perpjekjet-per-revitalizimin-dhe-rikonstruimin-e-beledijes-dhe-shtepise-se-pashes\/"]}]},{"@type":"BreadcrumbList","@id":"https:\/\/www.visit-ulcinj.com\/blog\/2017\/04\/29\/vazhdojne-perpjekjet-per-revitalizimin-dhe-rikonstruimin-e-beledijes-dhe-shtepise-se-pashes\/#breadcrumb","itemListElement":[{"@type":"ListItem","position":1,"name":"Vazhdojn\u00eb p\u00ebrpjekjet p\u00ebr revitalizimin dhe rikonstruimin e \u201cBeledijes\u201d dhe \u201cSht\u00ebpis\u00eb s\u00eb Pash\u00ebs\u201d"}]},{"@type":"Person","@id":"https:\/\/www.visit-ulcinj.com\/blog\/#\/schema\/person\/dcab619c614d3038751c63bc2aadc06d","name":"ulqini","sameAs":["http:\/\/www.visit-ulcinj.com"],"url":"https:\/\/www.visit-ulcinj.com\/blog\/author\/admin\/"}]}},"jetpack_featured_media_url":"","jetpack_sharing_enabled":true,"jetpack_shortlink":"https:\/\/wp.me\/pe6lTn-rf7","_links":{"self":[{"href":"https:\/\/www.visit-ulcinj.com\/blog\/wp-json\/wp\/v2\/posts\/104725"}],"collection":[{"href":"https:\/\/www.visit-ulcinj.com\/blog\/wp-json\/wp\/v2\/posts"}],"about":[{"href":"https:\/\/www.visit-ulcinj.com\/blog\/wp-json\/wp\/v2\/types\/post"}],"author":[{"embeddable":true,"href":"https:\/\/www.visit-ulcinj.com\/blog\/wp-json\/wp\/v2\/users\/1"}],"replies":[{"embeddable":true,"href":"https:\/\/www.visit-ulcinj.com\/blog\/wp-json\/wp\/v2\/comments?post=104725"}],"version-history":[{"count":2,"href":"https:\/\/www.visit-ulcinj.com\/blog\/wp-json\/wp\/v2\/posts\/104725\/revisions"}],"predecessor-version":[{"id":104734,"href":"https:\/\/www.visit-ulcinj.com\/blog\/wp-json\/wp\/v2\/posts\/104725\/revisions\/104734"}],"wp:attachment":[{"href":"https:\/\/www.visit-ulcinj.com\/blog\/wp-json\/wp\/v2\/media?parent=104725"}],"wp:term":[{"taxonomy":"category","embeddable":true,"href":"https:\/\/www.visit-ulcinj.com\/blog\/wp-json\/wp\/v2\/categories?post=104725"},{"taxonomy":"post_tag","embeddable":true,"href":"https:\/\/www.visit-ulcinj.com\/blog\/wp-json\/wp\/v2\/tags?post=104725"}],"curies":[{"name":"wp","href":"https:\/\/api.w.org\/{rel}","templated":true}]}}