{"id":104737,"date":"2017-04-29T14:13:24","date_gmt":"2017-04-29T13:13:24","guid":{"rendered":"http:\/\/www.visit-ulcinj.com\/blog\/?p=104737"},"modified":"2017-04-30T12:46:46","modified_gmt":"2017-04-30T11:46:46","slug":"cungu-binjakezimi-ulqinit-dhe-kayl-te-luksemburgut-ne-mbeshtetje-te-sektorit-te-mjedisit-foto","status":"publish","type":"post","link":"https:\/\/www.visit-ulcinj.com\/blog\/2017\/04\/29\/cungu-binjakezimi-ulqinit-dhe-kayl-te-luksemburgut-ne-mbeshtetje-te-sektorit-te-mjedisit-foto\/","title":{"rendered":"Cungu: Binjak\u00ebzimi i Ulqinit dhe Kayl t\u00eb Luksemburgut n\u00eb mb\u00ebshtetje t\u00eb sektorit t\u00eb mjedisit + Foto"},"content":{"rendered":"<p><strong><span lang=\"SQ\"><a href=\"http:\/\/www.visit-ulcinj.com\/blog\/wp-content\/uploads\/2017\/04\/LORENT-JOHN-Kayl-Luxemburg-Nazif-Cungu-Ulcinj-Ulqin.jpg\"><img loading=\"lazy\" class=\"alignleft wp-image-104739\" src=\"http:\/\/www.visit-ulcinj.com\/blog\/wp-content\/uploads\/2017\/04\/LORENT-JOHN-Kayl-Luxemburg-Nazif-Cungu-Ulcinj-Ulqin.jpg\" alt=\"\" width=\"508\" height=\"381\" srcset=\"https:\/\/www.visit-ulcinj.com\/blog\/wp-content\/uploads\/2017\/04\/LORENT-JOHN-Kayl-Luxemburg-Nazif-Cungu-Ulcinj-Ulqin.jpg 960w, https:\/\/www.visit-ulcinj.com\/blog\/wp-content\/uploads\/2017\/04\/LORENT-JOHN-Kayl-Luxemburg-Nazif-Cungu-Ulcinj-Ulqin-300x225.jpg 300w, https:\/\/www.visit-ulcinj.com\/blog\/wp-content\/uploads\/2017\/04\/LORENT-JOHN-Kayl-Luxemburg-Nazif-Cungu-Ulcinj-Ulqin-768x576.jpg 768w\" sizes=\"(max-width: 508px) 100vw, 508px\" \/><\/a>Delegacioni i qytetit t\u00eb Ulqinit n\u00eb krye me kryetarin e komun\u00ebs s\u00eb Ulqinit Nazif Cungu, me kryetarin e Kuvendit Loro Nrekiqi, Hadixha Gjoni, Mustaf Gorana dhe Asllan Llunji, q\u00ebndruan n\u00eb takimin p\u00ebrmbyll\u00ebs me an\u00ebtar\u00ebt e qytetit\u00a0Kayl nga Luksemburgu kryesuar nga kryetari i saj Xhon Lorent.<br \/>\n<\/span><\/strong><\/p>\n<p>B\u00ebra nj\u00eb vizit\u00eb n\u00eb komun\u00ebn Kayl t\u00eb Luksemburgut, n\u00eb kuad\u00ebr t\u00eb binjak\u00ebzimit q\u00eb kjo komun\u00eb ka me Ulqinin. Miqve tan\u00eb iu shpreha mir\u00ebnjohjen p\u00ebr dy projektet me t\u00eb cilat na kan\u00eb p\u00ebrkrahur. Po ashtu, biseduam p\u00ebr t\u00ebrheqjen e turist\u00ebve n\u00eb bregdetin ton\u00eb dhe p\u00ebr nisma t\u00eb reja n\u00eb fush\u00ebn e mbrojtjes s\u00eb mjedisit, thuhet n\u00eb faqen e Facebookut t\u00eb kryetarit t\u00eb Ulqinit Nazif Cungu.<\/p>\n<p><span lang=\"SQ\">N\u00eb konferenc\u00ebn me gazetar\u00eb u dh\u00ebn\u00eb vler\u00ebsime dhe u tha q\u00eb ky bashk\u00ebpunim i nd\u00ebrsjellt\u00eb do t\u00eb vazhdoj\u00eb edhe n\u00eb t\u00eb ardhmen dhe do t\u00eb p\u00ebrfshij\u00eb edhe fusha t\u00eb tjera t\u00eb parapara me marr\u00ebveshjen e bashk\u00ebpunimit. Mysafir\u00ebt duke shprehur konsiderata t\u00eb larta p\u00ebr nikoqir\u00ebt dhe pritjet q\u00eb i jan\u00eb reservuar theksuan se p\u00ebr komunen Kayl t\u00eb Luksemburgut mund t\u00eb llogarisni edhe n\u00eb mb\u00ebshtetjen eprojekteve t\u00eb nominuara t\u00eb komun\u00ebs se Ulqinit.<br \/>\n<\/span><\/p>\n<p><a href=\"http:\/\/www.visit-ulcinj.com\/blog\/wp-content\/uploads\/2017\/04\/LORENT-JOHN-Kayl-Luxemburg-Nazif-Cungu-Ulcinj-Ulqin-2.jpg\"><img loading=\"lazy\" class=\"alignleft wp-image-104740\" src=\"http:\/\/www.visit-ulcinj.com\/blog\/wp-content\/uploads\/2017\/04\/LORENT-JOHN-Kayl-Luxemburg-Nazif-Cungu-Ulcinj-Ulqin-2.jpg\" alt=\"\" width=\"508\" height=\"381\" srcset=\"https:\/\/www.visit-ulcinj.com\/blog\/wp-content\/uploads\/2017\/04\/LORENT-JOHN-Kayl-Luxemburg-Nazif-Cungu-Ulcinj-Ulqin-2.jpg 960w, https:\/\/www.visit-ulcinj.com\/blog\/wp-content\/uploads\/2017\/04\/LORENT-JOHN-Kayl-Luxemburg-Nazif-Cungu-Ulcinj-Ulqin-2-300x225.jpg 300w, https:\/\/www.visit-ulcinj.com\/blog\/wp-content\/uploads\/2017\/04\/LORENT-JOHN-Kayl-Luxemburg-Nazif-Cungu-Ulcinj-Ulqin-2-768x576.jpg 768w\" sizes=\"(max-width: 508px) 100vw, 508px\" \/><\/a> <a href=\"http:\/\/www.visit-ulcinj.com\/blog\/wp-content\/uploads\/2017\/04\/LORENT-JOHN-Kayl-Luxemburg-Nazif-Cungu-Ulcinj-Ulqin-1.jpg\"><img loading=\"lazy\" class=\"alignleft wp-image-104741\" src=\"http:\/\/www.visit-ulcinj.com\/blog\/wp-content\/uploads\/2017\/04\/LORENT-JOHN-Kayl-Luxemburg-Nazif-Cungu-Ulcinj-Ulqin-1.jpg\" alt=\"\" width=\"508\" height=\"382\" srcset=\"https:\/\/www.visit-ulcinj.com\/blog\/wp-content\/uploads\/2017\/04\/LORENT-JOHN-Kayl-Luxemburg-Nazif-Cungu-Ulcinj-Ulqin-1.jpg 852w, https:\/\/www.visit-ulcinj.com\/blog\/wp-content\/uploads\/2017\/04\/LORENT-JOHN-Kayl-Luxemburg-Nazif-Cungu-Ulcinj-Ulqin-1-300x225.jpg 300w, https:\/\/www.visit-ulcinj.com\/blog\/wp-content\/uploads\/2017\/04\/LORENT-JOHN-Kayl-Luxemburg-Nazif-Cungu-Ulcinj-Ulqin-1-768x577.jpg 768w\" sizes=\"(max-width: 508px) 100vw, 508px\" \/><\/a> <a href=\"http:\/\/www.visit-ulcinj.com\/blog\/wp-content\/uploads\/2017\/04\/LORENT-JOHN-Kayl-Luxemburg-Nazif-Cungu-Ulcinj-Ulqin-3.jpg\"><img loading=\"lazy\" class=\"alignleft wp-image-104742\" src=\"http:\/\/www.visit-ulcinj.com\/blog\/wp-content\/uploads\/2017\/04\/LORENT-JOHN-Kayl-Luxemburg-Nazif-Cungu-Ulcinj-Ulqin-3.jpg\" alt=\"\" width=\"508\" height=\"677\" srcset=\"https:\/\/www.visit-ulcinj.com\/blog\/wp-content\/uploads\/2017\/04\/LORENT-JOHN-Kayl-Luxemburg-Nazif-Cungu-Ulcinj-Ulqin-3.jpg 720w, https:\/\/www.visit-ulcinj.com\/blog\/wp-content\/uploads\/2017\/04\/LORENT-JOHN-Kayl-Luxemburg-Nazif-Cungu-Ulcinj-Ulqin-3-225x300.jpg 225w\" sizes=\"(max-width: 508px) 100vw, 508px\" \/><\/a><\/p>\n","protected":false},"excerpt":{"rendered":"<p>Delegacioni i qytetit t\u00eb Ulqinit n\u00eb krye me kryetarin e komun\u00ebs s\u00eb Ulqinit Nazif Cungu, me kryetarin e Kuvendit Loro Nrekiqi, Hadixha Gjoni, Mustaf Gorana dhe Asllan Llunji, q\u00ebndruan n\u00eb takimin p\u00ebrmbyll\u00ebs me an\u00ebtar\u00ebt e qytetit\u00a0Kayl nga Luksemburgu kryesuar nga kryetari i saj Xhon Lorent. B\u00ebra nj\u00eb vizit\u00eb n\u00eb komun\u00ebn Kayl t\u00eb Luksemburgut, n\u00eb kuad\u00ebr [&hellip;]<\/p>\n","protected":false},"author":1,"featured_media":0,"comment_status":"closed","ping_status":"closed","sticky":false,"template":"","format":"standard","meta":{"spay_email":"","jetpack_publicize_message":"","jetpack_is_tweetstorm":false,"jetpack_publicize_feature_enabled":true},"categories":[1,12],"tags":[],"jetpack_publicize_connections":[],"yoast_head":"<!-- This site is optimized with the Yoast SEO plugin v19.1 - https:\/\/yoast.com\/wordpress\/plugins\/seo\/ -->\n<title>Cungu: Binjak\u00ebzimi i Ulqinit dhe Kayl t\u00eb Luksemburgut n\u00eb mb\u00ebshtetje t\u00eb sektorit t\u00eb mjedisit + Foto - Lajme nga Ulqini<\/title>\n<meta name=\"description\" content=\"Delegacioni i qytetit t\u00eb Ulqinit n\u00eb krye me kryetarin e komun\u00ebs s\u00eb Ulqinit Nazif Cungu, me kryetarin e Kuvendit Loro Nrekiqi, Hadixha Gjoni, Mustaf Gorana\" \/>\n<meta name=\"robots\" content=\"index, follow, max-snippet:-1, max-image-preview:large, max-video-preview:-1\" \/>\n<link rel=\"canonical\" href=\"https:\/\/www.visit-ulcinj.com\/blog\/2017\/04\/29\/cungu-binjakezimi-ulqinit-dhe-kayl-te-luksemburgut-ne-mbeshtetje-te-sektorit-te-mjedisit-foto\/\" \/>\n<meta property=\"og:locale\" content=\"en_US\" \/>\n<meta property=\"og:type\" content=\"article\" \/>\n<meta property=\"og:title\" content=\"Cungu: Binjak\u00ebzimi i Ulqinit dhe Kayl t\u00eb Luksemburgut n\u00eb mb\u00ebshtetje t\u00eb sektorit t\u00eb mjedisit + Foto - Lajme nga Ulqini\" \/>\n<meta property=\"og:description\" content=\"Delegacioni i qytetit t\u00eb Ulqinit n\u00eb krye me kryetarin e komun\u00ebs s\u00eb Ulqinit Nazif Cungu, me kryetarin e Kuvendit Loro Nrekiqi, Hadixha Gjoni, Mustaf Gorana\" \/>\n<meta property=\"og:url\" content=\"https:\/\/www.visit-ulcinj.com\/blog\/2017\/04\/29\/cungu-binjakezimi-ulqinit-dhe-kayl-te-luksemburgut-ne-mbeshtetje-te-sektorit-te-mjedisit-foto\/\" \/>\n<meta property=\"og:site_name\" content=\"Lajme nga Ulqini\" \/>\n<meta property=\"article:published_time\" content=\"2017-04-29T13:13:24+00:00\" \/>\n<meta property=\"article:modified_time\" content=\"2017-04-30T11:46:46+00:00\" \/>\n<meta property=\"og:image\" content=\"http:\/\/www.visit-ulcinj.com\/blog\/wp-content\/uploads\/2017\/04\/LORENT-JOHN-Kayl-Luxemburg-Nazif-Cungu-Ulcinj-Ulqin.jpg\" \/>\n<meta name=\"twitter:label1\" content=\"Written by\" \/>\n\t<meta name=\"twitter:data1\" content=\"ulqini\" \/>\n\t<meta name=\"twitter:label2\" content=\"Est. reading time\" \/>\n\t<meta name=\"twitter:data2\" content=\"1 minute\" \/>\n<script type=\"application\/ld+json\" class=\"yoast-schema-graph\">{\"@context\":\"https:\/\/schema.org\",\"@graph\":[{\"@type\":\"WebSite\",\"@id\":\"https:\/\/www.visit-ulcinj.com\/blog\/#website\",\"url\":\"https:\/\/www.visit-ulcinj.com\/blog\/\",\"name\":\"Lajme nga Ulqini\",\"description\":\"Lajme,Vijesti,Ulqini,Ulqin,Crna Gora,Mali i Zi\",\"potentialAction\":[{\"@type\":\"SearchAction\",\"target\":{\"@type\":\"EntryPoint\",\"urlTemplate\":\"https:\/\/www.visit-ulcinj.com\/blog\/?s={search_term_string}\"},\"query-input\":\"required name=search_term_string\"}],\"inLanguage\":\"en-US\"},{\"@type\":\"ImageObject\",\"inLanguage\":\"en-US\",\"@id\":\"https:\/\/www.visit-ulcinj.com\/blog\/2017\/04\/29\/cungu-binjakezimi-ulqinit-dhe-kayl-te-luksemburgut-ne-mbeshtetje-te-sektorit-te-mjedisit-foto\/#primaryimage\",\"url\":\"https:\/\/www.visit-ulcinj.com\/blog\/wp-content\/uploads\/2017\/04\/LORENT-JOHN-Kayl-Luxemburg-Nazif-Cungu-Ulcinj-Ulqin.jpg\",\"contentUrl\":\"https:\/\/www.visit-ulcinj.com\/blog\/wp-content\/uploads\/2017\/04\/LORENT-JOHN-Kayl-Luxemburg-Nazif-Cungu-Ulcinj-Ulqin.jpg\",\"width\":960,\"height\":720},{\"@type\":\"WebPage\",\"@id\":\"https:\/\/www.visit-ulcinj.com\/blog\/2017\/04\/29\/cungu-binjakezimi-ulqinit-dhe-kayl-te-luksemburgut-ne-mbeshtetje-te-sektorit-te-mjedisit-foto\/#webpage\",\"url\":\"https:\/\/www.visit-ulcinj.com\/blog\/2017\/04\/29\/cungu-binjakezimi-ulqinit-dhe-kayl-te-luksemburgut-ne-mbeshtetje-te-sektorit-te-mjedisit-foto\/\",\"name\":\"Cungu: Binjak\u00ebzimi i Ulqinit dhe Kayl t\u00eb Luksemburgut n\u00eb mb\u00ebshtetje t\u00eb sektorit t\u00eb mjedisit + Foto - Lajme nga Ulqini\",\"isPartOf\":{\"@id\":\"https:\/\/www.visit-ulcinj.com\/blog\/#website\"},\"primaryImageOfPage\":{\"@id\":\"https:\/\/www.visit-ulcinj.com\/blog\/2017\/04\/29\/cungu-binjakezimi-ulqinit-dhe-kayl-te-luksemburgut-ne-mbeshtetje-te-sektorit-te-mjedisit-foto\/#primaryimage\"},\"datePublished\":\"2017-04-29T13:13:24+00:00\",\"dateModified\":\"2017-04-30T11:46:46+00:00\",\"author\":{\"@id\":\"https:\/\/www.visit-ulcinj.com\/blog\/#\/schema\/person\/dcab619c614d3038751c63bc2aadc06d\"},\"description\":\"Delegacioni i qytetit t\u00eb Ulqinit n\u00eb krye me kryetarin e komun\u00ebs s\u00eb Ulqinit Nazif Cungu, me kryetarin e Kuvendit Loro Nrekiqi, Hadixha Gjoni, Mustaf Gorana\",\"breadcrumb\":{\"@id\":\"https:\/\/www.visit-ulcinj.com\/blog\/2017\/04\/29\/cungu-binjakezimi-ulqinit-dhe-kayl-te-luksemburgut-ne-mbeshtetje-te-sektorit-te-mjedisit-foto\/#breadcrumb\"},\"inLanguage\":\"en-US\",\"potentialAction\":[{\"@type\":\"ReadAction\",\"target\":[\"https:\/\/www.visit-ulcinj.com\/blog\/2017\/04\/29\/cungu-binjakezimi-ulqinit-dhe-kayl-te-luksemburgut-ne-mbeshtetje-te-sektorit-te-mjedisit-foto\/\"]}]},{\"@type\":\"BreadcrumbList\",\"@id\":\"https:\/\/www.visit-ulcinj.com\/blog\/2017\/04\/29\/cungu-binjakezimi-ulqinit-dhe-kayl-te-luksemburgut-ne-mbeshtetje-te-sektorit-te-mjedisit-foto\/#breadcrumb\",\"itemListElement\":[{\"@type\":\"ListItem\",\"position\":1,\"name\":\"Cungu: Binjak\u00ebzimi i Ulqinit dhe Kayl t\u00eb Luksemburgut n\u00eb mb\u00ebshtetje t\u00eb sektorit t\u00eb mjedisit + Foto\"}]},{\"@type\":\"Person\",\"@id\":\"https:\/\/www.visit-ulcinj.com\/blog\/#\/schema\/person\/dcab619c614d3038751c63bc2aadc06d\",\"name\":\"ulqini\",\"sameAs\":[\"http:\/\/www.visit-ulcinj.com\"],\"url\":\"https:\/\/www.visit-ulcinj.com\/blog\/author\/admin\/\"}]}<\/script>\n<!-- \/ Yoast SEO plugin. -->","yoast_head_json":{"title":"Cungu: Binjak\u00ebzimi i Ulqinit dhe Kayl t\u00eb Luksemburgut n\u00eb mb\u00ebshtetje t\u00eb sektorit t\u00eb mjedisit + Foto - Lajme nga Ulqini","description":"Delegacioni i qytetit t\u00eb Ulqinit n\u00eb krye me kryetarin e komun\u00ebs s\u00eb Ulqinit Nazif Cungu, me kryetarin e Kuvendit Loro Nrekiqi, Hadixha Gjoni, Mustaf Gorana","robots":{"index":"index","follow":"follow","max-snippet":"max-snippet:-1","max-image-preview":"max-image-preview:large","max-video-preview":"max-video-preview:-1"},"canonical":"https:\/\/www.visit-ulcinj.com\/blog\/2017\/04\/29\/cungu-binjakezimi-ulqinit-dhe-kayl-te-luksemburgut-ne-mbeshtetje-te-sektorit-te-mjedisit-foto\/","og_locale":"en_US","og_type":"article","og_title":"Cungu: Binjak\u00ebzimi i Ulqinit dhe Kayl t\u00eb Luksemburgut n\u00eb mb\u00ebshtetje t\u00eb sektorit t\u00eb mjedisit + Foto - Lajme nga Ulqini","og_description":"Delegacioni i qytetit t\u00eb Ulqinit n\u00eb krye me kryetarin e komun\u00ebs s\u00eb Ulqinit Nazif Cungu, me kryetarin e Kuvendit Loro Nrekiqi, Hadixha Gjoni, Mustaf Gorana","og_url":"https:\/\/www.visit-ulcinj.com\/blog\/2017\/04\/29\/cungu-binjakezimi-ulqinit-dhe-kayl-te-luksemburgut-ne-mbeshtetje-te-sektorit-te-mjedisit-foto\/","og_site_name":"Lajme nga Ulqini","article_published_time":"2017-04-29T13:13:24+00:00","article_modified_time":"2017-04-30T11:46:46+00:00","og_image":[{"url":"http:\/\/www.visit-ulcinj.com\/blog\/wp-content\/uploads\/2017\/04\/LORENT-JOHN-Kayl-Luxemburg-Nazif-Cungu-Ulcinj-Ulqin.jpg"}],"twitter_misc":{"Written by":"ulqini","Est. reading time":"1 minute"},"schema":{"@context":"https:\/\/schema.org","@graph":[{"@type":"WebSite","@id":"https:\/\/www.visit-ulcinj.com\/blog\/#website","url":"https:\/\/www.visit-ulcinj.com\/blog\/","name":"Lajme nga Ulqini","description":"Lajme,Vijesti,Ulqini,Ulqin,Crna Gora,Mali i Zi","potentialAction":[{"@type":"SearchAction","target":{"@type":"EntryPoint","urlTemplate":"https:\/\/www.visit-ulcinj.com\/blog\/?s={search_term_string}"},"query-input":"required name=search_term_string"}],"inLanguage":"en-US"},{"@type":"ImageObject","inLanguage":"en-US","@id":"https:\/\/www.visit-ulcinj.com\/blog\/2017\/04\/29\/cungu-binjakezimi-ulqinit-dhe-kayl-te-luksemburgut-ne-mbeshtetje-te-sektorit-te-mjedisit-foto\/#primaryimage","url":"https:\/\/www.visit-ulcinj.com\/blog\/wp-content\/uploads\/2017\/04\/LORENT-JOHN-Kayl-Luxemburg-Nazif-Cungu-Ulcinj-Ulqin.jpg","contentUrl":"https:\/\/www.visit-ulcinj.com\/blog\/wp-content\/uploads\/2017\/04\/LORENT-JOHN-Kayl-Luxemburg-Nazif-Cungu-Ulcinj-Ulqin.jpg","width":960,"height":720},{"@type":"WebPage","@id":"https:\/\/www.visit-ulcinj.com\/blog\/2017\/04\/29\/cungu-binjakezimi-ulqinit-dhe-kayl-te-luksemburgut-ne-mbeshtetje-te-sektorit-te-mjedisit-foto\/#webpage","url":"https:\/\/www.visit-ulcinj.com\/blog\/2017\/04\/29\/cungu-binjakezimi-ulqinit-dhe-kayl-te-luksemburgut-ne-mbeshtetje-te-sektorit-te-mjedisit-foto\/","name":"Cungu: Binjak\u00ebzimi i Ulqinit dhe Kayl t\u00eb Luksemburgut n\u00eb mb\u00ebshtetje t\u00eb sektorit t\u00eb mjedisit + Foto - Lajme nga Ulqini","isPartOf":{"@id":"https:\/\/www.visit-ulcinj.com\/blog\/#website"},"primaryImageOfPage":{"@id":"https:\/\/www.visit-ulcinj.com\/blog\/2017\/04\/29\/cungu-binjakezimi-ulqinit-dhe-kayl-te-luksemburgut-ne-mbeshtetje-te-sektorit-te-mjedisit-foto\/#primaryimage"},"datePublished":"2017-04-29T13:13:24+00:00","dateModified":"2017-04-30T11:46:46+00:00","author":{"@id":"https:\/\/www.visit-ulcinj.com\/blog\/#\/schema\/person\/dcab619c614d3038751c63bc2aadc06d"},"description":"Delegacioni i qytetit t\u00eb Ulqinit n\u00eb krye me kryetarin e komun\u00ebs s\u00eb Ulqinit Nazif Cungu, me kryetarin e Kuvendit Loro Nrekiqi, Hadixha Gjoni, Mustaf Gorana","breadcrumb":{"@id":"https:\/\/www.visit-ulcinj.com\/blog\/2017\/04\/29\/cungu-binjakezimi-ulqinit-dhe-kayl-te-luksemburgut-ne-mbeshtetje-te-sektorit-te-mjedisit-foto\/#breadcrumb"},"inLanguage":"en-US","potentialAction":[{"@type":"ReadAction","target":["https:\/\/www.visit-ulcinj.com\/blog\/2017\/04\/29\/cungu-binjakezimi-ulqinit-dhe-kayl-te-luksemburgut-ne-mbeshtetje-te-sektorit-te-mjedisit-foto\/"]}]},{"@type":"BreadcrumbList","@id":"https:\/\/www.visit-ulcinj.com\/blog\/2017\/04\/29\/cungu-binjakezimi-ulqinit-dhe-kayl-te-luksemburgut-ne-mbeshtetje-te-sektorit-te-mjedisit-foto\/#breadcrumb","itemListElement":[{"@type":"ListItem","position":1,"name":"Cungu: Binjak\u00ebzimi i Ulqinit dhe Kayl t\u00eb Luksemburgut n\u00eb mb\u00ebshtetje t\u00eb sektorit t\u00eb mjedisit + Foto"}]},{"@type":"Person","@id":"https:\/\/www.visit-ulcinj.com\/blog\/#\/schema\/person\/dcab619c614d3038751c63bc2aadc06d","name":"ulqini","sameAs":["http:\/\/www.visit-ulcinj.com"],"url":"https:\/\/www.visit-ulcinj.com\/blog\/author\/admin\/"}]}},"jetpack_featured_media_url":"","jetpack_sharing_enabled":true,"jetpack_shortlink":"https:\/\/wp.me\/pe6lTn-rfj","_links":{"self":[{"href":"https:\/\/www.visit-ulcinj.com\/blog\/wp-json\/wp\/v2\/posts\/104737"}],"collection":[{"href":"https:\/\/www.visit-ulcinj.com\/blog\/wp-json\/wp\/v2\/posts"}],"about":[{"href":"https:\/\/www.visit-ulcinj.com\/blog\/wp-json\/wp\/v2\/types\/post"}],"author":[{"embeddable":true,"href":"https:\/\/www.visit-ulcinj.com\/blog\/wp-json\/wp\/v2\/users\/1"}],"replies":[{"embeddable":true,"href":"https:\/\/www.visit-ulcinj.com\/blog\/wp-json\/wp\/v2\/comments?post=104737"}],"version-history":[{"count":3,"href":"https:\/\/www.visit-ulcinj.com\/blog\/wp-json\/wp\/v2\/posts\/104737\/revisions"}],"predecessor-version":[{"id":104745,"href":"https:\/\/www.visit-ulcinj.com\/blog\/wp-json\/wp\/v2\/posts\/104737\/revisions\/104745"}],"wp:attachment":[{"href":"https:\/\/www.visit-ulcinj.com\/blog\/wp-json\/wp\/v2\/media?parent=104737"}],"wp:term":[{"taxonomy":"category","embeddable":true,"href":"https:\/\/www.visit-ulcinj.com\/blog\/wp-json\/wp\/v2\/categories?post=104737"},{"taxonomy":"post_tag","embeddable":true,"href":"https:\/\/www.visit-ulcinj.com\/blog\/wp-json\/wp\/v2\/tags?post=104737"}],"curies":[{"name":"wp","href":"https:\/\/api.w.org\/{rel}","templated":true}]}}