{"id":104746,"date":"2017-04-29T17:39:19","date_gmt":"2017-04-29T16:39:19","guid":{"rendered":"http:\/\/www.visit-ulcinj.com\/blog\/?p=104746"},"modified":"2017-04-29T17:39:19","modified_gmt":"2017-04-29T16:39:19","slug":"partia-demokratike-uron-ilir-meten-per-postin-e-presidentit","status":"publish","type":"post","link":"https:\/\/www.visit-ulcinj.com\/blog\/2017\/04\/29\/partia-demokratike-uron-ilir-meten-per-postin-e-presidentit\/","title":{"rendered":"Partia Demokratike uron Ilir Met\u00ebn p\u00ebr postin e Presidentit"},"content":{"rendered":"<p><strong><a href=\"http:\/\/www.visit-ulcinj.com\/blog\/wp-content\/uploads\/2015\/12\/Partia-demokratike-ulqin.jpg\"><img loading=\"lazy\" class=\"alignleft wp-image-93813\" src=\"http:\/\/www.visit-ulcinj.com\/blog\/wp-content\/uploads\/2015\/12\/Partia-demokratike-ulqin.jpg\" alt=\"\" width=\"508\" height=\"338\" srcset=\"https:\/\/www.visit-ulcinj.com\/blog\/wp-content\/uploads\/2015\/12\/Partia-demokratike-ulqin.jpg 800w, https:\/\/www.visit-ulcinj.com\/blog\/wp-content\/uploads\/2015\/12\/Partia-demokratike-ulqin-300x200.jpg 300w\" sizes=\"(max-width: 508px) 100vw, 508px\" \/><\/a>Urim me rastin e zgjedhjes s\u00eb z. Ilir Meta President i Republik\u00ebs s\u00eb Shqip\u00ebris\u00eb<\/strong><\/p>\n<p>&nbsp;<\/p>\n<p>Tashm\u00eb z. President i Republik\u00ebs s\u00eb Shqip\u00ebris\u00eb Ilir Meta, pranoni urimet m\u00eb t\u00eb sinqerta me rastin e zgjedhjes suaj President. Jemi t\u00eb bindur se detyr\u00ebn e Presidentit do ta kryeni me dinjitet dhe p\u00ebrgjegj\u00ebsi. Po ashtu jemi t\u00eb bindur se si President i Shtetit ton\u00eb am\u00eb, do t\u00eb angazhoheni edhe p\u00ebr p\u00ebrmir\u00ebsimin dhe avancimin e t\u00eb drejtave t\u00eb shqiptar\u00ebve n\u00eb Mal t\u00eb Zi. Ne, shqiptar\u00ebt n\u00eb Mal t\u00eb Zi k\u00ebrkojm\u00eb vet\u00ebm pak v\u00ebmendje dhe pak p\u00ebrkushtim tuajin, me q\u00ebllim, jo vet\u00ebm t\u00eb p\u00ebrmir\u00ebsimit t\u00eb pozit\u00ebs ton\u00eb k\u00ebtu n\u00eb trojet tona, por edhe t\u00eb marr\u00ebdh\u00ebnieve n\u00eb mes dy shteteve: Shqip\u00ebris\u00eb dhe Malit t\u00eb Zi.<\/p>\n<p>&nbsp;<\/p>\n<p>&nbsp;<\/p>\n<p>Ulqin, m\u00eb 29 prill 2017<\/p>\n<p>Partia Demokratike<\/p>\n<p>Ulqin<\/p>\n","protected":false},"excerpt":{"rendered":"<p>Urim me rastin e zgjedhjes s\u00eb z. Ilir Meta President i Republik\u00ebs s\u00eb Shqip\u00ebris\u00eb &nbsp; Tashm\u00eb z. President i Republik\u00ebs s\u00eb Shqip\u00ebris\u00eb Ilir Meta, pranoni urimet m\u00eb t\u00eb sinqerta me rastin e zgjedhjes suaj President. Jemi t\u00eb bindur se detyr\u00ebn e Presidentit do ta kryeni me dinjitet dhe p\u00ebrgjegj\u00ebsi. Po ashtu jemi t\u00eb bindur se [&hellip;]<\/p>\n","protected":false},"author":1,"featured_media":0,"comment_status":"closed","ping_status":"closed","sticky":false,"template":"","format":"standard","meta":{"spay_email":"","jetpack_publicize_message":"","jetpack_is_tweetstorm":false,"jetpack_publicize_feature_enabled":true},"categories":[7],"tags":[],"jetpack_publicize_connections":[],"yoast_head":"<!-- This site is optimized with the Yoast SEO plugin v19.1 - https:\/\/yoast.com\/wordpress\/plugins\/seo\/ -->\n<title>Partia Demokratike uron Ilir Met\u00ebn p\u00ebr postin e Presidentit - Lajme nga Ulqini<\/title>\n<meta name=\"description\" content=\"Urim me rastin e zgjedhjes s\u00eb z. Ilir Meta President i Republik\u00ebs s\u00eb Shqip\u00ebris\u00eb &nbsp; Tashm\u00eb z. President i Republik\u00ebs s\u00eb Shqip\u00ebris\u00eb Ilir Meta, pranoni\" \/>\n<meta name=\"robots\" content=\"index, follow, max-snippet:-1, max-image-preview:large, max-video-preview:-1\" \/>\n<link rel=\"canonical\" href=\"https:\/\/www.visit-ulcinj.com\/blog\/2017\/04\/29\/partia-demokratike-uron-ilir-meten-per-postin-e-presidentit\/\" \/>\n<meta property=\"og:locale\" content=\"en_US\" \/>\n<meta property=\"og:type\" content=\"article\" \/>\n<meta property=\"og:title\" content=\"Partia Demokratike uron Ilir Met\u00ebn p\u00ebr postin e Presidentit - Lajme nga Ulqini\" \/>\n<meta property=\"og:description\" content=\"Urim me rastin e zgjedhjes s\u00eb z. Ilir Meta President i Republik\u00ebs s\u00eb Shqip\u00ebris\u00eb &nbsp; Tashm\u00eb z. President i Republik\u00ebs s\u00eb Shqip\u00ebris\u00eb Ilir Meta, pranoni\" \/>\n<meta property=\"og:url\" content=\"https:\/\/www.visit-ulcinj.com\/blog\/2017\/04\/29\/partia-demokratike-uron-ilir-meten-per-postin-e-presidentit\/\" \/>\n<meta property=\"og:site_name\" content=\"Lajme nga Ulqini\" \/>\n<meta property=\"article:published_time\" content=\"2017-04-29T16:39:19+00:00\" \/>\n<meta property=\"og:image\" content=\"http:\/\/www.visit-ulcinj.com\/blog\/wp-content\/uploads\/2015\/12\/Partia-demokratike-ulqin.jpg\" \/>\n<meta name=\"twitter:label1\" content=\"Written by\" \/>\n\t<meta name=\"twitter:data1\" content=\"ulqini\" \/>\n\t<meta name=\"twitter:label2\" content=\"Est. reading time\" \/>\n\t<meta name=\"twitter:data2\" content=\"1 minute\" \/>\n<script type=\"application\/ld+json\" class=\"yoast-schema-graph\">{\"@context\":\"https:\/\/schema.org\",\"@graph\":[{\"@type\":\"WebSite\",\"@id\":\"https:\/\/www.visit-ulcinj.com\/blog\/#website\",\"url\":\"https:\/\/www.visit-ulcinj.com\/blog\/\",\"name\":\"Lajme nga Ulqini\",\"description\":\"Lajme,Vijesti,Ulqini,Ulqin,Crna Gora,Mali i Zi\",\"potentialAction\":[{\"@type\":\"SearchAction\",\"target\":{\"@type\":\"EntryPoint\",\"urlTemplate\":\"https:\/\/www.visit-ulcinj.com\/blog\/?s={search_term_string}\"},\"query-input\":\"required name=search_term_string\"}],\"inLanguage\":\"en-US\"},{\"@type\":\"ImageObject\",\"inLanguage\":\"en-US\",\"@id\":\"https:\/\/www.visit-ulcinj.com\/blog\/2017\/04\/29\/partia-demokratike-uron-ilir-meten-per-postin-e-presidentit\/#primaryimage\",\"url\":\"https:\/\/www.visit-ulcinj.com\/blog\/wp-content\/uploads\/2015\/12\/Partia-demokratike-ulqin.jpg\",\"contentUrl\":\"https:\/\/www.visit-ulcinj.com\/blog\/wp-content\/uploads\/2015\/12\/Partia-demokratike-ulqin.jpg\",\"width\":800,\"height\":533},{\"@type\":\"WebPage\",\"@id\":\"https:\/\/www.visit-ulcinj.com\/blog\/2017\/04\/29\/partia-demokratike-uron-ilir-meten-per-postin-e-presidentit\/#webpage\",\"url\":\"https:\/\/www.visit-ulcinj.com\/blog\/2017\/04\/29\/partia-demokratike-uron-ilir-meten-per-postin-e-presidentit\/\",\"name\":\"Partia Demokratike uron Ilir Met\u00ebn p\u00ebr postin e Presidentit - Lajme nga Ulqini\",\"isPartOf\":{\"@id\":\"https:\/\/www.visit-ulcinj.com\/blog\/#website\"},\"primaryImageOfPage\":{\"@id\":\"https:\/\/www.visit-ulcinj.com\/blog\/2017\/04\/29\/partia-demokratike-uron-ilir-meten-per-postin-e-presidentit\/#primaryimage\"},\"datePublished\":\"2017-04-29T16:39:19+00:00\",\"dateModified\":\"2017-04-29T16:39:19+00:00\",\"author\":{\"@id\":\"https:\/\/www.visit-ulcinj.com\/blog\/#\/schema\/person\/dcab619c614d3038751c63bc2aadc06d\"},\"description\":\"Urim me rastin e zgjedhjes s\u00eb z. Ilir Meta President i Republik\u00ebs s\u00eb Shqip\u00ebris\u00eb &nbsp; Tashm\u00eb z. President i Republik\u00ebs s\u00eb Shqip\u00ebris\u00eb Ilir Meta, pranoni\",\"breadcrumb\":{\"@id\":\"https:\/\/www.visit-ulcinj.com\/blog\/2017\/04\/29\/partia-demokratike-uron-ilir-meten-per-postin-e-presidentit\/#breadcrumb\"},\"inLanguage\":\"en-US\",\"potentialAction\":[{\"@type\":\"ReadAction\",\"target\":[\"https:\/\/www.visit-ulcinj.com\/blog\/2017\/04\/29\/partia-demokratike-uron-ilir-meten-per-postin-e-presidentit\/\"]}]},{\"@type\":\"BreadcrumbList\",\"@id\":\"https:\/\/www.visit-ulcinj.com\/blog\/2017\/04\/29\/partia-demokratike-uron-ilir-meten-per-postin-e-presidentit\/#breadcrumb\",\"itemListElement\":[{\"@type\":\"ListItem\",\"position\":1,\"name\":\"Partia Demokratike uron Ilir Met\u00ebn p\u00ebr postin e Presidentit\"}]},{\"@type\":\"Person\",\"@id\":\"https:\/\/www.visit-ulcinj.com\/blog\/#\/schema\/person\/dcab619c614d3038751c63bc2aadc06d\",\"name\":\"ulqini\",\"sameAs\":[\"http:\/\/www.visit-ulcinj.com\"],\"url\":\"https:\/\/www.visit-ulcinj.com\/blog\/author\/admin\/\"}]}<\/script>\n<!-- \/ Yoast SEO plugin. -->","yoast_head_json":{"title":"Partia Demokratike uron Ilir Met\u00ebn p\u00ebr postin e Presidentit - Lajme nga Ulqini","description":"Urim me rastin e zgjedhjes s\u00eb z. Ilir Meta President i Republik\u00ebs s\u00eb Shqip\u00ebris\u00eb &nbsp; Tashm\u00eb z. President i Republik\u00ebs s\u00eb Shqip\u00ebris\u00eb Ilir Meta, pranoni","robots":{"index":"index","follow":"follow","max-snippet":"max-snippet:-1","max-image-preview":"max-image-preview:large","max-video-preview":"max-video-preview:-1"},"canonical":"https:\/\/www.visit-ulcinj.com\/blog\/2017\/04\/29\/partia-demokratike-uron-ilir-meten-per-postin-e-presidentit\/","og_locale":"en_US","og_type":"article","og_title":"Partia Demokratike uron Ilir Met\u00ebn p\u00ebr postin e Presidentit - Lajme nga Ulqini","og_description":"Urim me rastin e zgjedhjes s\u00eb z. Ilir Meta President i Republik\u00ebs s\u00eb Shqip\u00ebris\u00eb &nbsp; Tashm\u00eb z. President i Republik\u00ebs s\u00eb Shqip\u00ebris\u00eb Ilir Meta, pranoni","og_url":"https:\/\/www.visit-ulcinj.com\/blog\/2017\/04\/29\/partia-demokratike-uron-ilir-meten-per-postin-e-presidentit\/","og_site_name":"Lajme nga Ulqini","article_published_time":"2017-04-29T16:39:19+00:00","og_image":[{"url":"http:\/\/www.visit-ulcinj.com\/blog\/wp-content\/uploads\/2015\/12\/Partia-demokratike-ulqin.jpg"}],"twitter_misc":{"Written by":"ulqini","Est. reading time":"1 minute"},"schema":{"@context":"https:\/\/schema.org","@graph":[{"@type":"WebSite","@id":"https:\/\/www.visit-ulcinj.com\/blog\/#website","url":"https:\/\/www.visit-ulcinj.com\/blog\/","name":"Lajme nga Ulqini","description":"Lajme,Vijesti,Ulqini,Ulqin,Crna Gora,Mali i Zi","potentialAction":[{"@type":"SearchAction","target":{"@type":"EntryPoint","urlTemplate":"https:\/\/www.visit-ulcinj.com\/blog\/?s={search_term_string}"},"query-input":"required name=search_term_string"}],"inLanguage":"en-US"},{"@type":"ImageObject","inLanguage":"en-US","@id":"https:\/\/www.visit-ulcinj.com\/blog\/2017\/04\/29\/partia-demokratike-uron-ilir-meten-per-postin-e-presidentit\/#primaryimage","url":"https:\/\/www.visit-ulcinj.com\/blog\/wp-content\/uploads\/2015\/12\/Partia-demokratike-ulqin.jpg","contentUrl":"https:\/\/www.visit-ulcinj.com\/blog\/wp-content\/uploads\/2015\/12\/Partia-demokratike-ulqin.jpg","width":800,"height":533},{"@type":"WebPage","@id":"https:\/\/www.visit-ulcinj.com\/blog\/2017\/04\/29\/partia-demokratike-uron-ilir-meten-per-postin-e-presidentit\/#webpage","url":"https:\/\/www.visit-ulcinj.com\/blog\/2017\/04\/29\/partia-demokratike-uron-ilir-meten-per-postin-e-presidentit\/","name":"Partia Demokratike uron Ilir Met\u00ebn p\u00ebr postin e Presidentit - Lajme nga Ulqini","isPartOf":{"@id":"https:\/\/www.visit-ulcinj.com\/blog\/#website"},"primaryImageOfPage":{"@id":"https:\/\/www.visit-ulcinj.com\/blog\/2017\/04\/29\/partia-demokratike-uron-ilir-meten-per-postin-e-presidentit\/#primaryimage"},"datePublished":"2017-04-29T16:39:19+00:00","dateModified":"2017-04-29T16:39:19+00:00","author":{"@id":"https:\/\/www.visit-ulcinj.com\/blog\/#\/schema\/person\/dcab619c614d3038751c63bc2aadc06d"},"description":"Urim me rastin e zgjedhjes s\u00eb z. Ilir Meta President i Republik\u00ebs s\u00eb Shqip\u00ebris\u00eb &nbsp; Tashm\u00eb z. President i Republik\u00ebs s\u00eb Shqip\u00ebris\u00eb Ilir Meta, pranoni","breadcrumb":{"@id":"https:\/\/www.visit-ulcinj.com\/blog\/2017\/04\/29\/partia-demokratike-uron-ilir-meten-per-postin-e-presidentit\/#breadcrumb"},"inLanguage":"en-US","potentialAction":[{"@type":"ReadAction","target":["https:\/\/www.visit-ulcinj.com\/blog\/2017\/04\/29\/partia-demokratike-uron-ilir-meten-per-postin-e-presidentit\/"]}]},{"@type":"BreadcrumbList","@id":"https:\/\/www.visit-ulcinj.com\/blog\/2017\/04\/29\/partia-demokratike-uron-ilir-meten-per-postin-e-presidentit\/#breadcrumb","itemListElement":[{"@type":"ListItem","position":1,"name":"Partia Demokratike uron Ilir Met\u00ebn p\u00ebr postin e Presidentit"}]},{"@type":"Person","@id":"https:\/\/www.visit-ulcinj.com\/blog\/#\/schema\/person\/dcab619c614d3038751c63bc2aadc06d","name":"ulqini","sameAs":["http:\/\/www.visit-ulcinj.com"],"url":"https:\/\/www.visit-ulcinj.com\/blog\/author\/admin\/"}]}},"jetpack_featured_media_url":"","jetpack_sharing_enabled":true,"jetpack_shortlink":"https:\/\/wp.me\/pe6lTn-rfs","_links":{"self":[{"href":"https:\/\/www.visit-ulcinj.com\/blog\/wp-json\/wp\/v2\/posts\/104746"}],"collection":[{"href":"https:\/\/www.visit-ulcinj.com\/blog\/wp-json\/wp\/v2\/posts"}],"about":[{"href":"https:\/\/www.visit-ulcinj.com\/blog\/wp-json\/wp\/v2\/types\/post"}],"author":[{"embeddable":true,"href":"https:\/\/www.visit-ulcinj.com\/blog\/wp-json\/wp\/v2\/users\/1"}],"replies":[{"embeddable":true,"href":"https:\/\/www.visit-ulcinj.com\/blog\/wp-json\/wp\/v2\/comments?post=104746"}],"version-history":[{"count":1,"href":"https:\/\/www.visit-ulcinj.com\/blog\/wp-json\/wp\/v2\/posts\/104746\/revisions"}],"predecessor-version":[{"id":104747,"href":"https:\/\/www.visit-ulcinj.com\/blog\/wp-json\/wp\/v2\/posts\/104746\/revisions\/104747"}],"wp:attachment":[{"href":"https:\/\/www.visit-ulcinj.com\/blog\/wp-json\/wp\/v2\/media?parent=104746"}],"wp:term":[{"taxonomy":"category","embeddable":true,"href":"https:\/\/www.visit-ulcinj.com\/blog\/wp-json\/wp\/v2\/categories?post=104746"},{"taxonomy":"post_tag","embeddable":true,"href":"https:\/\/www.visit-ulcinj.com\/blog\/wp-json\/wp\/v2\/tags?post=104746"}],"curies":[{"name":"wp","href":"https:\/\/api.w.org\/{rel}","templated":true}]}}