{"id":104751,"date":"2017-04-29T17:53:57","date_gmt":"2017-04-29T16:53:57","guid":{"rendered":"http:\/\/www.visit-ulcinj.com\/blog\/?p=104751"},"modified":"2017-04-29T17:53:57","modified_gmt":"2017-04-29T16:53:57","slug":"knsh-ftese-per-pjesemarrje-ne-diskutimin-publik-mbi-tekstet-e-projektligjeve-per-arsim","status":"publish","type":"post","link":"https:\/\/www.visit-ulcinj.com\/blog\/2017\/04\/29\/knsh-ftese-per-pjesemarrje-ne-diskutimin-publik-mbi-tekstet-e-projektligjeve-per-arsim\/","title":{"rendered":"KNSH: Ftes\u00eb p\u00ebr pjes\u00ebmarrje n\u00eb diskutimin publik mbi tekstet e projektligjeve p\u00ebr arsim"},"content":{"rendered":"<p><strong><a href=\"http:\/\/www.visit-ulcinj.com\/blog\/wp-content\/uploads\/2017\/04\/KNSH-Ftes\u00eb-p\u00ebr-pjes\u00ebmarrje-n\u00eb-diskutimin-publik-mbi-tekstet-e-projektligjeve-p\u00ebr-arsim.jpg\"><img loading=\"lazy\" class=\"alignleft wp-image-104752\" src=\"http:\/\/www.visit-ulcinj.com\/blog\/wp-content\/uploads\/2017\/04\/KNSH-Ftes\u00eb-p\u00ebr-pjes\u00ebmarrje-n\u00eb-diskutimin-publik-mbi-tekstet-e-projektligjeve-p\u00ebr-arsim.jpg\" alt=\"\" width=\"508\" height=\"508\" srcset=\"https:\/\/www.visit-ulcinj.com\/blog\/wp-content\/uploads\/2017\/04\/KNSH-Ftes\u00eb-p\u00ebr-pjes\u00ebmarrje-n\u00eb-diskutimin-publik-mbi-tekstet-e-projektligjeve-p\u00ebr-arsim.jpg 500w, https:\/\/www.visit-ulcinj.com\/blog\/wp-content\/uploads\/2017\/04\/KNSH-Ftes\u00eb-p\u00ebr-pjes\u00ebmarrje-n\u00eb-diskutimin-publik-mbi-tekstet-e-projektligjeve-p\u00ebr-arsim-150x150.jpg 150w, https:\/\/www.visit-ulcinj.com\/blog\/wp-content\/uploads\/2017\/04\/KNSH-Ftes\u00eb-p\u00ebr-pjes\u00ebmarrje-n\u00eb-diskutimin-publik-mbi-tekstet-e-projektligjeve-p\u00ebr-arsim-300x300.jpg 300w\" sizes=\"(max-width: 508px) 100vw, 508px\" \/><\/a>K\u00cbSHILLI KOMB\u00cbTAR I SHQIPTAR\u00cbVE N\u00cb MAL T\u00cb ZI<\/strong><br \/>\n<strong> NACIONALNI SAVJET ALBANACA U CRNOJ GORI<\/strong><br \/>\n<strong> ALBANIAN NATIONAL COUNCIL IN MONTENEGRO<\/strong><br \/>\nNr . 66\/17<br \/>\nUlqin, m\u00eb 29.04.2017<\/p>\n<p><strong>\u00a0<\/strong><\/p>\n<p><strong>FTES<\/strong><strong>\u00cb<\/strong><\/p>\n<p>&nbsp;<\/p>\n<p>T\u00eb nderuar,<\/p>\n<p>K\u00ebshilli Komb\u00ebtar i Shqiptar\u00ebve njofton opinionin se Ministria e Arsimit ka nxjerr\u00eb n\u00eb diskutim publik projektligjet mbi ndryshimet dhe plot\u00ebsimet e ligjeve ekzistuese t\u00eb arsimit n\u00eb Malin e Zi.<\/p>\n<p>Ftojm\u00eb t\u00eb gjith\u00eb aktor\u00ebt e interesuar, p\u00ebrfshir\u00eb specialist\u00eb t\u00eb arsimit, drejtues t\u00eb shkollave, m\u00ebsimdh\u00ebn\u00ebs, p\u00ebrfaq\u00ebsues t\u00eb partive politike dhe t\u00eb shoq\u00ebris\u00eb civile etj., q\u00eb t\u00eb japin propozimet, sugjerimet dhe komentet e tyre n\u00eb propozimet e ligjeve.<\/p>\n<p>Propozimet, sugjerimet dhe komentet mund t\u2019i d\u00ebrgoni n\u00eb adres\u00ebn e K\u00ebshillit deri m\u00eb 7 maj 2017, n\u00eb adres\u00ebn e e-mailit: <strong><a href=\"mailto:knsh@t-com.me\">knsh@t-com.me<\/a><\/strong> ose drejt\u00ebp\u00ebrdrejt Ministris\u00eb s\u00eb Arsimit, n\u00eb adres\u00ebn e e-mailit:<strong> <a href=\"mailto:mps@mps.gov.me\">mps@mps.gov.me<\/a> <\/strong>deri m\u00eb 10 maj 2017.<\/p>\n<p>Projektligjet mbi ndryshimet dhe plot\u00ebsimet e ligjeve t\u00eb arsimit mund t\u2019i gjeni duke klikuar n\u00eb adres\u00ebn e m\u00ebposhtme.<\/p>\n<p><strong><a href=\"http:\/\/www.mps.gov.me\/vijesti\/171493\/P-O-Z-I-V.html\">http:\/\/www.mps.gov.me\/vijesti\/171493\/P-O-Z-I-V.html<\/a><\/strong><\/p>\n<p>P\u00ebr t\u2019u informuar p\u00ebr ligjet e arsimit n\u00eb fuqi mund t\u00eb vizitoni web faqen ton\u00eb <strong><a href=\"http:\/\/www.knsh.me\">www.knsh.me<\/a><\/strong><\/p>\n<p>P\u00ebr \u00e7do gj\u00eb, Ju lutem, mund t\u00eb na kontaktoni n\u00eb numrin e <strong>tel. 030\/411 302<\/strong> ose n\u00eb adres\u00ebn e e-mailit: <strong>\u00a0<a href=\"mailto:knsh@t-com.me\">knsh@t-com.me<\/a><\/strong><\/p>\n<p>&nbsp;<\/p>\n<p>Sh\u00ebrbimi p\u00ebr informim<\/p>\n","protected":false},"excerpt":{"rendered":"<p>K\u00cbSHILLI KOMB\u00cbTAR I SHQIPTAR\u00cbVE N\u00cb MAL T\u00cb ZI NACIONALNI SAVJET ALBANACA U CRNOJ GORI ALBANIAN NATIONAL COUNCIL IN MONTENEGRO Nr . 66\/17 Ulqin, m\u00eb 29.04.2017 \u00a0 FTES\u00cb &nbsp; T\u00eb nderuar, K\u00ebshilli Komb\u00ebtar i Shqiptar\u00ebve njofton opinionin se Ministria e Arsimit ka nxjerr\u00eb n\u00eb diskutim publik projektligjet mbi ndryshimet dhe plot\u00ebsimet e ligjeve ekzistuese t\u00eb arsimit [&hellip;]<\/p>\n","protected":false},"author":1,"featured_media":0,"comment_status":"closed","ping_status":"closed","sticky":false,"template":"","format":"standard","meta":{"spay_email":"","jetpack_publicize_message":"","jetpack_is_tweetstorm":false,"jetpack_publicize_feature_enabled":true},"categories":[4],"tags":[],"jetpack_publicize_connections":[],"yoast_head":"<!-- This site is optimized with the Yoast SEO plugin v19.1 - https:\/\/yoast.com\/wordpress\/plugins\/seo\/ -->\n<title>KNSH: Ftes\u00eb p\u00ebr pjes\u00ebmarrje n\u00eb diskutimin publik mbi tekstet e projektligjeve p\u00ebr arsim - Lajme nga Ulqini<\/title>\n<meta name=\"description\" content=\"K\u00cbSHILLI KOMB\u00cbTAR I SHQIPTAR\u00cbVE N\u00cb MAL T\u00cb ZI NACIONALNI SAVJET ALBANACA U CRNOJ GORI ALBANIAN NATIONAL COUNCIL IN MONTENEGRO Nr . 66\/17 Ulqin, m\u00eb\" \/>\n<meta name=\"robots\" content=\"index, follow, max-snippet:-1, max-image-preview:large, max-video-preview:-1\" \/>\n<link rel=\"canonical\" href=\"https:\/\/www.visit-ulcinj.com\/blog\/2017\/04\/29\/knsh-ftese-per-pjesemarrje-ne-diskutimin-publik-mbi-tekstet-e-projektligjeve-per-arsim\/\" \/>\n<meta property=\"og:locale\" content=\"en_US\" \/>\n<meta property=\"og:type\" content=\"article\" \/>\n<meta property=\"og:title\" content=\"KNSH: Ftes\u00eb p\u00ebr pjes\u00ebmarrje n\u00eb diskutimin publik mbi tekstet e projektligjeve p\u00ebr arsim - Lajme nga Ulqini\" \/>\n<meta property=\"og:description\" content=\"K\u00cbSHILLI KOMB\u00cbTAR I SHQIPTAR\u00cbVE N\u00cb MAL T\u00cb ZI NACIONALNI SAVJET ALBANACA U CRNOJ GORI ALBANIAN NATIONAL COUNCIL IN MONTENEGRO Nr . 66\/17 Ulqin, m\u00eb\" \/>\n<meta property=\"og:url\" content=\"https:\/\/www.visit-ulcinj.com\/blog\/2017\/04\/29\/knsh-ftese-per-pjesemarrje-ne-diskutimin-publik-mbi-tekstet-e-projektligjeve-per-arsim\/\" \/>\n<meta property=\"og:site_name\" content=\"Lajme nga Ulqini\" \/>\n<meta property=\"article:published_time\" content=\"2017-04-29T16:53:57+00:00\" \/>\n<meta name=\"twitter:label1\" content=\"Written by\" \/>\n\t<meta name=\"twitter:data1\" content=\"ulqini\" \/>\n\t<meta name=\"twitter:label2\" content=\"Est. reading time\" \/>\n\t<meta name=\"twitter:data2\" content=\"1 minute\" \/>\n<script type=\"application\/ld+json\" class=\"yoast-schema-graph\">{\"@context\":\"https:\/\/schema.org\",\"@graph\":[{\"@type\":\"WebSite\",\"@id\":\"https:\/\/www.visit-ulcinj.com\/blog\/#website\",\"url\":\"https:\/\/www.visit-ulcinj.com\/blog\/\",\"name\":\"Lajme nga Ulqini\",\"description\":\"Lajme,Vijesti,Ulqini,Ulqin,Crna Gora,Mali i Zi\",\"potentialAction\":[{\"@type\":\"SearchAction\",\"target\":{\"@type\":\"EntryPoint\",\"urlTemplate\":\"https:\/\/www.visit-ulcinj.com\/blog\/?s={search_term_string}\"},\"query-input\":\"required name=search_term_string\"}],\"inLanguage\":\"en-US\"},{\"@type\":\"WebPage\",\"@id\":\"https:\/\/www.visit-ulcinj.com\/blog\/2017\/04\/29\/knsh-ftese-per-pjesemarrje-ne-diskutimin-publik-mbi-tekstet-e-projektligjeve-per-arsim\/#webpage\",\"url\":\"https:\/\/www.visit-ulcinj.com\/blog\/2017\/04\/29\/knsh-ftese-per-pjesemarrje-ne-diskutimin-publik-mbi-tekstet-e-projektligjeve-per-arsim\/\",\"name\":\"KNSH: Ftes\u00eb p\u00ebr pjes\u00ebmarrje n\u00eb diskutimin publik mbi tekstet e projektligjeve p\u00ebr arsim - Lajme nga Ulqini\",\"isPartOf\":{\"@id\":\"https:\/\/www.visit-ulcinj.com\/blog\/#website\"},\"datePublished\":\"2017-04-29T16:53:57+00:00\",\"dateModified\":\"2017-04-29T16:53:57+00:00\",\"author\":{\"@id\":\"https:\/\/www.visit-ulcinj.com\/blog\/#\/schema\/person\/dcab619c614d3038751c63bc2aadc06d\"},\"description\":\"K\u00cbSHILLI KOMB\u00cbTAR I SHQIPTAR\u00cbVE N\u00cb MAL T\u00cb ZI NACIONALNI SAVJET ALBANACA U CRNOJ GORI ALBANIAN NATIONAL COUNCIL IN MONTENEGRO Nr . 66\/17 Ulqin, m\u00eb\",\"breadcrumb\":{\"@id\":\"https:\/\/www.visit-ulcinj.com\/blog\/2017\/04\/29\/knsh-ftese-per-pjesemarrje-ne-diskutimin-publik-mbi-tekstet-e-projektligjeve-per-arsim\/#breadcrumb\"},\"inLanguage\":\"en-US\",\"potentialAction\":[{\"@type\":\"ReadAction\",\"target\":[\"https:\/\/www.visit-ulcinj.com\/blog\/2017\/04\/29\/knsh-ftese-per-pjesemarrje-ne-diskutimin-publik-mbi-tekstet-e-projektligjeve-per-arsim\/\"]}]},{\"@type\":\"BreadcrumbList\",\"@id\":\"https:\/\/www.visit-ulcinj.com\/blog\/2017\/04\/29\/knsh-ftese-per-pjesemarrje-ne-diskutimin-publik-mbi-tekstet-e-projektligjeve-per-arsim\/#breadcrumb\",\"itemListElement\":[{\"@type\":\"ListItem\",\"position\":1,\"name\":\"KNSH: Ftes\u00eb p\u00ebr pjes\u00ebmarrje n\u00eb diskutimin publik mbi tekstet e projektligjeve p\u00ebr arsim\"}]},{\"@type\":\"Person\",\"@id\":\"https:\/\/www.visit-ulcinj.com\/blog\/#\/schema\/person\/dcab619c614d3038751c63bc2aadc06d\",\"name\":\"ulqini\",\"sameAs\":[\"http:\/\/www.visit-ulcinj.com\"],\"url\":\"https:\/\/www.visit-ulcinj.com\/blog\/author\/admin\/\"}]}<\/script>\n<!-- \/ Yoast SEO plugin. -->","yoast_head_json":{"title":"KNSH: Ftes\u00eb p\u00ebr pjes\u00ebmarrje n\u00eb diskutimin publik mbi tekstet e projektligjeve p\u00ebr arsim - Lajme nga Ulqini","description":"K\u00cbSHILLI KOMB\u00cbTAR I SHQIPTAR\u00cbVE N\u00cb MAL T\u00cb ZI NACIONALNI SAVJET ALBANACA U CRNOJ GORI ALBANIAN NATIONAL COUNCIL IN MONTENEGRO Nr . 66\/17 Ulqin, m\u00eb","robots":{"index":"index","follow":"follow","max-snippet":"max-snippet:-1","max-image-preview":"max-image-preview:large","max-video-preview":"max-video-preview:-1"},"canonical":"https:\/\/www.visit-ulcinj.com\/blog\/2017\/04\/29\/knsh-ftese-per-pjesemarrje-ne-diskutimin-publik-mbi-tekstet-e-projektligjeve-per-arsim\/","og_locale":"en_US","og_type":"article","og_title":"KNSH: Ftes\u00eb p\u00ebr pjes\u00ebmarrje n\u00eb diskutimin publik mbi tekstet e projektligjeve p\u00ebr arsim - Lajme nga Ulqini","og_description":"K\u00cbSHILLI KOMB\u00cbTAR I SHQIPTAR\u00cbVE N\u00cb MAL T\u00cb ZI NACIONALNI SAVJET ALBANACA U CRNOJ GORI ALBANIAN NATIONAL COUNCIL IN MONTENEGRO Nr . 66\/17 Ulqin, m\u00eb","og_url":"https:\/\/www.visit-ulcinj.com\/blog\/2017\/04\/29\/knsh-ftese-per-pjesemarrje-ne-diskutimin-publik-mbi-tekstet-e-projektligjeve-per-arsim\/","og_site_name":"Lajme nga Ulqini","article_published_time":"2017-04-29T16:53:57+00:00","twitter_misc":{"Written by":"ulqini","Est. reading time":"1 minute"},"schema":{"@context":"https:\/\/schema.org","@graph":[{"@type":"WebSite","@id":"https:\/\/www.visit-ulcinj.com\/blog\/#website","url":"https:\/\/www.visit-ulcinj.com\/blog\/","name":"Lajme nga Ulqini","description":"Lajme,Vijesti,Ulqini,Ulqin,Crna Gora,Mali i Zi","potentialAction":[{"@type":"SearchAction","target":{"@type":"EntryPoint","urlTemplate":"https:\/\/www.visit-ulcinj.com\/blog\/?s={search_term_string}"},"query-input":"required name=search_term_string"}],"inLanguage":"en-US"},{"@type":"WebPage","@id":"https:\/\/www.visit-ulcinj.com\/blog\/2017\/04\/29\/knsh-ftese-per-pjesemarrje-ne-diskutimin-publik-mbi-tekstet-e-projektligjeve-per-arsim\/#webpage","url":"https:\/\/www.visit-ulcinj.com\/blog\/2017\/04\/29\/knsh-ftese-per-pjesemarrje-ne-diskutimin-publik-mbi-tekstet-e-projektligjeve-per-arsim\/","name":"KNSH: Ftes\u00eb p\u00ebr pjes\u00ebmarrje n\u00eb diskutimin publik mbi tekstet e projektligjeve p\u00ebr arsim - Lajme nga Ulqini","isPartOf":{"@id":"https:\/\/www.visit-ulcinj.com\/blog\/#website"},"datePublished":"2017-04-29T16:53:57+00:00","dateModified":"2017-04-29T16:53:57+00:00","author":{"@id":"https:\/\/www.visit-ulcinj.com\/blog\/#\/schema\/person\/dcab619c614d3038751c63bc2aadc06d"},"description":"K\u00cbSHILLI KOMB\u00cbTAR I SHQIPTAR\u00cbVE N\u00cb MAL T\u00cb ZI NACIONALNI SAVJET ALBANACA U CRNOJ GORI ALBANIAN NATIONAL COUNCIL IN MONTENEGRO Nr . 66\/17 Ulqin, m\u00eb","breadcrumb":{"@id":"https:\/\/www.visit-ulcinj.com\/blog\/2017\/04\/29\/knsh-ftese-per-pjesemarrje-ne-diskutimin-publik-mbi-tekstet-e-projektligjeve-per-arsim\/#breadcrumb"},"inLanguage":"en-US","potentialAction":[{"@type":"ReadAction","target":["https:\/\/www.visit-ulcinj.com\/blog\/2017\/04\/29\/knsh-ftese-per-pjesemarrje-ne-diskutimin-publik-mbi-tekstet-e-projektligjeve-per-arsim\/"]}]},{"@type":"BreadcrumbList","@id":"https:\/\/www.visit-ulcinj.com\/blog\/2017\/04\/29\/knsh-ftese-per-pjesemarrje-ne-diskutimin-publik-mbi-tekstet-e-projektligjeve-per-arsim\/#breadcrumb","itemListElement":[{"@type":"ListItem","position":1,"name":"KNSH: Ftes\u00eb p\u00ebr pjes\u00ebmarrje n\u00eb diskutimin publik mbi tekstet e projektligjeve p\u00ebr arsim"}]},{"@type":"Person","@id":"https:\/\/www.visit-ulcinj.com\/blog\/#\/schema\/person\/dcab619c614d3038751c63bc2aadc06d","name":"ulqini","sameAs":["http:\/\/www.visit-ulcinj.com"],"url":"https:\/\/www.visit-ulcinj.com\/blog\/author\/admin\/"}]}},"jetpack_featured_media_url":"","jetpack_sharing_enabled":true,"jetpack_shortlink":"https:\/\/wp.me\/pe6lTn-rfx","_links":{"self":[{"href":"https:\/\/www.visit-ulcinj.com\/blog\/wp-json\/wp\/v2\/posts\/104751"}],"collection":[{"href":"https:\/\/www.visit-ulcinj.com\/blog\/wp-json\/wp\/v2\/posts"}],"about":[{"href":"https:\/\/www.visit-ulcinj.com\/blog\/wp-json\/wp\/v2\/types\/post"}],"author":[{"embeddable":true,"href":"https:\/\/www.visit-ulcinj.com\/blog\/wp-json\/wp\/v2\/users\/1"}],"replies":[{"embeddable":true,"href":"https:\/\/www.visit-ulcinj.com\/blog\/wp-json\/wp\/v2\/comments?post=104751"}],"version-history":[{"count":1,"href":"https:\/\/www.visit-ulcinj.com\/blog\/wp-json\/wp\/v2\/posts\/104751\/revisions"}],"predecessor-version":[{"id":104753,"href":"https:\/\/www.visit-ulcinj.com\/blog\/wp-json\/wp\/v2\/posts\/104751\/revisions\/104753"}],"wp:attachment":[{"href":"https:\/\/www.visit-ulcinj.com\/blog\/wp-json\/wp\/v2\/media?parent=104751"}],"wp:term":[{"taxonomy":"category","embeddable":true,"href":"https:\/\/www.visit-ulcinj.com\/blog\/wp-json\/wp\/v2\/categories?post=104751"},{"taxonomy":"post_tag","embeddable":true,"href":"https:\/\/www.visit-ulcinj.com\/blog\/wp-json\/wp\/v2\/tags?post=104751"}],"curies":[{"name":"wp","href":"https:\/\/api.w.org\/{rel}","templated":true}]}}