{"id":104755,"date":"2017-04-29T18:20:40","date_gmt":"2017-04-29T17:20:40","guid":{"rendered":"http:\/\/www.visit-ulcinj.com\/blog\/?p=104755"},"modified":"2017-04-30T12:47:19","modified_gmt":"2017-04-30T11:47:19","slug":"enver-hoxhaj-hyrja-e-malit-te-zi-ne-nato-garanci-per-sigurine-ne-ballkan","status":"publish","type":"post","link":"https:\/\/www.visit-ulcinj.com\/blog\/2017\/04\/29\/enver-hoxhaj-hyrja-e-malit-te-zi-ne-nato-garanci-per-sigurine-ne-ballkan\/","title":{"rendered":"Enver Hoxhaj: Hyrja e Malit t\u00eb Zi n\u00eb NATO garanci p\u00ebr sigurin\u00eb n\u00eb Ballkan"},"content":{"rendered":"<div class=\"readmore-paragraphs\">\n<p><a href=\"http:\/\/www.visit-ulcinj.com\/blog\/wp-content\/uploads\/2017\/04\/Srdjan-Darmanovic-Enver-Hoxhaj.jpg\"><img loading=\"lazy\" class=\"alignleft wp-image-104756\" src=\"http:\/\/www.visit-ulcinj.com\/blog\/wp-content\/uploads\/2017\/04\/Srdjan-Darmanovic-Enver-Hoxhaj.jpg\" alt=\"\" width=\"508\" height=\"349\" srcset=\"https:\/\/www.visit-ulcinj.com\/blog\/wp-content\/uploads\/2017\/04\/Srdjan-Darmanovic-Enver-Hoxhaj.jpg 900w, https:\/\/www.visit-ulcinj.com\/blog\/wp-content\/uploads\/2017\/04\/Srdjan-Darmanovic-Enver-Hoxhaj-300x206.jpg 300w, https:\/\/www.visit-ulcinj.com\/blog\/wp-content\/uploads\/2017\/04\/Srdjan-Darmanovic-Enver-Hoxhaj-768x528.jpg 768w\" sizes=\"(max-width: 508px) 100vw, 508px\" \/><\/a>Ministri i Pun\u00ebve t\u00eb Jashtme t\u00eb Kosov\u00ebs, Enver Hoxhaj ka zhvilluar sot bised\u00eb telefonike me homologun e tij nga Mali i Zi, Srdjan Darmanovi\u0107, ku e ka p\u00ebrg\u00ebzuar p\u00ebr votimin n\u00eb Parlamentin malazez pro an\u00ebtar\u00ebsimit t\u00eb k\u00ebtij shteti n\u00eb NATO.<\/p>\n<p>Ministri Hoxhaj ka th\u00ebn\u00eb se an\u00ebtar\u00ebsimi n\u00eb NATO i Malit t\u00eb Zi, \u00ebsht\u00eb nj\u00eb hap shum\u00eb i r\u00ebnd\u00ebsish\u00ebm p\u00ebr sigurin\u00eb dhe stabilitetin e Ballkanit.<\/p>\n<p>\u201cAn\u00ebtar\u00ebsimi i Malit t\u00eb Zi n\u00eb NATO reflekton siguri m\u00eb t\u00eb madhe p\u00ebr Ballkanin dhe goditje ndaj tendencave p\u00ebr ndikime t\u00eb jashtme anti-per\u00ebndimore n\u00eb Ballkan. Ky votim i Parlamentit malazez \u00ebsht\u00eb lajm i mir\u00eb jo vet\u00ebm p\u00ebr Malin e Zi, por edhe p\u00ebr Kosov\u00ebn si shtet fqinj dhe stabilitetin e rajonit\u201d, ka deklaruar Hoxhaj.<\/p>\n<p>Parlamenti i Malit t\u00eb Zi ka votuar dje pro an\u00ebtar\u00ebsimit t\u00eb vendit n\u00eb NATO.<\/p>\n<p><strong>Koha Net<\/strong><\/p>\n<\/div>\n","protected":false},"excerpt":{"rendered":"<p>Ministri i Pun\u00ebve t\u00eb Jashtme t\u00eb Kosov\u00ebs, Enver Hoxhaj ka zhvilluar sot bised\u00eb telefonike me homologun e tij nga Mali i Zi, Srdjan Darmanovi\u0107, ku e ka p\u00ebrg\u00ebzuar p\u00ebr votimin n\u00eb Parlamentin malazez pro an\u00ebtar\u00ebsimit t\u00eb k\u00ebtij shteti n\u00eb NATO. Ministri Hoxhaj ka th\u00ebn\u00eb se an\u00ebtar\u00ebsimi n\u00eb NATO i Malit t\u00eb Zi, \u00ebsht\u00eb nj\u00eb hap [&hellip;]<\/p>\n","protected":false},"author":1,"featured_media":0,"comment_status":"closed","ping_status":"closed","sticky":false,"template":"","format":"standard","meta":{"spay_email":"","jetpack_publicize_message":"","jetpack_is_tweetstorm":false,"jetpack_publicize_feature_enabled":true},"categories":[8],"tags":[],"jetpack_publicize_connections":[],"yoast_head":"<!-- This site is optimized with the Yoast SEO plugin v19.1 - https:\/\/yoast.com\/wordpress\/plugins\/seo\/ -->\n<title>Enver Hoxhaj: Hyrja e Malit t\u00eb Zi n\u00eb NATO garanci p\u00ebr sigurin\u00eb n\u00eb Ballkan - Lajme nga Ulqini<\/title>\n<meta name=\"description\" content=\"Ministri i Pun\u00ebve t\u00eb Jashtme t\u00eb Kosov\u00ebs, Enver Hoxhaj ka zhvilluar sot bised\u00eb telefonike me homologun e tij nga Mali i Zi, Srdjan Darmanovi\u0107, ku e ka\" \/>\n<meta name=\"robots\" content=\"index, follow, max-snippet:-1, max-image-preview:large, max-video-preview:-1\" \/>\n<link rel=\"canonical\" href=\"https:\/\/www.visit-ulcinj.com\/blog\/2017\/04\/29\/enver-hoxhaj-hyrja-e-malit-te-zi-ne-nato-garanci-per-sigurine-ne-ballkan\/\" \/>\n<meta property=\"og:locale\" content=\"en_US\" \/>\n<meta property=\"og:type\" content=\"article\" \/>\n<meta property=\"og:title\" content=\"Enver Hoxhaj: Hyrja e Malit t\u00eb Zi n\u00eb NATO garanci p\u00ebr sigurin\u00eb n\u00eb Ballkan - Lajme nga Ulqini\" \/>\n<meta property=\"og:description\" content=\"Ministri i Pun\u00ebve t\u00eb Jashtme t\u00eb Kosov\u00ebs, Enver Hoxhaj ka zhvilluar sot bised\u00eb telefonike me homologun e tij nga Mali i Zi, Srdjan Darmanovi\u0107, ku e ka\" \/>\n<meta property=\"og:url\" content=\"https:\/\/www.visit-ulcinj.com\/blog\/2017\/04\/29\/enver-hoxhaj-hyrja-e-malit-te-zi-ne-nato-garanci-per-sigurine-ne-ballkan\/\" \/>\n<meta property=\"og:site_name\" content=\"Lajme nga Ulqini\" \/>\n<meta property=\"article:published_time\" content=\"2017-04-29T17:20:40+00:00\" \/>\n<meta property=\"article:modified_time\" content=\"2017-04-30T11:47:19+00:00\" \/>\n<meta property=\"og:image\" content=\"http:\/\/www.visit-ulcinj.com\/blog\/wp-content\/uploads\/2017\/04\/Srdjan-Darmanovic-Enver-Hoxhaj.jpg\" \/>\n<meta name=\"twitter:label1\" content=\"Written by\" \/>\n\t<meta name=\"twitter:data1\" content=\"ulqini\" \/>\n\t<meta name=\"twitter:label2\" content=\"Est. reading time\" \/>\n\t<meta name=\"twitter:data2\" content=\"1 minute\" \/>\n<script type=\"application\/ld+json\" class=\"yoast-schema-graph\">{\"@context\":\"https:\/\/schema.org\",\"@graph\":[{\"@type\":\"WebSite\",\"@id\":\"https:\/\/www.visit-ulcinj.com\/blog\/#website\",\"url\":\"https:\/\/www.visit-ulcinj.com\/blog\/\",\"name\":\"Lajme nga Ulqini\",\"description\":\"Lajme,Vijesti,Ulqini,Ulqin,Crna Gora,Mali i Zi\",\"potentialAction\":[{\"@type\":\"SearchAction\",\"target\":{\"@type\":\"EntryPoint\",\"urlTemplate\":\"https:\/\/www.visit-ulcinj.com\/blog\/?s={search_term_string}\"},\"query-input\":\"required name=search_term_string\"}],\"inLanguage\":\"en-US\"},{\"@type\":\"ImageObject\",\"inLanguage\":\"en-US\",\"@id\":\"https:\/\/www.visit-ulcinj.com\/blog\/2017\/04\/29\/enver-hoxhaj-hyrja-e-malit-te-zi-ne-nato-garanci-per-sigurine-ne-ballkan\/#primaryimage\",\"url\":\"https:\/\/www.visit-ulcinj.com\/blog\/wp-content\/uploads\/2017\/04\/Srdjan-Darmanovic-Enver-Hoxhaj.jpg\",\"contentUrl\":\"https:\/\/www.visit-ulcinj.com\/blog\/wp-content\/uploads\/2017\/04\/Srdjan-Darmanovic-Enver-Hoxhaj.jpg\",\"width\":900,\"height\":619},{\"@type\":\"WebPage\",\"@id\":\"https:\/\/www.visit-ulcinj.com\/blog\/2017\/04\/29\/enver-hoxhaj-hyrja-e-malit-te-zi-ne-nato-garanci-per-sigurine-ne-ballkan\/#webpage\",\"url\":\"https:\/\/www.visit-ulcinj.com\/blog\/2017\/04\/29\/enver-hoxhaj-hyrja-e-malit-te-zi-ne-nato-garanci-per-sigurine-ne-ballkan\/\",\"name\":\"Enver Hoxhaj: Hyrja e Malit t\u00eb Zi n\u00eb NATO garanci p\u00ebr sigurin\u00eb n\u00eb Ballkan - Lajme nga Ulqini\",\"isPartOf\":{\"@id\":\"https:\/\/www.visit-ulcinj.com\/blog\/#website\"},\"primaryImageOfPage\":{\"@id\":\"https:\/\/www.visit-ulcinj.com\/blog\/2017\/04\/29\/enver-hoxhaj-hyrja-e-malit-te-zi-ne-nato-garanci-per-sigurine-ne-ballkan\/#primaryimage\"},\"datePublished\":\"2017-04-29T17:20:40+00:00\",\"dateModified\":\"2017-04-30T11:47:19+00:00\",\"author\":{\"@id\":\"https:\/\/www.visit-ulcinj.com\/blog\/#\/schema\/person\/dcab619c614d3038751c63bc2aadc06d\"},\"description\":\"Ministri i Pun\u00ebve t\u00eb Jashtme t\u00eb Kosov\u00ebs, Enver Hoxhaj ka zhvilluar sot bised\u00eb telefonike me homologun e tij nga Mali i Zi, Srdjan Darmanovi\u0107, ku e ka\",\"breadcrumb\":{\"@id\":\"https:\/\/www.visit-ulcinj.com\/blog\/2017\/04\/29\/enver-hoxhaj-hyrja-e-malit-te-zi-ne-nato-garanci-per-sigurine-ne-ballkan\/#breadcrumb\"},\"inLanguage\":\"en-US\",\"potentialAction\":[{\"@type\":\"ReadAction\",\"target\":[\"https:\/\/www.visit-ulcinj.com\/blog\/2017\/04\/29\/enver-hoxhaj-hyrja-e-malit-te-zi-ne-nato-garanci-per-sigurine-ne-ballkan\/\"]}]},{\"@type\":\"BreadcrumbList\",\"@id\":\"https:\/\/www.visit-ulcinj.com\/blog\/2017\/04\/29\/enver-hoxhaj-hyrja-e-malit-te-zi-ne-nato-garanci-per-sigurine-ne-ballkan\/#breadcrumb\",\"itemListElement\":[{\"@type\":\"ListItem\",\"position\":1,\"name\":\"Enver Hoxhaj: Hyrja e Malit t\u00eb Zi n\u00eb NATO garanci p\u00ebr sigurin\u00eb n\u00eb Ballkan\"}]},{\"@type\":\"Person\",\"@id\":\"https:\/\/www.visit-ulcinj.com\/blog\/#\/schema\/person\/dcab619c614d3038751c63bc2aadc06d\",\"name\":\"ulqini\",\"sameAs\":[\"http:\/\/www.visit-ulcinj.com\"],\"url\":\"https:\/\/www.visit-ulcinj.com\/blog\/author\/admin\/\"}]}<\/script>\n<!-- \/ Yoast SEO plugin. -->","yoast_head_json":{"title":"Enver Hoxhaj: Hyrja e Malit t\u00eb Zi n\u00eb NATO garanci p\u00ebr sigurin\u00eb n\u00eb Ballkan - Lajme nga Ulqini","description":"Ministri i Pun\u00ebve t\u00eb Jashtme t\u00eb Kosov\u00ebs, Enver Hoxhaj ka zhvilluar sot bised\u00eb telefonike me homologun e tij nga Mali i Zi, Srdjan Darmanovi\u0107, ku e ka","robots":{"index":"index","follow":"follow","max-snippet":"max-snippet:-1","max-image-preview":"max-image-preview:large","max-video-preview":"max-video-preview:-1"},"canonical":"https:\/\/www.visit-ulcinj.com\/blog\/2017\/04\/29\/enver-hoxhaj-hyrja-e-malit-te-zi-ne-nato-garanci-per-sigurine-ne-ballkan\/","og_locale":"en_US","og_type":"article","og_title":"Enver Hoxhaj: Hyrja e Malit t\u00eb Zi n\u00eb NATO garanci p\u00ebr sigurin\u00eb n\u00eb Ballkan - Lajme nga Ulqini","og_description":"Ministri i Pun\u00ebve t\u00eb Jashtme t\u00eb Kosov\u00ebs, Enver Hoxhaj ka zhvilluar sot bised\u00eb telefonike me homologun e tij nga Mali i Zi, Srdjan Darmanovi\u0107, ku e ka","og_url":"https:\/\/www.visit-ulcinj.com\/blog\/2017\/04\/29\/enver-hoxhaj-hyrja-e-malit-te-zi-ne-nato-garanci-per-sigurine-ne-ballkan\/","og_site_name":"Lajme nga Ulqini","article_published_time":"2017-04-29T17:20:40+00:00","article_modified_time":"2017-04-30T11:47:19+00:00","og_image":[{"url":"http:\/\/www.visit-ulcinj.com\/blog\/wp-content\/uploads\/2017\/04\/Srdjan-Darmanovic-Enver-Hoxhaj.jpg"}],"twitter_misc":{"Written by":"ulqini","Est. reading time":"1 minute"},"schema":{"@context":"https:\/\/schema.org","@graph":[{"@type":"WebSite","@id":"https:\/\/www.visit-ulcinj.com\/blog\/#website","url":"https:\/\/www.visit-ulcinj.com\/blog\/","name":"Lajme nga Ulqini","description":"Lajme,Vijesti,Ulqini,Ulqin,Crna Gora,Mali i Zi","potentialAction":[{"@type":"SearchAction","target":{"@type":"EntryPoint","urlTemplate":"https:\/\/www.visit-ulcinj.com\/blog\/?s={search_term_string}"},"query-input":"required name=search_term_string"}],"inLanguage":"en-US"},{"@type":"ImageObject","inLanguage":"en-US","@id":"https:\/\/www.visit-ulcinj.com\/blog\/2017\/04\/29\/enver-hoxhaj-hyrja-e-malit-te-zi-ne-nato-garanci-per-sigurine-ne-ballkan\/#primaryimage","url":"https:\/\/www.visit-ulcinj.com\/blog\/wp-content\/uploads\/2017\/04\/Srdjan-Darmanovic-Enver-Hoxhaj.jpg","contentUrl":"https:\/\/www.visit-ulcinj.com\/blog\/wp-content\/uploads\/2017\/04\/Srdjan-Darmanovic-Enver-Hoxhaj.jpg","width":900,"height":619},{"@type":"WebPage","@id":"https:\/\/www.visit-ulcinj.com\/blog\/2017\/04\/29\/enver-hoxhaj-hyrja-e-malit-te-zi-ne-nato-garanci-per-sigurine-ne-ballkan\/#webpage","url":"https:\/\/www.visit-ulcinj.com\/blog\/2017\/04\/29\/enver-hoxhaj-hyrja-e-malit-te-zi-ne-nato-garanci-per-sigurine-ne-ballkan\/","name":"Enver Hoxhaj: Hyrja e Malit t\u00eb Zi n\u00eb NATO garanci p\u00ebr sigurin\u00eb n\u00eb Ballkan - Lajme nga Ulqini","isPartOf":{"@id":"https:\/\/www.visit-ulcinj.com\/blog\/#website"},"primaryImageOfPage":{"@id":"https:\/\/www.visit-ulcinj.com\/blog\/2017\/04\/29\/enver-hoxhaj-hyrja-e-malit-te-zi-ne-nato-garanci-per-sigurine-ne-ballkan\/#primaryimage"},"datePublished":"2017-04-29T17:20:40+00:00","dateModified":"2017-04-30T11:47:19+00:00","author":{"@id":"https:\/\/www.visit-ulcinj.com\/blog\/#\/schema\/person\/dcab619c614d3038751c63bc2aadc06d"},"description":"Ministri i Pun\u00ebve t\u00eb Jashtme t\u00eb Kosov\u00ebs, Enver Hoxhaj ka zhvilluar sot bised\u00eb telefonike me homologun e tij nga Mali i Zi, Srdjan Darmanovi\u0107, ku e ka","breadcrumb":{"@id":"https:\/\/www.visit-ulcinj.com\/blog\/2017\/04\/29\/enver-hoxhaj-hyrja-e-malit-te-zi-ne-nato-garanci-per-sigurine-ne-ballkan\/#breadcrumb"},"inLanguage":"en-US","potentialAction":[{"@type":"ReadAction","target":["https:\/\/www.visit-ulcinj.com\/blog\/2017\/04\/29\/enver-hoxhaj-hyrja-e-malit-te-zi-ne-nato-garanci-per-sigurine-ne-ballkan\/"]}]},{"@type":"BreadcrumbList","@id":"https:\/\/www.visit-ulcinj.com\/blog\/2017\/04\/29\/enver-hoxhaj-hyrja-e-malit-te-zi-ne-nato-garanci-per-sigurine-ne-ballkan\/#breadcrumb","itemListElement":[{"@type":"ListItem","position":1,"name":"Enver Hoxhaj: Hyrja e Malit t\u00eb Zi n\u00eb NATO garanci p\u00ebr sigurin\u00eb n\u00eb Ballkan"}]},{"@type":"Person","@id":"https:\/\/www.visit-ulcinj.com\/blog\/#\/schema\/person\/dcab619c614d3038751c63bc2aadc06d","name":"ulqini","sameAs":["http:\/\/www.visit-ulcinj.com"],"url":"https:\/\/www.visit-ulcinj.com\/blog\/author\/admin\/"}]}},"jetpack_featured_media_url":"","jetpack_sharing_enabled":true,"jetpack_shortlink":"https:\/\/wp.me\/pe6lTn-rfB","_links":{"self":[{"href":"https:\/\/www.visit-ulcinj.com\/blog\/wp-json\/wp\/v2\/posts\/104755"}],"collection":[{"href":"https:\/\/www.visit-ulcinj.com\/blog\/wp-json\/wp\/v2\/posts"}],"about":[{"href":"https:\/\/www.visit-ulcinj.com\/blog\/wp-json\/wp\/v2\/types\/post"}],"author":[{"embeddable":true,"href":"https:\/\/www.visit-ulcinj.com\/blog\/wp-json\/wp\/v2\/users\/1"}],"replies":[{"embeddable":true,"href":"https:\/\/www.visit-ulcinj.com\/blog\/wp-json\/wp\/v2\/comments?post=104755"}],"version-history":[{"count":1,"href":"https:\/\/www.visit-ulcinj.com\/blog\/wp-json\/wp\/v2\/posts\/104755\/revisions"}],"predecessor-version":[{"id":104757,"href":"https:\/\/www.visit-ulcinj.com\/blog\/wp-json\/wp\/v2\/posts\/104755\/revisions\/104757"}],"wp:attachment":[{"href":"https:\/\/www.visit-ulcinj.com\/blog\/wp-json\/wp\/v2\/media?parent=104755"}],"wp:term":[{"taxonomy":"category","embeddable":true,"href":"https:\/\/www.visit-ulcinj.com\/blog\/wp-json\/wp\/v2\/categories?post=104755"},{"taxonomy":"post_tag","embeddable":true,"href":"https:\/\/www.visit-ulcinj.com\/blog\/wp-json\/wp\/v2\/tags?post=104755"}],"curies":[{"name":"wp","href":"https:\/\/api.w.org\/{rel}","templated":true}]}}