{"id":104764,"date":"2017-04-30T12:43:28","date_gmt":"2017-04-30T11:43:28","guid":{"rendered":"http:\/\/www.visit-ulcinj.com\/blog\/?p=104764"},"modified":"2017-05-02T15:52:16","modified_gmt":"2017-05-02T14:52:16","slug":"pronari-medies-lokale-ne-shkoder-e-pushon-nga-puna-simon-dhe-eliona-shkreli","status":"publish","type":"post","link":"https:\/\/www.visit-ulcinj.com\/blog\/2017\/04\/30\/pronari-medies-lokale-ne-shkoder-e-pushon-nga-puna-simon-dhe-eliona-shkreli\/","title":{"rendered":"Pronari i medies lokale n\u00eb Shkod\u00ebr, e pushon nga puna Simon dhe Eliona Shkreli"},"content":{"rendered":"<p class=\"r\"><strong><a href=\"http:\/\/www.visit-ulcinj.com\/blog\/wp-content\/uploads\/2017\/04\/Simon-dhe-Eliona-Shkreli.jpg\"><img loading=\"lazy\" class=\"alignleft wp-image-104765\" src=\"http:\/\/www.visit-ulcinj.com\/blog\/wp-content\/uploads\/2017\/04\/Simon-dhe-Eliona-Shkreli.jpg\" alt=\"\" width=\"508\" height=\"334\" \/><\/a>Pushohen nga puna dy gazetar\u00eb n\u00eb Shkod\u00ebr, shkak nj\u00eb status n\u00eb Facebook<\/strong><\/p>\n<div class=\"itemIntroText\">\n<p>Bur\u00eb e grua, gazetar\u00eb t\u00eb cil\u00ebt punonin prej vitesh n\u00eb nj\u00eb medie lokale n\u00eb Shkod\u00ebr jan\u00eb pushuar nga puna pa paralajm\u00ebrim, reaporton portali Shkodra News.<\/p>\n<\/div>\n<div class=\"row\">\n<p>\u00cbsht\u00eb fjala p\u00ebr Simon dhe Eliona Shkreli.M\u00ebsohet se shkak p\u00ebr k\u00ebt\u00eb shkarkim t\u00eb beft\u00eb \u00ebsht\u00eb b\u00ebr\u00eb nj\u00eb status i Simonit n\u00eb profilin e tij n\u00eb facebook. Gazetari ishte duke prezantuar bashk\u00eb me bashk\u00ebshorten e tij edicionin informativ t\u00eb lajmeve, kur ka marr\u00eb lajmin se \u00ebsht\u00eb pushuar nga puna.<\/p>\n<p>Simoni tregon se vendimi p\u00ebr shkarkimin e dyfisht\u00eb erdhi p\u00ebr shkak t\u00eb nj\u00eb reflektimi mbi situat\u00ebn politike n\u00eb facebook-un e tij personal.<\/p>\n<p>Menj\u00ebher\u00eb pas k\u00ebtij vendimi nga epror\u00ebt e televizionit lokal, Simoni nuk ka ndaluar s\u00eb shprehuri mendimin e tij dhe shkruan s\u00ebrish n\u00eb facebook: \u201cSi njeri i lire jam munduar gjithmone te shpreh mendimin tim. Por ja qe edhe liria e ka nje \u00e7mim. Kam zgjedh e do zgjedhi te ruaj lirin time. Pavaresisht pasojave! Respekt per koleget dhe miqt!!!\u201d.<\/p>\n<p>Duket se n\u00ebp\u00ebr mediat lokale ushtrohet m\u00eb shum\u00eb presion mbi pun\u00ebn dhe profesionin e gazetarit, nd\u00ebrsa shum\u00eb gazetar\u00eb jan\u00eb solidarizuar n\u00eb rrjetet sociale duke shprehur hapur mb\u00ebshtetjen e tyre p\u00ebr kolegun e shkarkuar nga puna.<\/p>\n<p><strong>Shkodra News<\/strong><\/p>\n<p><a href=\"http:\/\/www.visit-ulcinj.com\/blog\/wp-content\/uploads\/2017\/04\/Free-media_freedom.jpg\"><img loading=\"lazy\" class=\"alignleft wp-image-104768\" src=\"http:\/\/www.visit-ulcinj.com\/blog\/wp-content\/uploads\/2017\/04\/Free-media_freedom.jpg\" alt=\"\" width=\"508\" height=\"381\" \/><\/a><\/p>\n<p><strong>LIRIA E MEDIAS N\u00cb SHQIP\u00cbRI<\/strong><\/p>\n<p>Freedom House ka publikuar raportin p\u00ebr lirin\u00eb e medias p\u00ebr vitin 2016, ku vihen re nivele n\u00eb r\u00ebnie t\u00eb liris\u00eb edhe n\u00eb demokraci madhore. 2016 konsiderohet si pika m\u00eb e ul\u00ebt n\u00eb 13 vjet, p\u00ebr shkak t\u00eb sulmeve t\u00eb shtuara ndaj mediave t\u00eb pavarura e gazetar\u00ebve. Edhe vendi yn\u00eb ka sh\u00ebnuar nj\u00eb hap pas n\u00eb raportin me median e lir\u00eb, duke u renditur i 103-ti n\u00eb rang global dhe i 39-ti n\u00eb rajon.<\/p>\n<p>Krahasuar me vitin 2015, kur Shqip\u00ebria vler\u00ebsohej me 49 pik\u00eb, renditja m\u00eb e fundit tregon se vendi ka b\u00ebr\u00eb nj\u00eb hap pas dhe vijon t\u00eb klasifikohet si nj\u00eb mjedis me shtyp pjes\u00ebrisht t\u00eb lir\u00eb. N\u00eb p\u00ebrgjith\u00ebsi, rajoni i Ballkanit per\u00ebndimor karakterizohet nga nj\u00eb presion i madh mbi mediat e pavarura. Situata m\u00eb e r\u00ebnduar n\u00eb rajon, paraqitet n\u00eb Maqedoni, e cila renditet n\u00eb pozicionin 139 n\u00eb rend global, me 64 pik\u00eb.<\/p>\n<p><strong>newsbomb.al<\/strong><\/p>\n<p><a href=\"http:\/\/www.visit-ulcinj.com\/blog\/wp-content\/uploads\/2017\/04\/Simon-Shkreli-Gazetar.jpg\"><img loading=\"lazy\" class=\"alignleft wp-image-104770\" src=\"http:\/\/www.visit-ulcinj.com\/blog\/wp-content\/uploads\/2017\/04\/Simon-Shkreli-Gazetar.jpg\" alt=\"\" width=\"508\" height=\"371\" srcset=\"https:\/\/www.visit-ulcinj.com\/blog\/wp-content\/uploads\/2017\/04\/Simon-Shkreli-Gazetar.jpg 960w, https:\/\/www.visit-ulcinj.com\/blog\/wp-content\/uploads\/2017\/04\/Simon-Shkreli-Gazetar-300x219.jpg 300w, https:\/\/www.visit-ulcinj.com\/blog\/wp-content\/uploads\/2017\/04\/Simon-Shkreli-Gazetar-768x561.jpg 768w\" sizes=\"(max-width: 508px) 100vw, 508px\" \/><\/a><\/p>\n<p id=\"js_9xv\" class=\"_5pbw _5vra\" data-ft=\"{&quot;tn&quot;:&quot;C&quot;}\"><span class=\"fwn fcg\"><span class=\"fwb fcg\" data-ft=\"{&quot;tn&quot;:&quot;;&quot;}\">Gazetari nga Shkodra Arben Viktor Shala n\u00eb faqen personale t\u00eb Facebookut shprehet p\u00ebr ngjarjen e fundi q\u00eb tronditi publikun e gj\u00ebr\u00eb, ku thuhet<br \/>\n<\/span><\/span><\/p>\n<p class=\"_5pbw _5vra\" data-ft=\"{&quot;tn&quot;:&quot;C&quot;}\"><span class=\"fwn fcg\"><span class=\"fwb fcg\" data-ft=\"{&quot;tn&quot;:&quot;;&quot;}\">Njoftohet shorti qe i ra ne cift gazetarit Simon Shkreli bashke me te shoqen, te cilet nuk e shiten vedin as para e as mrapa pushimit prej punet ne kete kohe shtrejtesiet per gjana tejet-tejet te neveritshme.<br \/>\nPergezime, ma shume se ngushellime, LIRISE!<\/span><\/span><\/p>\n<p class=\"_5pbw _5vra\" data-ft=\"{&quot;tn&quot;:&quot;C&quot;}\"><strong><a id=\"js_c3o\" class=\" UFICommentActorName\" dir=\"ltr\" href=\"https:\/\/www.facebook.com\/ben.shala.92?fref=ufi\" data-ft=\"{&quot;tn&quot;:&quot;;&quot;}\" data-hovercard=\"\/ajax\/hovercard\/hovercard.php?id=1114642081&amp;extragetparams=%7B%22is_public%22%3Afalse%2C%22hc_location%22%3A%22ufi%22%7D\">Arben Viktor Shala <\/a>Facebook<\/strong><\/p>\n<\/div>\n","protected":false},"excerpt":{"rendered":"<p>Pushohen nga puna dy gazetar\u00eb n\u00eb Shkod\u00ebr, shkak nj\u00eb status n\u00eb Facebook Bur\u00eb e grua, gazetar\u00eb t\u00eb cil\u00ebt punonin prej vitesh n\u00eb nj\u00eb medie lokale n\u00eb Shkod\u00ebr jan\u00eb pushuar nga puna pa paralajm\u00ebrim, reaporton portali Shkodra News. \u00cbsht\u00eb fjala p\u00ebr Simon dhe Eliona Shkreli.M\u00ebsohet se shkak p\u00ebr k\u00ebt\u00eb shkarkim t\u00eb beft\u00eb \u00ebsht\u00eb b\u00ebr\u00eb nj\u00eb status [&hellip;]<\/p>\n","protected":false},"author":1,"featured_media":0,"comment_status":"closed","ping_status":"closed","sticky":false,"template":"","format":"standard","meta":{"spay_email":"","jetpack_publicize_message":"","jetpack_is_tweetstorm":false,"jetpack_publicize_feature_enabled":true},"categories":[7,1],"tags":[],"jetpack_publicize_connections":[],"yoast_head":"<!-- This site is optimized with the Yoast SEO plugin v19.1 - https:\/\/yoast.com\/wordpress\/plugins\/seo\/ -->\n<title>Pronari i medies lokale n\u00eb Shkod\u00ebr, e pushon nga puna Simon dhe Eliona Shkreli - Lajme nga Ulqini<\/title>\n<meta name=\"description\" content=\"Pushohen nga puna dy gazetar\u00eb n\u00eb Shkod\u00ebr, shkak nj\u00eb status n\u00eb Facebook Bur\u00eb e grua, gazetar\u00eb t\u00eb cil\u00ebt punonin prej vitesh n\u00eb nj\u00eb medie lokale n\u00eb Shkod\u00ebr\" \/>\n<meta name=\"robots\" content=\"index, follow, max-snippet:-1, max-image-preview:large, max-video-preview:-1\" \/>\n<link rel=\"canonical\" href=\"https:\/\/www.visit-ulcinj.com\/blog\/2017\/04\/30\/pronari-medies-lokale-ne-shkoder-e-pushon-nga-puna-simon-dhe-eliona-shkreli\/\" \/>\n<meta property=\"og:locale\" content=\"en_US\" \/>\n<meta property=\"og:type\" content=\"article\" \/>\n<meta property=\"og:title\" content=\"Pronari i medies lokale n\u00eb Shkod\u00ebr, e pushon nga puna Simon dhe Eliona Shkreli - Lajme nga Ulqini\" \/>\n<meta property=\"og:description\" content=\"Pushohen nga puna dy gazetar\u00eb n\u00eb Shkod\u00ebr, shkak nj\u00eb status n\u00eb Facebook Bur\u00eb e grua, gazetar\u00eb t\u00eb cil\u00ebt punonin prej vitesh n\u00eb nj\u00eb medie lokale n\u00eb Shkod\u00ebr\" \/>\n<meta property=\"og:url\" content=\"https:\/\/www.visit-ulcinj.com\/blog\/2017\/04\/30\/pronari-medies-lokale-ne-shkoder-e-pushon-nga-puna-simon-dhe-eliona-shkreli\/\" \/>\n<meta property=\"og:site_name\" content=\"Lajme nga Ulqini\" \/>\n<meta property=\"article:published_time\" content=\"2017-04-30T11:43:28+00:00\" \/>\n<meta property=\"article:modified_time\" content=\"2017-05-02T14:52:16+00:00\" \/>\n<meta property=\"og:image\" content=\"http:\/\/www.visit-ulcinj.com\/blog\/wp-content\/uploads\/2017\/04\/Simon-dhe-Eliona-Shkreli.jpg\" \/>\n<meta name=\"twitter:label1\" content=\"Written by\" \/>\n\t<meta name=\"twitter:data1\" content=\"ulqini\" \/>\n\t<meta name=\"twitter:label2\" content=\"Est. reading time\" \/>\n\t<meta name=\"twitter:data2\" content=\"2 minutes\" \/>\n<script type=\"application\/ld+json\" class=\"yoast-schema-graph\">{\"@context\":\"https:\/\/schema.org\",\"@graph\":[{\"@type\":\"WebSite\",\"@id\":\"https:\/\/www.visit-ulcinj.com\/blog\/#website\",\"url\":\"https:\/\/www.visit-ulcinj.com\/blog\/\",\"name\":\"Lajme nga Ulqini\",\"description\":\"Lajme,Vijesti,Ulqini,Ulqin,Crna Gora,Mali i Zi\",\"potentialAction\":[{\"@type\":\"SearchAction\",\"target\":{\"@type\":\"EntryPoint\",\"urlTemplate\":\"https:\/\/www.visit-ulcinj.com\/blog\/?s={search_term_string}\"},\"query-input\":\"required name=search_term_string\"}],\"inLanguage\":\"en-US\"},{\"@type\":\"ImageObject\",\"inLanguage\":\"en-US\",\"@id\":\"https:\/\/www.visit-ulcinj.com\/blog\/2017\/04\/30\/pronari-medies-lokale-ne-shkoder-e-pushon-nga-puna-simon-dhe-eliona-shkreli\/#primaryimage\",\"url\":\"http:\/\/www.visit-ulcinj.com\/blog\/wp-content\/uploads\/2017\/04\/Simon-dhe-Eliona-Shkreli.jpg\",\"contentUrl\":\"http:\/\/www.visit-ulcinj.com\/blog\/wp-content\/uploads\/2017\/04\/Simon-dhe-Eliona-Shkreli.jpg\"},{\"@type\":\"WebPage\",\"@id\":\"https:\/\/www.visit-ulcinj.com\/blog\/2017\/04\/30\/pronari-medies-lokale-ne-shkoder-e-pushon-nga-puna-simon-dhe-eliona-shkreli\/#webpage\",\"url\":\"https:\/\/www.visit-ulcinj.com\/blog\/2017\/04\/30\/pronari-medies-lokale-ne-shkoder-e-pushon-nga-puna-simon-dhe-eliona-shkreli\/\",\"name\":\"Pronari i medies lokale n\u00eb Shkod\u00ebr, e pushon nga puna Simon dhe Eliona Shkreli - Lajme nga Ulqini\",\"isPartOf\":{\"@id\":\"https:\/\/www.visit-ulcinj.com\/blog\/#website\"},\"primaryImageOfPage\":{\"@id\":\"https:\/\/www.visit-ulcinj.com\/blog\/2017\/04\/30\/pronari-medies-lokale-ne-shkoder-e-pushon-nga-puna-simon-dhe-eliona-shkreli\/#primaryimage\"},\"datePublished\":\"2017-04-30T11:43:28+00:00\",\"dateModified\":\"2017-05-02T14:52:16+00:00\",\"author\":{\"@id\":\"https:\/\/www.visit-ulcinj.com\/blog\/#\/schema\/person\/dcab619c614d3038751c63bc2aadc06d\"},\"description\":\"Pushohen nga puna dy gazetar\u00eb n\u00eb Shkod\u00ebr, shkak nj\u00eb status n\u00eb Facebook Bur\u00eb e grua, gazetar\u00eb t\u00eb cil\u00ebt punonin prej vitesh n\u00eb nj\u00eb medie lokale n\u00eb Shkod\u00ebr\",\"breadcrumb\":{\"@id\":\"https:\/\/www.visit-ulcinj.com\/blog\/2017\/04\/30\/pronari-medies-lokale-ne-shkoder-e-pushon-nga-puna-simon-dhe-eliona-shkreli\/#breadcrumb\"},\"inLanguage\":\"en-US\",\"potentialAction\":[{\"@type\":\"ReadAction\",\"target\":[\"https:\/\/www.visit-ulcinj.com\/blog\/2017\/04\/30\/pronari-medies-lokale-ne-shkoder-e-pushon-nga-puna-simon-dhe-eliona-shkreli\/\"]}]},{\"@type\":\"BreadcrumbList\",\"@id\":\"https:\/\/www.visit-ulcinj.com\/blog\/2017\/04\/30\/pronari-medies-lokale-ne-shkoder-e-pushon-nga-puna-simon-dhe-eliona-shkreli\/#breadcrumb\",\"itemListElement\":[{\"@type\":\"ListItem\",\"position\":1,\"name\":\"Pronari i medies lokale n\u00eb Shkod\u00ebr, e pushon nga puna Simon dhe Eliona Shkreli\"}]},{\"@type\":\"Person\",\"@id\":\"https:\/\/www.visit-ulcinj.com\/blog\/#\/schema\/person\/dcab619c614d3038751c63bc2aadc06d\",\"name\":\"ulqini\",\"sameAs\":[\"http:\/\/www.visit-ulcinj.com\"],\"url\":\"https:\/\/www.visit-ulcinj.com\/blog\/author\/admin\/\"}]}<\/script>\n<!-- \/ Yoast SEO plugin. -->","yoast_head_json":{"title":"Pronari i medies lokale n\u00eb Shkod\u00ebr, e pushon nga puna Simon dhe Eliona Shkreli - Lajme nga Ulqini","description":"Pushohen nga puna dy gazetar\u00eb n\u00eb Shkod\u00ebr, shkak nj\u00eb status n\u00eb Facebook Bur\u00eb e grua, gazetar\u00eb t\u00eb cil\u00ebt punonin prej vitesh n\u00eb nj\u00eb medie lokale n\u00eb Shkod\u00ebr","robots":{"index":"index","follow":"follow","max-snippet":"max-snippet:-1","max-image-preview":"max-image-preview:large","max-video-preview":"max-video-preview:-1"},"canonical":"https:\/\/www.visit-ulcinj.com\/blog\/2017\/04\/30\/pronari-medies-lokale-ne-shkoder-e-pushon-nga-puna-simon-dhe-eliona-shkreli\/","og_locale":"en_US","og_type":"article","og_title":"Pronari i medies lokale n\u00eb Shkod\u00ebr, e pushon nga puna Simon dhe Eliona Shkreli - Lajme nga Ulqini","og_description":"Pushohen nga puna dy gazetar\u00eb n\u00eb Shkod\u00ebr, shkak nj\u00eb status n\u00eb Facebook Bur\u00eb e grua, gazetar\u00eb t\u00eb cil\u00ebt punonin prej vitesh n\u00eb nj\u00eb medie lokale n\u00eb Shkod\u00ebr","og_url":"https:\/\/www.visit-ulcinj.com\/blog\/2017\/04\/30\/pronari-medies-lokale-ne-shkoder-e-pushon-nga-puna-simon-dhe-eliona-shkreli\/","og_site_name":"Lajme nga Ulqini","article_published_time":"2017-04-30T11:43:28+00:00","article_modified_time":"2017-05-02T14:52:16+00:00","og_image":[{"url":"http:\/\/www.visit-ulcinj.com\/blog\/wp-content\/uploads\/2017\/04\/Simon-dhe-Eliona-Shkreli.jpg"}],"twitter_misc":{"Written by":"ulqini","Est. reading time":"2 minutes"},"schema":{"@context":"https:\/\/schema.org","@graph":[{"@type":"WebSite","@id":"https:\/\/www.visit-ulcinj.com\/blog\/#website","url":"https:\/\/www.visit-ulcinj.com\/blog\/","name":"Lajme nga Ulqini","description":"Lajme,Vijesti,Ulqini,Ulqin,Crna Gora,Mali i Zi","potentialAction":[{"@type":"SearchAction","target":{"@type":"EntryPoint","urlTemplate":"https:\/\/www.visit-ulcinj.com\/blog\/?s={search_term_string}"},"query-input":"required name=search_term_string"}],"inLanguage":"en-US"},{"@type":"ImageObject","inLanguage":"en-US","@id":"https:\/\/www.visit-ulcinj.com\/blog\/2017\/04\/30\/pronari-medies-lokale-ne-shkoder-e-pushon-nga-puna-simon-dhe-eliona-shkreli\/#primaryimage","url":"http:\/\/www.visit-ulcinj.com\/blog\/wp-content\/uploads\/2017\/04\/Simon-dhe-Eliona-Shkreli.jpg","contentUrl":"http:\/\/www.visit-ulcinj.com\/blog\/wp-content\/uploads\/2017\/04\/Simon-dhe-Eliona-Shkreli.jpg"},{"@type":"WebPage","@id":"https:\/\/www.visit-ulcinj.com\/blog\/2017\/04\/30\/pronari-medies-lokale-ne-shkoder-e-pushon-nga-puna-simon-dhe-eliona-shkreli\/#webpage","url":"https:\/\/www.visit-ulcinj.com\/blog\/2017\/04\/30\/pronari-medies-lokale-ne-shkoder-e-pushon-nga-puna-simon-dhe-eliona-shkreli\/","name":"Pronari i medies lokale n\u00eb Shkod\u00ebr, e pushon nga puna Simon dhe Eliona Shkreli - Lajme nga Ulqini","isPartOf":{"@id":"https:\/\/www.visit-ulcinj.com\/blog\/#website"},"primaryImageOfPage":{"@id":"https:\/\/www.visit-ulcinj.com\/blog\/2017\/04\/30\/pronari-medies-lokale-ne-shkoder-e-pushon-nga-puna-simon-dhe-eliona-shkreli\/#primaryimage"},"datePublished":"2017-04-30T11:43:28+00:00","dateModified":"2017-05-02T14:52:16+00:00","author":{"@id":"https:\/\/www.visit-ulcinj.com\/blog\/#\/schema\/person\/dcab619c614d3038751c63bc2aadc06d"},"description":"Pushohen nga puna dy gazetar\u00eb n\u00eb Shkod\u00ebr, shkak nj\u00eb status n\u00eb Facebook Bur\u00eb e grua, gazetar\u00eb t\u00eb cil\u00ebt punonin prej vitesh n\u00eb nj\u00eb medie lokale n\u00eb Shkod\u00ebr","breadcrumb":{"@id":"https:\/\/www.visit-ulcinj.com\/blog\/2017\/04\/30\/pronari-medies-lokale-ne-shkoder-e-pushon-nga-puna-simon-dhe-eliona-shkreli\/#breadcrumb"},"inLanguage":"en-US","potentialAction":[{"@type":"ReadAction","target":["https:\/\/www.visit-ulcinj.com\/blog\/2017\/04\/30\/pronari-medies-lokale-ne-shkoder-e-pushon-nga-puna-simon-dhe-eliona-shkreli\/"]}]},{"@type":"BreadcrumbList","@id":"https:\/\/www.visit-ulcinj.com\/blog\/2017\/04\/30\/pronari-medies-lokale-ne-shkoder-e-pushon-nga-puna-simon-dhe-eliona-shkreli\/#breadcrumb","itemListElement":[{"@type":"ListItem","position":1,"name":"Pronari i medies lokale n\u00eb Shkod\u00ebr, e pushon nga puna Simon dhe Eliona Shkreli"}]},{"@type":"Person","@id":"https:\/\/www.visit-ulcinj.com\/blog\/#\/schema\/person\/dcab619c614d3038751c63bc2aadc06d","name":"ulqini","sameAs":["http:\/\/www.visit-ulcinj.com"],"url":"https:\/\/www.visit-ulcinj.com\/blog\/author\/admin\/"}]}},"jetpack_featured_media_url":"","jetpack_sharing_enabled":true,"jetpack_shortlink":"https:\/\/wp.me\/pe6lTn-rfK","_links":{"self":[{"href":"https:\/\/www.visit-ulcinj.com\/blog\/wp-json\/wp\/v2\/posts\/104764"}],"collection":[{"href":"https:\/\/www.visit-ulcinj.com\/blog\/wp-json\/wp\/v2\/posts"}],"about":[{"href":"https:\/\/www.visit-ulcinj.com\/blog\/wp-json\/wp\/v2\/types\/post"}],"author":[{"embeddable":true,"href":"https:\/\/www.visit-ulcinj.com\/blog\/wp-json\/wp\/v2\/users\/1"}],"replies":[{"embeddable":true,"href":"https:\/\/www.visit-ulcinj.com\/blog\/wp-json\/wp\/v2\/comments?post=104764"}],"version-history":[{"count":5,"href":"https:\/\/www.visit-ulcinj.com\/blog\/wp-json\/wp\/v2\/posts\/104764\/revisions"}],"predecessor-version":[{"id":104772,"href":"https:\/\/www.visit-ulcinj.com\/blog\/wp-json\/wp\/v2\/posts\/104764\/revisions\/104772"}],"wp:attachment":[{"href":"https:\/\/www.visit-ulcinj.com\/blog\/wp-json\/wp\/v2\/media?parent=104764"}],"wp:term":[{"taxonomy":"category","embeddable":true,"href":"https:\/\/www.visit-ulcinj.com\/blog\/wp-json\/wp\/v2\/categories?post=104764"},{"taxonomy":"post_tag","embeddable":true,"href":"https:\/\/www.visit-ulcinj.com\/blog\/wp-json\/wp\/v2\/tags?post=104764"}],"curies":[{"name":"wp","href":"https:\/\/api.w.org\/{rel}","templated":true}]}}