{"id":104773,"date":"2017-04-30T13:20:01","date_gmt":"2017-04-30T12:20:01","guid":{"rendered":"http:\/\/www.visit-ulcinj.com\/blog\/?p=104773"},"modified":"2017-04-30T13:24:40","modified_gmt":"2017-04-30T12:24:40","slug":"prishet-koalicioni-pdk-ldk-zgjedhjet-11-qershor","status":"publish","type":"post","link":"https:\/\/www.visit-ulcinj.com\/blog\/2017\/04\/30\/prishet-koalicioni-pdk-ldk-zgjedhjet-11-qershor\/","title":{"rendered":"Prishet koalicioni PDK-LDK, zgjedhjet me 11 qershor"},"content":{"rendered":"<p><a href=\"http:\/\/www.visit-ulcinj.com\/blog\/wp-content\/uploads\/2017\/04\/PDK-ja-prish-koalicionin-me-LDK.jpg\"><img loading=\"lazy\" class=\"alignleft wp-image-104774\" src=\"http:\/\/www.visit-ulcinj.com\/blog\/wp-content\/uploads\/2017\/04\/PDK-ja-prish-koalicionin-me-LDK.jpg\" alt=\"\" width=\"508\" height=\"381\" srcset=\"https:\/\/www.visit-ulcinj.com\/blog\/wp-content\/uploads\/2017\/04\/PDK-ja-prish-koalicionin-me-LDK.jpg 640w, https:\/\/www.visit-ulcinj.com\/blog\/wp-content\/uploads\/2017\/04\/PDK-ja-prish-koalicionin-me-LDK-300x225.jpg 300w\" sizes=\"(max-width: 508px) 100vw, 508px\" \/><\/a>Koalicionit PDK-LDK, po i vije fundi. Gazeta NewBorn nga burime t\u00eb konfirmuara brenda strukturave t\u00eb larta t\u00eb PDK-s\u00eb, m\u00ebson se kjo parti do ta prish koalicionin me LDK-n\u00eb e Isa Mustaf\u00ebs n\u00eb jav\u00ebn e par\u00eb t\u00eb muajit q\u00eb po vjen.<\/p>\n<p>Ky burim thot\u00eb p\u00ebr Gazet\u00ebn NewBorn, se koalicioni do t\u00eb prishet nj\u00eb dit\u00eb pas vizit\u00ebs s\u00eb\u00a0z\u00ebvend\u00ebsndihm\u00ebsekretarit amerikan t\u00eb Shtetit, Hoyt Yee, n\u00eb dit\u00ebn kur edhe do t\u00eb procedohet demarkacioni.<\/p>\n<p>Koalicioni PDK-LDK, me inicativ\u00ebn e kryevministrit Isa Mustafa, do ta procedoj\u00eb p\u00ebr votim n\u00eb Kuvendin e Kosov\u00ebs, Marr\u00ebveshjen e Demarkacionit me Malin e Zi, pas vizit\u00ebs s\u00eb Hoyt Yee.<\/p>\n<p>\u201dJava q\u00eb vjen m\u00eb s\u00eb largu e h\u00ebna ose e marta e jav\u00ebs s\u00eb dyt\u00eb t\u00eb majit do t\u00eb jet\u00eb dita e fundit e k\u00ebtij koalicioni. PDK-ja\u00a0\u00ebsht\u00eb e gatshme p\u00ebr zgjedhje dhe poashtu jemi t\u00eb gatsh\u00ebm p\u00ebr ta votuar edhe demarkacionin, por nuk jemi t\u00eb interesuar q\u00eb t\u00eb b\u00ebjm\u00eb lojna me k\u00ebt\u00eb marr\u00ebveshje. Qytetar\u00ebt duan zgjidhje t\u00eb k\u00ebtyre c\u00ebshtjeve dhe nuk duan zgjatje t\u00eb koh\u00ebs p\u00ebr to\u201d, tha ky burim n\u00eb kushte anonimiteti p\u00ebr Gazeta NewBorn.<\/p>\n<p>Ky burim p\u00ebr her\u00eb t\u00eb par\u00eb e ka dh\u00ebn\u00eb nj\u00eb dat\u00eb t\u00eb re e cila shihet si mund\u00ebsi q\u00eb t\u00eb jet\u00eb dita e zgjedhjeve.<\/p>\n<p>\u201dKoalicioni ka pasur t\u00eb prishet m\u00eb par\u00eb, jav\u00ebn q\u00eb po e l\u00ebm pas, por vizita e Mustaf\u00ebs n\u00eb Bruksel e shtyu at\u00eb. I japem edhe nj\u00eb mund\u00ebsi q\u00eb nuk pati sukses. Shtyrja e prishjes s\u00eb koalicionit ka shtyr\u00eb edhe dat\u00ebn e zgjedhjeve. Dita m\u00eb adekuate dhe m\u00eb e mir\u00eb p\u00ebr ti mbajtur ato po shihet t\u00eb jet\u00eb 11 qershori, dat\u00eb kjo e cila po flitet shum\u00eb n\u00eb PDK\u201d, u shpreh tutje ky burim p\u00ebr Gazeta NewBorn.<\/p>\n<p>Ndryshe nga kjo LDK-ja, po heziton ta d\u00ebrgoj demarkacionin n\u00eb Kuvend pa i siguruar votat p\u00ebr votim.<\/p>\n<p>Gazeta NewBorn<\/p>\n<p>&nbsp;<\/p>\n","protected":false},"excerpt":{"rendered":"<p>Koalicionit PDK-LDK, po i vije fundi. Gazeta NewBorn nga burime t\u00eb konfirmuara brenda strukturave t\u00eb larta t\u00eb PDK-s\u00eb, m\u00ebson se kjo parti do ta prish koalicionin me LDK-n\u00eb e Isa Mustaf\u00ebs n\u00eb jav\u00ebn e par\u00eb t\u00eb muajit q\u00eb po vjen. Ky burim thot\u00eb p\u00ebr Gazet\u00ebn NewBorn, se koalicioni do t\u00eb prishet nj\u00eb dit\u00eb pas vizit\u00ebs [&hellip;]<\/p>\n","protected":false},"author":1,"featured_media":0,"comment_status":"closed","ping_status":"closed","sticky":false,"template":"","format":"standard","meta":{"spay_email":"","jetpack_publicize_message":"","jetpack_is_tweetstorm":false,"jetpack_publicize_feature_enabled":true},"categories":[6950],"tags":[],"jetpack_publicize_connections":[],"yoast_head":"<!-- This site is optimized with the Yoast SEO plugin v19.1 - https:\/\/yoast.com\/wordpress\/plugins\/seo\/ -->\n<title>Prishet koalicioni PDK-LDK, zgjedhjet me 11 qershor - Lajme nga Ulqini<\/title>\n<meta name=\"description\" content=\"Koalicionit PDK-LDK, po i vije fundi. Gazeta NewBorn nga burime t\u00eb konfirmuara brenda strukturave t\u00eb larta t\u00eb PDK-s\u00eb, m\u00ebson se kjo parti do ta prish\" \/>\n<meta name=\"robots\" content=\"index, follow, max-snippet:-1, max-image-preview:large, max-video-preview:-1\" \/>\n<link rel=\"canonical\" href=\"https:\/\/www.visit-ulcinj.com\/blog\/2017\/04\/30\/prishet-koalicioni-pdk-ldk-zgjedhjet-11-qershor\/\" \/>\n<meta property=\"og:locale\" content=\"en_US\" \/>\n<meta property=\"og:type\" content=\"article\" \/>\n<meta property=\"og:title\" content=\"Prishet koalicioni PDK-LDK, zgjedhjet me 11 qershor - Lajme nga Ulqini\" \/>\n<meta property=\"og:description\" content=\"Koalicionit PDK-LDK, po i vije fundi. Gazeta NewBorn nga burime t\u00eb konfirmuara brenda strukturave t\u00eb larta t\u00eb PDK-s\u00eb, m\u00ebson se kjo parti do ta prish\" \/>\n<meta property=\"og:url\" content=\"https:\/\/www.visit-ulcinj.com\/blog\/2017\/04\/30\/prishet-koalicioni-pdk-ldk-zgjedhjet-11-qershor\/\" \/>\n<meta property=\"og:site_name\" content=\"Lajme nga Ulqini\" \/>\n<meta property=\"article:published_time\" content=\"2017-04-30T12:20:01+00:00\" \/>\n<meta property=\"article:modified_time\" content=\"2017-04-30T12:24:40+00:00\" \/>\n<meta property=\"og:image\" content=\"http:\/\/www.visit-ulcinj.com\/blog\/wp-content\/uploads\/2017\/04\/PDK-ja-prish-koalicionin-me-LDK.jpg\" \/>\n<meta name=\"twitter:label1\" content=\"Written by\" \/>\n\t<meta name=\"twitter:data1\" content=\"ulqini\" \/>\n\t<meta name=\"twitter:label2\" content=\"Est. reading time\" \/>\n\t<meta name=\"twitter:data2\" content=\"2 minutes\" \/>\n<script type=\"application\/ld+json\" class=\"yoast-schema-graph\">{\"@context\":\"https:\/\/schema.org\",\"@graph\":[{\"@type\":\"WebSite\",\"@id\":\"https:\/\/www.visit-ulcinj.com\/blog\/#website\",\"url\":\"https:\/\/www.visit-ulcinj.com\/blog\/\",\"name\":\"Lajme nga Ulqini\",\"description\":\"Lajme,Vijesti,Ulqini,Ulqin,Crna Gora,Mali i Zi\",\"potentialAction\":[{\"@type\":\"SearchAction\",\"target\":{\"@type\":\"EntryPoint\",\"urlTemplate\":\"https:\/\/www.visit-ulcinj.com\/blog\/?s={search_term_string}\"},\"query-input\":\"required name=search_term_string\"}],\"inLanguage\":\"en-US\"},{\"@type\":\"ImageObject\",\"inLanguage\":\"en-US\",\"@id\":\"https:\/\/www.visit-ulcinj.com\/blog\/2017\/04\/30\/prishet-koalicioni-pdk-ldk-zgjedhjet-11-qershor\/#primaryimage\",\"url\":\"https:\/\/www.visit-ulcinj.com\/blog\/wp-content\/uploads\/2017\/04\/PDK-ja-prish-koalicionin-me-LDK.jpg\",\"contentUrl\":\"https:\/\/www.visit-ulcinj.com\/blog\/wp-content\/uploads\/2017\/04\/PDK-ja-prish-koalicionin-me-LDK.jpg\",\"width\":640,\"height\":480},{\"@type\":\"WebPage\",\"@id\":\"https:\/\/www.visit-ulcinj.com\/blog\/2017\/04\/30\/prishet-koalicioni-pdk-ldk-zgjedhjet-11-qershor\/#webpage\",\"url\":\"https:\/\/www.visit-ulcinj.com\/blog\/2017\/04\/30\/prishet-koalicioni-pdk-ldk-zgjedhjet-11-qershor\/\",\"name\":\"Prishet koalicioni PDK-LDK, zgjedhjet me 11 qershor - Lajme nga Ulqini\",\"isPartOf\":{\"@id\":\"https:\/\/www.visit-ulcinj.com\/blog\/#website\"},\"primaryImageOfPage\":{\"@id\":\"https:\/\/www.visit-ulcinj.com\/blog\/2017\/04\/30\/prishet-koalicioni-pdk-ldk-zgjedhjet-11-qershor\/#primaryimage\"},\"datePublished\":\"2017-04-30T12:20:01+00:00\",\"dateModified\":\"2017-04-30T12:24:40+00:00\",\"author\":{\"@id\":\"https:\/\/www.visit-ulcinj.com\/blog\/#\/schema\/person\/dcab619c614d3038751c63bc2aadc06d\"},\"description\":\"Koalicionit PDK-LDK, po i vije fundi. Gazeta NewBorn nga burime t\u00eb konfirmuara brenda strukturave t\u00eb larta t\u00eb PDK-s\u00eb, m\u00ebson se kjo parti do ta prish\",\"breadcrumb\":{\"@id\":\"https:\/\/www.visit-ulcinj.com\/blog\/2017\/04\/30\/prishet-koalicioni-pdk-ldk-zgjedhjet-11-qershor\/#breadcrumb\"},\"inLanguage\":\"en-US\",\"potentialAction\":[{\"@type\":\"ReadAction\",\"target\":[\"https:\/\/www.visit-ulcinj.com\/blog\/2017\/04\/30\/prishet-koalicioni-pdk-ldk-zgjedhjet-11-qershor\/\"]}]},{\"@type\":\"BreadcrumbList\",\"@id\":\"https:\/\/www.visit-ulcinj.com\/blog\/2017\/04\/30\/prishet-koalicioni-pdk-ldk-zgjedhjet-11-qershor\/#breadcrumb\",\"itemListElement\":[{\"@type\":\"ListItem\",\"position\":1,\"name\":\"Prishet koalicioni PDK-LDK, zgjedhjet me 11 qershor\"}]},{\"@type\":\"Person\",\"@id\":\"https:\/\/www.visit-ulcinj.com\/blog\/#\/schema\/person\/dcab619c614d3038751c63bc2aadc06d\",\"name\":\"ulqini\",\"sameAs\":[\"http:\/\/www.visit-ulcinj.com\"],\"url\":\"https:\/\/www.visit-ulcinj.com\/blog\/author\/admin\/\"}]}<\/script>\n<!-- \/ Yoast SEO plugin. -->","yoast_head_json":{"title":"Prishet koalicioni PDK-LDK, zgjedhjet me 11 qershor - Lajme nga Ulqini","description":"Koalicionit PDK-LDK, po i vije fundi. Gazeta NewBorn nga burime t\u00eb konfirmuara brenda strukturave t\u00eb larta t\u00eb PDK-s\u00eb, m\u00ebson se kjo parti do ta prish","robots":{"index":"index","follow":"follow","max-snippet":"max-snippet:-1","max-image-preview":"max-image-preview:large","max-video-preview":"max-video-preview:-1"},"canonical":"https:\/\/www.visit-ulcinj.com\/blog\/2017\/04\/30\/prishet-koalicioni-pdk-ldk-zgjedhjet-11-qershor\/","og_locale":"en_US","og_type":"article","og_title":"Prishet koalicioni PDK-LDK, zgjedhjet me 11 qershor - Lajme nga Ulqini","og_description":"Koalicionit PDK-LDK, po i vije fundi. Gazeta NewBorn nga burime t\u00eb konfirmuara brenda strukturave t\u00eb larta t\u00eb PDK-s\u00eb, m\u00ebson se kjo parti do ta prish","og_url":"https:\/\/www.visit-ulcinj.com\/blog\/2017\/04\/30\/prishet-koalicioni-pdk-ldk-zgjedhjet-11-qershor\/","og_site_name":"Lajme nga Ulqini","article_published_time":"2017-04-30T12:20:01+00:00","article_modified_time":"2017-04-30T12:24:40+00:00","og_image":[{"url":"http:\/\/www.visit-ulcinj.com\/blog\/wp-content\/uploads\/2017\/04\/PDK-ja-prish-koalicionin-me-LDK.jpg"}],"twitter_misc":{"Written by":"ulqini","Est. reading time":"2 minutes"},"schema":{"@context":"https:\/\/schema.org","@graph":[{"@type":"WebSite","@id":"https:\/\/www.visit-ulcinj.com\/blog\/#website","url":"https:\/\/www.visit-ulcinj.com\/blog\/","name":"Lajme nga Ulqini","description":"Lajme,Vijesti,Ulqini,Ulqin,Crna Gora,Mali i Zi","potentialAction":[{"@type":"SearchAction","target":{"@type":"EntryPoint","urlTemplate":"https:\/\/www.visit-ulcinj.com\/blog\/?s={search_term_string}"},"query-input":"required name=search_term_string"}],"inLanguage":"en-US"},{"@type":"ImageObject","inLanguage":"en-US","@id":"https:\/\/www.visit-ulcinj.com\/blog\/2017\/04\/30\/prishet-koalicioni-pdk-ldk-zgjedhjet-11-qershor\/#primaryimage","url":"https:\/\/www.visit-ulcinj.com\/blog\/wp-content\/uploads\/2017\/04\/PDK-ja-prish-koalicionin-me-LDK.jpg","contentUrl":"https:\/\/www.visit-ulcinj.com\/blog\/wp-content\/uploads\/2017\/04\/PDK-ja-prish-koalicionin-me-LDK.jpg","width":640,"height":480},{"@type":"WebPage","@id":"https:\/\/www.visit-ulcinj.com\/blog\/2017\/04\/30\/prishet-koalicioni-pdk-ldk-zgjedhjet-11-qershor\/#webpage","url":"https:\/\/www.visit-ulcinj.com\/blog\/2017\/04\/30\/prishet-koalicioni-pdk-ldk-zgjedhjet-11-qershor\/","name":"Prishet koalicioni PDK-LDK, zgjedhjet me 11 qershor - Lajme nga Ulqini","isPartOf":{"@id":"https:\/\/www.visit-ulcinj.com\/blog\/#website"},"primaryImageOfPage":{"@id":"https:\/\/www.visit-ulcinj.com\/blog\/2017\/04\/30\/prishet-koalicioni-pdk-ldk-zgjedhjet-11-qershor\/#primaryimage"},"datePublished":"2017-04-30T12:20:01+00:00","dateModified":"2017-04-30T12:24:40+00:00","author":{"@id":"https:\/\/www.visit-ulcinj.com\/blog\/#\/schema\/person\/dcab619c614d3038751c63bc2aadc06d"},"description":"Koalicionit PDK-LDK, po i vije fundi. Gazeta NewBorn nga burime t\u00eb konfirmuara brenda strukturave t\u00eb larta t\u00eb PDK-s\u00eb, m\u00ebson se kjo parti do ta prish","breadcrumb":{"@id":"https:\/\/www.visit-ulcinj.com\/blog\/2017\/04\/30\/prishet-koalicioni-pdk-ldk-zgjedhjet-11-qershor\/#breadcrumb"},"inLanguage":"en-US","potentialAction":[{"@type":"ReadAction","target":["https:\/\/www.visit-ulcinj.com\/blog\/2017\/04\/30\/prishet-koalicioni-pdk-ldk-zgjedhjet-11-qershor\/"]}]},{"@type":"BreadcrumbList","@id":"https:\/\/www.visit-ulcinj.com\/blog\/2017\/04\/30\/prishet-koalicioni-pdk-ldk-zgjedhjet-11-qershor\/#breadcrumb","itemListElement":[{"@type":"ListItem","position":1,"name":"Prishet koalicioni PDK-LDK, zgjedhjet me 11 qershor"}]},{"@type":"Person","@id":"https:\/\/www.visit-ulcinj.com\/blog\/#\/schema\/person\/dcab619c614d3038751c63bc2aadc06d","name":"ulqini","sameAs":["http:\/\/www.visit-ulcinj.com"],"url":"https:\/\/www.visit-ulcinj.com\/blog\/author\/admin\/"}]}},"jetpack_featured_media_url":"","jetpack_sharing_enabled":true,"jetpack_shortlink":"https:\/\/wp.me\/pe6lTn-rfT","_links":{"self":[{"href":"https:\/\/www.visit-ulcinj.com\/blog\/wp-json\/wp\/v2\/posts\/104773"}],"collection":[{"href":"https:\/\/www.visit-ulcinj.com\/blog\/wp-json\/wp\/v2\/posts"}],"about":[{"href":"https:\/\/www.visit-ulcinj.com\/blog\/wp-json\/wp\/v2\/types\/post"}],"author":[{"embeddable":true,"href":"https:\/\/www.visit-ulcinj.com\/blog\/wp-json\/wp\/v2\/users\/1"}],"replies":[{"embeddable":true,"href":"https:\/\/www.visit-ulcinj.com\/blog\/wp-json\/wp\/v2\/comments?post=104773"}],"version-history":[{"count":1,"href":"https:\/\/www.visit-ulcinj.com\/blog\/wp-json\/wp\/v2\/posts\/104773\/revisions"}],"predecessor-version":[{"id":104775,"href":"https:\/\/www.visit-ulcinj.com\/blog\/wp-json\/wp\/v2\/posts\/104773\/revisions\/104775"}],"wp:attachment":[{"href":"https:\/\/www.visit-ulcinj.com\/blog\/wp-json\/wp\/v2\/media?parent=104773"}],"wp:term":[{"taxonomy":"category","embeddable":true,"href":"https:\/\/www.visit-ulcinj.com\/blog\/wp-json\/wp\/v2\/categories?post=104773"},{"taxonomy":"post_tag","embeddable":true,"href":"https:\/\/www.visit-ulcinj.com\/blog\/wp-json\/wp\/v2\/tags?post=104773"}],"curies":[{"name":"wp","href":"https:\/\/api.w.org\/{rel}","templated":true}]}}