{"id":104791,"date":"2017-05-01T13:56:17","date_gmt":"2017-05-01T12:56:17","guid":{"rendered":"http:\/\/www.visit-ulcinj.com\/blog\/?p=104791"},"modified":"2017-05-01T13:58:28","modified_gmt":"2017-05-01T12:58:28","slug":"flet-gazetari-simon-shkreli-per-statusin-ne-facebook-qe-kushtoi-vendin-e-punes","status":"publish","type":"post","link":"https:\/\/www.visit-ulcinj.com\/blog\/2017\/05\/01\/flet-gazetari-simon-shkreli-per-statusin-ne-facebook-qe-kushtoi-vendin-e-punes\/","title":{"rendered":"Flet gazetari Simon Shkreli p\u00ebr statusin n\u00eb Facebook, q\u00eb i kushtoi vendin e pun\u00ebs"},"content":{"rendered":"<p><a href=\"http:\/\/www.visit-ulcinj.com\/blog\/wp-content\/uploads\/2017\/04\/Simon-Shkreli-Gazetar.jpg\"><img loading=\"lazy\" class=\"alignleft wp-image-104770\" src=\"http:\/\/www.visit-ulcinj.com\/blog\/wp-content\/uploads\/2017\/04\/Simon-Shkreli-Gazetar.jpg\" alt=\"\" width=\"508\" height=\"371\" srcset=\"https:\/\/www.visit-ulcinj.com\/blog\/wp-content\/uploads\/2017\/04\/Simon-Shkreli-Gazetar.jpg 960w, https:\/\/www.visit-ulcinj.com\/blog\/wp-content\/uploads\/2017\/04\/Simon-Shkreli-Gazetar-300x219.jpg 300w, https:\/\/www.visit-ulcinj.com\/blog\/wp-content\/uploads\/2017\/04\/Simon-Shkreli-Gazetar-768x561.jpg 768w\" sizes=\"(max-width: 508px) 100vw, 508px\" \/><\/a>Simon Shkreli nuk \u00ebsht\u00eb em\u00ebr i panjohur p\u00ebr median shqiptare. Ai jeton dhe punon n\u00eb Shkod\u00ebr, me nj\u00eb karrier\u00eb t\u00eb gjat\u00eb n\u00eb median lokale \u00a0Tv1Channel dhe \u00ebsht\u00eb prej vitesh korrespondent i mediave kryesore n\u00eb vend.<\/p>\n<p>Simoni, gjithnj\u00eb ka spikatur p\u00ebr mpreht\u00ebsin\u00eb e mendimit dhe liris\u00eb s\u00eb fjal\u00ebs, duke g\u00ebzuar respektin absolut t\u00eb qytetareve shkodran\u00eb dhe koleg\u00ebve t\u00eb tij.<br \/>\nSipas\u00a0dritare.net, nj\u00eb status Facebook-u, nj\u00eb mendim personal n\u00eb hap\u00ebsir\u00ebn e tij personale virtuale, ka sjelle, befas largimin e tij nga puna , pa asnj\u00eb paralajm\u00ebrim. Por jo vet\u00ebm, por bashku me gruan e tij, Eliona Kodra gazetare e njohur dhe tep\u00ebr e dashur p\u00ebr shikuesit e publikun shkodran, qe prej vitesh \u00ebsht\u00eb b\u00ebr\u00eb pjes\u00eb e familjeve shkodrane nepermjet ekranit.<br \/>\nNj\u00eb muaj m\u00eb par\u00eb, \u00e7ifti i dashur i gazetar\u00ebve shkodran\u00eb, u b\u00ebn\u00eb prind\u00ebr p\u00ebr her\u00eb t\u00eb dyt\u00eb. Kane nje djal\u00eb dh\u00eb nj\u00eb vajz\u00eb dge befas, gjenden pa pun\u00eb. \u00a0N\u00eb nj\u00eb intervist\u00eb p\u00ebr\u00a0dritare.net,\u00a0 Simoni ka ndar\u00eb me ne t\u00eb v\u00ebrtet\u00ebn e k\u00ebtij lajmi q\u00eb n\u00eb fakt \u00ebsht\u00eb kthyer n\u00eb kryefjal\u00ebn e informacionit online, sot.\/dritare.net<\/p>\n<p><a href=\"http:\/\/www.visit-ulcinj.com\/blog\/wp-content\/uploads\/2017\/04\/Simon-dhe-Eliona-Shkreli.jpg\"><img loading=\"lazy\" class=\"alignleft wp-image-104765\" src=\"http:\/\/www.visit-ulcinj.com\/blog\/wp-content\/uploads\/2017\/04\/Simon-dhe-Eliona-Shkreli.jpg\" alt=\"\" width=\"508\" height=\"334\" \/><\/a><\/p>\n<p><strong>Dritare.net\u2013 Simon, keni rreth 7 vite q\u00eb punoni n\u00eb k\u00ebt\u00eb media, s\u00eb bashku me bashk\u00ebshorten tuaj. Si e quani k\u00ebt\u00eb vendim?<\/strong><\/p>\n<p>Vendimi \u00ebsht\u00eb shum\u00eb i padrejt\u00eb, p\u00ebrderisa jemi n\u00ebn monitorim, edhe n\u00ebse shfaqim nj\u00eb mendim n\u00eb publik edhe n\u00ebse nuk mendojm\u00eb nj\u00ebjt\u00eb. Njer\u00ebzit jan\u00eb t\u00eb ndryshem dhe prandaj kjo bot\u00eb \u00ebsht\u00eb e bukur. Diversiteti \u00ebsht\u00eb i lakmuesh\u00ebm nga t\u00eb gjith\u00eb. Imagjinoni nj\u00eb vend ku do kishte vet\u00ebm meshkuj ose ku do kishte vet\u00ebm femra, si do ishte ai vend? Kufizimi I liris\u00eb s\u00eb mendimit \u00ebsht\u00eb gj\u00ebja m\u00eb absurde q\u00eb mund t\u00eb ndodh\u00eb. T\u00eb shpreh\u00ebsh mendimin t\u00ebnd ashtu si t\u00eb vjen , I gabuar qoft\u00eb , duhet respektuar. K\u00ebto jan\u00eb parimet baz\u00eb me t\u00eb cilat un\u00eb udh\u00ebhiqem. Prandaj un\u00eb shpreha nj\u00eb mendim timin , me rastin e zgjidhjes s\u00eb Presidentit t\u00eb ri t\u00eb vendit, k\u00ebt\u00eb mendim un\u00eb e postova edhe n\u00eb faqen time private n\u00eb facebook. N\u00eb asnj\u00eb moment gjat\u00eb gjith\u00eb pun\u00ebs time si gazetar nuk kam dal\u00eb jasht\u00eb kornizave t\u00eb politikave redaksionale. Jam munduar edhe do mundohem t\u00eb q\u00ebndroj korrekt me pun\u00ebn dhe vendin e pun\u00ebs. Por t\u00eb monitorohet edhe jeta private dhe mendimet e tua personale kjo \u00ebsht\u00eb e papranueshme p\u00ebr mua. Liria ime \u00ebsht\u00eb gj\u00ebja m\u00eb e shenjt\u00eb q\u00eb kam. K\u00ebt\u00eb do vazhdoj ta ruaj.<\/p>\n<p><strong>Dritare.net\/\u00a0Si gazetar profesionist dhe me nj\u00eb karrier\u00eb t\u00eb gjat\u00eb n\u00eb media, sot m\u00eb shum\u00eb se kurr\u00eb si do e cil\u00ebsoje \u2018lirin\u00eb e fjal\u00ebs\u2019?\u00a0<\/strong><\/p>\n<p>\u201cLiria e fjal\u00ebs\u201d \u00ebsht\u00eb e shtrejt\u00eb. Un\u00eb e pagova nj\u00eb \u00e7mim packa se \u00ebsht\u00eb television lokal dhe p\u00ebr nga r\u00ebnd\u00ebsia nuk ka ndonj\u00eb pesh\u00eb n\u00eb informimin e opinionit publik komb\u00ebtar. Un\u00eb si gazetar kam vite q\u00eb punoj edhe me mediat Komb\u00ebtare si Klan edhe ABC Ne\u00ebs dhe n\u00eb asnj\u00eb moment nuk kam qen\u00eb I privuar nga k\u00ebta dy media p\u00ebr mendimet e mia politike apo angazhimin tim politik.<br \/>\nThjesht b\u00ebj\u00eb pun\u00ebn q\u00eb m\u00eb takonte. Krishti thot\u00eb \u201c E v\u00ebrteta t\u00eb b\u00ebn\u00eb t\u00eb lir\u00eb\u201d. Un\u00eb them q\u00eb kjo e v\u00ebrtet\u00eb duhet t\u00eb ruhet, dhe liria e fjal\u00ebs \u00ebsht\u00eb gj\u00ebja m\u00eb e sh\u00ebnjt\u00eb q\u00eb duhet t\u00eb kemi, ta ruajm\u00eb dhe ta kultivojm\u00eb.<\/p>\n<p><strong>Dritare.net\u2013 Shkaku i largimit tuaj ishte politik?\u00a0<\/strong><br \/>\nNuk ka asgje profesionale ose mos korrekt\u00ebsie t\u00eb pun\u00ebs. Vet\u00ebm statusi im n\u00eb facebook. Si mund t\u00eb jet\u00eb tjeter, ve\u00e7se politike?<img loading=\"lazy\" class=\" wp-image-180514 alignleft\" src=\"http:\/\/www.dritare.net\/wp-content\/uploads\/2017\/04\/ll-7.jpg\" sizes=\"(max-width: 396px) 100vw, 396px\" srcset=\"http:\/\/www.dritare.net\/wp-content\/uploads\/2017\/04\/ll-7.jpg 396w, http:\/\/www.dritare.net\/wp-content\/uploads\/2017\/04\/ll-7-165x300.jpg 165w\" alt=\"\" width=\"298\" height=\"542\" \/><br \/>\n<strong>Dritare.net\u2013 Kush ua komunikoi \u00a0largimin?<\/strong><br \/>\nDrejtori I televizionit, vendim I cili i \u00ebsht\u00eb komunikuar atij nga drejtuesit e Televizionit. Pra nj\u00eb vendim i marr\u00eb nga drejtuesit e televizionit thjesht \u00ebsht\u00eb p\u00ebrcjell tek un\u00eb edhe Eliona.<\/p>\n<p><strong>\u00a0Dritare.net.-Ishte vet\u00ebm nj\u00eb komunikim nga ana e telefonit, pati ndonj\u00eb sqarim zyrtar?<\/strong><\/p>\n<p>Kishim\u00a0 edicionin e lajmeve t\u00eb or\u00ebs 20:00 s\u00eb bashku me Elionen dhe nga transmetimi m\u00eb njoftojn\u00eb q\u00eb t\u00eb ulemi n\u00eb zyren e drejtorit. Ai me shum\u00eb mir\u00ebsjellje dhe keqardhje na e shpreh vendimin e marr\u00eb nga drejtuesit.<\/p>\n<p><strong>Dritare.net\u00a0Keni \u00a0marr\u00eb mb\u00ebshtetje t\u00eb jasht\u00ebzakonshme nga koleg\u00eb gazetar\u00eb e emra t\u00eb njohur t\u00eb medias shqiptare. Ju b\u00ebn t\u00eb ndiheni mir\u00eb, kjo?<\/strong><\/p>\n<p>Po patjet\u00ebr, koleg\u00ebt nuk m\u00eb kan\u00eb l\u00ebn\u00eb vet\u00ebm n\u00eb asnj\u00eb moment dhe \u00ebsht\u00eb nj\u00eb k\u00ebnaq\u00ebsi e madhe. Kur gazetar\u00ebt solidarizohen me ty, ndjehesh edhe keq, pasi mendon se cili prej tyre mund t\u00eb ket\u00eb fatin t\u00ebnd n\u00eb ndonj\u00eb media tjet\u00ebr. Jetojm\u00eb n\u00eb Shqip\u00ebri ku \u00e7do gj\u00eb \u00ebsht\u00eb e kufizuar dhe asgje \u00a0s\u2019kemi t\u00eb garantuar.<\/p>\n<p><strong>Dritare.net\u2013 Statusi\u2019 n\u00eb Facebook \u00ebsht\u00eb hedhur n\u00eb faqen t\u00ebnde, pse duhej t\u00eb largohej dhe bashk\u00ebshortja?<\/strong><\/p>\n<p>\u201cAll inclusive\u201d, si paketat turistike, apo ato ofertat n\u00ebp\u00eb dyqane \u201c Bli nj\u00eb e merr dy\u201d. Absurditeti s\u2019ka kufij.<\/p>\n<p><strong>Dritare.net\u2013 Ke menduar \u00e7fare do b\u00ebni tani? Jeni t\u00eb dy pa pun\u00eb.<\/strong><br \/>\nP\u00ebr fat t\u00eb mir\u00eb ka ende ishuj t\u00eb lir\u00eb edhe n\u00eb Shkod\u00ebr, por nuk mungojn\u00eb as miqt\u00eb e shok\u00ebt. Pasi gazetar\u00ebt\u00a0 k\u00ebtu jan\u00eb nj\u00eb skuad\u00ebr e cila punon fort, punon bashk\u00eb edhe \u00ebsht\u00eb kompakte. Kam pasur disa biseda telefonike por ende s\u2019jemi ulur t\u00eb bisedojm\u00eb. Un\u00eb n\u00eb fakt nuk jam pa pun\u00eb, punoj edhe p\u00ebr Klan e ABC NE\u00cbS, por nj\u00eb pun\u00eb me nj\u00eb media lokale \u00ebsht\u00eb e mir\u00eb p\u00ebr shkak t\u00eb af\u00ebrsis\u00eb me komunitetin dhe me lajmin.<\/p>\n<p><strong>Dritare.net\u2013 Cili \u00ebsht\u00eb nj\u00eb mesazh yti pas gjith\u00eb k\u00ebsaj ?<\/strong><\/p>\n<p>Jo \u00e7do e keqe vjen p\u00ebr keq, ka edhe nj\u00eb t\u00eb mir\u00eb m\u00eb t\u00eb madhe, pas, kur zbulon se liria nuk ka cmim.\/\u00a0<strong>dritare.net<\/strong><\/p>\n","protected":false},"excerpt":{"rendered":"<p>Simon Shkreli nuk \u00ebsht\u00eb em\u00ebr i panjohur p\u00ebr median shqiptare. Ai jeton dhe punon n\u00eb Shkod\u00ebr, me nj\u00eb karrier\u00eb t\u00eb gjat\u00eb n\u00eb median lokale \u00a0Tv1Channel dhe \u00ebsht\u00eb prej vitesh korrespondent i mediave kryesore n\u00eb vend. Simoni, gjithnj\u00eb ka spikatur p\u00ebr mpreht\u00ebsin\u00eb e mendimit dhe liris\u00eb s\u00eb fjal\u00ebs, duke g\u00ebzuar respektin absolut t\u00eb qytetareve shkodran\u00eb dhe [&hellip;]<\/p>\n","protected":false},"author":1,"featured_media":0,"comment_status":"closed","ping_status":"closed","sticky":false,"template":"","format":"standard","meta":{"spay_email":"","jetpack_publicize_message":"","jetpack_is_tweetstorm":false,"jetpack_publicize_feature_enabled":true},"categories":[5],"tags":[],"jetpack_publicize_connections":[],"yoast_head":"<!-- This site is optimized with the Yoast SEO plugin v19.1 - https:\/\/yoast.com\/wordpress\/plugins\/seo\/ -->\n<title>Flet gazetari Simon Shkreli p\u00ebr statusin n\u00eb Facebook, q\u00eb i kushtoi vendin e pun\u00ebs - Lajme nga Ulqini<\/title>\n<meta name=\"description\" content=\"Simon Shkreli nuk \u00ebsht\u00eb em\u00ebr i panjohur p\u00ebr median shqiptare. Ai jeton dhe punon n\u00eb Shkod\u00ebr, me nj\u00eb karrier\u00eb t\u00eb gjat\u00eb n\u00eb median lokale \u00a0Tv1Channel dhe\" \/>\n<meta name=\"robots\" content=\"index, follow, max-snippet:-1, max-image-preview:large, max-video-preview:-1\" \/>\n<link rel=\"canonical\" href=\"https:\/\/www.visit-ulcinj.com\/blog\/2017\/05\/01\/flet-gazetari-simon-shkreli-per-statusin-ne-facebook-qe-kushtoi-vendin-e-punes\/\" \/>\n<meta property=\"og:locale\" content=\"en_US\" \/>\n<meta property=\"og:type\" content=\"article\" \/>\n<meta property=\"og:title\" content=\"Flet gazetari Simon Shkreli p\u00ebr statusin n\u00eb Facebook, q\u00eb i kushtoi vendin e pun\u00ebs - Lajme nga Ulqini\" \/>\n<meta property=\"og:description\" content=\"Simon Shkreli nuk \u00ebsht\u00eb em\u00ebr i panjohur p\u00ebr median shqiptare. Ai jeton dhe punon n\u00eb Shkod\u00ebr, me nj\u00eb karrier\u00eb t\u00eb gjat\u00eb n\u00eb median lokale \u00a0Tv1Channel dhe\" \/>\n<meta property=\"og:url\" content=\"https:\/\/www.visit-ulcinj.com\/blog\/2017\/05\/01\/flet-gazetari-simon-shkreli-per-statusin-ne-facebook-qe-kushtoi-vendin-e-punes\/\" \/>\n<meta property=\"og:site_name\" content=\"Lajme nga Ulqini\" \/>\n<meta property=\"article:published_time\" content=\"2017-05-01T12:56:17+00:00\" \/>\n<meta property=\"article:modified_time\" content=\"2017-05-01T12:58:28+00:00\" \/>\n<meta property=\"og:image\" content=\"http:\/\/www.visit-ulcinj.com\/blog\/wp-content\/uploads\/2017\/04\/Simon-Shkreli-Gazetar.jpg\" \/>\n<meta name=\"twitter:label1\" content=\"Written by\" \/>\n\t<meta name=\"twitter:data1\" content=\"ulqini\" \/>\n\t<meta name=\"twitter:label2\" content=\"Est. reading time\" \/>\n\t<meta name=\"twitter:data2\" content=\"5 minutes\" \/>\n<script type=\"application\/ld+json\" class=\"yoast-schema-graph\">{\"@context\":\"https:\/\/schema.org\",\"@graph\":[{\"@type\":\"WebSite\",\"@id\":\"https:\/\/www.visit-ulcinj.com\/blog\/#website\",\"url\":\"https:\/\/www.visit-ulcinj.com\/blog\/\",\"name\":\"Lajme nga Ulqini\",\"description\":\"Lajme,Vijesti,Ulqini,Ulqin,Crna Gora,Mali i Zi\",\"potentialAction\":[{\"@type\":\"SearchAction\",\"target\":{\"@type\":\"EntryPoint\",\"urlTemplate\":\"https:\/\/www.visit-ulcinj.com\/blog\/?s={search_term_string}\"},\"query-input\":\"required name=search_term_string\"}],\"inLanguage\":\"en-US\"},{\"@type\":\"ImageObject\",\"inLanguage\":\"en-US\",\"@id\":\"https:\/\/www.visit-ulcinj.com\/blog\/2017\/05\/01\/flet-gazetari-simon-shkreli-per-statusin-ne-facebook-qe-kushtoi-vendin-e-punes\/#primaryimage\",\"url\":\"https:\/\/www.visit-ulcinj.com\/blog\/wp-content\/uploads\/2017\/04\/Simon-Shkreli-Gazetar.jpg\",\"contentUrl\":\"https:\/\/www.visit-ulcinj.com\/blog\/wp-content\/uploads\/2017\/04\/Simon-Shkreli-Gazetar.jpg\",\"width\":960,\"height\":701},{\"@type\":\"WebPage\",\"@id\":\"https:\/\/www.visit-ulcinj.com\/blog\/2017\/05\/01\/flet-gazetari-simon-shkreli-per-statusin-ne-facebook-qe-kushtoi-vendin-e-punes\/#webpage\",\"url\":\"https:\/\/www.visit-ulcinj.com\/blog\/2017\/05\/01\/flet-gazetari-simon-shkreli-per-statusin-ne-facebook-qe-kushtoi-vendin-e-punes\/\",\"name\":\"Flet gazetari Simon Shkreli p\u00ebr statusin n\u00eb Facebook, q\u00eb i kushtoi vendin e pun\u00ebs - Lajme nga Ulqini\",\"isPartOf\":{\"@id\":\"https:\/\/www.visit-ulcinj.com\/blog\/#website\"},\"primaryImageOfPage\":{\"@id\":\"https:\/\/www.visit-ulcinj.com\/blog\/2017\/05\/01\/flet-gazetari-simon-shkreli-per-statusin-ne-facebook-qe-kushtoi-vendin-e-punes\/#primaryimage\"},\"datePublished\":\"2017-05-01T12:56:17+00:00\",\"dateModified\":\"2017-05-01T12:58:28+00:00\",\"author\":{\"@id\":\"https:\/\/www.visit-ulcinj.com\/blog\/#\/schema\/person\/dcab619c614d3038751c63bc2aadc06d\"},\"description\":\"Simon Shkreli nuk \u00ebsht\u00eb em\u00ebr i panjohur p\u00ebr median shqiptare. Ai jeton dhe punon n\u00eb Shkod\u00ebr, me nj\u00eb karrier\u00eb t\u00eb gjat\u00eb n\u00eb median lokale \u00a0Tv1Channel dhe\",\"breadcrumb\":{\"@id\":\"https:\/\/www.visit-ulcinj.com\/blog\/2017\/05\/01\/flet-gazetari-simon-shkreli-per-statusin-ne-facebook-qe-kushtoi-vendin-e-punes\/#breadcrumb\"},\"inLanguage\":\"en-US\",\"potentialAction\":[{\"@type\":\"ReadAction\",\"target\":[\"https:\/\/www.visit-ulcinj.com\/blog\/2017\/05\/01\/flet-gazetari-simon-shkreli-per-statusin-ne-facebook-qe-kushtoi-vendin-e-punes\/\"]}]},{\"@type\":\"BreadcrumbList\",\"@id\":\"https:\/\/www.visit-ulcinj.com\/blog\/2017\/05\/01\/flet-gazetari-simon-shkreli-per-statusin-ne-facebook-qe-kushtoi-vendin-e-punes\/#breadcrumb\",\"itemListElement\":[{\"@type\":\"ListItem\",\"position\":1,\"name\":\"Flet gazetari Simon Shkreli p\u00ebr statusin n\u00eb Facebook, q\u00eb i kushtoi vendin e pun\u00ebs\"}]},{\"@type\":\"Person\",\"@id\":\"https:\/\/www.visit-ulcinj.com\/blog\/#\/schema\/person\/dcab619c614d3038751c63bc2aadc06d\",\"name\":\"ulqini\",\"sameAs\":[\"http:\/\/www.visit-ulcinj.com\"],\"url\":\"https:\/\/www.visit-ulcinj.com\/blog\/author\/admin\/\"}]}<\/script>\n<!-- \/ Yoast SEO plugin. -->","yoast_head_json":{"title":"Flet gazetari Simon Shkreli p\u00ebr statusin n\u00eb Facebook, q\u00eb i kushtoi vendin e pun\u00ebs - Lajme nga Ulqini","description":"Simon Shkreli nuk \u00ebsht\u00eb em\u00ebr i panjohur p\u00ebr median shqiptare. Ai jeton dhe punon n\u00eb Shkod\u00ebr, me nj\u00eb karrier\u00eb t\u00eb gjat\u00eb n\u00eb median lokale \u00a0Tv1Channel dhe","robots":{"index":"index","follow":"follow","max-snippet":"max-snippet:-1","max-image-preview":"max-image-preview:large","max-video-preview":"max-video-preview:-1"},"canonical":"https:\/\/www.visit-ulcinj.com\/blog\/2017\/05\/01\/flet-gazetari-simon-shkreli-per-statusin-ne-facebook-qe-kushtoi-vendin-e-punes\/","og_locale":"en_US","og_type":"article","og_title":"Flet gazetari Simon Shkreli p\u00ebr statusin n\u00eb Facebook, q\u00eb i kushtoi vendin e pun\u00ebs - Lajme nga Ulqini","og_description":"Simon Shkreli nuk \u00ebsht\u00eb em\u00ebr i panjohur p\u00ebr median shqiptare. Ai jeton dhe punon n\u00eb Shkod\u00ebr, me nj\u00eb karrier\u00eb t\u00eb gjat\u00eb n\u00eb median lokale \u00a0Tv1Channel dhe","og_url":"https:\/\/www.visit-ulcinj.com\/blog\/2017\/05\/01\/flet-gazetari-simon-shkreli-per-statusin-ne-facebook-qe-kushtoi-vendin-e-punes\/","og_site_name":"Lajme nga Ulqini","article_published_time":"2017-05-01T12:56:17+00:00","article_modified_time":"2017-05-01T12:58:28+00:00","og_image":[{"url":"http:\/\/www.visit-ulcinj.com\/blog\/wp-content\/uploads\/2017\/04\/Simon-Shkreli-Gazetar.jpg"}],"twitter_misc":{"Written by":"ulqini","Est. reading time":"5 minutes"},"schema":{"@context":"https:\/\/schema.org","@graph":[{"@type":"WebSite","@id":"https:\/\/www.visit-ulcinj.com\/blog\/#website","url":"https:\/\/www.visit-ulcinj.com\/blog\/","name":"Lajme nga Ulqini","description":"Lajme,Vijesti,Ulqini,Ulqin,Crna Gora,Mali i Zi","potentialAction":[{"@type":"SearchAction","target":{"@type":"EntryPoint","urlTemplate":"https:\/\/www.visit-ulcinj.com\/blog\/?s={search_term_string}"},"query-input":"required name=search_term_string"}],"inLanguage":"en-US"},{"@type":"ImageObject","inLanguage":"en-US","@id":"https:\/\/www.visit-ulcinj.com\/blog\/2017\/05\/01\/flet-gazetari-simon-shkreli-per-statusin-ne-facebook-qe-kushtoi-vendin-e-punes\/#primaryimage","url":"https:\/\/www.visit-ulcinj.com\/blog\/wp-content\/uploads\/2017\/04\/Simon-Shkreli-Gazetar.jpg","contentUrl":"https:\/\/www.visit-ulcinj.com\/blog\/wp-content\/uploads\/2017\/04\/Simon-Shkreli-Gazetar.jpg","width":960,"height":701},{"@type":"WebPage","@id":"https:\/\/www.visit-ulcinj.com\/blog\/2017\/05\/01\/flet-gazetari-simon-shkreli-per-statusin-ne-facebook-qe-kushtoi-vendin-e-punes\/#webpage","url":"https:\/\/www.visit-ulcinj.com\/blog\/2017\/05\/01\/flet-gazetari-simon-shkreli-per-statusin-ne-facebook-qe-kushtoi-vendin-e-punes\/","name":"Flet gazetari Simon Shkreli p\u00ebr statusin n\u00eb Facebook, q\u00eb i kushtoi vendin e pun\u00ebs - Lajme nga Ulqini","isPartOf":{"@id":"https:\/\/www.visit-ulcinj.com\/blog\/#website"},"primaryImageOfPage":{"@id":"https:\/\/www.visit-ulcinj.com\/blog\/2017\/05\/01\/flet-gazetari-simon-shkreli-per-statusin-ne-facebook-qe-kushtoi-vendin-e-punes\/#primaryimage"},"datePublished":"2017-05-01T12:56:17+00:00","dateModified":"2017-05-01T12:58:28+00:00","author":{"@id":"https:\/\/www.visit-ulcinj.com\/blog\/#\/schema\/person\/dcab619c614d3038751c63bc2aadc06d"},"description":"Simon Shkreli nuk \u00ebsht\u00eb em\u00ebr i panjohur p\u00ebr median shqiptare. Ai jeton dhe punon n\u00eb Shkod\u00ebr, me nj\u00eb karrier\u00eb t\u00eb gjat\u00eb n\u00eb median lokale \u00a0Tv1Channel dhe","breadcrumb":{"@id":"https:\/\/www.visit-ulcinj.com\/blog\/2017\/05\/01\/flet-gazetari-simon-shkreli-per-statusin-ne-facebook-qe-kushtoi-vendin-e-punes\/#breadcrumb"},"inLanguage":"en-US","potentialAction":[{"@type":"ReadAction","target":["https:\/\/www.visit-ulcinj.com\/blog\/2017\/05\/01\/flet-gazetari-simon-shkreli-per-statusin-ne-facebook-qe-kushtoi-vendin-e-punes\/"]}]},{"@type":"BreadcrumbList","@id":"https:\/\/www.visit-ulcinj.com\/blog\/2017\/05\/01\/flet-gazetari-simon-shkreli-per-statusin-ne-facebook-qe-kushtoi-vendin-e-punes\/#breadcrumb","itemListElement":[{"@type":"ListItem","position":1,"name":"Flet gazetari Simon Shkreli p\u00ebr statusin n\u00eb Facebook, q\u00eb i kushtoi vendin e pun\u00ebs"}]},{"@type":"Person","@id":"https:\/\/www.visit-ulcinj.com\/blog\/#\/schema\/person\/dcab619c614d3038751c63bc2aadc06d","name":"ulqini","sameAs":["http:\/\/www.visit-ulcinj.com"],"url":"https:\/\/www.visit-ulcinj.com\/blog\/author\/admin\/"}]}},"jetpack_featured_media_url":"","jetpack_sharing_enabled":true,"jetpack_shortlink":"https:\/\/wp.me\/pe6lTn-rgb","_links":{"self":[{"href":"https:\/\/www.visit-ulcinj.com\/blog\/wp-json\/wp\/v2\/posts\/104791"}],"collection":[{"href":"https:\/\/www.visit-ulcinj.com\/blog\/wp-json\/wp\/v2\/posts"}],"about":[{"href":"https:\/\/www.visit-ulcinj.com\/blog\/wp-json\/wp\/v2\/types\/post"}],"author":[{"embeddable":true,"href":"https:\/\/www.visit-ulcinj.com\/blog\/wp-json\/wp\/v2\/users\/1"}],"replies":[{"embeddable":true,"href":"https:\/\/www.visit-ulcinj.com\/blog\/wp-json\/wp\/v2\/comments?post=104791"}],"version-history":[{"count":2,"href":"https:\/\/www.visit-ulcinj.com\/blog\/wp-json\/wp\/v2\/posts\/104791\/revisions"}],"predecessor-version":[{"id":104793,"href":"https:\/\/www.visit-ulcinj.com\/blog\/wp-json\/wp\/v2\/posts\/104791\/revisions\/104793"}],"wp:attachment":[{"href":"https:\/\/www.visit-ulcinj.com\/blog\/wp-json\/wp\/v2\/media?parent=104791"}],"wp:term":[{"taxonomy":"category","embeddable":true,"href":"https:\/\/www.visit-ulcinj.com\/blog\/wp-json\/wp\/v2\/categories?post=104791"},{"taxonomy":"post_tag","embeddable":true,"href":"https:\/\/www.visit-ulcinj.com\/blog\/wp-json\/wp\/v2\/tags?post=104791"}],"curies":[{"name":"wp","href":"https:\/\/api.w.org\/{rel}","templated":true}]}}