{"id":104794,"date":"2017-05-01T14:21:50","date_gmt":"2017-05-01T13:21:50","guid":{"rendered":"http:\/\/www.visit-ulcinj.com\/blog\/?p=104794"},"modified":"2017-05-04T14:21:04","modified_gmt":"2017-05-04T13:21:04","slug":"kosovaret-per-may-fest-ne-ulqin-si-ne-shtepine-tone-video","status":"publish","type":"post","link":"https:\/\/www.visit-ulcinj.com\/blog\/2017\/05\/01\/kosovaret-per-may-fest-ne-ulqin-si-ne-shtepine-tone-video\/","title":{"rendered":"Kosovar\u00ebt p\u00ebr \u201cMay Fest\u201d: N\u00eb Ulqin, si n\u00eb sht\u00ebpin\u00eb ton\u00eb &#8211; Video"},"content":{"rendered":"<p><strong><a href=\"http:\/\/www.visit-ulcinj.com\/blog\/wp-content\/uploads\/2017\/05\/Kosovar\u00ebt-p\u00ebr-\u201cMay-Fest\u201d-N\u00eb-Ulqin-si-n\u00eb-sht\u00ebpin\u00eb-ton\u00eb.jpg\"><img loading=\"lazy\" class=\"alignleft wp-image-104795\" src=\"http:\/\/www.visit-ulcinj.com\/blog\/wp-content\/uploads\/2017\/05\/Kosovar\u00ebt-p\u00ebr-\u201cMay-Fest\u201d-N\u00eb-Ulqin-si-n\u00eb-sht\u00ebpin\u00eb-ton\u00eb.jpg\" alt=\"\" width=\"508\" height=\"286\" srcset=\"https:\/\/www.visit-ulcinj.com\/blog\/wp-content\/uploads\/2017\/05\/Kosovar\u00ebt-p\u00ebr-\u201cMay-Fest\u201d-N\u00eb-Ulqin-si-n\u00eb-sht\u00ebpin\u00eb-ton\u00eb.jpg 637w, https:\/\/www.visit-ulcinj.com\/blog\/wp-content\/uploads\/2017\/05\/Kosovar\u00ebt-p\u00ebr-\u201cMay-Fest\u201d-N\u00eb-Ulqin-si-n\u00eb-sht\u00ebpin\u00eb-ton\u00eb-300x169.jpg 300w\" sizes=\"(max-width: 508px) 100vw, 508px\" \/><\/a>Simbolika e kesaj dite e manifestimit \u201cMay Fest 2017\u201d<\/strong><\/p>\n<p>Ulqini ka nje tradite. Te ndeze atmsferen ne mbremje deri n\u00eb or\u00ebt e para t\u00eb m\u00ebngjesit. Manifestimi \u201cMay Fest 2017\u201d i akorduar p\u00ebr k\u00ebto q\u00ebllime u mundeson qytetareve muzike live dhe nje pafundesi menyrash argetimi. Mbremja ne Ulqin mbushet me grupe rinore qe kercejne ne sheshe t\u00eb ndryshme t\u00eb Ran\u00ebs dhe t\u00eb plazhit t\u00eb madh\u00eb si dhe n\u00eb ishullin Ada. Ndryshe nga qytetet e tjera, gjate dites eshte qetesi por jo njaq\u00eb q\u00eb mos t\u00eb arg\u00ebtohen t\u00eb rinj\u00ebt nga rajoni.<\/p>\n<!--YouTube Error: bad URL entered-->\n<p>Mbr\u00ebm\u00eb n\u00eb Ran\u00eb filloj\u00eb nata e par\u00eb e manifestimit \u201cMay Fest\u201d, n\u00ebn organizimin e Organizat\u00ebs Turistike t\u00eb Ulqinit, Komun\u00ebs s\u00eb Ulqinit dhe Shkoll\u00ebs s\u00eb vall\u00ebzimit \u201cPorta Di danza\u201d, raporton portali i TV Teut\u00ebs. Nata e par\u00eb iu dedikua dit\u00ebs bot\u00ebrore t\u00eb vall\u00ebzimit, duke q\u00ebn\u00eb se muzika nuk njeh ndasi as etnike as kulturore. Pjesemarr\u00ebs nga qyeteti i Ulqinit dhe qytete t\u00eb tjera t\u00eb Malit t\u00eb Zi, si nga Tivari e Podgorica e filluan m\u00eb s\u00eb miri nat\u00ebn e par\u00eb t\u00eb \u201cMay Fest\u201d. Nd\u00ebrsa me muzik\u00eb qytetare Ulqinake e Shkodrane artistat vendas p\u00ebrfor\u00ebmuan gjith\u00e7ka Live, n\u00eb nj\u00eb koncert p\u00ebr rreth 40 minuta.<\/p>\n<p><a href=\"http:\/\/www.visit-ulcinj.com\/blog\/wp-content\/uploads\/2017\/05\/Hollegro-Ledri-vula-Sinan-Vllasaliu-Lumi-Kida-Genta-Ismajli.jpg\"><img loading=\"lazy\" class=\"alignleft wp-image-104798\" src=\"http:\/\/www.visit-ulcinj.com\/blog\/wp-content\/uploads\/2017\/05\/Hollegro-Ledri-vula-Sinan-Vllasaliu-Lumi-Kida-Genta-Ismajli.jpg\" alt=\"\" width=\"508\" height=\"362\" \/><\/a><\/p>\n<h2><\/h2>\n","protected":false},"excerpt":{"rendered":"<p>Simbolika e kesaj dite e manifestimit \u201cMay Fest 2017\u201d Ulqini ka nje tradite. Te ndeze atmsferen ne mbremje deri n\u00eb or\u00ebt e para t\u00eb m\u00ebngjesit. Manifestimi \u201cMay Fest 2017\u201d i akorduar p\u00ebr k\u00ebto q\u00ebllime u mundeson qytetareve muzike live dhe nje pafundesi menyrash argetimi. Mbremja ne Ulqin mbushet me grupe rinore qe kercejne ne sheshe [&hellip;]<\/p>\n","protected":false},"author":1,"featured_media":0,"comment_status":"closed","ping_status":"closed","sticky":false,"template":"","format":"standard","meta":{"spay_email":"","jetpack_publicize_message":"","jetpack_is_tweetstorm":false,"jetpack_publicize_feature_enabled":true},"categories":[1],"tags":[],"jetpack_publicize_connections":[],"yoast_head":"<!-- This site is optimized with the Yoast SEO plugin v19.1 - https:\/\/yoast.com\/wordpress\/plugins\/seo\/ -->\n<title>Kosovar\u00ebt p\u00ebr \u201cMay Fest\u201d: N\u00eb Ulqin, si n\u00eb sht\u00ebpin\u00eb ton\u00eb - Video - Lajme nga Ulqini<\/title>\n<meta name=\"description\" content=\"Simbolika e kesaj dite e manifestimit \u201cMay Fest 2017\u201d Ulqini ka nje tradite. Te ndeze atmsferen ne mbremje deri n\u00eb or\u00ebt e para t\u00eb m\u00ebngjesit. Manifestimi\" \/>\n<meta name=\"robots\" content=\"index, follow, max-snippet:-1, max-image-preview:large, max-video-preview:-1\" \/>\n<link rel=\"canonical\" href=\"https:\/\/www.visit-ulcinj.com\/blog\/2017\/05\/01\/kosovaret-per-may-fest-ne-ulqin-si-ne-shtepine-tone-video\/\" \/>\n<meta property=\"og:locale\" content=\"en_US\" \/>\n<meta property=\"og:type\" content=\"article\" \/>\n<meta property=\"og:title\" content=\"Kosovar\u00ebt p\u00ebr \u201cMay Fest\u201d: N\u00eb Ulqin, si n\u00eb sht\u00ebpin\u00eb ton\u00eb - Video - Lajme nga Ulqini\" \/>\n<meta property=\"og:description\" content=\"Simbolika e kesaj dite e manifestimit \u201cMay Fest 2017\u201d Ulqini ka nje tradite. Te ndeze atmsferen ne mbremje deri n\u00eb or\u00ebt e para t\u00eb m\u00ebngjesit. Manifestimi\" \/>\n<meta property=\"og:url\" content=\"https:\/\/www.visit-ulcinj.com\/blog\/2017\/05\/01\/kosovaret-per-may-fest-ne-ulqin-si-ne-shtepine-tone-video\/\" \/>\n<meta property=\"og:site_name\" content=\"Lajme nga Ulqini\" \/>\n<meta property=\"article:published_time\" content=\"2017-05-01T13:21:50+00:00\" \/>\n<meta property=\"article:modified_time\" content=\"2017-05-04T13:21:04+00:00\" \/>\n<meta property=\"og:image\" content=\"http:\/\/www.visit-ulcinj.com\/blog\/wp-content\/uploads\/2017\/05\/Hollegro-Ledri-vula-Sinan-Vllasaliu-Lumi-Kida-Genta-Ismajli.jpg\" \/>\n<meta name=\"twitter:label1\" content=\"Written by\" \/>\n\t<meta name=\"twitter:data1\" content=\"ulqini\" \/>\n\t<meta name=\"twitter:label2\" content=\"Est. reading time\" \/>\n\t<meta name=\"twitter:data2\" content=\"1 minute\" \/>\n<script type=\"application\/ld+json\" class=\"yoast-schema-graph\">{\"@context\":\"https:\/\/schema.org\",\"@graph\":[{\"@type\":\"WebSite\",\"@id\":\"https:\/\/www.visit-ulcinj.com\/blog\/#website\",\"url\":\"https:\/\/www.visit-ulcinj.com\/blog\/\",\"name\":\"Lajme nga Ulqini\",\"description\":\"Lajme,Vijesti,Ulqini,Ulqin,Crna Gora,Mali i Zi\",\"potentialAction\":[{\"@type\":\"SearchAction\",\"target\":{\"@type\":\"EntryPoint\",\"urlTemplate\":\"https:\/\/www.visit-ulcinj.com\/blog\/?s={search_term_string}\"},\"query-input\":\"required name=search_term_string\"}],\"inLanguage\":\"en-US\"},{\"@type\":\"ImageObject\",\"inLanguage\":\"en-US\",\"@id\":\"https:\/\/www.visit-ulcinj.com\/blog\/2017\/05\/01\/kosovaret-per-may-fest-ne-ulqin-si-ne-shtepine-tone-video\/#primaryimage\",\"url\":\"http:\/\/www.visit-ulcinj.com\/blog\/wp-content\/uploads\/2017\/05\/Hollegro-Ledri-vula-Sinan-Vllasaliu-Lumi-Kida-Genta-Ismajli.jpg\",\"contentUrl\":\"http:\/\/www.visit-ulcinj.com\/blog\/wp-content\/uploads\/2017\/05\/Hollegro-Ledri-vula-Sinan-Vllasaliu-Lumi-Kida-Genta-Ismajli.jpg\"},{\"@type\":\"WebPage\",\"@id\":\"https:\/\/www.visit-ulcinj.com\/blog\/2017\/05\/01\/kosovaret-per-may-fest-ne-ulqin-si-ne-shtepine-tone-video\/#webpage\",\"url\":\"https:\/\/www.visit-ulcinj.com\/blog\/2017\/05\/01\/kosovaret-per-may-fest-ne-ulqin-si-ne-shtepine-tone-video\/\",\"name\":\"Kosovar\u00ebt p\u00ebr \u201cMay Fest\u201d: N\u00eb Ulqin, si n\u00eb sht\u00ebpin\u00eb ton\u00eb - Video - Lajme nga Ulqini\",\"isPartOf\":{\"@id\":\"https:\/\/www.visit-ulcinj.com\/blog\/#website\"},\"primaryImageOfPage\":{\"@id\":\"https:\/\/www.visit-ulcinj.com\/blog\/2017\/05\/01\/kosovaret-per-may-fest-ne-ulqin-si-ne-shtepine-tone-video\/#primaryimage\"},\"datePublished\":\"2017-05-01T13:21:50+00:00\",\"dateModified\":\"2017-05-04T13:21:04+00:00\",\"author\":{\"@id\":\"https:\/\/www.visit-ulcinj.com\/blog\/#\/schema\/person\/dcab619c614d3038751c63bc2aadc06d\"},\"description\":\"Simbolika e kesaj dite e manifestimit \u201cMay Fest 2017\u201d Ulqini ka nje tradite. Te ndeze atmsferen ne mbremje deri n\u00eb or\u00ebt e para t\u00eb m\u00ebngjesit. Manifestimi\",\"breadcrumb\":{\"@id\":\"https:\/\/www.visit-ulcinj.com\/blog\/2017\/05\/01\/kosovaret-per-may-fest-ne-ulqin-si-ne-shtepine-tone-video\/#breadcrumb\"},\"inLanguage\":\"en-US\",\"potentialAction\":[{\"@type\":\"ReadAction\",\"target\":[\"https:\/\/www.visit-ulcinj.com\/blog\/2017\/05\/01\/kosovaret-per-may-fest-ne-ulqin-si-ne-shtepine-tone-video\/\"]}]},{\"@type\":\"BreadcrumbList\",\"@id\":\"https:\/\/www.visit-ulcinj.com\/blog\/2017\/05\/01\/kosovaret-per-may-fest-ne-ulqin-si-ne-shtepine-tone-video\/#breadcrumb\",\"itemListElement\":[{\"@type\":\"ListItem\",\"position\":1,\"name\":\"Kosovar\u00ebt p\u00ebr \u201cMay Fest\u201d: N\u00eb Ulqin, si n\u00eb sht\u00ebpin\u00eb ton\u00eb &#8211; Video\"}]},{\"@type\":\"Person\",\"@id\":\"https:\/\/www.visit-ulcinj.com\/blog\/#\/schema\/person\/dcab619c614d3038751c63bc2aadc06d\",\"name\":\"ulqini\",\"sameAs\":[\"http:\/\/www.visit-ulcinj.com\"],\"url\":\"https:\/\/www.visit-ulcinj.com\/blog\/author\/admin\/\"}]}<\/script>\n<!-- \/ Yoast SEO plugin. -->","yoast_head_json":{"title":"Kosovar\u00ebt p\u00ebr \u201cMay Fest\u201d: N\u00eb Ulqin, si n\u00eb sht\u00ebpin\u00eb ton\u00eb - Video - Lajme nga Ulqini","description":"Simbolika e kesaj dite e manifestimit \u201cMay Fest 2017\u201d Ulqini ka nje tradite. Te ndeze atmsferen ne mbremje deri n\u00eb or\u00ebt e para t\u00eb m\u00ebngjesit. Manifestimi","robots":{"index":"index","follow":"follow","max-snippet":"max-snippet:-1","max-image-preview":"max-image-preview:large","max-video-preview":"max-video-preview:-1"},"canonical":"https:\/\/www.visit-ulcinj.com\/blog\/2017\/05\/01\/kosovaret-per-may-fest-ne-ulqin-si-ne-shtepine-tone-video\/","og_locale":"en_US","og_type":"article","og_title":"Kosovar\u00ebt p\u00ebr \u201cMay Fest\u201d: N\u00eb Ulqin, si n\u00eb sht\u00ebpin\u00eb ton\u00eb - Video - Lajme nga Ulqini","og_description":"Simbolika e kesaj dite e manifestimit \u201cMay Fest 2017\u201d Ulqini ka nje tradite. Te ndeze atmsferen ne mbremje deri n\u00eb or\u00ebt e para t\u00eb m\u00ebngjesit. Manifestimi","og_url":"https:\/\/www.visit-ulcinj.com\/blog\/2017\/05\/01\/kosovaret-per-may-fest-ne-ulqin-si-ne-shtepine-tone-video\/","og_site_name":"Lajme nga Ulqini","article_published_time":"2017-05-01T13:21:50+00:00","article_modified_time":"2017-05-04T13:21:04+00:00","og_image":[{"url":"http:\/\/www.visit-ulcinj.com\/blog\/wp-content\/uploads\/2017\/05\/Hollegro-Ledri-vula-Sinan-Vllasaliu-Lumi-Kida-Genta-Ismajli.jpg"}],"twitter_misc":{"Written by":"ulqini","Est. reading time":"1 minute"},"schema":{"@context":"https:\/\/schema.org","@graph":[{"@type":"WebSite","@id":"https:\/\/www.visit-ulcinj.com\/blog\/#website","url":"https:\/\/www.visit-ulcinj.com\/blog\/","name":"Lajme nga Ulqini","description":"Lajme,Vijesti,Ulqini,Ulqin,Crna Gora,Mali i Zi","potentialAction":[{"@type":"SearchAction","target":{"@type":"EntryPoint","urlTemplate":"https:\/\/www.visit-ulcinj.com\/blog\/?s={search_term_string}"},"query-input":"required name=search_term_string"}],"inLanguage":"en-US"},{"@type":"ImageObject","inLanguage":"en-US","@id":"https:\/\/www.visit-ulcinj.com\/blog\/2017\/05\/01\/kosovaret-per-may-fest-ne-ulqin-si-ne-shtepine-tone-video\/#primaryimage","url":"http:\/\/www.visit-ulcinj.com\/blog\/wp-content\/uploads\/2017\/05\/Hollegro-Ledri-vula-Sinan-Vllasaliu-Lumi-Kida-Genta-Ismajli.jpg","contentUrl":"http:\/\/www.visit-ulcinj.com\/blog\/wp-content\/uploads\/2017\/05\/Hollegro-Ledri-vula-Sinan-Vllasaliu-Lumi-Kida-Genta-Ismajli.jpg"},{"@type":"WebPage","@id":"https:\/\/www.visit-ulcinj.com\/blog\/2017\/05\/01\/kosovaret-per-may-fest-ne-ulqin-si-ne-shtepine-tone-video\/#webpage","url":"https:\/\/www.visit-ulcinj.com\/blog\/2017\/05\/01\/kosovaret-per-may-fest-ne-ulqin-si-ne-shtepine-tone-video\/","name":"Kosovar\u00ebt p\u00ebr \u201cMay Fest\u201d: N\u00eb Ulqin, si n\u00eb sht\u00ebpin\u00eb ton\u00eb - Video - Lajme nga Ulqini","isPartOf":{"@id":"https:\/\/www.visit-ulcinj.com\/blog\/#website"},"primaryImageOfPage":{"@id":"https:\/\/www.visit-ulcinj.com\/blog\/2017\/05\/01\/kosovaret-per-may-fest-ne-ulqin-si-ne-shtepine-tone-video\/#primaryimage"},"datePublished":"2017-05-01T13:21:50+00:00","dateModified":"2017-05-04T13:21:04+00:00","author":{"@id":"https:\/\/www.visit-ulcinj.com\/blog\/#\/schema\/person\/dcab619c614d3038751c63bc2aadc06d"},"description":"Simbolika e kesaj dite e manifestimit \u201cMay Fest 2017\u201d Ulqini ka nje tradite. Te ndeze atmsferen ne mbremje deri n\u00eb or\u00ebt e para t\u00eb m\u00ebngjesit. Manifestimi","breadcrumb":{"@id":"https:\/\/www.visit-ulcinj.com\/blog\/2017\/05\/01\/kosovaret-per-may-fest-ne-ulqin-si-ne-shtepine-tone-video\/#breadcrumb"},"inLanguage":"en-US","potentialAction":[{"@type":"ReadAction","target":["https:\/\/www.visit-ulcinj.com\/blog\/2017\/05\/01\/kosovaret-per-may-fest-ne-ulqin-si-ne-shtepine-tone-video\/"]}]},{"@type":"BreadcrumbList","@id":"https:\/\/www.visit-ulcinj.com\/blog\/2017\/05\/01\/kosovaret-per-may-fest-ne-ulqin-si-ne-shtepine-tone-video\/#breadcrumb","itemListElement":[{"@type":"ListItem","position":1,"name":"Kosovar\u00ebt p\u00ebr \u201cMay Fest\u201d: N\u00eb Ulqin, si n\u00eb sht\u00ebpin\u00eb ton\u00eb &#8211; Video"}]},{"@type":"Person","@id":"https:\/\/www.visit-ulcinj.com\/blog\/#\/schema\/person\/dcab619c614d3038751c63bc2aadc06d","name":"ulqini","sameAs":["http:\/\/www.visit-ulcinj.com"],"url":"https:\/\/www.visit-ulcinj.com\/blog\/author\/admin\/"}]}},"jetpack_featured_media_url":"","jetpack_sharing_enabled":true,"jetpack_shortlink":"https:\/\/wp.me\/pe6lTn-rge","_links":{"self":[{"href":"https:\/\/www.visit-ulcinj.com\/blog\/wp-json\/wp\/v2\/posts\/104794"}],"collection":[{"href":"https:\/\/www.visit-ulcinj.com\/blog\/wp-json\/wp\/v2\/posts"}],"about":[{"href":"https:\/\/www.visit-ulcinj.com\/blog\/wp-json\/wp\/v2\/types\/post"}],"author":[{"embeddable":true,"href":"https:\/\/www.visit-ulcinj.com\/blog\/wp-json\/wp\/v2\/users\/1"}],"replies":[{"embeddable":true,"href":"https:\/\/www.visit-ulcinj.com\/blog\/wp-json\/wp\/v2\/comments?post=104794"}],"version-history":[{"count":3,"href":"https:\/\/www.visit-ulcinj.com\/blog\/wp-json\/wp\/v2\/posts\/104794\/revisions"}],"predecessor-version":[{"id":104799,"href":"https:\/\/www.visit-ulcinj.com\/blog\/wp-json\/wp\/v2\/posts\/104794\/revisions\/104799"}],"wp:attachment":[{"href":"https:\/\/www.visit-ulcinj.com\/blog\/wp-json\/wp\/v2\/media?parent=104794"}],"wp:term":[{"taxonomy":"category","embeddable":true,"href":"https:\/\/www.visit-ulcinj.com\/blog\/wp-json\/wp\/v2\/categories?post=104794"},{"taxonomy":"post_tag","embeddable":true,"href":"https:\/\/www.visit-ulcinj.com\/blog\/wp-json\/wp\/v2\/tags?post=104794"}],"curies":[{"name":"wp","href":"https:\/\/api.w.org\/{rel}","templated":true}]}}