{"id":104800,"date":"2017-05-02T14:04:50","date_gmt":"2017-05-02T13:04:50","guid":{"rendered":"http:\/\/www.visit-ulcinj.com\/blog\/?p=104800"},"modified":"2017-05-02T14:04:50","modified_gmt":"2017-05-02T13:04:50","slug":"tokom-praznika-puni-hoteli-u-budvi-ulcinju","status":"publish","type":"post","link":"https:\/\/www.visit-ulcinj.com\/blog\/2017\/05\/02\/tokom-praznika-puni-hoteli-u-budvi-ulcinju\/","title":{"rendered":"Tokom praznika &#8211; Puni hoteli u Budvi i Ulcinju"},"content":{"rendered":"<p><strong><a href=\"http:\/\/www.visit-ulcinj.com\/blog\/wp-content\/uploads\/2017\/05\/Hotel-Otrant-Ulcinj.jpg\"><img loading=\"lazy\" class=\"alignleft wp-image-104801\" src=\"http:\/\/www.visit-ulcinj.com\/blog\/wp-content\/uploads\/2017\/05\/Hotel-Otrant-Ulcinj.jpg\" alt=\"\" width=\"508\" height=\"338\" \/><\/a>Za prvomajske praznike slobodnih mjesta u hotelima du\u017e budvanske i ulcinjske rivijere gotovo da nema, izjavio je za Radio Crne Gore predsjednik sektora turisti\u010dkih agencija Crnogorskog turisti\u010dkog udru\u017eenja (CTU), Petar Ivkovi\u0107.<\/strong><\/p>\n<p>Ivkovi\u0107 ka\u017ee da prema najavama i interesovanju gostiju za odmor u Crnoj Gori, predstoji jedna od najuspje\u0161nijh turisti\u010dkih sezona.<\/p>\n<p>&#8220;Hoteli su svi puni, mo\u017eemo slobodno re\u0107i do posljednjeg mjesta, tako da se bez prethodne rezervacije ne mo\u017ee na\u0107i slobodno mjesto du\u017e budvanske rivijere. U privatnom smje\u0161taju je ostala jedna tre\u0107ina slobodnih mjesta, ali svi koji namjeravaju da krenu u Budvu do kraja sedmice, preporuka je da se dobro informi\u0161u&#8221;, kazao je Ivkovi\u0107 za Radio Crne Gore.<\/p>\n<p><a href=\"http:\/\/www.visit-ulcinj.com\/blog\/wp-content\/uploads\/2017\/05\/Hotel-Otrant-Ulcinj-2.jpg\"><img loading=\"lazy\" class=\"alignleft wp-image-104802\" src=\"http:\/\/www.visit-ulcinj.com\/blog\/wp-content\/uploads\/2017\/05\/Hotel-Otrant-Ulcinj-2.jpg\" alt=\"\" width=\"508\" height=\"176\" srcset=\"https:\/\/www.visit-ulcinj.com\/blog\/wp-content\/uploads\/2017\/05\/Hotel-Otrant-Ulcinj-2.jpg 960w, https:\/\/www.visit-ulcinj.com\/blog\/wp-content\/uploads\/2017\/05\/Hotel-Otrant-Ulcinj-2-300x104.jpg 300w, https:\/\/www.visit-ulcinj.com\/blog\/wp-content\/uploads\/2017\/05\/Hotel-Otrant-Ulcinj-2-768x266.jpg 768w\" sizes=\"(max-width: 508px) 100vw, 508px\" \/><\/a><\/p>\n<p>On je naveo da je jo\u0161 od uskr\u0161njih praznika ostao trend rasta broja gostiju na na\u0161em primorju.<\/p>\n<p>&#8220;Ulcinj ovih dana tako\u0111e bilje\u017ei rekordnu posjetu, jednu od najboljih za minulih deset godina. Tako\u0111e, tra\u017ei se mjesto vi\u0161e u doma\u0107oj radinosti, dok su svi hoteli koji su otvoreni popunjeni. Na Adi Bojani se tra\u017ei krevet vi\u0161e&#8221;, kazao je Ivkovi\u0107.<\/p>\n<p>On smatra da su pristupa\u010dne cijene, kvalitet ponude i brojne manifestacije, poput karnevala u Budvi, dovele goste znatno ranije ove godine.<\/p>\n<p>&#8220;Ne samo iz regiona, stigli su turisti iz Bugarske, Poljske, Njema\u010dke, Francuske&#8230; Sti\u017eu individualni gosti svojim automobilima iz Evrope, kao zlatnih turisti\u010dkih godina. Cijene su uglavnom na nivou pro\u0161logodi\u0161njih, a za praznike su popusti \u010dak i 30 pa i do 40 odsto. Moram da naglasim da je po\u010detak sezone odli\u010dan i usu\u0111ujem se da saop\u0161tim da \u0107e prema najavama i interesovanju gostiju za odmor u Crnoj Gori ovo biti jedna od uspje\u0161nijh turisti\u010dkih sezona&#8221;, izjavio je Ivkovi\u0107.<\/p>\n<p>Prema podacima CTU-a i na \u017dabljaku je veliko interesovanje za odmor tokom prvomajskih praznika.<\/p>\n<p><em><strong>Gorica Vuki\u0107evi\u0107, Radio Crne Gore<\/strong><\/em><\/p>\n<p>TVCG<\/p>\n<p><a href=\"http:\/\/www.visit-ulcinj.com\/blog\/wp-content\/uploads\/2017\/05\/Hotel-Otrant-Ulcinj-Bambo-Beach.jpg\"><img loading=\"lazy\" class=\"alignleft wp-image-104803\" src=\"http:\/\/www.visit-ulcinj.com\/blog\/wp-content\/uploads\/2017\/05\/Hotel-Otrant-Ulcinj-Bambo-Beach.jpg\" alt=\"\" width=\"508\" height=\"381\" srcset=\"https:\/\/www.visit-ulcinj.com\/blog\/wp-content\/uploads\/2017\/05\/Hotel-Otrant-Ulcinj-Bambo-Beach.jpg 960w, https:\/\/www.visit-ulcinj.com\/blog\/wp-content\/uploads\/2017\/05\/Hotel-Otrant-Ulcinj-Bambo-Beach-300x225.jpg 300w, https:\/\/www.visit-ulcinj.com\/blog\/wp-content\/uploads\/2017\/05\/Hotel-Otrant-Ulcinj-Bambo-Beach-768x576.jpg 768w\" sizes=\"(max-width: 508px) 100vw, 508px\" \/><\/a> <a href=\"http:\/\/www.visit-ulcinj.com\/blog\/wp-content\/uploads\/2017\/05\/Hotel-Otrant-Ulcinj-Bambo-Beach-1.jpg\"><img loading=\"lazy\" class=\"alignleft wp-image-104804\" src=\"http:\/\/www.visit-ulcinj.com\/blog\/wp-content\/uploads\/2017\/05\/Hotel-Otrant-Ulcinj-Bambo-Beach-1.jpg\" alt=\"\" width=\"508\" height=\"338\" srcset=\"https:\/\/www.visit-ulcinj.com\/blog\/wp-content\/uploads\/2017\/05\/Hotel-Otrant-Ulcinj-Bambo-Beach-1.jpg 960w, https:\/\/www.visit-ulcinj.com\/blog\/wp-content\/uploads\/2017\/05\/Hotel-Otrant-Ulcinj-Bambo-Beach-1-300x200.jpg 300w, https:\/\/www.visit-ulcinj.com\/blog\/wp-content\/uploads\/2017\/05\/Hotel-Otrant-Ulcinj-Bambo-Beach-1-768x511.jpg 768w\" sizes=\"(max-width: 508px) 100vw, 508px\" \/><\/a> <a href=\"http:\/\/www.visit-ulcinj.com\/blog\/wp-content\/uploads\/2017\/05\/Hotel-Otrant-Ulcinj-Bambo-Beach-2.jpg\"><img loading=\"lazy\" class=\"alignleft wp-image-104805\" src=\"http:\/\/www.visit-ulcinj.com\/blog\/wp-content\/uploads\/2017\/05\/Hotel-Otrant-Ulcinj-Bambo-Beach-2.jpg\" alt=\"\" width=\"508\" height=\"339\" \/><\/a><\/p>\n","protected":false},"excerpt":{"rendered":"<p>Za prvomajske praznike slobodnih mjesta u hotelima du\u017e budvanske i ulcinjske rivijere gotovo da nema, izjavio je za Radio Crne Gore predsjednik sektora turisti\u010dkih agencija Crnogorskog turisti\u010dkog udru\u017eenja (CTU), Petar Ivkovi\u0107. Ivkovi\u0107 ka\u017ee da prema najavama i interesovanju gostiju za odmor u Crnoj Gori, predstoji jedna od najuspje\u0161nijh turisti\u010dkih sezona. &#8220;Hoteli su svi puni, mo\u017eemo [&hellip;]<\/p>\n","protected":false},"author":1,"featured_media":0,"comment_status":"closed","ping_status":"closed","sticky":false,"template":"","format":"standard","meta":{"spay_email":"","jetpack_publicize_message":"","jetpack_is_tweetstorm":false,"jetpack_publicize_feature_enabled":true},"categories":[8337],"tags":[],"jetpack_publicize_connections":[],"yoast_head":"<!-- This site is optimized with the Yoast SEO plugin v19.1 - https:\/\/yoast.com\/wordpress\/plugins\/seo\/ -->\n<title>Tokom praznika - Puni hoteli u Budvi i Ulcinju - Lajme nga Ulqini<\/title>\n<meta name=\"description\" content=\"Za prvomajske praznike slobodnih mjesta u hotelima du\u017e budvanske i ulcinjske rivijere gotovo da nema, izjavio je za Radio Crne Gore predsjednik sektora\" \/>\n<meta name=\"robots\" content=\"index, follow, max-snippet:-1, max-image-preview:large, max-video-preview:-1\" \/>\n<link rel=\"canonical\" href=\"https:\/\/www.visit-ulcinj.com\/blog\/2017\/05\/02\/tokom-praznika-puni-hoteli-u-budvi-ulcinju\/\" \/>\n<meta property=\"og:locale\" content=\"en_US\" \/>\n<meta property=\"og:type\" content=\"article\" \/>\n<meta property=\"og:title\" content=\"Tokom praznika - Puni hoteli u Budvi i Ulcinju - Lajme nga Ulqini\" \/>\n<meta property=\"og:description\" content=\"Za prvomajske praznike slobodnih mjesta u hotelima du\u017e budvanske i ulcinjske rivijere gotovo da nema, izjavio je za Radio Crne Gore predsjednik sektora\" \/>\n<meta property=\"og:url\" content=\"https:\/\/www.visit-ulcinj.com\/blog\/2017\/05\/02\/tokom-praznika-puni-hoteli-u-budvi-ulcinju\/\" \/>\n<meta property=\"og:site_name\" content=\"Lajme nga Ulqini\" \/>\n<meta property=\"article:published_time\" content=\"2017-05-02T13:04:50+00:00\" \/>\n<meta property=\"og:image\" content=\"http:\/\/www.visit-ulcinj.com\/blog\/wp-content\/uploads\/2017\/05\/Hotel-Otrant-Ulcinj.jpg\" \/>\n<meta name=\"twitter:label1\" content=\"Written by\" \/>\n\t<meta name=\"twitter:data1\" content=\"ulqini\" \/>\n\t<meta name=\"twitter:label2\" content=\"Est. reading time\" \/>\n\t<meta name=\"twitter:data2\" content=\"2 minutes\" \/>\n<script type=\"application\/ld+json\" class=\"yoast-schema-graph\">{\"@context\":\"https:\/\/schema.org\",\"@graph\":[{\"@type\":\"WebSite\",\"@id\":\"https:\/\/www.visit-ulcinj.com\/blog\/#website\",\"url\":\"https:\/\/www.visit-ulcinj.com\/blog\/\",\"name\":\"Lajme nga Ulqini\",\"description\":\"Lajme,Vijesti,Ulqini,Ulqin,Crna Gora,Mali i Zi\",\"potentialAction\":[{\"@type\":\"SearchAction\",\"target\":{\"@type\":\"EntryPoint\",\"urlTemplate\":\"https:\/\/www.visit-ulcinj.com\/blog\/?s={search_term_string}\"},\"query-input\":\"required name=search_term_string\"}],\"inLanguage\":\"en-US\"},{\"@type\":\"ImageObject\",\"inLanguage\":\"en-US\",\"@id\":\"https:\/\/www.visit-ulcinj.com\/blog\/2017\/05\/02\/tokom-praznika-puni-hoteli-u-budvi-ulcinju\/#primaryimage\",\"url\":\"http:\/\/www.visit-ulcinj.com\/blog\/wp-content\/uploads\/2017\/05\/Hotel-Otrant-Ulcinj.jpg\",\"contentUrl\":\"http:\/\/www.visit-ulcinj.com\/blog\/wp-content\/uploads\/2017\/05\/Hotel-Otrant-Ulcinj.jpg\"},{\"@type\":\"WebPage\",\"@id\":\"https:\/\/www.visit-ulcinj.com\/blog\/2017\/05\/02\/tokom-praznika-puni-hoteli-u-budvi-ulcinju\/#webpage\",\"url\":\"https:\/\/www.visit-ulcinj.com\/blog\/2017\/05\/02\/tokom-praznika-puni-hoteli-u-budvi-ulcinju\/\",\"name\":\"Tokom praznika - Puni hoteli u Budvi i Ulcinju - Lajme nga Ulqini\",\"isPartOf\":{\"@id\":\"https:\/\/www.visit-ulcinj.com\/blog\/#website\"},\"primaryImageOfPage\":{\"@id\":\"https:\/\/www.visit-ulcinj.com\/blog\/2017\/05\/02\/tokom-praznika-puni-hoteli-u-budvi-ulcinju\/#primaryimage\"},\"datePublished\":\"2017-05-02T13:04:50+00:00\",\"dateModified\":\"2017-05-02T13:04:50+00:00\",\"author\":{\"@id\":\"https:\/\/www.visit-ulcinj.com\/blog\/#\/schema\/person\/dcab619c614d3038751c63bc2aadc06d\"},\"description\":\"Za prvomajske praznike slobodnih mjesta u hotelima du\u017e budvanske i ulcinjske rivijere gotovo da nema, izjavio je za Radio Crne Gore predsjednik sektora\",\"breadcrumb\":{\"@id\":\"https:\/\/www.visit-ulcinj.com\/blog\/2017\/05\/02\/tokom-praznika-puni-hoteli-u-budvi-ulcinju\/#breadcrumb\"},\"inLanguage\":\"en-US\",\"potentialAction\":[{\"@type\":\"ReadAction\",\"target\":[\"https:\/\/www.visit-ulcinj.com\/blog\/2017\/05\/02\/tokom-praznika-puni-hoteli-u-budvi-ulcinju\/\"]}]},{\"@type\":\"BreadcrumbList\",\"@id\":\"https:\/\/www.visit-ulcinj.com\/blog\/2017\/05\/02\/tokom-praznika-puni-hoteli-u-budvi-ulcinju\/#breadcrumb\",\"itemListElement\":[{\"@type\":\"ListItem\",\"position\":1,\"name\":\"Tokom praznika &#8211; Puni hoteli u Budvi i Ulcinju\"}]},{\"@type\":\"Person\",\"@id\":\"https:\/\/www.visit-ulcinj.com\/blog\/#\/schema\/person\/dcab619c614d3038751c63bc2aadc06d\",\"name\":\"ulqini\",\"sameAs\":[\"http:\/\/www.visit-ulcinj.com\"],\"url\":\"https:\/\/www.visit-ulcinj.com\/blog\/author\/admin\/\"}]}<\/script>\n<!-- \/ Yoast SEO plugin. -->","yoast_head_json":{"title":"Tokom praznika - Puni hoteli u Budvi i Ulcinju - Lajme nga Ulqini","description":"Za prvomajske praznike slobodnih mjesta u hotelima du\u017e budvanske i ulcinjske rivijere gotovo da nema, izjavio je za Radio Crne Gore predsjednik sektora","robots":{"index":"index","follow":"follow","max-snippet":"max-snippet:-1","max-image-preview":"max-image-preview:large","max-video-preview":"max-video-preview:-1"},"canonical":"https:\/\/www.visit-ulcinj.com\/blog\/2017\/05\/02\/tokom-praznika-puni-hoteli-u-budvi-ulcinju\/","og_locale":"en_US","og_type":"article","og_title":"Tokom praznika - Puni hoteli u Budvi i Ulcinju - Lajme nga Ulqini","og_description":"Za prvomajske praznike slobodnih mjesta u hotelima du\u017e budvanske i ulcinjske rivijere gotovo da nema, izjavio je za Radio Crne Gore predsjednik sektora","og_url":"https:\/\/www.visit-ulcinj.com\/blog\/2017\/05\/02\/tokom-praznika-puni-hoteli-u-budvi-ulcinju\/","og_site_name":"Lajme nga Ulqini","article_published_time":"2017-05-02T13:04:50+00:00","og_image":[{"url":"http:\/\/www.visit-ulcinj.com\/blog\/wp-content\/uploads\/2017\/05\/Hotel-Otrant-Ulcinj.jpg"}],"twitter_misc":{"Written by":"ulqini","Est. reading time":"2 minutes"},"schema":{"@context":"https:\/\/schema.org","@graph":[{"@type":"WebSite","@id":"https:\/\/www.visit-ulcinj.com\/blog\/#website","url":"https:\/\/www.visit-ulcinj.com\/blog\/","name":"Lajme nga Ulqini","description":"Lajme,Vijesti,Ulqini,Ulqin,Crna Gora,Mali i Zi","potentialAction":[{"@type":"SearchAction","target":{"@type":"EntryPoint","urlTemplate":"https:\/\/www.visit-ulcinj.com\/blog\/?s={search_term_string}"},"query-input":"required name=search_term_string"}],"inLanguage":"en-US"},{"@type":"ImageObject","inLanguage":"en-US","@id":"https:\/\/www.visit-ulcinj.com\/blog\/2017\/05\/02\/tokom-praznika-puni-hoteli-u-budvi-ulcinju\/#primaryimage","url":"http:\/\/www.visit-ulcinj.com\/blog\/wp-content\/uploads\/2017\/05\/Hotel-Otrant-Ulcinj.jpg","contentUrl":"http:\/\/www.visit-ulcinj.com\/blog\/wp-content\/uploads\/2017\/05\/Hotel-Otrant-Ulcinj.jpg"},{"@type":"WebPage","@id":"https:\/\/www.visit-ulcinj.com\/blog\/2017\/05\/02\/tokom-praznika-puni-hoteli-u-budvi-ulcinju\/#webpage","url":"https:\/\/www.visit-ulcinj.com\/blog\/2017\/05\/02\/tokom-praznika-puni-hoteli-u-budvi-ulcinju\/","name":"Tokom praznika - Puni hoteli u Budvi i Ulcinju - Lajme nga Ulqini","isPartOf":{"@id":"https:\/\/www.visit-ulcinj.com\/blog\/#website"},"primaryImageOfPage":{"@id":"https:\/\/www.visit-ulcinj.com\/blog\/2017\/05\/02\/tokom-praznika-puni-hoteli-u-budvi-ulcinju\/#primaryimage"},"datePublished":"2017-05-02T13:04:50+00:00","dateModified":"2017-05-02T13:04:50+00:00","author":{"@id":"https:\/\/www.visit-ulcinj.com\/blog\/#\/schema\/person\/dcab619c614d3038751c63bc2aadc06d"},"description":"Za prvomajske praznike slobodnih mjesta u hotelima du\u017e budvanske i ulcinjske rivijere gotovo da nema, izjavio je za Radio Crne Gore predsjednik sektora","breadcrumb":{"@id":"https:\/\/www.visit-ulcinj.com\/blog\/2017\/05\/02\/tokom-praznika-puni-hoteli-u-budvi-ulcinju\/#breadcrumb"},"inLanguage":"en-US","potentialAction":[{"@type":"ReadAction","target":["https:\/\/www.visit-ulcinj.com\/blog\/2017\/05\/02\/tokom-praznika-puni-hoteli-u-budvi-ulcinju\/"]}]},{"@type":"BreadcrumbList","@id":"https:\/\/www.visit-ulcinj.com\/blog\/2017\/05\/02\/tokom-praznika-puni-hoteli-u-budvi-ulcinju\/#breadcrumb","itemListElement":[{"@type":"ListItem","position":1,"name":"Tokom praznika &#8211; Puni hoteli u Budvi i Ulcinju"}]},{"@type":"Person","@id":"https:\/\/www.visit-ulcinj.com\/blog\/#\/schema\/person\/dcab619c614d3038751c63bc2aadc06d","name":"ulqini","sameAs":["http:\/\/www.visit-ulcinj.com"],"url":"https:\/\/www.visit-ulcinj.com\/blog\/author\/admin\/"}]}},"jetpack_featured_media_url":"","jetpack_sharing_enabled":true,"jetpack_shortlink":"https:\/\/wp.me\/pe6lTn-rgk","_links":{"self":[{"href":"https:\/\/www.visit-ulcinj.com\/blog\/wp-json\/wp\/v2\/posts\/104800"}],"collection":[{"href":"https:\/\/www.visit-ulcinj.com\/blog\/wp-json\/wp\/v2\/posts"}],"about":[{"href":"https:\/\/www.visit-ulcinj.com\/blog\/wp-json\/wp\/v2\/types\/post"}],"author":[{"embeddable":true,"href":"https:\/\/www.visit-ulcinj.com\/blog\/wp-json\/wp\/v2\/users\/1"}],"replies":[{"embeddable":true,"href":"https:\/\/www.visit-ulcinj.com\/blog\/wp-json\/wp\/v2\/comments?post=104800"}],"version-history":[{"count":1,"href":"https:\/\/www.visit-ulcinj.com\/blog\/wp-json\/wp\/v2\/posts\/104800\/revisions"}],"predecessor-version":[{"id":104806,"href":"https:\/\/www.visit-ulcinj.com\/blog\/wp-json\/wp\/v2\/posts\/104800\/revisions\/104806"}],"wp:attachment":[{"href":"https:\/\/www.visit-ulcinj.com\/blog\/wp-json\/wp\/v2\/media?parent=104800"}],"wp:term":[{"taxonomy":"category","embeddable":true,"href":"https:\/\/www.visit-ulcinj.com\/blog\/wp-json\/wp\/v2\/categories?post=104800"},{"taxonomy":"post_tag","embeddable":true,"href":"https:\/\/www.visit-ulcinj.com\/blog\/wp-json\/wp\/v2\/tags?post=104800"}],"curies":[{"name":"wp","href":"https:\/\/api.w.org\/{rel}","templated":true}]}}